{"id":71142,"date":"2022-02-23T15:44:31","date_gmt":"2022-02-23T14:44:31","guid":{"rendered":"https:\/\/dlvradio.es\/ecologistas-en-accion-aumenta-la-tramitacion-de-asuntos-medioambientales-en-los-tribunales\/"},"modified":"2022-02-23T15:44:31","modified_gmt":"2022-02-23T14:44:31","slug":"ecologistas-en-accion-aumenta-la-tramitacion-de-asuntos-medioambientales-en-los-tribunales","status":"publish","type":"post","link":"https:\/\/dlvradio.es\/en\/ecologistas-en-accion-aumenta-la-tramitacion-de-asuntos-medioambientales-en-los-tribunales\/","title":{"rendered":"Ecologistas en Acci\u00f3n increases the processing of environmental matters in the courts"},"content":{"rendered":"<h5><strong><img decoding=\"async\" class=\"alignleft wp-image-7206 size-thumbnail\" src=\"https:\/\/dlvradio.es\/wp-content\/uploads\/2021\/07\/Ecolo-150x150.jpg\" alt=\"\" width=\"150\" height=\"150\" \/>Ecologistas en Acci\u00f3n increases the processing of environmental matters in the courts.<\/strong><\/h5>\n<ul>\n<li>\n<h6>The different federations and local groups of Ecologists in Action have taken a total of 286 cases to court for the protection of the environment, a figure higher than the 244 cases in 2020.<\/h6>\n<\/li>\n<li>\n<h6>Of all these matters pending in courts as of December 31, 2021, 199 belong to the administrative litigation jurisdiction, 85 to the criminal jurisdiction and 2 to the civil jurisdiction.<\/h6>\n<\/li>\n<\/ul>\n<p>The subject matter of the different procedures is enormously varied and includes practically all environmental aspects. Among them, for example, licenses or urban plans, livestock trails or public roads, waste facilities, authorizations for quarries, macro farms, mining, transport infrastructure, management of protected spaces, crimes against wildlife and poaching, industrial and sewage treatment waste. , fires in landfills and waste storage plants, and urban prevarication.<\/p>\n<p>It is noteworthy that the legal teams of Ecologistas en Acci\u00f3n are presenting more and more resources denouncing the inactivity of the administration when it comes to protecting the environment. This is the case of the climate demand presented by the insufficient climate ambition of the National Integrated Energy and Climate Plan (PNIEC).<\/p>\n<p>Likewise, contentious appeals have been presented due to the inactivity of different administrations in relation to the radioactive decontamination of Palomares (Almer\u00eda), the lack of protection of urban planning legality in C\u00e1diz, the lack of activity in the ex officio recovery of a livestock route in Toledo, in the inventory of municipal roads and in the law on livestock trails in Catalonia, in the state of contaminated water in reservoirs in Galicia, or in the recovery plan for protected species in Catalonia.<\/p>\n<p>Another area in which Ecologists in Action is demanding through contentious-administrative proceedings the inactivity of the central and regional administrations is in relation to non-compliance: that of their legal obligation to prepare and approve air quality plans in areas where, Since 2010, the target values for the protection of health and vegetation established for tropospheric ozone have not been met.<\/p>\n<p>At the regional level, the courts of Castilla y Le\u00f3n (2018) and Navarra (2021) have declared that both administrations are obliged to have such plans. The Supreme Court established in 2020 that the regional air quality plans are independent of the National Plan, which is the responsibility of the Central Government. Similar appeals are currently being considered for sentencing in Catalonia and Pa\u00eds Valenci\u00e1.<\/p>\n<p>Of the 286 cases that Ecologistas en Acci\u00f3n has in different courts, these are the data from a territorial point of view: 84 correspond to Andalusia, 61 to Castilla y Le\u00f3n, 23 to Madrid, 23 to Murcia, 19 to Catalonia, 16 to Cantabria , 15 to Castilla-La Mancha, 14 to Extremadura, 9 to Arag\u00f3n, 7 to the Valencian Country, 5 to Galicia, 3 to Euskadi, 3 to the Canary Islands, 2 to Navarra, 1 to Melilla and 1 to Asturias.<\/p>","protected":false},"excerpt":{"rendered":"<p>Ecologistas en Acci\u00f3n aumenta la tramitaci\u00f3n de asuntos medioambientales en los tribunales. Las distintas federaciones y grupos locales de Ecologistas en Acci\u00f3n han llevado a los tribunales un total de 286 casos para la protecci\u00f3n del medioambiente, cifra superior a los 244 casos de 2020. De todos estos asuntos vivos en tribunales a fecha de [&hellip;]<\/p>\n","protected":false},"author":4,"featured_media":70651,"comment_status":"open","ping_status":"open","sticky":false,"template":"","format":"standard","meta":{"_acf_changed":false,"footnotes":""},"categories":[2711,2465],"tags":[2478,2466],"class_list":["post-71142","post","type-post","status-publish","format-standard","has-post-thumbnail","hentry","category-emergencia-climatica","category-informativos","tag-ecologia","tag-espana"],"acf":[],"yoast_head":"<!-- This site is optimized with the Yoast SEO plugin v27.4 - https:\/\/yoast.com\/product\/yoast-seo-wordpress\/ -->\n<title>Ecologistas en Acci\u00f3n aumenta la tramitaci\u00f3n de asuntos medioambientales en los tribunales - DLVRADIO<\/title>\n<meta name=\"description\" content=\"Ecologistas en Acci\u00f3n aumenta la tramitaci\u00f3n de asuntos medioambientales en los tribunales. Las distintas federaciones y grupos locales de Ecologistas en\" \/>\n<meta name=\"robots\" content=\"index, follow, max-snippet:-1, max-image-preview:large, max-video-preview:-1\" \/>\n<link rel=\"canonical\" href=\"https:\/\/dlvradio.es\/en\/ecologistas-en-accion-aumenta-la-tramitacion-de-asuntos-medioambientales-en-los-tribunales\/\" \/>\n<meta property=\"og:locale\" content=\"en_US\" \/>\n<meta property=\"og:type\" content=\"article\" \/>\n<meta property=\"og:title\" content=\"Ecologistas en Acci\u00f3n aumenta la tramitaci\u00f3n de asuntos medioambientales en los tribunales - DLVRADIO\" \/>\n<meta property=\"og:description\" content=\"Ecologistas en Acci\u00f3n aumenta la tramitaci\u00f3n de asuntos medioambientales en los tribunales. Las distintas federaciones y grupos locales de Ecologistas en\" \/>\n<meta property=\"og:url\" content=\"https:\/\/dlvradio.es\/en\/ecologistas-en-accion-aumenta-la-tramitacion-de-asuntos-medioambientales-en-los-tribunales\/\" \/>\n<meta property=\"og:site_name\" content=\"DLVRADIO\" \/>\n<meta property=\"article:publisher\" content=\"https:\/\/www.facebook.com\/RadioDLVradio\/\" \/>\n<meta property=\"article:published_time\" content=\"2022-02-23T14:44:31+00:00\" \/>\n<meta property=\"og:image\" content=\"https:\/\/dlvradio.es\/wp-content\/uploads\/2021\/07\/Ecolo.jpg\" \/>\n\t<meta property=\"og:image:width\" content=\"1511\" \/>\n\t<meta property=\"og:image:height\" content=\"1511\" \/>\n\t<meta property=\"og:image:type\" content=\"image\/jpeg\" \/>\n<meta name=\"author\" content=\"DLV RADIO\" \/>\n<meta name=\"twitter:card\" content=\"summary_large_image\" \/>\n<meta name=\"twitter:creator\" content=\"@RadioDlvradio\" \/>\n<meta name=\"twitter:site\" content=\"@RadioDlvradio\" \/>\n<script type=\"application\/ld+json\" class=\"yoast-schema-graph\">{\"@context\":\"https:\\\/\\\/schema.org\",\"@graph\":[{\"@type\":\"Article\",\"@id\":\"https:\\\/\\\/dlvradio.es\\\/ecologistas-en-accion-aumenta-la-tramitacion-de-asuntos-medioambientales-en-los-tribunales\\\/#article\",\"isPartOf\":{\"@id\":\"https:\\\/\\\/dlvradio.es\\\/ecologistas-en-accion-aumenta-la-tramitacion-de-asuntos-medioambientales-en-los-tribunales\\\/\"},\"author\":{\"name\":\"DLV RADIO\",\"@id\":\"https:\\\/\\\/dlvradio.es\\\/#\\\/schema\\\/person\\\/7d533f9f89b13e3a3f2ba7f67d6412de\"},\"headline\":\"Ecologistas en Acci\u00f3n aumenta la tramitaci\u00f3n de asuntos medioambientales en los tribunales\",\"datePublished\":\"2022-02-23T14:44:31+00:00\",\"mainEntityOfPage\":{\"@id\":\"https:\\\/\\\/dlvradio.es\\\/ecologistas-en-accion-aumenta-la-tramitacion-de-asuntos-medioambientales-en-los-tribunales\\\/\"},\"wordCount\":524,\"commentCount\":0,\"publisher\":{\"@id\":\"https:\\\/\\\/dlvradio.es\\\/#organization\"},\"image\":{\"@id\":\"https:\\\/\\\/dlvradio.es\\\/ecologistas-en-accion-aumenta-la-tramitacion-de-asuntos-medioambientales-en-los-tribunales\\\/#primaryimage\"},\"thumbnailUrl\":\"https:\\\/\\\/dlvradio.es\\\/wp-content\\\/uploads\\\/2021\\\/07\\\/Ecolo.jpg\",\"keywords\":[\"ecolog\u00eda\",\"Espa\u00f1a\"],\"articleSection\":[\"Emergencia clim\u00e1tica\",\"Informativos\"],\"inLanguage\":\"en-US\"},{\"@type\":\"WebPage\",\"@id\":\"https:\\\/\\\/dlvradio.es\\\/ecologistas-en-accion-aumenta-la-tramitacion-de-asuntos-medioambientales-en-los-tribunales\\\/\",\"url\":\"https:\\\/\\\/dlvradio.es\\\/ecologistas-en-accion-aumenta-la-tramitacion-de-asuntos-medioambientales-en-los-tribunales\\\/\",\"name\":\"Ecologistas en Acci\u00f3n aumenta la tramitaci\u00f3n de asuntos medioambientales en los tribunales - DLVRADIO\",\"isPartOf\":{\"@id\":\"https:\\\/\\\/dlvradio.es\\\/#website\"},\"primaryImageOfPage\":{\"@id\":\"https:\\\/\\\/dlvradio.es\\\/ecologistas-en-accion-aumenta-la-tramitacion-de-asuntos-medioambientales-en-los-tribunales\\\/#primaryimage\"},\"image\":{\"@id\":\"https:\\\/\\\/dlvradio.es\\\/ecologistas-en-accion-aumenta-la-tramitacion-de-asuntos-medioambientales-en-los-tribunales\\\/#primaryimage\"},\"thumbnailUrl\":\"https:\\\/\\\/dlvradio.es\\\/wp-content\\\/uploads\\\/2021\\\/07\\\/Ecolo.jpg\",\"datePublished\":\"2022-02-23T14:44:31+00:00\",\"description\":\"Ecologistas en Acci\u00f3n aumenta la tramitaci\u00f3n de asuntos medioambientales en los tribunales. Las distintas federaciones y grupos locales de Ecologistas en\",\"breadcrumb\":{\"@id\":\"https:\\\/\\\/dlvradio.es\\\/ecologistas-en-accion-aumenta-la-tramitacion-de-asuntos-medioambientales-en-los-tribunales\\\/#breadcrumb\"},\"inLanguage\":\"en-US\",\"potentialAction\":[{\"@type\":\"ReadAction\",\"target\":[\"https:\\\/\\\/dlvradio.es\\\/ecologistas-en-accion-aumenta-la-tramitacion-de-asuntos-medioambientales-en-los-tribunales\\\/\"]}]},{\"@type\":\"ImageObject\",\"inLanguage\":\"en-US\",\"@id\":\"https:\\\/\\\/dlvradio.es\\\/ecologistas-en-accion-aumenta-la-tramitacion-de-asuntos-medioambientales-en-los-tribunales\\\/#primaryimage\",\"url\":\"https:\\\/\\\/dlvradio.es\\\/wp-content\\\/uploads\\\/2021\\\/07\\\/Ecolo.jpg\",\"contentUrl\":\"https:\\\/\\\/dlvradio.es\\\/wp-content\\\/uploads\\\/2021\\\/07\\\/Ecolo.jpg\",\"width\":1511,\"height\":1511,\"caption\":\"Ecolo\"},{\"@type\":\"BreadcrumbList\",\"@id\":\"https:\\\/\\\/dlvradio.es\\\/ecologistas-en-accion-aumenta-la-tramitacion-de-asuntos-medioambientales-en-los-tribunales\\\/#breadcrumb\",\"itemListElement\":[{\"@type\":\"ListItem\",\"position\":1,\"name\":\"Inicio\",\"item\":\"https:\\\/\\\/dlvradio.es\\\/\"},{\"@type\":\"ListItem\",\"position\":2,\"name\":\"Ecologistas en Acci\u00f3n aumenta la tramitaci\u00f3n de asuntos medioambientales en los tribunales\"}]},{\"@type\":\"WebSite\",\"@id\":\"https:\\\/\\\/dlvradio.es\\\/#website\",\"url\":\"https:\\\/\\\/dlvradio.es\\\/\",\"name\":\"DLVRADIO\",\"description\":\"Somos un medio de comunicaci\u00f3n alternativo a los medios tradicionales\",\"publisher\":{\"@id\":\"https:\\\/\\\/dlvradio.es\\\/#organization\"},\"potentialAction\":[{\"@type\":\"SearchAction\",\"target\":{\"@type\":\"EntryPoint\",\"urlTemplate\":\"https:\\\/\\\/dlvradio.es\\\/?s={search_term_string}\"},\"query-input\":{\"@type\":\"PropertyValueSpecification\",\"valueRequired\":true,\"valueName\":\"search_term_string\"}}],\"inLanguage\":\"en-US\"},{\"@type\":\"Organization\",\"@id\":\"https:\\\/\\\/dlvradio.es\\\/#organization\",\"name\":\"DLVRADIO\",\"url\":\"https:\\\/\\\/dlvradio.es\\\/\",\"logo\":{\"@type\":\"ImageObject\",\"inLanguage\":\"en-US\",\"@id\":\"https:\\\/\\\/dlvradio.es\\\/#\\\/schema\\\/logo\\\/image\\\/\",\"url\":\"\",\"contentUrl\":\"\",\"caption\":\"DLVRADIO\"},\"image\":{\"@id\":\"https:\\\/\\\/dlvradio.es\\\/#\\\/schema\\\/logo\\\/image\\\/\"},\"sameAs\":[\"https:\\\/\\\/www.facebook.com\\\/RadioDLVradio\\\/\",\"https:\\\/\\\/x.com\\\/RadioDlvradio\",\"https:\\\/\\\/www.instagram.com\\\/radiodlvradio\\\/\"]},{\"@type\":\"Person\",\"@id\":\"https:\\\/\\\/dlvradio.es\\\/#\\\/schema\\\/person\\\/7d533f9f89b13e3a3f2ba7f67d6412de\",\"name\":\"DLV RADIO\",\"sameAs\":[\"https:\\\/\\\/dlvradio.es\"]}]}<\/script>\n<!-- \/ Yoast SEO plugin. -->","yoast_head_json":{"title":"Ecologistas en Acci\u00f3n increases the processing of environmental matters in the courts - DLVRADIO","description":"Ecologistas en Acci\u00f3n increases the processing of environmental matters in the courts. The different federations and local groups of Ecologists in","robots":{"index":"index","follow":"follow","max-snippet":"max-snippet:-1","max-image-preview":"max-image-preview:large","max-video-preview":"max-video-preview:-1"},"canonical":"https:\/\/dlvradio.es\/en\/ecologistas-en-accion-aumenta-la-tramitacion-de-asuntos-medioambientales-en-los-tribunales\/","og_locale":"en_US","og_type":"article","og_title":"Ecologistas en Acci\u00f3n aumenta la tramitaci\u00f3n de asuntos medioambientales en los tribunales - DLVRADIO","og_description":"Ecologistas en Acci\u00f3n aumenta la tramitaci\u00f3n de asuntos medioambientales en los tribunales. Las distintas federaciones y grupos locales de Ecologistas en","og_url":"https:\/\/dlvradio.es\/en\/ecologistas-en-accion-aumenta-la-tramitacion-de-asuntos-medioambientales-en-los-tribunales\/","og_site_name":"DLVRADIO","article_publisher":"https:\/\/www.facebook.com\/RadioDLVradio\/","article_published_time":"2022-02-23T14:44:31+00:00","og_image":[{"width":1511,"height":1511,"url":"https:\/\/dlvradio.es\/wp-content\/uploads\/2021\/07\/Ecolo.jpg","type":"image\/jpeg"}],"author":"DLV RADIO","twitter_card":"summary_large_image","twitter_creator":"@RadioDlvradio","twitter_site":"@RadioDlvradio","schema":{"@context":"https:\/\/schema.org","@graph":[{"@type":"Article","@id":"https:\/\/dlvradio.es\/ecologistas-en-accion-aumenta-la-tramitacion-de-asuntos-medioambientales-en-los-tribunales\/#article","isPartOf":{"@id":"https:\/\/dlvradio.es\/ecologistas-en-accion-aumenta-la-tramitacion-de-asuntos-medioambientales-en-los-tribunales\/"},"author":{"name":"DLV RADIO","@id":"https:\/\/dlvradio.es\/#\/schema\/person\/7d533f9f89b13e3a3f2ba7f67d6412de"},"headline":"Ecologistas en Acci\u00f3n aumenta la tramitaci\u00f3n de asuntos medioambientales en los tribunales","datePublished":"2022-02-23T14:44:31+00:00","mainEntityOfPage":{"@id":"https:\/\/dlvradio.es\/ecologistas-en-accion-aumenta-la-tramitacion-de-asuntos-medioambientales-en-los-tribunales\/"},"wordCount":524,"commentCount":0,"publisher":{"@id":"https:\/\/dlvradio.es\/#organization"},"image":{"@id":"https:\/\/dlvradio.es\/ecologistas-en-accion-aumenta-la-tramitacion-de-asuntos-medioambientales-en-los-tribunales\/#primaryimage"},"thumbnailUrl":"https:\/\/dlvradio.es\/wp-content\/uploads\/2021\/07\/Ecolo.jpg","keywords":["ecolog\u00eda","Espa\u00f1a"],"articleSection":["Emergencia clim\u00e1tica","Informativos"],"inLanguage":"en-US"},{"@type":"WebPage","@id":"https:\/\/dlvradio.es\/ecologistas-en-accion-aumenta-la-tramitacion-de-asuntos-medioambientales-en-los-tribunales\/","url":"https:\/\/dlvradio.es\/ecologistas-en-accion-aumenta-la-tramitacion-de-asuntos-medioambientales-en-los-tribunales\/","name":"Ecologistas en Acci\u00f3n increases the processing of environmental matters in the courts - DLVRADIO","isPartOf":{"@id":"https:\/\/dlvradio.es\/#website"},"primaryImageOfPage":{"@id":"https:\/\/dlvradio.es\/ecologistas-en-accion-aumenta-la-tramitacion-de-asuntos-medioambientales-en-los-tribunales\/#primaryimage"},"image":{"@id":"https:\/\/dlvradio.es\/ecologistas-en-accion-aumenta-la-tramitacion-de-asuntos-medioambientales-en-los-tribunales\/#primaryimage"},"thumbnailUrl":"https:\/\/dlvradio.es\/wp-content\/uploads\/2021\/07\/Ecolo.jpg","datePublished":"2022-02-23T14:44:31+00:00","description":"Ecologistas en Acci\u00f3n increases the processing of environmental matters in the courts. The different federations and local groups of Ecologists in","breadcrumb":{"@id":"https:\/\/dlvradio.es\/ecologistas-en-accion-aumenta-la-tramitacion-de-asuntos-medioambientales-en-los-tribunales\/#breadcrumb"},"inLanguage":"en-US","potentialAction":[{"@type":"ReadAction","target":["https:\/\/dlvradio.es\/ecologistas-en-accion-aumenta-la-tramitacion-de-asuntos-medioambientales-en-los-tribunales\/"]}]},{"@type":"ImageObject","inLanguage":"en-US","@id":"https:\/\/dlvradio.es\/ecologistas-en-accion-aumenta-la-tramitacion-de-asuntos-medioambientales-en-los-tribunales\/#primaryimage","url":"https:\/\/dlvradio.es\/wp-content\/uploads\/2021\/07\/Ecolo.jpg","contentUrl":"https:\/\/dlvradio.es\/wp-content\/uploads\/2021\/07\/Ecolo.jpg","width":1511,"height":1511,"caption":"Ecolo"},{"@type":"BreadcrumbList","@id":"https:\/\/dlvradio.es\/ecologistas-en-accion-aumenta-la-tramitacion-de-asuntos-medioambientales-en-los-tribunales\/#breadcrumb","itemListElement":[{"@type":"ListItem","position":1,"name":"Inicio","item":"https:\/\/dlvradio.es\/"},{"@type":"ListItem","position":2,"name":"Ecologistas en Acci\u00f3n aumenta la tramitaci\u00f3n de asuntos medioambientales en los tribunales"}]},{"@type":"WebSite","@id":"https:\/\/dlvradio.es\/#website","url":"https:\/\/dlvradio.es\/","name":"DLVRADIO","description":"We are an alternative media to traditional media","publisher":{"@id":"https:\/\/dlvradio.es\/#organization"},"potentialAction":[{"@type":"SearchAction","target":{"@type":"EntryPoint","urlTemplate":"https:\/\/dlvradio.es\/?s={search_term_string}"},"query-input":{"@type":"PropertyValueSpecification","valueRequired":true,"valueName":"search_term_string"}}],"inLanguage":"en-US"},{"@type":"Organization","@id":"https:\/\/dlvradio.es\/#organization","name":"DLVRADIO","url":"https:\/\/dlvradio.es\/","logo":{"@type":"ImageObject","inLanguage":"en-US","@id":"https:\/\/dlvradio.es\/#\/schema\/logo\/image\/","url":"","contentUrl":"","caption":"DLVRADIO"},"image":{"@id":"https:\/\/dlvradio.es\/#\/schema\/logo\/image\/"},"sameAs":["https:\/\/www.facebook.com\/RadioDLVradio\/","https:\/\/x.com\/RadioDlvradio","https:\/\/www.instagram.com\/radiodlvradio\/"]},{"@type":"Person","@id":"https:\/\/dlvradio.es\/#\/schema\/person\/7d533f9f89b13e3a3f2ba7f67d6412de","name":"DLV RADIO","sameAs":["https:\/\/dlvradio.es"]}]}},"_links":{"self":[{"href":"https:\/\/dlvradio.es\/en\/wp-json\/wp\/v2\/posts\/71142","targetHints":{"allow":["GET"]}}],"collection":[{"href":"https:\/\/dlvradio.es\/en\/wp-json\/wp\/v2\/posts"}],"about":[{"href":"https:\/\/dlvradio.es\/en\/wp-json\/wp\/v2\/types\/post"}],"author":[{"embeddable":true,"href":"https:\/\/dlvradio.es\/en\/wp-json\/wp\/v2\/users\/4"}],"replies":[{"embeddable":true,"href":"https:\/\/dlvradio.es\/en\/wp-json\/wp\/v2\/comments?post=71142"}],"version-history":[{"count":0,"href":"https:\/\/dlvradio.es\/en\/wp-json\/wp\/v2\/posts\/71142\/revisions"}],"wp:featuredmedia":[{"embeddable":true,"href":"https:\/\/dlvradio.es\/en\/wp-json\/wp\/v2\/media\/70651"}],"wp:attachment":[{"href":"https:\/\/dlvradio.es\/en\/wp-json\/wp\/v2\/media?parent=71142"}],"wp:term":[{"taxonomy":"category","embeddable":true,"href":"https:\/\/dlvradio.es\/en\/wp-json\/wp\/v2\/categories?post=71142"},{"taxonomy":"post_tag","embeddable":true,"href":"https:\/\/dlvradio.es\/en\/wp-json\/wp\/v2\/tags?post=71142"}],"curies":[{"name":"wp","href":"https:\/\/api.w.org\/{rel}","templated":true}]}}