{"id":71145,"date":"2022-02-25T12:44:17","date_gmt":"2022-02-25T11:44:17","guid":{"rendered":"https:\/\/dlvradio.es\/las-ciudades-espanolas-suspenden-en-calidad-del-aire\/"},"modified":"2022-02-25T12:44:17","modified_gmt":"2022-02-25T11:44:17","slug":"las-ciudades-espanolas-suspenden-en-calidad-del-aire","status":"publish","type":"post","link":"https:\/\/dlvradio.es\/en\/las-ciudades-espanolas-suspenden-en-calidad-del-aire\/","title":{"rendered":"Spanish cities suspend air quality"},"content":{"rendered":"<h5><strong><img decoding=\"async\" class=\"alignleft wp-image-8941 size-thumbnail\" src=\"https:\/\/dlvradio.es\/wp-content\/uploads\/2022\/02\/Las-ciudades-espanolas-suspenden-en-calidad-del-aire-150x150.jpg\" alt=\"\" width=\"150\" height=\"150\" \/>Spanish cities suspend air quality<\/strong><\/h5>\n<h6>A study carried out by the Clean Cities campaign, which analyzes mobility and air quality in 36 European cities, concludes that none of the four participating Spanish cities pass the test in terms of air quality.<\/h6>\n<p>The latest report prepared by the European Clean Cities campaign, promoted by 60 organizations in 6 European countries, shows a very improved situation for Spain with respect to mobility and air quality. The results of this ranking, which has analyzed 36 European cities, represent a general wake-up call for city councils at a key moment for the implementation of sustainable mobility policies. Oslo, Amsterdam and Helsinki lead this ranking. The top 10 is closed by Barcelona, the first Spanish city to appear. Bilbao and Madrid occupy positions 14 and 16 respectively. At the bottom is Granada, which only reaches position 27.<\/p>\n<p>The study analyzes eleven indicators grouped around five categories: space for people, road safety, access or existence of climate-friendly mobility policies, and air quality. As an overall score, Barcelona obtains a 5.7; Bilbao 5.5 and Madrid 5.3; that is, very fair approvals. Granada does not reach enough, it remains at 4.6. However, if we look exclusively at the air quality data, the four Spanish cities fail, even though the study considers the aggregates from 2017 to 2019. In the case of Madrid, for example, these were precisely the years in which Madrid Central was successfully launched and BiciMAD was promoted, two policies that the current municipal government has abandoned.<\/p>\n<p>Carmen Duce, coordinator of the Clean Cities campaign in Spain, denounces: \u201cThe abandonment of the current Madrid Government team of measures to promote active mobility, public transport, and reduce the number of cars in the city. Madrid has now accumulated twelve consecutive years (2010-2021) of systematic violation of the limit values recommended by the World Health Organization. Not even in a pandemic situation that has led to strong limitations on mobility. Madrid is a city drowning in traffic pollution that no other Spanish city should emulate.\u201d<\/p>\n<p>On the other hand, Granada, one of the most polluted cities in Spain, does not even obtain a pass in the overall score, although it is true that its special terrain plays tricks on it. The City Council can and must take measures to reduce pollution levels, such as restricting traffic around schools, as demanded by neighborhood and environmental organizations, implementing effective and ambitious low-emission zones and improving the public transport network.<\/p>\n<p>Although Spanish cities have affordable public transport systems, their accessibility - that is, the number of stops in relation to the size of the cities - is extremely poor. In this indicator, Madrid is at the bottom of the table, with a score of 2.7 out of 10. Even more serious is the case of Granada, which is left with a 2.3. Bilbao, a benchmark in sustainable mobility, obtains an overall score of 5.<\/p>\n<p>Laura Vergara, General Coordinator of Conbici, indicates: \u201cIn terms of infrastructure for bicycles, the four cities analyzed are in the lower half of the table, Madrid barely achieves a score of 0.8 out of 10, and Granada 0.6. , one of the lowest in the ranking. Spanish cities have a great challenge ahead of them, to facilitate and promote cycling mobility, in an effective and safe way to guarantee the safety of people who use bicycles as a means of transport and those willing to use it in the future.<\/p>\n<p>From this perspective, we cannot forget that the Climate Change Law obliges all Spanish cities with more than 50,000 inhabitants - 149 in total - to implement Low Emission Zones that improve the quality of the air that their population breathes, as well as as well as reducing greenhouse gas emissions. They must be implemented by January 1, 2023, so cities have just over 10 months to transform their streets into open, friendly and livable spaces.<\/p>\n<p>Cristian Qu\u00edlez, project manager at ECODES, one of the member entities of Clean Cities, points out that \u201cthis study shows that Spanish cities have a long way to go. We encourage politicians to take steps forward and adapt to the moment if they really want to bet on their city. Appropriate mobility policies are necessary to move towards zero emissions before 2030. The 2023 municipal elections must be an incentive and not a brake to implement ambitious measures that protect people&#039;s health. An example of this should be the implementation of Low Emission Zones.\u201d<\/p>","protected":false},"excerpt":{"rendered":"<p>Las ciudades espa\u00f1olas suspenden en calidad del aire Un estudio realizado por la campa\u00f1a Clean Cities, en el que se analiza la movilidad y la calidad del aire de 36 ciudades europeas, concluye que ninguna de las cuatro ciudades espa\u00f1olas participantes aprueba en calidad del aire. El \u00faltimo informe elaborado por la campa\u00f1a europea Clean [&hellip;]<\/p>\n","protected":false},"author":4,"featured_media":71146,"comment_status":"open","ping_status":"open","sticky":false,"template":"","format":"standard","meta":{"_acf_changed":false,"footnotes":""},"categories":[2711,2465],"tags":[2478,2466],"class_list":["post-71145","post","type-post","status-publish","format-standard","has-post-thumbnail","hentry","category-emergencia-climatica","category-informativos","tag-ecologia","tag-espana"],"acf":[],"yoast_head":"<!-- This site is optimized with the Yoast SEO plugin v27.4 - https:\/\/yoast.com\/product\/yoast-seo-wordpress\/ -->\n<title>Las ciudades espa\u00f1olas suspenden en calidad del aire - DLVRADIO<\/title>\n<meta name=\"description\" content=\"Las ciudades espa\u00f1olas suspenden en calidad del aire Un estudio realizado por la campa\u00f1a Clean Cities, en el que se analiza la movilidad y la calidad del\" \/>\n<meta name=\"robots\" content=\"index, follow, max-snippet:-1, max-image-preview:large, max-video-preview:-1\" \/>\n<link rel=\"canonical\" href=\"https:\/\/dlvradio.es\/en\/las-ciudades-espanolas-suspenden-en-calidad-del-aire\/\" \/>\n<meta property=\"og:locale\" content=\"en_US\" \/>\n<meta property=\"og:type\" content=\"article\" \/>\n<meta property=\"og:title\" content=\"Las ciudades espa\u00f1olas suspenden en calidad del aire - DLVRADIO\" \/>\n<meta property=\"og:description\" content=\"Las ciudades espa\u00f1olas suspenden en calidad del aire Un estudio realizado por la campa\u00f1a Clean Cities, en el que se analiza la movilidad y la calidad del\" \/>\n<meta property=\"og:url\" content=\"https:\/\/dlvradio.es\/en\/las-ciudades-espanolas-suspenden-en-calidad-del-aire\/\" \/>\n<meta property=\"og:site_name\" content=\"DLVRADIO\" \/>\n<meta property=\"article:publisher\" content=\"https:\/\/www.facebook.com\/RadioDLVradio\/\" \/>\n<meta property=\"article:published_time\" content=\"2022-02-25T11:44:17+00:00\" \/>\n<meta property=\"og:image\" content=\"https:\/\/dlvradio.es\/wp-content\/uploads\/2022\/02\/Las-ciudades-espanolas-suspenden-en-calidad-del-aire.jpg\" \/>\n\t<meta property=\"og:image:width\" content=\"1511\" \/>\n\t<meta property=\"og:image:height\" content=\"1511\" \/>\n\t<meta property=\"og:image:type\" content=\"image\/jpeg\" \/>\n<meta name=\"author\" content=\"DLV RADIO\" \/>\n<meta name=\"twitter:card\" content=\"summary_large_image\" \/>\n<meta name=\"twitter:creator\" content=\"@RadioDlvradio\" \/>\n<meta name=\"twitter:site\" content=\"@RadioDlvradio\" \/>\n<script type=\"application\/ld+json\" class=\"yoast-schema-graph\">{\"@context\":\"https:\\\/\\\/schema.org\",\"@graph\":[{\"@type\":\"Article\",\"@id\":\"https:\\\/\\\/dlvradio.es\\\/las-ciudades-espanolas-suspenden-en-calidad-del-aire\\\/#article\",\"isPartOf\":{\"@id\":\"https:\\\/\\\/dlvradio.es\\\/las-ciudades-espanolas-suspenden-en-calidad-del-aire\\\/\"},\"author\":{\"name\":\"DLV RADIO\",\"@id\":\"https:\\\/\\\/dlvradio.es\\\/#\\\/schema\\\/person\\\/7d533f9f89b13e3a3f2ba7f67d6412de\"},\"headline\":\"Las ciudades espa\u00f1olas suspenden en calidad del aire\",\"datePublished\":\"2022-02-25T11:44:17+00:00\",\"mainEntityOfPage\":{\"@id\":\"https:\\\/\\\/dlvradio.es\\\/las-ciudades-espanolas-suspenden-en-calidad-del-aire\\\/\"},\"wordCount\":865,\"commentCount\":0,\"publisher\":{\"@id\":\"https:\\\/\\\/dlvradio.es\\\/#organization\"},\"image\":{\"@id\":\"https:\\\/\\\/dlvradio.es\\\/las-ciudades-espanolas-suspenden-en-calidad-del-aire\\\/#primaryimage\"},\"thumbnailUrl\":\"https:\\\/\\\/dlvradio.es\\\/wp-content\\\/uploads\\\/2022\\\/02\\\/Las-ciudades-espanolas-suspenden-en-calidad-del-aire.jpg\",\"keywords\":[\"ecolog\u00eda\",\"Espa\u00f1a\"],\"articleSection\":[\"Emergencia clim\u00e1tica\",\"Informativos\"],\"inLanguage\":\"en-US\"},{\"@type\":\"WebPage\",\"@id\":\"https:\\\/\\\/dlvradio.es\\\/las-ciudades-espanolas-suspenden-en-calidad-del-aire\\\/\",\"url\":\"https:\\\/\\\/dlvradio.es\\\/las-ciudades-espanolas-suspenden-en-calidad-del-aire\\\/\",\"name\":\"Las ciudades espa\u00f1olas suspenden en calidad del aire - DLVRADIO\",\"isPartOf\":{\"@id\":\"https:\\\/\\\/dlvradio.es\\\/#website\"},\"primaryImageOfPage\":{\"@id\":\"https:\\\/\\\/dlvradio.es\\\/las-ciudades-espanolas-suspenden-en-calidad-del-aire\\\/#primaryimage\"},\"image\":{\"@id\":\"https:\\\/\\\/dlvradio.es\\\/las-ciudades-espanolas-suspenden-en-calidad-del-aire\\\/#primaryimage\"},\"thumbnailUrl\":\"https:\\\/\\\/dlvradio.es\\\/wp-content\\\/uploads\\\/2022\\\/02\\\/Las-ciudades-espanolas-suspenden-en-calidad-del-aire.jpg\",\"datePublished\":\"2022-02-25T11:44:17+00:00\",\"description\":\"Las ciudades espa\u00f1olas suspenden en calidad del aire Un estudio realizado por la campa\u00f1a Clean Cities, en el que se analiza la movilidad y la calidad del\",\"breadcrumb\":{\"@id\":\"https:\\\/\\\/dlvradio.es\\\/las-ciudades-espanolas-suspenden-en-calidad-del-aire\\\/#breadcrumb\"},\"inLanguage\":\"en-US\",\"potentialAction\":[{\"@type\":\"ReadAction\",\"target\":[\"https:\\\/\\\/dlvradio.es\\\/las-ciudades-espanolas-suspenden-en-calidad-del-aire\\\/\"]}]},{\"@type\":\"ImageObject\",\"inLanguage\":\"en-US\",\"@id\":\"https:\\\/\\\/dlvradio.es\\\/las-ciudades-espanolas-suspenden-en-calidad-del-aire\\\/#primaryimage\",\"url\":\"https:\\\/\\\/dlvradio.es\\\/wp-content\\\/uploads\\\/2022\\\/02\\\/Las-ciudades-espanolas-suspenden-en-calidad-del-aire.jpg\",\"contentUrl\":\"https:\\\/\\\/dlvradio.es\\\/wp-content\\\/uploads\\\/2022\\\/02\\\/Las-ciudades-espanolas-suspenden-en-calidad-del-aire.jpg\",\"width\":1511,\"height\":1511,\"caption\":\"Las ciudades espa\u00f1olas suspenden en calidad del aire\"},{\"@type\":\"BreadcrumbList\",\"@id\":\"https:\\\/\\\/dlvradio.es\\\/las-ciudades-espanolas-suspenden-en-calidad-del-aire\\\/#breadcrumb\",\"itemListElement\":[{\"@type\":\"ListItem\",\"position\":1,\"name\":\"Inicio\",\"item\":\"https:\\\/\\\/dlvradio.es\\\/\"},{\"@type\":\"ListItem\",\"position\":2,\"name\":\"Las ciudades espa\u00f1olas suspenden en calidad del aire\"}]},{\"@type\":\"WebSite\",\"@id\":\"https:\\\/\\\/dlvradio.es\\\/#website\",\"url\":\"https:\\\/\\\/dlvradio.es\\\/\",\"name\":\"DLVRADIO\",\"description\":\"Somos un medio de comunicaci\u00f3n alternativo a los medios tradicionales\",\"publisher\":{\"@id\":\"https:\\\/\\\/dlvradio.es\\\/#organization\"},\"potentialAction\":[{\"@type\":\"SearchAction\",\"target\":{\"@type\":\"EntryPoint\",\"urlTemplate\":\"https:\\\/\\\/dlvradio.es\\\/?s={search_term_string}\"},\"query-input\":{\"@type\":\"PropertyValueSpecification\",\"valueRequired\":true,\"valueName\":\"search_term_string\"}}],\"inLanguage\":\"en-US\"},{\"@type\":\"Organization\",\"@id\":\"https:\\\/\\\/dlvradio.es\\\/#organization\",\"name\":\"DLVRADIO\",\"url\":\"https:\\\/\\\/dlvradio.es\\\/\",\"logo\":{\"@type\":\"ImageObject\",\"inLanguage\":\"en-US\",\"@id\":\"https:\\\/\\\/dlvradio.es\\\/#\\\/schema\\\/logo\\\/image\\\/\",\"url\":\"\",\"contentUrl\":\"\",\"caption\":\"DLVRADIO\"},\"image\":{\"@id\":\"https:\\\/\\\/dlvradio.es\\\/#\\\/schema\\\/logo\\\/image\\\/\"},\"sameAs\":[\"https:\\\/\\\/www.facebook.com\\\/RadioDLVradio\\\/\",\"https:\\\/\\\/x.com\\\/RadioDlvradio\",\"https:\\\/\\\/www.instagram.com\\\/radiodlvradio\\\/\"]},{\"@type\":\"Person\",\"@id\":\"https:\\\/\\\/dlvradio.es\\\/#\\\/schema\\\/person\\\/7d533f9f89b13e3a3f2ba7f67d6412de\",\"name\":\"DLV RADIO\",\"sameAs\":[\"https:\\\/\\\/dlvradio.es\"]}]}<\/script>\n<!-- \/ Yoast SEO plugin. -->","yoast_head_json":{"title":"Spanish cities suspend air quality - DLVRADIO","description":"Spanish cities fail in air quality A study carried out by the Clean Cities campaign, which analyzes mobility and air quality","robots":{"index":"index","follow":"follow","max-snippet":"max-snippet:-1","max-image-preview":"max-image-preview:large","max-video-preview":"max-video-preview:-1"},"canonical":"https:\/\/dlvradio.es\/en\/las-ciudades-espanolas-suspenden-en-calidad-del-aire\/","og_locale":"en_US","og_type":"article","og_title":"Las ciudades espa\u00f1olas suspenden en calidad del aire - DLVRADIO","og_description":"Las ciudades espa\u00f1olas suspenden en calidad del aire Un estudio realizado por la campa\u00f1a Clean Cities, en el que se analiza la movilidad y la calidad del","og_url":"https:\/\/dlvradio.es\/en\/las-ciudades-espanolas-suspenden-en-calidad-del-aire\/","og_site_name":"DLVRADIO","article_publisher":"https:\/\/www.facebook.com\/RadioDLVradio\/","article_published_time":"2022-02-25T11:44:17+00:00","og_image":[{"width":1511,"height":1511,"url":"https:\/\/dlvradio.es\/wp-content\/uploads\/2022\/02\/Las-ciudades-espanolas-suspenden-en-calidad-del-aire.jpg","type":"image\/jpeg"}],"author":"DLV RADIO","twitter_card":"summary_large_image","twitter_creator":"@RadioDlvradio","twitter_site":"@RadioDlvradio","schema":{"@context":"https:\/\/schema.org","@graph":[{"@type":"Article","@id":"https:\/\/dlvradio.es\/las-ciudades-espanolas-suspenden-en-calidad-del-aire\/#article","isPartOf":{"@id":"https:\/\/dlvradio.es\/las-ciudades-espanolas-suspenden-en-calidad-del-aire\/"},"author":{"name":"DLV RADIO","@id":"https:\/\/dlvradio.es\/#\/schema\/person\/7d533f9f89b13e3a3f2ba7f67d6412de"},"headline":"Las ciudades espa\u00f1olas suspenden en calidad del aire","datePublished":"2022-02-25T11:44:17+00:00","mainEntityOfPage":{"@id":"https:\/\/dlvradio.es\/las-ciudades-espanolas-suspenden-en-calidad-del-aire\/"},"wordCount":865,"commentCount":0,"publisher":{"@id":"https:\/\/dlvradio.es\/#organization"},"image":{"@id":"https:\/\/dlvradio.es\/las-ciudades-espanolas-suspenden-en-calidad-del-aire\/#primaryimage"},"thumbnailUrl":"https:\/\/dlvradio.es\/wp-content\/uploads\/2022\/02\/Las-ciudades-espanolas-suspenden-en-calidad-del-aire.jpg","keywords":["ecolog\u00eda","Espa\u00f1a"],"articleSection":["Emergencia clim\u00e1tica","Informativos"],"inLanguage":"en-US"},{"@type":"WebPage","@id":"https:\/\/dlvradio.es\/las-ciudades-espanolas-suspenden-en-calidad-del-aire\/","url":"https:\/\/dlvradio.es\/las-ciudades-espanolas-suspenden-en-calidad-del-aire\/","name":"Spanish cities suspend air quality - DLVRADIO","isPartOf":{"@id":"https:\/\/dlvradio.es\/#website"},"primaryImageOfPage":{"@id":"https:\/\/dlvradio.es\/las-ciudades-espanolas-suspenden-en-calidad-del-aire\/#primaryimage"},"image":{"@id":"https:\/\/dlvradio.es\/las-ciudades-espanolas-suspenden-en-calidad-del-aire\/#primaryimage"},"thumbnailUrl":"https:\/\/dlvradio.es\/wp-content\/uploads\/2022\/02\/Las-ciudades-espanolas-suspenden-en-calidad-del-aire.jpg","datePublished":"2022-02-25T11:44:17+00:00","description":"Spanish cities fail in air quality A study carried out by the Clean Cities campaign, which analyzes mobility and air quality","breadcrumb":{"@id":"https:\/\/dlvradio.es\/las-ciudades-espanolas-suspenden-en-calidad-del-aire\/#breadcrumb"},"inLanguage":"en-US","potentialAction":[{"@type":"ReadAction","target":["https:\/\/dlvradio.es\/las-ciudades-espanolas-suspenden-en-calidad-del-aire\/"]}]},{"@type":"ImageObject","inLanguage":"en-US","@id":"https:\/\/dlvradio.es\/las-ciudades-espanolas-suspenden-en-calidad-del-aire\/#primaryimage","url":"https:\/\/dlvradio.es\/wp-content\/uploads\/2022\/02\/Las-ciudades-espanolas-suspenden-en-calidad-del-aire.jpg","contentUrl":"https:\/\/dlvradio.es\/wp-content\/uploads\/2022\/02\/Las-ciudades-espanolas-suspenden-en-calidad-del-aire.jpg","width":1511,"height":1511,"caption":"Las ciudades espa\u00f1olas suspenden en calidad del aire"},{"@type":"BreadcrumbList","@id":"https:\/\/dlvradio.es\/las-ciudades-espanolas-suspenden-en-calidad-del-aire\/#breadcrumb","itemListElement":[{"@type":"ListItem","position":1,"name":"Inicio","item":"https:\/\/dlvradio.es\/"},{"@type":"ListItem","position":2,"name":"Las ciudades espa\u00f1olas suspenden en calidad del aire"}]},{"@type":"WebSite","@id":"https:\/\/dlvradio.es\/#website","url":"https:\/\/dlvradio.es\/","name":"DLVRADIO","description":"We are an alternative media to traditional media","publisher":{"@id":"https:\/\/dlvradio.es\/#organization"},"potentialAction":[{"@type":"SearchAction","target":{"@type":"EntryPoint","urlTemplate":"https:\/\/dlvradio.es\/?s={search_term_string}"},"query-input":{"@type":"PropertyValueSpecification","valueRequired":true,"valueName":"search_term_string"}}],"inLanguage":"en-US"},{"@type":"Organization","@id":"https:\/\/dlvradio.es\/#organization","name":"DLVRADIO","url":"https:\/\/dlvradio.es\/","logo":{"@type":"ImageObject","inLanguage":"en-US","@id":"https:\/\/dlvradio.es\/#\/schema\/logo\/image\/","url":"","contentUrl":"","caption":"DLVRADIO"},"image":{"@id":"https:\/\/dlvradio.es\/#\/schema\/logo\/image\/"},"sameAs":["https:\/\/www.facebook.com\/RadioDLVradio\/","https:\/\/x.com\/RadioDlvradio","https:\/\/www.instagram.com\/radiodlvradio\/"]},{"@type":"Person","@id":"https:\/\/dlvradio.es\/#\/schema\/person\/7d533f9f89b13e3a3f2ba7f67d6412de","name":"DLV RADIO","sameAs":["https:\/\/dlvradio.es"]}]}},"_links":{"self":[{"href":"https:\/\/dlvradio.es\/en\/wp-json\/wp\/v2\/posts\/71145","targetHints":{"allow":["GET"]}}],"collection":[{"href":"https:\/\/dlvradio.es\/en\/wp-json\/wp\/v2\/posts"}],"about":[{"href":"https:\/\/dlvradio.es\/en\/wp-json\/wp\/v2\/types\/post"}],"author":[{"embeddable":true,"href":"https:\/\/dlvradio.es\/en\/wp-json\/wp\/v2\/users\/4"}],"replies":[{"embeddable":true,"href":"https:\/\/dlvradio.es\/en\/wp-json\/wp\/v2\/comments?post=71145"}],"version-history":[{"count":0,"href":"https:\/\/dlvradio.es\/en\/wp-json\/wp\/v2\/posts\/71145\/revisions"}],"wp:featuredmedia":[{"embeddable":true,"href":"https:\/\/dlvradio.es\/en\/wp-json\/wp\/v2\/media\/71146"}],"wp:attachment":[{"href":"https:\/\/dlvradio.es\/en\/wp-json\/wp\/v2\/media?parent=71145"}],"wp:term":[{"taxonomy":"category","embeddable":true,"href":"https:\/\/dlvradio.es\/en\/wp-json\/wp\/v2\/categories?post=71145"},{"taxonomy":"post_tag","embeddable":true,"href":"https:\/\/dlvradio.es\/en\/wp-json\/wp\/v2\/tags?post=71145"}],"curies":[{"name":"wp","href":"https:\/\/api.w.org\/{rel}","templated":true}]}}