{"id":71149,"date":"2022-02-25T17:33:58","date_gmt":"2022-02-25T16:33:58","guid":{"rendered":"https:\/\/dlvradio.es\/informativo-especial-conflicto-rusia-ucrania\/"},"modified":"2022-02-25T17:33:58","modified_gmt":"2022-02-25T16:33:58","slug":"informativo-especial-conflicto-rusia-ucrania","status":"publish","type":"post","link":"https:\/\/dlvradio.es\/en\/informativo-especial-conflicto-rusia-ucrania\/","title":{"rendered":"Special information Russia-Ukraine conflict"},"content":{"rendered":"<h5><strong><img decoding=\"async\" class=\"alignleft wp-image-8949 size-thumbnail\" src=\"https:\/\/dlvradio.es\/wp-content\/uploads\/2022\/02\/Informativo-especial-conflicto-Rusia-Ucrania-150x150.jpg\" alt=\"\" width=\"150\" height=\"150\" \/>Os dejamos el informativo especial conflicto Rusia-Ucrania<\/strong><\/h5>\n<h6>Para que os pongais en antecedentes y pod\u00e1is entender mejor de c\u00f3mo hemos llegado a esta situaci\u00f3n os relatamos los hechos.<\/h6>\n<ul>\n<li>En noviembre de 2013 el por aquel entonces presidente de Ucrania suspendi\u00f3 la firma del Acuerdo de Asociaci\u00f3n con la U.E.<\/li>\n<li>Al d\u00eda siguiente hubo manifestaciones de grupos universitarios en Kiev contra el Gobierno. En las que se hizo patente la divisi\u00f3n entre prorrusos y proeuropeos.<\/li>\n<li>A primeros de 2014 las protestas se volvieron violentas, en ellas murieron casi un centenar de personas.<\/li>\n<li>En la pen\u00ednsula de Crimea empezaron los enfrentamientos militares.<\/li>\n<li>A finales de febrero hombres armados tomaron el aeropuerto de Crimea y el Parlamento, en donde izaron la bandera rusa.<\/li>\n<li>Se celebr\u00f3 un refer\u00e9ndum sobre la anexi\u00f3n de Crimea, donde gan\u00f3 el S\u00ed por un 97%. Pero la O.N.U. lo rechaz\u00f3 por considerarlo ilegal. Putin firm\u00f3 el Tratado de Anexi\u00f3n de Crimea y por ello el G8 decidi\u00f3 expulsar a Rusia, pasando a ser el G7.<\/li>\n<li>En febrero de 2015 Alemania, Francia, Rusia y Ucrania firman los Acuerdos de Minks para poner fin a la guerra del Donbas. Se acuerda un alto al fuego que es vulnerado al poco tiempo.<\/li>\n<li>En 2017 Rusia le dice a Trump que nunca devolver\u00e1 Crimea a Ucrania.<\/li>\n<li>En septiembre de 2017 se firma el Acuerdo de Asociaci\u00f3n de la Uni\u00f3n Europea y Ucrania.<\/li>\n<li>En abril de 2021 Kiev informa de 10.000 militares rusos en su territorio. Estados Unidos, en respuesta, deporta a 10 empleados de la embajada rusa y Rusia contesta expulsando a 10 diplom\u00e1ticos estadounidenses.<\/li>\n<li>El 23 de junio de 2021 Rusia efect\u00faa disparos de advertencia a un barco de Reino Unido que est\u00e1 en aguas del Mar Negro.<\/li>\n<li>El 3 de diciembre de 2021 el Washington Post publica que Rusia prepara una ofensiva con 175.000 efectivos para primeros de 2022.<\/li>\n<li>El 10 de enero de 2022 Rusia y Estados Unidos inician la v\u00eda diplom\u00e1tica para evitar el conflicto armado, sin que haya tenido \u00e9xito.<\/li>\n<li>El 23 de febrero Ucrania decreta el Estado de Emergencia.<\/li>\n<\/ul>\n<p>Ayer 24 de febrero a las 09:30h aproximadamente, hora peninsular, Putin ofrece un discurso en el que anuncia los ataques. Sobre las 11:00 h se producen los primeros ataques contra aer\u00f3dromos y bases militares, m\u00e1s de 40 militares ucranianos fallecen en estos. A las 16:00 h Rusia ya hab\u00eda destruido 74 instalaciones militares terrestres, un helic\u00f3ptero de combate y 4 drones. A las 19:00 h ocupan la antigua central nuclear de Chern\u00f3bil. A \u00faltima hora de la noche, en el primer d\u00eda de ataques, el Gobierno ucraniano notifica 57 fallecidos y 169 heridos, entre ellos hay tanto militares como civiles.<\/p>\n<p>En el d\u00eda de hoy\u00a0 a lo largo de la ma\u00f1ana, los militares rusos han entrado en Kiev. Rusia ha anunciado que est\u00e1 dispuesta a enviar a Minks una delegaci\u00f3n para negociar con Ucrania si \u00e9sta entrega las armas. Esto es lo que ha sucedido hasta ahora, en este conflicto entre los dos pa\u00edses.<\/p>\n<p>En el marco de las respuestas, con sanciones, por parte del resto de pa\u00edses, \u00e9stas son las m\u00e1s destacables:<\/p>\n<p>Biden ha limitado la importaci\u00f3n de tecnolog\u00eda, ha puesto bloqueos a grandes bancos rusos y castigos a oligarcas cercanos a Putin.<\/p>\n<p>La Uni\u00f3n Europea ha impuesto sanciones en los sectores de la energ\u00eda, las finanzas y los transportes. De momento no sobre la red bancaria Swift, que es lo que m\u00e1s teme Rusia, porque esta red permite recibir y\/o emitir pagos en el mundo entero. Jap\u00f3n, Canad\u00e1, Australia y Suiza han impuesto tambi\u00e9n sus propias sanciones a Rusia. La Euroliga de baloncesto ha suspendido todos los partidos en los que participan equipos rusos. La UEFA se ha llevado la Champions League de Rusia, la final se ten\u00eda que disputar en Saint Petersburgo, y en \u00a0la F1 se ha cancelado el G.P. de Sochi.<\/p>\n<p>Deciros que adem\u00e1s de las consecuencias econ\u00f3micas que se pueden producir, aumento en el precio de la energ\u00eda entre otros, lo irreparable son las p\u00e9rdidas humanas que este conflicto va a conllevar.<\/p>\n<p>Desde DLVRADIO esperamos que esta situaci\u00f3n no se alargue en el tiempo y se llegue a un acuerdo por la v\u00eda diplom\u00e1tica lo antes posible.<\/p>\n<p>Os seguiremos informando.<\/p>\n<p>Art\u00edculo de: Emma Leb\u00f3n<\/p>","protected":false},"excerpt":{"rendered":"<p>Os dejamos el informativo especial conflicto Rusia-Ucrania Para que os pongais en antecedentes y pod\u00e1is entender mejor de c\u00f3mo hemos llegado a esta situaci\u00f3n os relatamos los hechos. En noviembre de 2013 el por aquel entonces presidente de Ucrania suspendi\u00f3 la firma del Acuerdo de Asociaci\u00f3n con la U.E. Al d\u00eda siguiente hubo manifestaciones de [&hellip;]<\/p>\n","protected":false},"author":4,"featured_media":71150,"comment_status":"open","ping_status":"open","sticky":false,"template":"","format":"standard","meta":{"_acf_changed":false,"footnotes":""},"categories":[2465,2593],"tags":[2507,2723],"class_list":["post-71149","post","type-post","status-publish","format-standard","has-post-thumbnail","hentry","category-informativos","category-internacional","tag-internacional","tag-ucrania"],"acf":[],"yoast_head":"<!-- This site is optimized with the Yoast SEO plugin v27.4 - https:\/\/yoast.com\/product\/yoast-seo-wordpress\/ -->\n<title>Informativo especial conflicto Rusia-Ucrania - DLVRADIO<\/title>\n<meta name=\"description\" content=\"Os dejamos el informativo especial conflicto Rusia-Ucrania Para que os pongais en antecedentes y pod\u00e1is entender mejor de c\u00f3mo hemos llegado a esta\" \/>\n<meta name=\"robots\" content=\"index, follow, max-snippet:-1, max-image-preview:large, max-video-preview:-1\" \/>\n<link rel=\"canonical\" href=\"https:\/\/dlvradio.es\/en\/informativo-especial-conflicto-rusia-ucrania\/\" \/>\n<meta property=\"og:locale\" content=\"en_US\" \/>\n<meta property=\"og:type\" content=\"article\" \/>\n<meta property=\"og:title\" content=\"Informativo especial conflicto Rusia-Ucrania - DLVRADIO\" \/>\n<meta property=\"og:description\" content=\"Os dejamos el informativo especial conflicto Rusia-Ucrania Para que os pongais en antecedentes y pod\u00e1is entender mejor de c\u00f3mo hemos llegado a esta\" \/>\n<meta property=\"og:url\" content=\"https:\/\/dlvradio.es\/en\/informativo-especial-conflicto-rusia-ucrania\/\" \/>\n<meta property=\"og:site_name\" content=\"DLVRADIO\" \/>\n<meta property=\"article:publisher\" content=\"https:\/\/www.facebook.com\/RadioDLVradio\/\" \/>\n<meta property=\"article:published_time\" content=\"2022-02-25T16:33:58+00:00\" \/>\n<meta property=\"og:image\" content=\"https:\/\/dlvradio.es\/wp-content\/uploads\/2022\/02\/Informativo-especial-conflicto-Rusia-Ucrania.jpg\" \/>\n\t<meta property=\"og:image:width\" content=\"1511\" \/>\n\t<meta property=\"og:image:height\" content=\"1511\" \/>\n\t<meta property=\"og:image:type\" content=\"image\/jpeg\" \/>\n<meta name=\"author\" content=\"DLV RADIO\" \/>\n<meta name=\"twitter:card\" content=\"summary_large_image\" \/>\n<meta name=\"twitter:creator\" content=\"@RadioDlvradio\" \/>\n<meta name=\"twitter:site\" content=\"@RadioDlvradio\" \/>\n<script type=\"application\/ld+json\" class=\"yoast-schema-graph\">{\"@context\":\"https:\\\/\\\/schema.org\",\"@graph\":[{\"@type\":\"Article\",\"@id\":\"https:\\\/\\\/dlvradio.es\\\/informativo-especial-conflicto-rusia-ucrania\\\/#article\",\"isPartOf\":{\"@id\":\"https:\\\/\\\/dlvradio.es\\\/informativo-especial-conflicto-rusia-ucrania\\\/\"},\"author\":{\"name\":\"DLV RADIO\",\"@id\":\"https:\\\/\\\/dlvradio.es\\\/#\\\/schema\\\/person\\\/7d533f9f89b13e3a3f2ba7f67d6412de\"},\"headline\":\"Informativo especial conflicto Rusia-Ucrania\",\"datePublished\":\"2022-02-25T16:33:58+00:00\",\"mainEntityOfPage\":{\"@id\":\"https:\\\/\\\/dlvradio.es\\\/informativo-especial-conflicto-rusia-ucrania\\\/\"},\"wordCount\":728,\"commentCount\":0,\"publisher\":{\"@id\":\"https:\\\/\\\/dlvradio.es\\\/#organization\"},\"image\":{\"@id\":\"https:\\\/\\\/dlvradio.es\\\/informativo-especial-conflicto-rusia-ucrania\\\/#primaryimage\"},\"thumbnailUrl\":\"https:\\\/\\\/dlvradio.es\\\/wp-content\\\/uploads\\\/2022\\\/02\\\/Informativo-especial-conflicto-Rusia-Ucrania.jpg\",\"keywords\":[\"internacional\",\"ucrania\"],\"articleSection\":[\"Informativos\",\"Internacional\"],\"inLanguage\":\"en-US\"},{\"@type\":\"WebPage\",\"@id\":\"https:\\\/\\\/dlvradio.es\\\/informativo-especial-conflicto-rusia-ucrania\\\/\",\"url\":\"https:\\\/\\\/dlvradio.es\\\/informativo-especial-conflicto-rusia-ucrania\\\/\",\"name\":\"Informativo especial conflicto Rusia-Ucrania - DLVRADIO\",\"isPartOf\":{\"@id\":\"https:\\\/\\\/dlvradio.es\\\/#website\"},\"primaryImageOfPage\":{\"@id\":\"https:\\\/\\\/dlvradio.es\\\/informativo-especial-conflicto-rusia-ucrania\\\/#primaryimage\"},\"image\":{\"@id\":\"https:\\\/\\\/dlvradio.es\\\/informativo-especial-conflicto-rusia-ucrania\\\/#primaryimage\"},\"thumbnailUrl\":\"https:\\\/\\\/dlvradio.es\\\/wp-content\\\/uploads\\\/2022\\\/02\\\/Informativo-especial-conflicto-Rusia-Ucrania.jpg\",\"datePublished\":\"2022-02-25T16:33:58+00:00\",\"description\":\"Os dejamos el informativo especial conflicto Rusia-Ucrania Para que os pongais en antecedentes y pod\u00e1is entender mejor de c\u00f3mo hemos llegado a esta\",\"breadcrumb\":{\"@id\":\"https:\\\/\\\/dlvradio.es\\\/informativo-especial-conflicto-rusia-ucrania\\\/#breadcrumb\"},\"inLanguage\":\"en-US\",\"potentialAction\":[{\"@type\":\"ReadAction\",\"target\":[\"https:\\\/\\\/dlvradio.es\\\/informativo-especial-conflicto-rusia-ucrania\\\/\"]}]},{\"@type\":\"ImageObject\",\"inLanguage\":\"en-US\",\"@id\":\"https:\\\/\\\/dlvradio.es\\\/informativo-especial-conflicto-rusia-ucrania\\\/#primaryimage\",\"url\":\"https:\\\/\\\/dlvradio.es\\\/wp-content\\\/uploads\\\/2022\\\/02\\\/Informativo-especial-conflicto-Rusia-Ucrania.jpg\",\"contentUrl\":\"https:\\\/\\\/dlvradio.es\\\/wp-content\\\/uploads\\\/2022\\\/02\\\/Informativo-especial-conflicto-Rusia-Ucrania.jpg\",\"width\":1511,\"height\":1511,\"caption\":\"Informativo especial conflicto Rusia-Ucrania\"},{\"@type\":\"BreadcrumbList\",\"@id\":\"https:\\\/\\\/dlvradio.es\\\/informativo-especial-conflicto-rusia-ucrania\\\/#breadcrumb\",\"itemListElement\":[{\"@type\":\"ListItem\",\"position\":1,\"name\":\"Inicio\",\"item\":\"https:\\\/\\\/dlvradio.es\\\/\"},{\"@type\":\"ListItem\",\"position\":2,\"name\":\"Informativo especial conflicto Rusia-Ucrania\"}]},{\"@type\":\"WebSite\",\"@id\":\"https:\\\/\\\/dlvradio.es\\\/#website\",\"url\":\"https:\\\/\\\/dlvradio.es\\\/\",\"name\":\"DLVRADIO\",\"description\":\"Somos un medio de comunicaci\u00f3n alternativo a los medios tradicionales\",\"publisher\":{\"@id\":\"https:\\\/\\\/dlvradio.es\\\/#organization\"},\"potentialAction\":[{\"@type\":\"SearchAction\",\"target\":{\"@type\":\"EntryPoint\",\"urlTemplate\":\"https:\\\/\\\/dlvradio.es\\\/?s={search_term_string}\"},\"query-input\":{\"@type\":\"PropertyValueSpecification\",\"valueRequired\":true,\"valueName\":\"search_term_string\"}}],\"inLanguage\":\"en-US\"},{\"@type\":\"Organization\",\"@id\":\"https:\\\/\\\/dlvradio.es\\\/#organization\",\"name\":\"DLVRADIO\",\"url\":\"https:\\\/\\\/dlvradio.es\\\/\",\"logo\":{\"@type\":\"ImageObject\",\"inLanguage\":\"en-US\",\"@id\":\"https:\\\/\\\/dlvradio.es\\\/#\\\/schema\\\/logo\\\/image\\\/\",\"url\":\"\",\"contentUrl\":\"\",\"caption\":\"DLVRADIO\"},\"image\":{\"@id\":\"https:\\\/\\\/dlvradio.es\\\/#\\\/schema\\\/logo\\\/image\\\/\"},\"sameAs\":[\"https:\\\/\\\/www.facebook.com\\\/RadioDLVradio\\\/\",\"https:\\\/\\\/x.com\\\/RadioDlvradio\",\"https:\\\/\\\/www.instagram.com\\\/radiodlvradio\\\/\"]},{\"@type\":\"Person\",\"@id\":\"https:\\\/\\\/dlvradio.es\\\/#\\\/schema\\\/person\\\/7d533f9f89b13e3a3f2ba7f67d6412de\",\"name\":\"DLV RADIO\",\"sameAs\":[\"https:\\\/\\\/dlvradio.es\"]}]}<\/script>\n<!-- \/ Yoast SEO plugin. -->","yoast_head_json":{"title":"Informativo especial conflicto Rusia-Ucrania - DLVRADIO","description":"Os dejamos el informativo especial conflicto Rusia-Ucrania Para que os pongais en antecedentes y pod\u00e1is entender mejor de c\u00f3mo hemos llegado a esta","robots":{"index":"index","follow":"follow","max-snippet":"max-snippet:-1","max-image-preview":"max-image-preview:large","max-video-preview":"max-video-preview:-1"},"canonical":"https:\/\/dlvradio.es\/en\/informativo-especial-conflicto-rusia-ucrania\/","og_locale":"en_US","og_type":"article","og_title":"Informativo especial conflicto Rusia-Ucrania - DLVRADIO","og_description":"Os dejamos el informativo especial conflicto Rusia-Ucrania Para que os pongais en antecedentes y pod\u00e1is entender mejor de c\u00f3mo hemos llegado a esta","og_url":"https:\/\/dlvradio.es\/en\/informativo-especial-conflicto-rusia-ucrania\/","og_site_name":"DLVRADIO","article_publisher":"https:\/\/www.facebook.com\/RadioDLVradio\/","article_published_time":"2022-02-25T16:33:58+00:00","og_image":[{"width":1511,"height":1511,"url":"https:\/\/dlvradio.es\/wp-content\/uploads\/2022\/02\/Informativo-especial-conflicto-Rusia-Ucrania.jpg","type":"image\/jpeg"}],"author":"DLV RADIO","twitter_card":"summary_large_image","twitter_creator":"@RadioDlvradio","twitter_site":"@RadioDlvradio","schema":{"@context":"https:\/\/schema.org","@graph":[{"@type":"Article","@id":"https:\/\/dlvradio.es\/informativo-especial-conflicto-rusia-ucrania\/#article","isPartOf":{"@id":"https:\/\/dlvradio.es\/informativo-especial-conflicto-rusia-ucrania\/"},"author":{"name":"DLV RADIO","@id":"https:\/\/dlvradio.es\/#\/schema\/person\/7d533f9f89b13e3a3f2ba7f67d6412de"},"headline":"Informativo especial conflicto Rusia-Ucrania","datePublished":"2022-02-25T16:33:58+00:00","mainEntityOfPage":{"@id":"https:\/\/dlvradio.es\/informativo-especial-conflicto-rusia-ucrania\/"},"wordCount":728,"commentCount":0,"publisher":{"@id":"https:\/\/dlvradio.es\/#organization"},"image":{"@id":"https:\/\/dlvradio.es\/informativo-especial-conflicto-rusia-ucrania\/#primaryimage"},"thumbnailUrl":"https:\/\/dlvradio.es\/wp-content\/uploads\/2022\/02\/Informativo-especial-conflicto-Rusia-Ucrania.jpg","keywords":["internacional","ucrania"],"articleSection":["Informativos","Internacional"],"inLanguage":"en-US"},{"@type":"WebPage","@id":"https:\/\/dlvradio.es\/informativo-especial-conflicto-rusia-ucrania\/","url":"https:\/\/dlvradio.es\/informativo-especial-conflicto-rusia-ucrania\/","name":"Informativo especial conflicto Rusia-Ucrania - DLVRADIO","isPartOf":{"@id":"https:\/\/dlvradio.es\/#website"},"primaryImageOfPage":{"@id":"https:\/\/dlvradio.es\/informativo-especial-conflicto-rusia-ucrania\/#primaryimage"},"image":{"@id":"https:\/\/dlvradio.es\/informativo-especial-conflicto-rusia-ucrania\/#primaryimage"},"thumbnailUrl":"https:\/\/dlvradio.es\/wp-content\/uploads\/2022\/02\/Informativo-especial-conflicto-Rusia-Ucrania.jpg","datePublished":"2022-02-25T16:33:58+00:00","description":"Os dejamos el informativo especial conflicto Rusia-Ucrania Para que os pongais en antecedentes y pod\u00e1is entender mejor de c\u00f3mo hemos llegado a esta","breadcrumb":{"@id":"https:\/\/dlvradio.es\/informativo-especial-conflicto-rusia-ucrania\/#breadcrumb"},"inLanguage":"en-US","potentialAction":[{"@type":"ReadAction","target":["https:\/\/dlvradio.es\/informativo-especial-conflicto-rusia-ucrania\/"]}]},{"@type":"ImageObject","inLanguage":"en-US","@id":"https:\/\/dlvradio.es\/informativo-especial-conflicto-rusia-ucrania\/#primaryimage","url":"https:\/\/dlvradio.es\/wp-content\/uploads\/2022\/02\/Informativo-especial-conflicto-Rusia-Ucrania.jpg","contentUrl":"https:\/\/dlvradio.es\/wp-content\/uploads\/2022\/02\/Informativo-especial-conflicto-Rusia-Ucrania.jpg","width":1511,"height":1511,"caption":"Informativo especial conflicto Rusia-Ucrania"},{"@type":"BreadcrumbList","@id":"https:\/\/dlvradio.es\/informativo-especial-conflicto-rusia-ucrania\/#breadcrumb","itemListElement":[{"@type":"ListItem","position":1,"name":"Inicio","item":"https:\/\/dlvradio.es\/"},{"@type":"ListItem","position":2,"name":"Informativo especial conflicto Rusia-Ucrania"}]},{"@type":"WebSite","@id":"https:\/\/dlvradio.es\/#website","url":"https:\/\/dlvradio.es\/","name":"DLVRADIO","description":"We are an alternative media to traditional media","publisher":{"@id":"https:\/\/dlvradio.es\/#organization"},"potentialAction":[{"@type":"SearchAction","target":{"@type":"EntryPoint","urlTemplate":"https:\/\/dlvradio.es\/?s={search_term_string}"},"query-input":{"@type":"PropertyValueSpecification","valueRequired":true,"valueName":"search_term_string"}}],"inLanguage":"en-US"},{"@type":"Organization","@id":"https:\/\/dlvradio.es\/#organization","name":"DLVRADIO","url":"https:\/\/dlvradio.es\/","logo":{"@type":"ImageObject","inLanguage":"en-US","@id":"https:\/\/dlvradio.es\/#\/schema\/logo\/image\/","url":"","contentUrl":"","caption":"DLVRADIO"},"image":{"@id":"https:\/\/dlvradio.es\/#\/schema\/logo\/image\/"},"sameAs":["https:\/\/www.facebook.com\/RadioDLVradio\/","https:\/\/x.com\/RadioDlvradio","https:\/\/www.instagram.com\/radiodlvradio\/"]},{"@type":"Person","@id":"https:\/\/dlvradio.es\/#\/schema\/person\/7d533f9f89b13e3a3f2ba7f67d6412de","name":"DLV RADIO","sameAs":["https:\/\/dlvradio.es"]}]}},"_links":{"self":[{"href":"https:\/\/dlvradio.es\/en\/wp-json\/wp\/v2\/posts\/71149","targetHints":{"allow":["GET"]}}],"collection":[{"href":"https:\/\/dlvradio.es\/en\/wp-json\/wp\/v2\/posts"}],"about":[{"href":"https:\/\/dlvradio.es\/en\/wp-json\/wp\/v2\/types\/post"}],"author":[{"embeddable":true,"href":"https:\/\/dlvradio.es\/en\/wp-json\/wp\/v2\/users\/4"}],"replies":[{"embeddable":true,"href":"https:\/\/dlvradio.es\/en\/wp-json\/wp\/v2\/comments?post=71149"}],"version-history":[{"count":0,"href":"https:\/\/dlvradio.es\/en\/wp-json\/wp\/v2\/posts\/71149\/revisions"}],"wp:featuredmedia":[{"embeddable":true,"href":"https:\/\/dlvradio.es\/en\/wp-json\/wp\/v2\/media\/71150"}],"wp:attachment":[{"href":"https:\/\/dlvradio.es\/en\/wp-json\/wp\/v2\/media?parent=71149"}],"wp:term":[{"taxonomy":"category","embeddable":true,"href":"https:\/\/dlvradio.es\/en\/wp-json\/wp\/v2\/categories?post=71149"},{"taxonomy":"post_tag","embeddable":true,"href":"https:\/\/dlvradio.es\/en\/wp-json\/wp\/v2\/tags?post=71149"}],"curies":[{"name":"wp","href":"https:\/\/api.w.org\/{rel}","templated":true}]}}