{"id":71151,"date":"2022-02-25T20:46:11","date_gmt":"2022-02-25T19:46:11","guid":{"rendered":"https:\/\/dlvradio.es\/declaracion-del-ministro-de-asuntos-exteriores-jose-manuel-albares\/"},"modified":"2022-02-25T20:46:11","modified_gmt":"2022-02-25T19:46:11","slug":"declaracion-del-ministro-de-asuntos-exteriores-jose-manuel-albares","status":"publish","type":"post","link":"https:\/\/dlvradio.es\/en\/declaracion-del-ministro-de-asuntos-exteriores-jose-manuel-albares\/","title":{"rendered":"Declaraci\u00f3n del ministro de Asuntos Exteriores, Jos\u00e9 Manuel Albares"},"content":{"rendered":"<iframe src=\"https:\/\/www.ivoox.com\/player_ej_82774874_6_1.html?c1=0ebeb7\" width=\"100%\" height=\"200\" frameborder=\"0\" allowfullscreen=\"\" scrolling=\"no\" loading=\"lazy\"><\/iframe>\n\n\n<p><img decoding=\"async\" class=\"alignleft wp-image-8952\" src=\"https:\/\/dlvradio.es\/wp-content\/uploads\/2022\/02\/Declaracion-del-ministro-de-Asuntos-Exteriores-Jose-Manuel-Albares-150x150.jpg\" alt=\"\" width=\"130\" height=\"130\" \/>Os dejamos la declaraci\u00f3n del ministro de exteriores Jos\u00e9 Manuel Albares, posterior al consejo de asuntos de exteriores extraordinario, para tratar la grave situaci\u00f3n que est\u00e1 viviendo Ucrania en estos momentos. El ministro habla de agresi\u00f3n ilegal e injusta, que afecta al orden internacional y europeo. En el consejo europeo ha quedado claro la unidad frente a esta situaci\u00f3n injustificada y grave. El incumplimiento del art\u00edculo n\u00famero dos de Naciones Unidas. Se han coordinado y tomado medidas frente a esta situaci\u00f3n. En la reuni\u00f3n se ha podido hablar con el ministro de exteriores de Ucrania, Dmytro Kuleba.<\/p>","protected":false},"excerpt":{"rendered":"<p>Os dejamos la declaraci\u00f3n del ministro de exteriores Jos\u00e9 Manuel Albares, posterior al consejo de asuntos de exteriores extraordinario, para tratar la grave situaci\u00f3n que est\u00e1 viviendo Ucrania en estos momentos. El ministro habla de agresi\u00f3n ilegal e injusta, que afecta al orden internacional y europeo. En el consejo europeo ha quedado claro la unidad [&hellip;]<\/p>\n","protected":false},"author":4,"featured_media":71152,"comment_status":"open","ping_status":"open","sticky":false,"template":"","format":"standard","meta":{"_acf_changed":false,"footnotes":""},"categories":[2465,2593],"tags":[2723],"class_list":["post-71151","post","type-post","status-publish","format-standard","has-post-thumbnail","hentry","category-informativos","category-internacional","tag-ucrania"],"acf":[],"yoast_head":"<!-- This site is optimized with the Yoast SEO plugin v27.4 - https:\/\/yoast.com\/product\/yoast-seo-wordpress\/ -->\n<title>Declaraci\u00f3n del ministro de Asuntos Exteriores, Jos\u00e9 Manuel Albares - DLVRADIO<\/title>\n<meta name=\"description\" content=\"Os dejamos la declaraci\u00f3n del ministro de exteriores Jos\u00e9 Manuel Albares, posterior al consejo de asuntos de exteriores extraordinario, para tratar la\" \/>\n<meta name=\"robots\" content=\"index, follow, max-snippet:-1, max-image-preview:large, max-video-preview:-1\" \/>\n<link rel=\"canonical\" href=\"https:\/\/dlvradio.es\/en\/declaracion-del-ministro-de-asuntos-exteriores-jose-manuel-albares\/\" \/>\n<meta property=\"og:locale\" content=\"en_US\" \/>\n<meta property=\"og:type\" content=\"article\" \/>\n<meta property=\"og:title\" content=\"Declaraci\u00f3n del ministro de Asuntos Exteriores, Jos\u00e9 Manuel Albares - DLVRADIO\" \/>\n<meta property=\"og:description\" content=\"Os dejamos la declaraci\u00f3n del ministro de exteriores Jos\u00e9 Manuel Albares, posterior al consejo de asuntos de exteriores extraordinario, para tratar la\" \/>\n<meta property=\"og:url\" content=\"https:\/\/dlvradio.es\/en\/declaracion-del-ministro-de-asuntos-exteriores-jose-manuel-albares\/\" \/>\n<meta property=\"og:site_name\" content=\"DLVRADIO\" \/>\n<meta property=\"article:publisher\" content=\"https:\/\/www.facebook.com\/RadioDLVradio\/\" \/>\n<meta property=\"article:published_time\" content=\"2022-02-25T19:46:11+00:00\" \/>\n<meta property=\"og:image\" content=\"https:\/\/dlvradio.es\/wp-content\/uploads\/2022\/02\/Declaracion-del-ministro-de-Asuntos-Exteriores-Jose-Manuel-Albares.jpg\" \/>\n\t<meta property=\"og:image:width\" content=\"2362\" \/>\n\t<meta property=\"og:image:height\" content=\"2362\" \/>\n\t<meta property=\"og:image:type\" content=\"image\/jpeg\" \/>\n<meta name=\"author\" content=\"DLV RADIO\" \/>\n<meta name=\"twitter:card\" content=\"summary_large_image\" \/>\n<meta name=\"twitter:creator\" content=\"@RadioDlvradio\" \/>\n<meta name=\"twitter:site\" content=\"@RadioDlvradio\" \/>\n<script type=\"application\/ld+json\" class=\"yoast-schema-graph\">{\"@context\":\"https:\\\/\\\/schema.org\",\"@graph\":[{\"@type\":\"Article\",\"@id\":\"https:\\\/\\\/dlvradio.es\\\/declaracion-del-ministro-de-asuntos-exteriores-jose-manuel-albares\\\/#article\",\"isPartOf\":{\"@id\":\"https:\\\/\\\/dlvradio.es\\\/declaracion-del-ministro-de-asuntos-exteriores-jose-manuel-albares\\\/\"},\"author\":{\"name\":\"DLV RADIO\",\"@id\":\"https:\\\/\\\/dlvradio.es\\\/#\\\/schema\\\/person\\\/7d533f9f89b13e3a3f2ba7f67d6412de\"},\"headline\":\"Declaraci\u00f3n del ministro de Asuntos Exteriores, Jos\u00e9 Manuel Albares\",\"datePublished\":\"2022-02-25T19:46:11+00:00\",\"mainEntityOfPage\":{\"@id\":\"https:\\\/\\\/dlvradio.es\\\/declaracion-del-ministro-de-asuntos-exteriores-jose-manuel-albares\\\/\"},\"wordCount\":115,\"commentCount\":0,\"publisher\":{\"@id\":\"https:\\\/\\\/dlvradio.es\\\/#organization\"},\"image\":{\"@id\":\"https:\\\/\\\/dlvradio.es\\\/declaracion-del-ministro-de-asuntos-exteriores-jose-manuel-albares\\\/#primaryimage\"},\"thumbnailUrl\":\"https:\\\/\\\/dlvradio.es\\\/wp-content\\\/uploads\\\/2022\\\/02\\\/Declaracion-del-ministro-de-Asuntos-Exteriores-Jose-Manuel-Albares.jpg\",\"keywords\":[\"ucrania\"],\"articleSection\":[\"Informativos\",\"Internacional\"],\"inLanguage\":\"en-US\"},{\"@type\":\"WebPage\",\"@id\":\"https:\\\/\\\/dlvradio.es\\\/declaracion-del-ministro-de-asuntos-exteriores-jose-manuel-albares\\\/\",\"url\":\"https:\\\/\\\/dlvradio.es\\\/declaracion-del-ministro-de-asuntos-exteriores-jose-manuel-albares\\\/\",\"name\":\"Declaraci\u00f3n del ministro de Asuntos Exteriores, Jos\u00e9 Manuel Albares - DLVRADIO\",\"isPartOf\":{\"@id\":\"https:\\\/\\\/dlvradio.es\\\/#website\"},\"primaryImageOfPage\":{\"@id\":\"https:\\\/\\\/dlvradio.es\\\/declaracion-del-ministro-de-asuntos-exteriores-jose-manuel-albares\\\/#primaryimage\"},\"image\":{\"@id\":\"https:\\\/\\\/dlvradio.es\\\/declaracion-del-ministro-de-asuntos-exteriores-jose-manuel-albares\\\/#primaryimage\"},\"thumbnailUrl\":\"https:\\\/\\\/dlvradio.es\\\/wp-content\\\/uploads\\\/2022\\\/02\\\/Declaracion-del-ministro-de-Asuntos-Exteriores-Jose-Manuel-Albares.jpg\",\"datePublished\":\"2022-02-25T19:46:11+00:00\",\"description\":\"Os dejamos la declaraci\u00f3n del ministro de exteriores Jos\u00e9 Manuel Albares, posterior al consejo de asuntos de exteriores extraordinario, para tratar la\",\"breadcrumb\":{\"@id\":\"https:\\\/\\\/dlvradio.es\\\/declaracion-del-ministro-de-asuntos-exteriores-jose-manuel-albares\\\/#breadcrumb\"},\"inLanguage\":\"en-US\",\"potentialAction\":[{\"@type\":\"ReadAction\",\"target\":[\"https:\\\/\\\/dlvradio.es\\\/declaracion-del-ministro-de-asuntos-exteriores-jose-manuel-albares\\\/\"]}]},{\"@type\":\"ImageObject\",\"inLanguage\":\"en-US\",\"@id\":\"https:\\\/\\\/dlvradio.es\\\/declaracion-del-ministro-de-asuntos-exteriores-jose-manuel-albares\\\/#primaryimage\",\"url\":\"https:\\\/\\\/dlvradio.es\\\/wp-content\\\/uploads\\\/2022\\\/02\\\/Declaracion-del-ministro-de-Asuntos-Exteriores-Jose-Manuel-Albares.jpg\",\"contentUrl\":\"https:\\\/\\\/dlvradio.es\\\/wp-content\\\/uploads\\\/2022\\\/02\\\/Declaracion-del-ministro-de-Asuntos-Exteriores-Jose-Manuel-Albares.jpg\",\"width\":2362,\"height\":2362,\"caption\":\"Declaraci\u00f3n del ministro de Asuntos Exteriores\"},{\"@type\":\"BreadcrumbList\",\"@id\":\"https:\\\/\\\/dlvradio.es\\\/declaracion-del-ministro-de-asuntos-exteriores-jose-manuel-albares\\\/#breadcrumb\",\"itemListElement\":[{\"@type\":\"ListItem\",\"position\":1,\"name\":\"Inicio\",\"item\":\"https:\\\/\\\/dlvradio.es\\\/\"},{\"@type\":\"ListItem\",\"position\":2,\"name\":\"Declaraci\u00f3n del ministro de Asuntos Exteriores, Jos\u00e9 Manuel Albares\"}]},{\"@type\":\"WebSite\",\"@id\":\"https:\\\/\\\/dlvradio.es\\\/#website\",\"url\":\"https:\\\/\\\/dlvradio.es\\\/\",\"name\":\"DLVRADIO\",\"description\":\"Somos un medio de comunicaci\u00f3n alternativo a los medios tradicionales\",\"publisher\":{\"@id\":\"https:\\\/\\\/dlvradio.es\\\/#organization\"},\"potentialAction\":[{\"@type\":\"SearchAction\",\"target\":{\"@type\":\"EntryPoint\",\"urlTemplate\":\"https:\\\/\\\/dlvradio.es\\\/?s={search_term_string}\"},\"query-input\":{\"@type\":\"PropertyValueSpecification\",\"valueRequired\":true,\"valueName\":\"search_term_string\"}}],\"inLanguage\":\"en-US\"},{\"@type\":\"Organization\",\"@id\":\"https:\\\/\\\/dlvradio.es\\\/#organization\",\"name\":\"DLVRADIO\",\"url\":\"https:\\\/\\\/dlvradio.es\\\/\",\"logo\":{\"@type\":\"ImageObject\",\"inLanguage\":\"en-US\",\"@id\":\"https:\\\/\\\/dlvradio.es\\\/#\\\/schema\\\/logo\\\/image\\\/\",\"url\":\"\",\"contentUrl\":\"\",\"caption\":\"DLVRADIO\"},\"image\":{\"@id\":\"https:\\\/\\\/dlvradio.es\\\/#\\\/schema\\\/logo\\\/image\\\/\"},\"sameAs\":[\"https:\\\/\\\/www.facebook.com\\\/RadioDLVradio\\\/\",\"https:\\\/\\\/x.com\\\/RadioDlvradio\",\"https:\\\/\\\/www.instagram.com\\\/radiodlvradio\\\/\"]},{\"@type\":\"Person\",\"@id\":\"https:\\\/\\\/dlvradio.es\\\/#\\\/schema\\\/person\\\/7d533f9f89b13e3a3f2ba7f67d6412de\",\"name\":\"DLV RADIO\",\"sameAs\":[\"https:\\\/\\\/dlvradio.es\"]}]}<\/script>\n<!-- \/ Yoast SEO plugin. -->","yoast_head_json":{"title":"Declaraci\u00f3n del ministro de Asuntos Exteriores, Jos\u00e9 Manuel Albares - DLVRADIO","description":"Os dejamos la declaraci\u00f3n del ministro de exteriores Jos\u00e9 Manuel Albares, posterior al consejo de asuntos de exteriores extraordinario, para tratar la","robots":{"index":"index","follow":"follow","max-snippet":"max-snippet:-1","max-image-preview":"max-image-preview:large","max-video-preview":"max-video-preview:-1"},"canonical":"https:\/\/dlvradio.es\/en\/declaracion-del-ministro-de-asuntos-exteriores-jose-manuel-albares\/","og_locale":"en_US","og_type":"article","og_title":"Declaraci\u00f3n del ministro de Asuntos Exteriores, Jos\u00e9 Manuel Albares - DLVRADIO","og_description":"Os dejamos la declaraci\u00f3n del ministro de exteriores Jos\u00e9 Manuel Albares, posterior al consejo de asuntos de exteriores extraordinario, para tratar la","og_url":"https:\/\/dlvradio.es\/en\/declaracion-del-ministro-de-asuntos-exteriores-jose-manuel-albares\/","og_site_name":"DLVRADIO","article_publisher":"https:\/\/www.facebook.com\/RadioDLVradio\/","article_published_time":"2022-02-25T19:46:11+00:00","og_image":[{"width":2362,"height":2362,"url":"https:\/\/dlvradio.es\/wp-content\/uploads\/2022\/02\/Declaracion-del-ministro-de-Asuntos-Exteriores-Jose-Manuel-Albares.jpg","type":"image\/jpeg"}],"author":"DLV RADIO","twitter_card":"summary_large_image","twitter_creator":"@RadioDlvradio","twitter_site":"@RadioDlvradio","schema":{"@context":"https:\/\/schema.org","@graph":[{"@type":"Article","@id":"https:\/\/dlvradio.es\/declaracion-del-ministro-de-asuntos-exteriores-jose-manuel-albares\/#article","isPartOf":{"@id":"https:\/\/dlvradio.es\/declaracion-del-ministro-de-asuntos-exteriores-jose-manuel-albares\/"},"author":{"name":"DLV RADIO","@id":"https:\/\/dlvradio.es\/#\/schema\/person\/7d533f9f89b13e3a3f2ba7f67d6412de"},"headline":"Declaraci\u00f3n del ministro de Asuntos Exteriores, Jos\u00e9 Manuel Albares","datePublished":"2022-02-25T19:46:11+00:00","mainEntityOfPage":{"@id":"https:\/\/dlvradio.es\/declaracion-del-ministro-de-asuntos-exteriores-jose-manuel-albares\/"},"wordCount":115,"commentCount":0,"publisher":{"@id":"https:\/\/dlvradio.es\/#organization"},"image":{"@id":"https:\/\/dlvradio.es\/declaracion-del-ministro-de-asuntos-exteriores-jose-manuel-albares\/#primaryimage"},"thumbnailUrl":"https:\/\/dlvradio.es\/wp-content\/uploads\/2022\/02\/Declaracion-del-ministro-de-Asuntos-Exteriores-Jose-Manuel-Albares.jpg","keywords":["ucrania"],"articleSection":["Informativos","Internacional"],"inLanguage":"en-US"},{"@type":"WebPage","@id":"https:\/\/dlvradio.es\/declaracion-del-ministro-de-asuntos-exteriores-jose-manuel-albares\/","url":"https:\/\/dlvradio.es\/declaracion-del-ministro-de-asuntos-exteriores-jose-manuel-albares\/","name":"Declaraci\u00f3n del ministro de Asuntos Exteriores, Jos\u00e9 Manuel Albares - DLVRADIO","isPartOf":{"@id":"https:\/\/dlvradio.es\/#website"},"primaryImageOfPage":{"@id":"https:\/\/dlvradio.es\/declaracion-del-ministro-de-asuntos-exteriores-jose-manuel-albares\/#primaryimage"},"image":{"@id":"https:\/\/dlvradio.es\/declaracion-del-ministro-de-asuntos-exteriores-jose-manuel-albares\/#primaryimage"},"thumbnailUrl":"https:\/\/dlvradio.es\/wp-content\/uploads\/2022\/02\/Declaracion-del-ministro-de-Asuntos-Exteriores-Jose-Manuel-Albares.jpg","datePublished":"2022-02-25T19:46:11+00:00","description":"Os dejamos la declaraci\u00f3n del ministro de exteriores Jos\u00e9 Manuel Albares, posterior al consejo de asuntos de exteriores extraordinario, para tratar la","breadcrumb":{"@id":"https:\/\/dlvradio.es\/declaracion-del-ministro-de-asuntos-exteriores-jose-manuel-albares\/#breadcrumb"},"inLanguage":"en-US","potentialAction":[{"@type":"ReadAction","target":["https:\/\/dlvradio.es\/declaracion-del-ministro-de-asuntos-exteriores-jose-manuel-albares\/"]}]},{"@type":"ImageObject","inLanguage":"en-US","@id":"https:\/\/dlvradio.es\/declaracion-del-ministro-de-asuntos-exteriores-jose-manuel-albares\/#primaryimage","url":"https:\/\/dlvradio.es\/wp-content\/uploads\/2022\/02\/Declaracion-del-ministro-de-Asuntos-Exteriores-Jose-Manuel-Albares.jpg","contentUrl":"https:\/\/dlvradio.es\/wp-content\/uploads\/2022\/02\/Declaracion-del-ministro-de-Asuntos-Exteriores-Jose-Manuel-Albares.jpg","width":2362,"height":2362,"caption":"Declaraci\u00f3n del ministro de Asuntos Exteriores"},{"@type":"BreadcrumbList","@id":"https:\/\/dlvradio.es\/declaracion-del-ministro-de-asuntos-exteriores-jose-manuel-albares\/#breadcrumb","itemListElement":[{"@type":"ListItem","position":1,"name":"Inicio","item":"https:\/\/dlvradio.es\/"},{"@type":"ListItem","position":2,"name":"Declaraci\u00f3n del ministro de Asuntos Exteriores, Jos\u00e9 Manuel Albares"}]},{"@type":"WebSite","@id":"https:\/\/dlvradio.es\/#website","url":"https:\/\/dlvradio.es\/","name":"DLVRADIO","description":"We are an alternative media to traditional media","publisher":{"@id":"https:\/\/dlvradio.es\/#organization"},"potentialAction":[{"@type":"SearchAction","target":{"@type":"EntryPoint","urlTemplate":"https:\/\/dlvradio.es\/?s={search_term_string}"},"query-input":{"@type":"PropertyValueSpecification","valueRequired":true,"valueName":"search_term_string"}}],"inLanguage":"en-US"},{"@type":"Organization","@id":"https:\/\/dlvradio.es\/#organization","name":"DLVRADIO","url":"https:\/\/dlvradio.es\/","logo":{"@type":"ImageObject","inLanguage":"en-US","@id":"https:\/\/dlvradio.es\/#\/schema\/logo\/image\/","url":"","contentUrl":"","caption":"DLVRADIO"},"image":{"@id":"https:\/\/dlvradio.es\/#\/schema\/logo\/image\/"},"sameAs":["https:\/\/www.facebook.com\/RadioDLVradio\/","https:\/\/x.com\/RadioDlvradio","https:\/\/www.instagram.com\/radiodlvradio\/"]},{"@type":"Person","@id":"https:\/\/dlvradio.es\/#\/schema\/person\/7d533f9f89b13e3a3f2ba7f67d6412de","name":"DLV RADIO","sameAs":["https:\/\/dlvradio.es"]}]}},"_links":{"self":[{"href":"https:\/\/dlvradio.es\/en\/wp-json\/wp\/v2\/posts\/71151","targetHints":{"allow":["GET"]}}],"collection":[{"href":"https:\/\/dlvradio.es\/en\/wp-json\/wp\/v2\/posts"}],"about":[{"href":"https:\/\/dlvradio.es\/en\/wp-json\/wp\/v2\/types\/post"}],"author":[{"embeddable":true,"href":"https:\/\/dlvradio.es\/en\/wp-json\/wp\/v2\/users\/4"}],"replies":[{"embeddable":true,"href":"https:\/\/dlvradio.es\/en\/wp-json\/wp\/v2\/comments?post=71151"}],"version-history":[{"count":0,"href":"https:\/\/dlvradio.es\/en\/wp-json\/wp\/v2\/posts\/71151\/revisions"}],"wp:featuredmedia":[{"embeddable":true,"href":"https:\/\/dlvradio.es\/en\/wp-json\/wp\/v2\/media\/71152"}],"wp:attachment":[{"href":"https:\/\/dlvradio.es\/en\/wp-json\/wp\/v2\/media?parent=71151"}],"wp:term":[{"taxonomy":"category","embeddable":true,"href":"https:\/\/dlvradio.es\/en\/wp-json\/wp\/v2\/categories?post=71151"},{"taxonomy":"post_tag","embeddable":true,"href":"https:\/\/dlvradio.es\/en\/wp-json\/wp\/v2\/tags?post=71151"}],"curies":[{"name":"wp","href":"https:\/\/api.w.org\/{rel}","templated":true}]}}