{"id":71162,"date":"2022-03-03T20:00:16","date_gmt":"2022-03-03T19:00:16","guid":{"rendered":"https:\/\/dlvradio.es\/tres-especies-de-aves-migratorias-que-ahora-regresan-estan-en-peligro\/"},"modified":"2022-03-03T20:00:16","modified_gmt":"2022-03-03T19:00:16","slug":"tres-especies-de-aves-migratorias-que-ahora-regresan-estan-en-peligro","status":"publish","type":"post","link":"https:\/\/dlvradio.es\/en\/tres-especies-de-aves-migratorias-que-ahora-regresan-estan-en-peligro\/","title":{"rendered":"Tres especies de aves migratorias que ahora regresan est\u00e1n en peligro"},"content":{"rendered":"<h5><strong><img decoding=\"async\" class=\"alignleft wp-image-9000 size-thumbnail\" src=\"https:\/\/dlvradio.es\/wp-content\/uploads\/2022\/03\/Tres-especies-de-aves-migratorias-que-ahora-regresan-estan-en-peligro-150x150.jpg\" alt=\"\" width=\"150\" height=\"150\" \/>The &#039;Three Mosquito Nets&#039; campaign is back<\/strong><\/h5>\n<h6>Tres especies de aves migratorias que ahora regresan est\u00e1n en peligro<\/h6>\n<ul>\n<li>\n<h6>El 3 de marzo se celebra el D\u00eda Mundial de la Vida Silvestre, cuyo lema es \u201cRecuperar las especies clave para la restauraci\u00f3n de los ecosistemas\u201d.<\/h6>\n<\/li>\n<li>\n<h6>Con ocasi\u00f3n de esta fecha, Ecologistas en Acci\u00f3n arranca la temporada 2022 de la campa\u00f1a \u2018Las Tres Mosquiteras\u2019, orientada a informar sobre la importancia de la conservaci\u00f3n del vencejo, la golondrina y el avi\u00f3n com\u00fan.<\/h6>\n<\/li>\n<\/ul>\n<p>El D\u00eda Mundial de la Vida Silvestre se celebra cada a\u00f1o el 3 de marzo para dar a conocer la importancia de la conservaci\u00f3n de las especies de animales y plantas para el mantenimiento de los ecosistemas. Dentro de un contexto internacional dominado por la crisis ecol\u00f3gica global, la p\u00e9rdida de biodiversidad es uno de los factores que m\u00e1s amenazan la capacidad biof\u00edsica del planeta para albergar vida.<\/p>\n<p>El lema de 2022, \u201cRecuperar las especies clave para la restauraci\u00f3n de los ecosistemas\u201d, resalta la labor de ciertas especies amenazadas de extinci\u00f3n en el mantenimiento de los ecosistemas. El D\u00eda Mundial de la Vida Silvestre ofrece la oportunidad de destacar el impacto favorable de iniciativas concretas de conservaci\u00f3n de especies y promover ejemplos de buenas pr\u00e1cticas.<\/p>\n<p>Ecologistas en Acci\u00f3n celebra este d\u00eda arrancando de manera oficial la temporada 2022 de la campa\u00f1a <a href=\"https:\/\/www.ecologistasenaccion.org\/34366\/presentan-la-campana-las-tres-mosquiteras\/\">\u2018Las Tres Mosquiteras\u2019<\/a>, la cual tiene por objeto concienciar a la sociedad civil sobre la necesidad de un mayor esfuerzo colectivo por la conservaci\u00f3n de las aves migratorias urbanas, focaliz\u00e1ndose en las tres especies de insect\u00edvoros con mayor presencia en nuestras ciudades y pueblos: el vencejo com\u00fan (Apus apus), la golondrina com\u00fan (Hirundo rustica) y el avi\u00f3n com\u00fan (Delichon urbicum). Estas especies llegan cada primavera al territorio espa\u00f1ol para reproducirse y nidificar. Con la llegada del oto\u00f1o, parten hacia \u00c1frica, donde pasan el invierno. Su dieta basada en la ingesta de insectos hace de estas especies agentes fundamentales para el control de plagas, que afectan tanto a cultivos como a nuestra salud. Sin embargo, la eliminaci\u00f3n de zonas de cr\u00edas o la destrucci\u00f3n de nidos, entre otras amenazas, est\u00e1n provocando un grave descenso en las poblaciones de estas aves. En el caso del vencejo com\u00fan, se ha observado un declive cercano al 30 %. Esta especie, as\u00ed como el avi\u00f3n com\u00fan, est\u00e1 incluida en el Listado de Especies Silvestres en R\u00e9gimen de Protecci\u00f3n Especial, lo que implica una protecci\u00f3n a nivel estatal que incluye a sus pollos, nidos y huevos.<\/p>\n<p>Este a\u00f1o se da la circunstancia de que un invierno m\u00e1s c\u00e1lido de lo habitual, consecuencia de la crisis clim\u00e1tica, est\u00e1 adelantando la llegada de estas especies a nuestros municipios, como se puede observar en algunos lugares de la pen\u00ednsula. Por este motivo, la campa\u00f1a \u2018Las Tres Mosquiteras\u2019 adelanta su calendario para ofrecer la sociedad civil y las administraciones locales material de difusi\u00f3n y asesoramiento en actividades de conservaci\u00f3n de aves insect\u00edvoras urbanas:<\/p>\n<ul>\n<li>Campa\u00f1a en redes sociales y tr\u00edpticos informativos para dar a conocer a la poblaci\u00f3n los beneficios que ofrece la presencia de estas aves en entornos urbanos, informar sobre c\u00f3mo identificar las especies y las principales amenazas a las que se enfrentan.<\/li>\n<li>Gu\u00eda para facilitar el censo de poblaciones de especies actuales.<\/li>\n<li>Propuesta de ordenanzas municipales. Para que los ayuntamientos de las ciudades y pueblos de la geograf\u00eda espa\u00f1ola adopten medidas urban\u00edsticas que favorezcan la conservaci\u00f3n de las poblaciones de estas especies.<\/li>\n<li>Acciones locales. Asistencia en la organizaci\u00f3n de charlas formativas, talleres de construcci\u00f3n de nidos y actividades de educaci\u00f3n ambiental.<\/li>\n<\/ul>\n<p>Todo el material producido para la campa\u00f1a est\u00e1 a disposici\u00f3n de los grupos ecologistas y asociaciones ciudadanas que se quieran unir al proyecto \u2018Las Tres Mosquiteras\u2019.<\/p>\n<p>Para solicitarlo y unirse a la iniciativa, se ha creado la direcci\u00f3n de contacto mosquiteras@ecologistasenaccion.org.<\/p>","protected":false},"excerpt":{"rendered":"<p>Vuelve la campa\u00f1a \u2018Las Tres Mosquiteras\u2019 Tres especies de aves migratorias que ahora regresan est\u00e1n en peligro El 3 de marzo se celebra el D\u00eda Mundial de la Vida Silvestre, cuyo lema es \u201cRecuperar las especies clave para la restauraci\u00f3n de los ecosistemas\u201d. Con ocasi\u00f3n de esta fecha, Ecologistas en Acci\u00f3n arranca la temporada 2022 [&hellip;]<\/p>\n","protected":false},"author":4,"featured_media":71163,"comment_status":"open","ping_status":"open","sticky":false,"template":"","format":"standard","meta":{"_acf_changed":false,"footnotes":""},"categories":[2711,2465],"tags":[2478,2466],"class_list":["post-71162","post","type-post","status-publish","format-standard","has-post-thumbnail","hentry","category-emergencia-climatica","category-informativos","tag-ecologia","tag-espana"],"acf":[],"yoast_head":"<!-- This site is optimized with the Yoast SEO plugin v27.4 - https:\/\/yoast.com\/product\/yoast-seo-wordpress\/ -->\n<title>Tres especies de aves migratorias que ahora regresan est\u00e1n en peligro - DLVRADIO<\/title>\n<meta name=\"description\" content=\"Vuelve la campa\u00f1a \u2018Las Tres Mosquiteras\u2019 Tres especies de aves migratorias que ahora regresan est\u00e1n en peligro El 3 de marzo se celebra el D\u00eda Mundial de\" \/>\n<meta name=\"robots\" content=\"index, follow, max-snippet:-1, max-image-preview:large, max-video-preview:-1\" \/>\n<link rel=\"canonical\" href=\"https:\/\/dlvradio.es\/en\/tres-especies-de-aves-migratorias-que-ahora-regresan-estan-en-peligro\/\" \/>\n<meta property=\"og:locale\" content=\"en_US\" \/>\n<meta property=\"og:type\" content=\"article\" \/>\n<meta property=\"og:title\" content=\"Tres especies de aves migratorias que ahora regresan est\u00e1n en peligro - DLVRADIO\" \/>\n<meta property=\"og:description\" content=\"Vuelve la campa\u00f1a \u2018Las Tres Mosquiteras\u2019 Tres especies de aves migratorias que ahora regresan est\u00e1n en peligro El 3 de marzo se celebra el D\u00eda Mundial de\" \/>\n<meta property=\"og:url\" content=\"https:\/\/dlvradio.es\/en\/tres-especies-de-aves-migratorias-que-ahora-regresan-estan-en-peligro\/\" \/>\n<meta property=\"og:site_name\" content=\"DLVRADIO\" \/>\n<meta property=\"article:publisher\" content=\"https:\/\/www.facebook.com\/RadioDLVradio\/\" \/>\n<meta property=\"article:published_time\" content=\"2022-03-03T19:00:16+00:00\" \/>\n<meta property=\"og:image\" content=\"https:\/\/dlvradio.es\/wp-content\/uploads\/2022\/03\/Tres-especies-de-aves-migratorias-que-ahora-regresan-estan-en-peligro.jpg\" \/>\n\t<meta property=\"og:image:width\" content=\"1511\" \/>\n\t<meta property=\"og:image:height\" content=\"1511\" \/>\n\t<meta property=\"og:image:type\" content=\"image\/jpeg\" \/>\n<meta name=\"author\" content=\"DLV RADIO\" \/>\n<meta name=\"twitter:card\" content=\"summary_large_image\" \/>\n<meta name=\"twitter:creator\" content=\"@RadioDlvradio\" \/>\n<meta name=\"twitter:site\" content=\"@RadioDlvradio\" \/>\n<script type=\"application\/ld+json\" class=\"yoast-schema-graph\">{\"@context\":\"https:\\\/\\\/schema.org\",\"@graph\":[{\"@type\":\"Article\",\"@id\":\"https:\\\/\\\/dlvradio.es\\\/tres-especies-de-aves-migratorias-que-ahora-regresan-estan-en-peligro\\\/#article\",\"isPartOf\":{\"@id\":\"https:\\\/\\\/dlvradio.es\\\/tres-especies-de-aves-migratorias-que-ahora-regresan-estan-en-peligro\\\/\"},\"author\":{\"name\":\"DLV RADIO\",\"@id\":\"https:\\\/\\\/dlvradio.es\\\/#\\\/schema\\\/person\\\/7d533f9f89b13e3a3f2ba7f67d6412de\"},\"headline\":\"Tres especies de aves migratorias que ahora regresan est\u00e1n en peligro\",\"datePublished\":\"2022-03-03T19:00:16+00:00\",\"mainEntityOfPage\":{\"@id\":\"https:\\\/\\\/dlvradio.es\\\/tres-especies-de-aves-migratorias-que-ahora-regresan-estan-en-peligro\\\/\"},\"wordCount\":698,\"commentCount\":0,\"publisher\":{\"@id\":\"https:\\\/\\\/dlvradio.es\\\/#organization\"},\"image\":{\"@id\":\"https:\\\/\\\/dlvradio.es\\\/tres-especies-de-aves-migratorias-que-ahora-regresan-estan-en-peligro\\\/#primaryimage\"},\"thumbnailUrl\":\"https:\\\/\\\/dlvradio.es\\\/wp-content\\\/uploads\\\/2022\\\/03\\\/Tres-especies-de-aves-migratorias-que-ahora-regresan-estan-en-peligro.jpg\",\"keywords\":[\"ecolog\u00eda\",\"Espa\u00f1a\"],\"articleSection\":[\"Emergencia clim\u00e1tica\",\"Informativos\"],\"inLanguage\":\"en-US\"},{\"@type\":\"WebPage\",\"@id\":\"https:\\\/\\\/dlvradio.es\\\/tres-especies-de-aves-migratorias-que-ahora-regresan-estan-en-peligro\\\/\",\"url\":\"https:\\\/\\\/dlvradio.es\\\/tres-especies-de-aves-migratorias-que-ahora-regresan-estan-en-peligro\\\/\",\"name\":\"Tres especies de aves migratorias que ahora regresan est\u00e1n en peligro - DLVRADIO\",\"isPartOf\":{\"@id\":\"https:\\\/\\\/dlvradio.es\\\/#website\"},\"primaryImageOfPage\":{\"@id\":\"https:\\\/\\\/dlvradio.es\\\/tres-especies-de-aves-migratorias-que-ahora-regresan-estan-en-peligro\\\/#primaryimage\"},\"image\":{\"@id\":\"https:\\\/\\\/dlvradio.es\\\/tres-especies-de-aves-migratorias-que-ahora-regresan-estan-en-peligro\\\/#primaryimage\"},\"thumbnailUrl\":\"https:\\\/\\\/dlvradio.es\\\/wp-content\\\/uploads\\\/2022\\\/03\\\/Tres-especies-de-aves-migratorias-que-ahora-regresan-estan-en-peligro.jpg\",\"datePublished\":\"2022-03-03T19:00:16+00:00\",\"description\":\"Vuelve la campa\u00f1a \u2018Las Tres Mosquiteras\u2019 Tres especies de aves migratorias que ahora regresan est\u00e1n en peligro El 3 de marzo se celebra el D\u00eda Mundial de\",\"breadcrumb\":{\"@id\":\"https:\\\/\\\/dlvradio.es\\\/tres-especies-de-aves-migratorias-que-ahora-regresan-estan-en-peligro\\\/#breadcrumb\"},\"inLanguage\":\"en-US\",\"potentialAction\":[{\"@type\":\"ReadAction\",\"target\":[\"https:\\\/\\\/dlvradio.es\\\/tres-especies-de-aves-migratorias-que-ahora-regresan-estan-en-peligro\\\/\"]}]},{\"@type\":\"ImageObject\",\"inLanguage\":\"en-US\",\"@id\":\"https:\\\/\\\/dlvradio.es\\\/tres-especies-de-aves-migratorias-que-ahora-regresan-estan-en-peligro\\\/#primaryimage\",\"url\":\"https:\\\/\\\/dlvradio.es\\\/wp-content\\\/uploads\\\/2022\\\/03\\\/Tres-especies-de-aves-migratorias-que-ahora-regresan-estan-en-peligro.jpg\",\"contentUrl\":\"https:\\\/\\\/dlvradio.es\\\/wp-content\\\/uploads\\\/2022\\\/03\\\/Tres-especies-de-aves-migratorias-que-ahora-regresan-estan-en-peligro.jpg\",\"width\":1511,\"height\":1511,\"caption\":\"Tres especies de aves migratorias que ahora regresan est\u00e1n en peligro\"},{\"@type\":\"BreadcrumbList\",\"@id\":\"https:\\\/\\\/dlvradio.es\\\/tres-especies-de-aves-migratorias-que-ahora-regresan-estan-en-peligro\\\/#breadcrumb\",\"itemListElement\":[{\"@type\":\"ListItem\",\"position\":1,\"name\":\"Inicio\",\"item\":\"https:\\\/\\\/dlvradio.es\\\/\"},{\"@type\":\"ListItem\",\"position\":2,\"name\":\"Tres especies de aves migratorias que ahora regresan est\u00e1n en peligro\"}]},{\"@type\":\"WebSite\",\"@id\":\"https:\\\/\\\/dlvradio.es\\\/#website\",\"url\":\"https:\\\/\\\/dlvradio.es\\\/\",\"name\":\"DLVRADIO\",\"description\":\"Somos un medio de comunicaci\u00f3n alternativo a los medios tradicionales\",\"publisher\":{\"@id\":\"https:\\\/\\\/dlvradio.es\\\/#organization\"},\"potentialAction\":[{\"@type\":\"SearchAction\",\"target\":{\"@type\":\"EntryPoint\",\"urlTemplate\":\"https:\\\/\\\/dlvradio.es\\\/?s={search_term_string}\"},\"query-input\":{\"@type\":\"PropertyValueSpecification\",\"valueRequired\":true,\"valueName\":\"search_term_string\"}}],\"inLanguage\":\"en-US\"},{\"@type\":\"Organization\",\"@id\":\"https:\\\/\\\/dlvradio.es\\\/#organization\",\"name\":\"DLVRADIO\",\"url\":\"https:\\\/\\\/dlvradio.es\\\/\",\"logo\":{\"@type\":\"ImageObject\",\"inLanguage\":\"en-US\",\"@id\":\"https:\\\/\\\/dlvradio.es\\\/#\\\/schema\\\/logo\\\/image\\\/\",\"url\":\"\",\"contentUrl\":\"\",\"caption\":\"DLVRADIO\"},\"image\":{\"@id\":\"https:\\\/\\\/dlvradio.es\\\/#\\\/schema\\\/logo\\\/image\\\/\"},\"sameAs\":[\"https:\\\/\\\/www.facebook.com\\\/RadioDLVradio\\\/\",\"https:\\\/\\\/x.com\\\/RadioDlvradio\",\"https:\\\/\\\/www.instagram.com\\\/radiodlvradio\\\/\"]},{\"@type\":\"Person\",\"@id\":\"https:\\\/\\\/dlvradio.es\\\/#\\\/schema\\\/person\\\/7d533f9f89b13e3a3f2ba7f67d6412de\",\"name\":\"DLV RADIO\",\"sameAs\":[\"https:\\\/\\\/dlvradio.es\"]}]}<\/script>\n<!-- \/ Yoast SEO plugin. -->","yoast_head_json":{"title":"Tres especies de aves migratorias que ahora regresan est\u00e1n en peligro - DLVRADIO","description":"Vuelve la campa\u00f1a \u2018Las Tres Mosquiteras\u2019 Tres especies de aves migratorias que ahora regresan est\u00e1n en peligro El 3 de marzo se celebra el D\u00eda Mundial de","robots":{"index":"index","follow":"follow","max-snippet":"max-snippet:-1","max-image-preview":"max-image-preview:large","max-video-preview":"max-video-preview:-1"},"canonical":"https:\/\/dlvradio.es\/en\/tres-especies-de-aves-migratorias-que-ahora-regresan-estan-en-peligro\/","og_locale":"en_US","og_type":"article","og_title":"Tres especies de aves migratorias que ahora regresan est\u00e1n en peligro - DLVRADIO","og_description":"Vuelve la campa\u00f1a \u2018Las Tres Mosquiteras\u2019 Tres especies de aves migratorias que ahora regresan est\u00e1n en peligro El 3 de marzo se celebra el D\u00eda Mundial de","og_url":"https:\/\/dlvradio.es\/en\/tres-especies-de-aves-migratorias-que-ahora-regresan-estan-en-peligro\/","og_site_name":"DLVRADIO","article_publisher":"https:\/\/www.facebook.com\/RadioDLVradio\/","article_published_time":"2022-03-03T19:00:16+00:00","og_image":[{"width":1511,"height":1511,"url":"https:\/\/dlvradio.es\/wp-content\/uploads\/2022\/03\/Tres-especies-de-aves-migratorias-que-ahora-regresan-estan-en-peligro.jpg","type":"image\/jpeg"}],"author":"DLV RADIO","twitter_card":"summary_large_image","twitter_creator":"@RadioDlvradio","twitter_site":"@RadioDlvradio","schema":{"@context":"https:\/\/schema.org","@graph":[{"@type":"Article","@id":"https:\/\/dlvradio.es\/tres-especies-de-aves-migratorias-que-ahora-regresan-estan-en-peligro\/#article","isPartOf":{"@id":"https:\/\/dlvradio.es\/tres-especies-de-aves-migratorias-que-ahora-regresan-estan-en-peligro\/"},"author":{"name":"DLV RADIO","@id":"https:\/\/dlvradio.es\/#\/schema\/person\/7d533f9f89b13e3a3f2ba7f67d6412de"},"headline":"Tres especies de aves migratorias que ahora regresan est\u00e1n en peligro","datePublished":"2022-03-03T19:00:16+00:00","mainEntityOfPage":{"@id":"https:\/\/dlvradio.es\/tres-especies-de-aves-migratorias-que-ahora-regresan-estan-en-peligro\/"},"wordCount":698,"commentCount":0,"publisher":{"@id":"https:\/\/dlvradio.es\/#organization"},"image":{"@id":"https:\/\/dlvradio.es\/tres-especies-de-aves-migratorias-que-ahora-regresan-estan-en-peligro\/#primaryimage"},"thumbnailUrl":"https:\/\/dlvradio.es\/wp-content\/uploads\/2022\/03\/Tres-especies-de-aves-migratorias-que-ahora-regresan-estan-en-peligro.jpg","keywords":["ecolog\u00eda","Espa\u00f1a"],"articleSection":["Emergencia clim\u00e1tica","Informativos"],"inLanguage":"en-US"},{"@type":"WebPage","@id":"https:\/\/dlvradio.es\/tres-especies-de-aves-migratorias-que-ahora-regresan-estan-en-peligro\/","url":"https:\/\/dlvradio.es\/tres-especies-de-aves-migratorias-que-ahora-regresan-estan-en-peligro\/","name":"Tres especies de aves migratorias que ahora regresan est\u00e1n en peligro - DLVRADIO","isPartOf":{"@id":"https:\/\/dlvradio.es\/#website"},"primaryImageOfPage":{"@id":"https:\/\/dlvradio.es\/tres-especies-de-aves-migratorias-que-ahora-regresan-estan-en-peligro\/#primaryimage"},"image":{"@id":"https:\/\/dlvradio.es\/tres-especies-de-aves-migratorias-que-ahora-regresan-estan-en-peligro\/#primaryimage"},"thumbnailUrl":"https:\/\/dlvradio.es\/wp-content\/uploads\/2022\/03\/Tres-especies-de-aves-migratorias-que-ahora-regresan-estan-en-peligro.jpg","datePublished":"2022-03-03T19:00:16+00:00","description":"Vuelve la campa\u00f1a \u2018Las Tres Mosquiteras\u2019 Tres especies de aves migratorias que ahora regresan est\u00e1n en peligro El 3 de marzo se celebra el D\u00eda Mundial de","breadcrumb":{"@id":"https:\/\/dlvradio.es\/tres-especies-de-aves-migratorias-que-ahora-regresan-estan-en-peligro\/#breadcrumb"},"inLanguage":"en-US","potentialAction":[{"@type":"ReadAction","target":["https:\/\/dlvradio.es\/tres-especies-de-aves-migratorias-que-ahora-regresan-estan-en-peligro\/"]}]},{"@type":"ImageObject","inLanguage":"en-US","@id":"https:\/\/dlvradio.es\/tres-especies-de-aves-migratorias-que-ahora-regresan-estan-en-peligro\/#primaryimage","url":"https:\/\/dlvradio.es\/wp-content\/uploads\/2022\/03\/Tres-especies-de-aves-migratorias-que-ahora-regresan-estan-en-peligro.jpg","contentUrl":"https:\/\/dlvradio.es\/wp-content\/uploads\/2022\/03\/Tres-especies-de-aves-migratorias-que-ahora-regresan-estan-en-peligro.jpg","width":1511,"height":1511,"caption":"Tres especies de aves migratorias que ahora regresan est\u00e1n en peligro"},{"@type":"BreadcrumbList","@id":"https:\/\/dlvradio.es\/tres-especies-de-aves-migratorias-que-ahora-regresan-estan-en-peligro\/#breadcrumb","itemListElement":[{"@type":"ListItem","position":1,"name":"Inicio","item":"https:\/\/dlvradio.es\/"},{"@type":"ListItem","position":2,"name":"Tres especies de aves migratorias que ahora regresan est\u00e1n en peligro"}]},{"@type":"WebSite","@id":"https:\/\/dlvradio.es\/#website","url":"https:\/\/dlvradio.es\/","name":"DLVRADIO","description":"We are an alternative media to traditional media","publisher":{"@id":"https:\/\/dlvradio.es\/#organization"},"potentialAction":[{"@type":"SearchAction","target":{"@type":"EntryPoint","urlTemplate":"https:\/\/dlvradio.es\/?s={search_term_string}"},"query-input":{"@type":"PropertyValueSpecification","valueRequired":true,"valueName":"search_term_string"}}],"inLanguage":"en-US"},{"@type":"Organization","@id":"https:\/\/dlvradio.es\/#organization","name":"DLVRADIO","url":"https:\/\/dlvradio.es\/","logo":{"@type":"ImageObject","inLanguage":"en-US","@id":"https:\/\/dlvradio.es\/#\/schema\/logo\/image\/","url":"","contentUrl":"","caption":"DLVRADIO"},"image":{"@id":"https:\/\/dlvradio.es\/#\/schema\/logo\/image\/"},"sameAs":["https:\/\/www.facebook.com\/RadioDLVradio\/","https:\/\/x.com\/RadioDlvradio","https:\/\/www.instagram.com\/radiodlvradio\/"]},{"@type":"Person","@id":"https:\/\/dlvradio.es\/#\/schema\/person\/7d533f9f89b13e3a3f2ba7f67d6412de","name":"DLV RADIO","sameAs":["https:\/\/dlvradio.es"]}]}},"_links":{"self":[{"href":"https:\/\/dlvradio.es\/en\/wp-json\/wp\/v2\/posts\/71162","targetHints":{"allow":["GET"]}}],"collection":[{"href":"https:\/\/dlvradio.es\/en\/wp-json\/wp\/v2\/posts"}],"about":[{"href":"https:\/\/dlvradio.es\/en\/wp-json\/wp\/v2\/types\/post"}],"author":[{"embeddable":true,"href":"https:\/\/dlvradio.es\/en\/wp-json\/wp\/v2\/users\/4"}],"replies":[{"embeddable":true,"href":"https:\/\/dlvradio.es\/en\/wp-json\/wp\/v2\/comments?post=71162"}],"version-history":[{"count":0,"href":"https:\/\/dlvradio.es\/en\/wp-json\/wp\/v2\/posts\/71162\/revisions"}],"wp:featuredmedia":[{"embeddable":true,"href":"https:\/\/dlvradio.es\/en\/wp-json\/wp\/v2\/media\/71163"}],"wp:attachment":[{"href":"https:\/\/dlvradio.es\/en\/wp-json\/wp\/v2\/media?parent=71162"}],"wp:term":[{"taxonomy":"category","embeddable":true,"href":"https:\/\/dlvradio.es\/en\/wp-json\/wp\/v2\/categories?post=71162"},{"taxonomy":"post_tag","embeddable":true,"href":"https:\/\/dlvradio.es\/en\/wp-json\/wp\/v2\/tags?post=71162"}],"curies":[{"name":"wp","href":"https:\/\/api.w.org\/{rel}","templated":true}]}}