{"id":71183,"date":"2022-03-12T19:11:03","date_gmt":"2022-03-12T18:11:03","guid":{"rendered":"https:\/\/dlvradio.es\/concentracion-por-la-ilp-en-defensa-del-mar-menor\/"},"modified":"2022-03-12T19:11:03","modified_gmt":"2022-03-12T18:11:03","slug":"concentracion-por-la-ilp-en-defensa-del-mar-menor","status":"publish","type":"post","link":"https:\/\/dlvradio.es\/en\/concentracion-por-la-ilp-en-defensa-del-mar-menor\/","title":{"rendered":"Concentration by the ILP in defense of the Mar Menor"},"content":{"rendered":"<h5><strong><img decoding=\"async\" class=\"alignleft wp-image-9072 size-thumbnail\" src=\"https:\/\/dlvradio.es\/wp-content\/uploads\/2022\/03\/Concentracion-por-la-ILP-en-defensa-del-Mar-Menor-150x150.jpg\" alt=\"\" width=\"150\" height=\"150\" \/>Concentration by the ILP in defense of the Mar Menor.<\/strong><\/h5>\n<ul>\n<li>\n<h6>The ILP promoter group from Mar Menor goes to Madrid supported by different groups that will gather at the doors of the Congress of Deputies.<\/h6>\n<\/li>\n<li>\n<h6>Teresa Vicente will defend the ILP to provide legal personality to the Mar Menor before the Ecological Transition Commission of Congress.<\/h6>\n<\/li>\n<\/ul>\n<p>Next Tuesday, March 15, the Ecological Transition Commission of the Congress of Deputies will receive the lawyer Teresa Vicente, professor of Philosophy of Law at the University of Murcia and main promoter of the Popular Legislative Initiative (ILP) that aims to provide Legal Personality to the natural space of the Mar Menor and its basin.<\/p>\n<p>This initiative is based on a study by the Legal Clinic of the University of Murcia. It has the support of the Chair of Human Rights and Rights of Nature, in which Amnesty International and Ecologists in Action participate. It has been based on the experiences that already exist in other countries in America and Oceania, in which rivers or lakes have been given this legal recognition, which aims to serve as a tool for the effective protection of important ecosystems of great ecological value and that They are threatened by the current model of production and consumption.<\/p>\n<p>This initiative aims to ensure that the Mar Menor has a charter of rights that respects its ecological law, and guarantees its legitimate rights to live, to repair damage and to recover. In addition, it will serve to pursue and sanction those people, companies or entities that attack the ecosystem.<\/p>\n<p>In the appearance before the Ecological Transition Commission of the Congress of Deputies, Teresa Vicente will defend the ILP of the Mar Menor and its basin, with the request that it be raised to the Plenary Session of Congress and approved as soon as possible, to be able to put it into effect. practice and make it effective.<\/p>\n<p>Various social and environmental groups that work in the defense of the Mar Menor, and that have collaborated in collecting signatures and promoting the initiative, have called this Tuesday, March 15, at 10:30, a rally to support this ILP in Carrera de San Jer\u00f3nimo in Madrid, in front of the Congress of Deputies, coinciding with the appearance. This concentration, which is open to whoever wants to support this initiative, will be attended by members of different groups, who will travel to the capital from different municipalities in the Region of Murcia and other parts of the Spanish State.<\/p>\n<p>Both the promoter group and the groups that support the ILP of the Mar Menor trust that the Ecological Transition Commission will vote in favor of presenting the ILP to a vote in the Plenary Session of the Congress of Deputies, where they hope that its approval will be achieved.<\/p>\n<p><strong>Organizations that convene and support<\/strong><\/p>\n<p><b> <\/b><b> <\/b>ILP Mar Menor promoter group; Stop Ecocide; Federation of Neighborhood Associations of Cartagena and Region (FAVCAC); Association for a Living Mar Menor; Extinction Rebellion Spain; YayoFlautas Murcia; Ecologists in Action of the Murcia Region; Pact Platform for the Mar Menor; Black Flags citizen movement; Kascoviejo Neighborhood Association of Vallecas; Hispanic Alliance for Art and Nature; Common Space; 15M Human Rights Madrid; UGT; CCOO; Ecologists in Action; EEAS and Friends of the Earth.<\/p>\n<p><strong>Who is the ILP Promoting Group?<\/strong><b> <\/b><\/p>\n<p><b> <\/b>A group of jurists, scientists and activists who launch an innovative and revolutionary proposal in Europe to provide nature with its own rights, through the legal recognition of its legal personality, replicating a model that is already being applied in other countries in America and Oceania. The initiative is based on a study by the Legal Clinic of the University of Murcia and has the support of the Chair of Human Rights and Rights of Nature and the endorsement of several jurists and environmental specialists.<\/p>","protected":false},"excerpt":{"rendered":"<p>Concentraci\u00f3n por la ILP en defensa del Mar Menor. El grupo promotor de la ILP del Mar Menor, acude a Madrid apoyado por diferentes colectivos que se concentrar\u00e1n a las puertas del Congreso de los Diputados. Teresa Vicente defender\u00e1 la ILP para dotar de personalidad jur\u00eddica al Mar Menor ante la Comisi\u00f3n de Transici\u00f3n Ecol\u00f3gica [&hellip;]<\/p>\n","protected":false},"author":4,"featured_media":71184,"comment_status":"open","ping_status":"open","sticky":false,"template":"","format":"standard","meta":{"_acf_changed":false,"footnotes":""},"categories":[2711,2465],"tags":[2478,2466],"class_list":["post-71183","post","type-post","status-publish","format-standard","has-post-thumbnail","hentry","category-emergencia-climatica","category-informativos","tag-ecologia","tag-espana"],"acf":[],"yoast_head":"<!-- This site is optimized with the Yoast SEO plugin v27.4 - https:\/\/yoast.com\/product\/yoast-seo-wordpress\/ -->\n<title>Concentraci\u00f3n por la ILP en defensa del Mar Menor - DLVRADIO<\/title>\n<meta name=\"description\" content=\"Concentraci\u00f3n por la ILP en defensa del Mar Menor. El grupo promotor de la ILP del Mar Menor, acude a Madrid apoyado por diferentes colectivos que se\" \/>\n<meta name=\"robots\" content=\"index, follow, max-snippet:-1, max-image-preview:large, max-video-preview:-1\" \/>\n<link rel=\"canonical\" href=\"https:\/\/dlvradio.es\/en\/concentracion-por-la-ilp-en-defensa-del-mar-menor\/\" \/>\n<meta property=\"og:locale\" content=\"en_US\" \/>\n<meta property=\"og:type\" content=\"article\" \/>\n<meta property=\"og:title\" content=\"Concentraci\u00f3n por la ILP en defensa del Mar Menor - DLVRADIO\" \/>\n<meta property=\"og:description\" content=\"Concentraci\u00f3n por la ILP en defensa del Mar Menor. El grupo promotor de la ILP del Mar Menor, acude a Madrid apoyado por diferentes colectivos que se\" \/>\n<meta property=\"og:url\" content=\"https:\/\/dlvradio.es\/en\/concentracion-por-la-ilp-en-defensa-del-mar-menor\/\" \/>\n<meta property=\"og:site_name\" content=\"DLVRADIO\" \/>\n<meta property=\"article:publisher\" content=\"https:\/\/www.facebook.com\/RadioDLVradio\/\" \/>\n<meta property=\"article:published_time\" content=\"2022-03-12T18:11:03+00:00\" \/>\n<meta property=\"og:image\" content=\"https:\/\/dlvradio.es\/wp-content\/uploads\/2022\/03\/Concentracion-por-la-ILP-en-defensa-del-Mar-Menor.jpg\" \/>\n\t<meta property=\"og:image:width\" content=\"1511\" \/>\n\t<meta property=\"og:image:height\" content=\"1511\" \/>\n\t<meta property=\"og:image:type\" content=\"image\/jpeg\" \/>\n<meta name=\"author\" content=\"DLV RADIO\" \/>\n<meta name=\"twitter:card\" content=\"summary_large_image\" \/>\n<meta name=\"twitter:creator\" content=\"@RadioDlvradio\" \/>\n<meta name=\"twitter:site\" content=\"@RadioDlvradio\" \/>\n<script type=\"application\/ld+json\" class=\"yoast-schema-graph\">{\"@context\":\"https:\\\/\\\/schema.org\",\"@graph\":[{\"@type\":\"Article\",\"@id\":\"https:\\\/\\\/dlvradio.es\\\/concentracion-por-la-ilp-en-defensa-del-mar-menor\\\/#article\",\"isPartOf\":{\"@id\":\"https:\\\/\\\/dlvradio.es\\\/concentracion-por-la-ilp-en-defensa-del-mar-menor\\\/\"},\"author\":{\"name\":\"DLV RADIO\",\"@id\":\"https:\\\/\\\/dlvradio.es\\\/#\\\/schema\\\/person\\\/7d533f9f89b13e3a3f2ba7f67d6412de\"},\"headline\":\"Concentraci\u00f3n por la ILP en defensa del Mar Menor\",\"datePublished\":\"2022-03-12T18:11:03+00:00\",\"mainEntityOfPage\":{\"@id\":\"https:\\\/\\\/dlvradio.es\\\/concentracion-por-la-ilp-en-defensa-del-mar-menor\\\/\"},\"wordCount\":711,\"commentCount\":0,\"publisher\":{\"@id\":\"https:\\\/\\\/dlvradio.es\\\/#organization\"},\"image\":{\"@id\":\"https:\\\/\\\/dlvradio.es\\\/concentracion-por-la-ilp-en-defensa-del-mar-menor\\\/#primaryimage\"},\"thumbnailUrl\":\"https:\\\/\\\/dlvradio.es\\\/wp-content\\\/uploads\\\/2022\\\/03\\\/Concentracion-por-la-ILP-en-defensa-del-Mar-Menor.jpg\",\"keywords\":[\"ecolog\u00eda\",\"Espa\u00f1a\"],\"articleSection\":[\"Emergencia clim\u00e1tica\",\"Informativos\"],\"inLanguage\":\"en-US\"},{\"@type\":\"WebPage\",\"@id\":\"https:\\\/\\\/dlvradio.es\\\/concentracion-por-la-ilp-en-defensa-del-mar-menor\\\/\",\"url\":\"https:\\\/\\\/dlvradio.es\\\/concentracion-por-la-ilp-en-defensa-del-mar-menor\\\/\",\"name\":\"Concentraci\u00f3n por la ILP en defensa del Mar Menor - DLVRADIO\",\"isPartOf\":{\"@id\":\"https:\\\/\\\/dlvradio.es\\\/#website\"},\"primaryImageOfPage\":{\"@id\":\"https:\\\/\\\/dlvradio.es\\\/concentracion-por-la-ilp-en-defensa-del-mar-menor\\\/#primaryimage\"},\"image\":{\"@id\":\"https:\\\/\\\/dlvradio.es\\\/concentracion-por-la-ilp-en-defensa-del-mar-menor\\\/#primaryimage\"},\"thumbnailUrl\":\"https:\\\/\\\/dlvradio.es\\\/wp-content\\\/uploads\\\/2022\\\/03\\\/Concentracion-por-la-ILP-en-defensa-del-Mar-Menor.jpg\",\"datePublished\":\"2022-03-12T18:11:03+00:00\",\"description\":\"Concentraci\u00f3n por la ILP en defensa del Mar Menor. El grupo promotor de la ILP del Mar Menor, acude a Madrid apoyado por diferentes colectivos que se\",\"breadcrumb\":{\"@id\":\"https:\\\/\\\/dlvradio.es\\\/concentracion-por-la-ilp-en-defensa-del-mar-menor\\\/#breadcrumb\"},\"inLanguage\":\"en-US\",\"potentialAction\":[{\"@type\":\"ReadAction\",\"target\":[\"https:\\\/\\\/dlvradio.es\\\/concentracion-por-la-ilp-en-defensa-del-mar-menor\\\/\"]}]},{\"@type\":\"ImageObject\",\"inLanguage\":\"en-US\",\"@id\":\"https:\\\/\\\/dlvradio.es\\\/concentracion-por-la-ilp-en-defensa-del-mar-menor\\\/#primaryimage\",\"url\":\"https:\\\/\\\/dlvradio.es\\\/wp-content\\\/uploads\\\/2022\\\/03\\\/Concentracion-por-la-ILP-en-defensa-del-Mar-Menor.jpg\",\"contentUrl\":\"https:\\\/\\\/dlvradio.es\\\/wp-content\\\/uploads\\\/2022\\\/03\\\/Concentracion-por-la-ILP-en-defensa-del-Mar-Menor.jpg\",\"width\":1511,\"height\":1511,\"caption\":\"Concentraci\u00f3n por la ILP en defensa del Mar Menor\"},{\"@type\":\"BreadcrumbList\",\"@id\":\"https:\\\/\\\/dlvradio.es\\\/concentracion-por-la-ilp-en-defensa-del-mar-menor\\\/#breadcrumb\",\"itemListElement\":[{\"@type\":\"ListItem\",\"position\":1,\"name\":\"Inicio\",\"item\":\"https:\\\/\\\/dlvradio.es\\\/\"},{\"@type\":\"ListItem\",\"position\":2,\"name\":\"Concentraci\u00f3n por la ILP en defensa del Mar Menor\"}]},{\"@type\":\"WebSite\",\"@id\":\"https:\\\/\\\/dlvradio.es\\\/#website\",\"url\":\"https:\\\/\\\/dlvradio.es\\\/\",\"name\":\"DLVRADIO\",\"description\":\"Somos un medio de comunicaci\u00f3n alternativo a los medios tradicionales\",\"publisher\":{\"@id\":\"https:\\\/\\\/dlvradio.es\\\/#organization\"},\"potentialAction\":[{\"@type\":\"SearchAction\",\"target\":{\"@type\":\"EntryPoint\",\"urlTemplate\":\"https:\\\/\\\/dlvradio.es\\\/?s={search_term_string}\"},\"query-input\":{\"@type\":\"PropertyValueSpecification\",\"valueRequired\":true,\"valueName\":\"search_term_string\"}}],\"inLanguage\":\"en-US\"},{\"@type\":\"Organization\",\"@id\":\"https:\\\/\\\/dlvradio.es\\\/#organization\",\"name\":\"DLVRADIO\",\"url\":\"https:\\\/\\\/dlvradio.es\\\/\",\"logo\":{\"@type\":\"ImageObject\",\"inLanguage\":\"en-US\",\"@id\":\"https:\\\/\\\/dlvradio.es\\\/#\\\/schema\\\/logo\\\/image\\\/\",\"url\":\"\",\"contentUrl\":\"\",\"caption\":\"DLVRADIO\"},\"image\":{\"@id\":\"https:\\\/\\\/dlvradio.es\\\/#\\\/schema\\\/logo\\\/image\\\/\"},\"sameAs\":[\"https:\\\/\\\/www.facebook.com\\\/RadioDLVradio\\\/\",\"https:\\\/\\\/x.com\\\/RadioDlvradio\",\"https:\\\/\\\/www.instagram.com\\\/radiodlvradio\\\/\"]},{\"@type\":\"Person\",\"@id\":\"https:\\\/\\\/dlvradio.es\\\/#\\\/schema\\\/person\\\/7d533f9f89b13e3a3f2ba7f67d6412de\",\"name\":\"DLV RADIO\",\"sameAs\":[\"https:\\\/\\\/dlvradio.es\"]}]}<\/script>\n<!-- \/ Yoast SEO plugin. -->","yoast_head_json":{"title":"Concentration by the ILP in defense of the Mar Menor - DLVRADIO","description":"Concentration by the ILP in defense of the Mar Menor. The ILP promoter group from Mar Menor goes to Madrid supported by different groups that","robots":{"index":"index","follow":"follow","max-snippet":"max-snippet:-1","max-image-preview":"max-image-preview:large","max-video-preview":"max-video-preview:-1"},"canonical":"https:\/\/dlvradio.es\/en\/concentracion-por-la-ilp-en-defensa-del-mar-menor\/","og_locale":"en_US","og_type":"article","og_title":"Concentraci\u00f3n por la ILP en defensa del Mar Menor - DLVRADIO","og_description":"Concentraci\u00f3n por la ILP en defensa del Mar Menor. El grupo promotor de la ILP del Mar Menor, acude a Madrid apoyado por diferentes colectivos que se","og_url":"https:\/\/dlvradio.es\/en\/concentracion-por-la-ilp-en-defensa-del-mar-menor\/","og_site_name":"DLVRADIO","article_publisher":"https:\/\/www.facebook.com\/RadioDLVradio\/","article_published_time":"2022-03-12T18:11:03+00:00","og_image":[{"width":1511,"height":1511,"url":"https:\/\/dlvradio.es\/wp-content\/uploads\/2022\/03\/Concentracion-por-la-ILP-en-defensa-del-Mar-Menor.jpg","type":"image\/jpeg"}],"author":"DLV RADIO","twitter_card":"summary_large_image","twitter_creator":"@RadioDlvradio","twitter_site":"@RadioDlvradio","schema":{"@context":"https:\/\/schema.org","@graph":[{"@type":"Article","@id":"https:\/\/dlvradio.es\/concentracion-por-la-ilp-en-defensa-del-mar-menor\/#article","isPartOf":{"@id":"https:\/\/dlvradio.es\/concentracion-por-la-ilp-en-defensa-del-mar-menor\/"},"author":{"name":"DLV RADIO","@id":"https:\/\/dlvradio.es\/#\/schema\/person\/7d533f9f89b13e3a3f2ba7f67d6412de"},"headline":"Concentraci\u00f3n por la ILP en defensa del Mar Menor","datePublished":"2022-03-12T18:11:03+00:00","mainEntityOfPage":{"@id":"https:\/\/dlvradio.es\/concentracion-por-la-ilp-en-defensa-del-mar-menor\/"},"wordCount":711,"commentCount":0,"publisher":{"@id":"https:\/\/dlvradio.es\/#organization"},"image":{"@id":"https:\/\/dlvradio.es\/concentracion-por-la-ilp-en-defensa-del-mar-menor\/#primaryimage"},"thumbnailUrl":"https:\/\/dlvradio.es\/wp-content\/uploads\/2022\/03\/Concentracion-por-la-ILP-en-defensa-del-Mar-Menor.jpg","keywords":["ecolog\u00eda","Espa\u00f1a"],"articleSection":["Emergencia clim\u00e1tica","Informativos"],"inLanguage":"en-US"},{"@type":"WebPage","@id":"https:\/\/dlvradio.es\/concentracion-por-la-ilp-en-defensa-del-mar-menor\/","url":"https:\/\/dlvradio.es\/concentracion-por-la-ilp-en-defensa-del-mar-menor\/","name":"Concentration by the ILP in defense of the Mar Menor - DLVRADIO","isPartOf":{"@id":"https:\/\/dlvradio.es\/#website"},"primaryImageOfPage":{"@id":"https:\/\/dlvradio.es\/concentracion-por-la-ilp-en-defensa-del-mar-menor\/#primaryimage"},"image":{"@id":"https:\/\/dlvradio.es\/concentracion-por-la-ilp-en-defensa-del-mar-menor\/#primaryimage"},"thumbnailUrl":"https:\/\/dlvradio.es\/wp-content\/uploads\/2022\/03\/Concentracion-por-la-ILP-en-defensa-del-Mar-Menor.jpg","datePublished":"2022-03-12T18:11:03+00:00","description":"Concentration by the ILP in defense of the Mar Menor. The ILP promoter group from Mar Menor goes to Madrid supported by different groups that","breadcrumb":{"@id":"https:\/\/dlvradio.es\/concentracion-por-la-ilp-en-defensa-del-mar-menor\/#breadcrumb"},"inLanguage":"en-US","potentialAction":[{"@type":"ReadAction","target":["https:\/\/dlvradio.es\/concentracion-por-la-ilp-en-defensa-del-mar-menor\/"]}]},{"@type":"ImageObject","inLanguage":"en-US","@id":"https:\/\/dlvradio.es\/concentracion-por-la-ilp-en-defensa-del-mar-menor\/#primaryimage","url":"https:\/\/dlvradio.es\/wp-content\/uploads\/2022\/03\/Concentracion-por-la-ILP-en-defensa-del-Mar-Menor.jpg","contentUrl":"https:\/\/dlvradio.es\/wp-content\/uploads\/2022\/03\/Concentracion-por-la-ILP-en-defensa-del-Mar-Menor.jpg","width":1511,"height":1511,"caption":"Concentraci\u00f3n por la ILP en defensa del Mar Menor"},{"@type":"BreadcrumbList","@id":"https:\/\/dlvradio.es\/concentracion-por-la-ilp-en-defensa-del-mar-menor\/#breadcrumb","itemListElement":[{"@type":"ListItem","position":1,"name":"Inicio","item":"https:\/\/dlvradio.es\/"},{"@type":"ListItem","position":2,"name":"Concentraci\u00f3n por la ILP en defensa del Mar Menor"}]},{"@type":"WebSite","@id":"https:\/\/dlvradio.es\/#website","url":"https:\/\/dlvradio.es\/","name":"DLVRADIO","description":"We are an alternative media to traditional media","publisher":{"@id":"https:\/\/dlvradio.es\/#organization"},"potentialAction":[{"@type":"SearchAction","target":{"@type":"EntryPoint","urlTemplate":"https:\/\/dlvradio.es\/?s={search_term_string}"},"query-input":{"@type":"PropertyValueSpecification","valueRequired":true,"valueName":"search_term_string"}}],"inLanguage":"en-US"},{"@type":"Organization","@id":"https:\/\/dlvradio.es\/#organization","name":"DLVRADIO","url":"https:\/\/dlvradio.es\/","logo":{"@type":"ImageObject","inLanguage":"en-US","@id":"https:\/\/dlvradio.es\/#\/schema\/logo\/image\/","url":"","contentUrl":"","caption":"DLVRADIO"},"image":{"@id":"https:\/\/dlvradio.es\/#\/schema\/logo\/image\/"},"sameAs":["https:\/\/www.facebook.com\/RadioDLVradio\/","https:\/\/x.com\/RadioDlvradio","https:\/\/www.instagram.com\/radiodlvradio\/"]},{"@type":"Person","@id":"https:\/\/dlvradio.es\/#\/schema\/person\/7d533f9f89b13e3a3f2ba7f67d6412de","name":"DLV RADIO","sameAs":["https:\/\/dlvradio.es"]}]}},"_links":{"self":[{"href":"https:\/\/dlvradio.es\/en\/wp-json\/wp\/v2\/posts\/71183","targetHints":{"allow":["GET"]}}],"collection":[{"href":"https:\/\/dlvradio.es\/en\/wp-json\/wp\/v2\/posts"}],"about":[{"href":"https:\/\/dlvradio.es\/en\/wp-json\/wp\/v2\/types\/post"}],"author":[{"embeddable":true,"href":"https:\/\/dlvradio.es\/en\/wp-json\/wp\/v2\/users\/4"}],"replies":[{"embeddable":true,"href":"https:\/\/dlvradio.es\/en\/wp-json\/wp\/v2\/comments?post=71183"}],"version-history":[{"count":0,"href":"https:\/\/dlvradio.es\/en\/wp-json\/wp\/v2\/posts\/71183\/revisions"}],"wp:featuredmedia":[{"embeddable":true,"href":"https:\/\/dlvradio.es\/en\/wp-json\/wp\/v2\/media\/71184"}],"wp:attachment":[{"href":"https:\/\/dlvradio.es\/en\/wp-json\/wp\/v2\/media?parent=71183"}],"wp:term":[{"taxonomy":"category","embeddable":true,"href":"https:\/\/dlvradio.es\/en\/wp-json\/wp\/v2\/categories?post=71183"},{"taxonomy":"post_tag","embeddable":true,"href":"https:\/\/dlvradio.es\/en\/wp-json\/wp\/v2\/tags?post=71183"}],"curies":[{"name":"wp","href":"https:\/\/api.w.org\/{rel}","templated":true}]}}