{"id":71199,"date":"2022-03-20T17:43:39","date_gmt":"2022-03-20T16:43:39","guid":{"rendered":"https:\/\/dlvradio.es\/en-lescola-con-nuria-117\/"},"modified":"2022-03-20T17:43:39","modified_gmt":"2022-03-20T16:43:39","slug":"en-lescola-con-nuria-117","status":"publish","type":"post","link":"https:\/\/dlvradio.es\/en\/en-lescola-con-nuria-117\/","title":{"rendered":"At L&#039;Escola with N\u00faria, 117"},"content":{"rendered":"<iframe src=\"https:\/\/www.ivoox.com\/player_ej_83771402_6_1.html?c1=0ebeb7\" width=\"100%\" height=\"200\" frameborder=\"0\" allowfullscreen=\"\" scrolling=\"no\" loading=\"lazy\"><\/iframe>\n\n\n<p><img decoding=\"async\" class=\"alignleft wp-image-7754\" src=\"https:\/\/dlvradio.es\/wp-content\/uploads\/2021\/10\/LEscola-nu-150x150.jpg\" alt=\"\" width=\"130\" height=\"130\" \/>This week in the L&#039;Escola magazine our colleague N\u00faria talks about the Sahara and the situation on the ground with Iv\u00e1n Prado of clowns in rebellion, who know the situation in the country first hand. We talk about the situation in Ukraine, now Switzerland offers itself as a mediator for Peace. We also comment on the transporters&#039; strike and the protest in the rural world and what has been mixed up in both protests. Stories from La Jonquera with Miriam. The Pope and women, after eight years of study the results are now out... We close with the Rat of the week.<\/p>","protected":false},"excerpt":{"rendered":"<p>Esta semana en el magaz\u00edn de L\u2019Escola nuestra compa\u00f1era N\u00faria habla del Sahara y de la situaci\u00f3n sobre el terreno con Iv\u00e1n Prado de payasos en rebeld\u00eda, conocedores de cerca de la situaci\u00f3n en el pa\u00eds. Hablamos de la situaci\u00f3n de Ucrania, ahora Suiza se ofrece como mediadora de la Paz. Comentamos tambi\u00e9n el paro [&hellip;]<\/p>\n","protected":false},"author":4,"featured_media":70815,"comment_status":"open","ping_status":"open","sticky":false,"template":"","format":"standard","meta":{"_acf_changed":false,"footnotes":""},"categories":[2560],"tags":[2530,2643,2463],"class_list":["post-71199","post","type-post","status-publish","format-standard","has-post-thumbnail","hentry","category-en-lescola-con-nuria","tag-actualidad","tag-magazin","tag-sociedad"],"acf":[],"yoast_head":"<!-- This site is optimized with the Yoast SEO plugin v27.4 - https:\/\/yoast.com\/product\/yoast-seo-wordpress\/ -->\n<title>En L&#039;Escola con N\u00faria, 117 - DLVRADIO<\/title>\n<meta name=\"description\" content=\"Esta semana en el magaz\u00edn de L\u2019Escola nuestra compa\u00f1era N\u00faria habla del Sahara y de la situaci\u00f3n sobre el terreno con Iv\u00e1n Prado de payasos en rebeld\u00eda,\" \/>\n<meta name=\"robots\" content=\"index, follow, max-snippet:-1, max-image-preview:large, max-video-preview:-1\" \/>\n<link rel=\"canonical\" href=\"https:\/\/dlvradio.es\/en\/en-lescola-con-nuria-117\/\" \/>\n<meta property=\"og:locale\" content=\"en_US\" \/>\n<meta property=\"og:type\" content=\"article\" \/>\n<meta property=\"og:title\" content=\"En L&#039;Escola con N\u00faria, 117 - DLVRADIO\" \/>\n<meta property=\"og:description\" content=\"Esta semana en el magaz\u00edn de L\u2019Escola nuestra compa\u00f1era N\u00faria habla del Sahara y de la situaci\u00f3n sobre el terreno con Iv\u00e1n Prado de payasos en rebeld\u00eda,\" \/>\n<meta property=\"og:url\" content=\"https:\/\/dlvradio.es\/en\/en-lescola-con-nuria-117\/\" \/>\n<meta property=\"og:site_name\" content=\"DLVRADIO\" \/>\n<meta property=\"article:publisher\" content=\"https:\/\/www.facebook.com\/RadioDLVradio\/\" \/>\n<meta property=\"article:published_time\" content=\"2022-03-20T16:43:39+00:00\" \/>\n<meta property=\"og:image\" content=\"https:\/\/dlvradio.es\/wp-content\/uploads\/2021\/10\/LEscola-nu.jpg\" \/>\n\t<meta property=\"og:image:width\" content=\"1511\" \/>\n\t<meta property=\"og:image:height\" content=\"1511\" \/>\n\t<meta property=\"og:image:type\" content=\"image\/jpeg\" \/>\n<meta name=\"author\" content=\"DLV RADIO\" \/>\n<meta name=\"twitter:card\" content=\"summary_large_image\" \/>\n<meta name=\"twitter:creator\" content=\"@RadioDlvradio\" \/>\n<meta name=\"twitter:site\" content=\"@RadioDlvradio\" \/>\n<script type=\"application\/ld+json\" class=\"yoast-schema-graph\">{\"@context\":\"https:\\\/\\\/schema.org\",\"@graph\":[{\"@type\":\"Article\",\"@id\":\"https:\\\/\\\/dlvradio.es\\\/en-lescola-con-nuria-117\\\/#article\",\"isPartOf\":{\"@id\":\"https:\\\/\\\/dlvradio.es\\\/en-lescola-con-nuria-117\\\/\"},\"author\":{\"name\":\"DLV RADIO\",\"@id\":\"https:\\\/\\\/dlvradio.es\\\/#\\\/schema\\\/person\\\/7d533f9f89b13e3a3f2ba7f67d6412de\"},\"headline\":\"En L&#8217;Escola con N\u00faria, 117\",\"datePublished\":\"2022-03-20T16:43:39+00:00\",\"mainEntityOfPage\":{\"@id\":\"https:\\\/\\\/dlvradio.es\\\/en-lescola-con-nuria-117\\\/\"},\"wordCount\":125,\"commentCount\":0,\"publisher\":{\"@id\":\"https:\\\/\\\/dlvradio.es\\\/#organization\"},\"image\":{\"@id\":\"https:\\\/\\\/dlvradio.es\\\/en-lescola-con-nuria-117\\\/#primaryimage\"},\"thumbnailUrl\":\"https:\\\/\\\/dlvradio.es\\\/wp-content\\\/uploads\\\/2021\\\/10\\\/LEscola-nu.jpg\",\"keywords\":[\"actualidad\",\"magaz\u00edn\",\"sociedad\"],\"articleSection\":[\"En L'Escola con N\u00faria\"],\"inLanguage\":\"en-US\"},{\"@type\":\"WebPage\",\"@id\":\"https:\\\/\\\/dlvradio.es\\\/en-lescola-con-nuria-117\\\/\",\"url\":\"https:\\\/\\\/dlvradio.es\\\/en-lescola-con-nuria-117\\\/\",\"name\":\"En L'Escola con N\u00faria, 117 - DLVRADIO\",\"isPartOf\":{\"@id\":\"https:\\\/\\\/dlvradio.es\\\/#website\"},\"primaryImageOfPage\":{\"@id\":\"https:\\\/\\\/dlvradio.es\\\/en-lescola-con-nuria-117\\\/#primaryimage\"},\"image\":{\"@id\":\"https:\\\/\\\/dlvradio.es\\\/en-lescola-con-nuria-117\\\/#primaryimage\"},\"thumbnailUrl\":\"https:\\\/\\\/dlvradio.es\\\/wp-content\\\/uploads\\\/2021\\\/10\\\/LEscola-nu.jpg\",\"datePublished\":\"2022-03-20T16:43:39+00:00\",\"description\":\"Esta semana en el magaz\u00edn de L\u2019Escola nuestra compa\u00f1era N\u00faria habla del Sahara y de la situaci\u00f3n sobre el terreno con Iv\u00e1n Prado de payasos en rebeld\u00eda,\",\"breadcrumb\":{\"@id\":\"https:\\\/\\\/dlvradio.es\\\/en-lescola-con-nuria-117\\\/#breadcrumb\"},\"inLanguage\":\"en-US\",\"potentialAction\":[{\"@type\":\"ReadAction\",\"target\":[\"https:\\\/\\\/dlvradio.es\\\/en-lescola-con-nuria-117\\\/\"]}]},{\"@type\":\"ImageObject\",\"inLanguage\":\"en-US\",\"@id\":\"https:\\\/\\\/dlvradio.es\\\/en-lescola-con-nuria-117\\\/#primaryimage\",\"url\":\"https:\\\/\\\/dlvradio.es\\\/wp-content\\\/uploads\\\/2021\\\/10\\\/LEscola-nu.jpg\",\"contentUrl\":\"https:\\\/\\\/dlvradio.es\\\/wp-content\\\/uploads\\\/2021\\\/10\\\/LEscola-nu.jpg\",\"width\":1511,\"height\":1511,\"caption\":\"L'Escola nu\"},{\"@type\":\"BreadcrumbList\",\"@id\":\"https:\\\/\\\/dlvradio.es\\\/en-lescola-con-nuria-117\\\/#breadcrumb\",\"itemListElement\":[{\"@type\":\"ListItem\",\"position\":1,\"name\":\"Inicio\",\"item\":\"https:\\\/\\\/dlvradio.es\\\/\"},{\"@type\":\"ListItem\",\"position\":2,\"name\":\"En L&#8217;Escola con N\u00faria, 117\"}]},{\"@type\":\"WebSite\",\"@id\":\"https:\\\/\\\/dlvradio.es\\\/#website\",\"url\":\"https:\\\/\\\/dlvradio.es\\\/\",\"name\":\"DLVRADIO\",\"description\":\"Somos un medio de comunicaci\u00f3n alternativo a los medios tradicionales\",\"publisher\":{\"@id\":\"https:\\\/\\\/dlvradio.es\\\/#organization\"},\"potentialAction\":[{\"@type\":\"SearchAction\",\"target\":{\"@type\":\"EntryPoint\",\"urlTemplate\":\"https:\\\/\\\/dlvradio.es\\\/?s={search_term_string}\"},\"query-input\":{\"@type\":\"PropertyValueSpecification\",\"valueRequired\":true,\"valueName\":\"search_term_string\"}}],\"inLanguage\":\"en-US\"},{\"@type\":\"Organization\",\"@id\":\"https:\\\/\\\/dlvradio.es\\\/#organization\",\"name\":\"DLVRADIO\",\"url\":\"https:\\\/\\\/dlvradio.es\\\/\",\"logo\":{\"@type\":\"ImageObject\",\"inLanguage\":\"en-US\",\"@id\":\"https:\\\/\\\/dlvradio.es\\\/#\\\/schema\\\/logo\\\/image\\\/\",\"url\":\"\",\"contentUrl\":\"\",\"caption\":\"DLVRADIO\"},\"image\":{\"@id\":\"https:\\\/\\\/dlvradio.es\\\/#\\\/schema\\\/logo\\\/image\\\/\"},\"sameAs\":[\"https:\\\/\\\/www.facebook.com\\\/RadioDLVradio\\\/\",\"https:\\\/\\\/x.com\\\/RadioDlvradio\",\"https:\\\/\\\/www.instagram.com\\\/radiodlvradio\\\/\"]},{\"@type\":\"Person\",\"@id\":\"https:\\\/\\\/dlvradio.es\\\/#\\\/schema\\\/person\\\/7d533f9f89b13e3a3f2ba7f67d6412de\",\"name\":\"DLV RADIO\",\"sameAs\":[\"https:\\\/\\\/dlvradio.es\"]}]}<\/script>\n<!-- \/ Yoast SEO plugin. -->","yoast_head_json":{"title":"In L'Escola with N\u00faria, 117 - DLVRADIO","description":"This week in the L&#039;Escola magazine our colleague N\u00faria talks about the Sahara and the situation on the ground with Iv\u00e1n Prado about clowns in rebellion,","robots":{"index":"index","follow":"follow","max-snippet":"max-snippet:-1","max-image-preview":"max-image-preview:large","max-video-preview":"max-video-preview:-1"},"canonical":"https:\/\/dlvradio.es\/en\/en-lescola-con-nuria-117\/","og_locale":"en_US","og_type":"article","og_title":"En L'Escola con N\u00faria, 117 - DLVRADIO","og_description":"Esta semana en el magaz\u00edn de L\u2019Escola nuestra compa\u00f1era N\u00faria habla del Sahara y de la situaci\u00f3n sobre el terreno con Iv\u00e1n Prado de payasos en rebeld\u00eda,","og_url":"https:\/\/dlvradio.es\/en\/en-lescola-con-nuria-117\/","og_site_name":"DLVRADIO","article_publisher":"https:\/\/www.facebook.com\/RadioDLVradio\/","article_published_time":"2022-03-20T16:43:39+00:00","og_image":[{"width":1511,"height":1511,"url":"https:\/\/dlvradio.es\/wp-content\/uploads\/2021\/10\/LEscola-nu.jpg","type":"image\/jpeg"}],"author":"DLV RADIO","twitter_card":"summary_large_image","twitter_creator":"@RadioDlvradio","twitter_site":"@RadioDlvradio","schema":{"@context":"https:\/\/schema.org","@graph":[{"@type":"Article","@id":"https:\/\/dlvradio.es\/en-lescola-con-nuria-117\/#article","isPartOf":{"@id":"https:\/\/dlvradio.es\/en-lescola-con-nuria-117\/"},"author":{"name":"DLV RADIO","@id":"https:\/\/dlvradio.es\/#\/schema\/person\/7d533f9f89b13e3a3f2ba7f67d6412de"},"headline":"En L&#8217;Escola con N\u00faria, 117","datePublished":"2022-03-20T16:43:39+00:00","mainEntityOfPage":{"@id":"https:\/\/dlvradio.es\/en-lescola-con-nuria-117\/"},"wordCount":125,"commentCount":0,"publisher":{"@id":"https:\/\/dlvradio.es\/#organization"},"image":{"@id":"https:\/\/dlvradio.es\/en-lescola-con-nuria-117\/#primaryimage"},"thumbnailUrl":"https:\/\/dlvradio.es\/wp-content\/uploads\/2021\/10\/LEscola-nu.jpg","keywords":["actualidad","magaz\u00edn","sociedad"],"articleSection":["En L'Escola con N\u00faria"],"inLanguage":"en-US"},{"@type":"WebPage","@id":"https:\/\/dlvradio.es\/en-lescola-con-nuria-117\/","url":"https:\/\/dlvradio.es\/en-lescola-con-nuria-117\/","name":"In L'Escola with N\u00faria, 117 - DLVRADIO","isPartOf":{"@id":"https:\/\/dlvradio.es\/#website"},"primaryImageOfPage":{"@id":"https:\/\/dlvradio.es\/en-lescola-con-nuria-117\/#primaryimage"},"image":{"@id":"https:\/\/dlvradio.es\/en-lescola-con-nuria-117\/#primaryimage"},"thumbnailUrl":"https:\/\/dlvradio.es\/wp-content\/uploads\/2021\/10\/LEscola-nu.jpg","datePublished":"2022-03-20T16:43:39+00:00","description":"This week in the L&#039;Escola magazine our colleague N\u00faria talks about the Sahara and the situation on the ground with Iv\u00e1n Prado about clowns in rebellion,","breadcrumb":{"@id":"https:\/\/dlvradio.es\/en-lescola-con-nuria-117\/#breadcrumb"},"inLanguage":"en-US","potentialAction":[{"@type":"ReadAction","target":["https:\/\/dlvradio.es\/en-lescola-con-nuria-117\/"]}]},{"@type":"ImageObject","inLanguage":"en-US","@id":"https:\/\/dlvradio.es\/en-lescola-con-nuria-117\/#primaryimage","url":"https:\/\/dlvradio.es\/wp-content\/uploads\/2021\/10\/LEscola-nu.jpg","contentUrl":"https:\/\/dlvradio.es\/wp-content\/uploads\/2021\/10\/LEscola-nu.jpg","width":1511,"height":1511,"caption":"L'Escola nu"},{"@type":"BreadcrumbList","@id":"https:\/\/dlvradio.es\/en-lescola-con-nuria-117\/#breadcrumb","itemListElement":[{"@type":"ListItem","position":1,"name":"Inicio","item":"https:\/\/dlvradio.es\/"},{"@type":"ListItem","position":2,"name":"En L&#8217;Escola con N\u00faria, 117"}]},{"@type":"WebSite","@id":"https:\/\/dlvradio.es\/#website","url":"https:\/\/dlvradio.es\/","name":"DLVRADIO","description":"We are an alternative media to traditional media","publisher":{"@id":"https:\/\/dlvradio.es\/#organization"},"potentialAction":[{"@type":"SearchAction","target":{"@type":"EntryPoint","urlTemplate":"https:\/\/dlvradio.es\/?s={search_term_string}"},"query-input":{"@type":"PropertyValueSpecification","valueRequired":true,"valueName":"search_term_string"}}],"inLanguage":"en-US"},{"@type":"Organization","@id":"https:\/\/dlvradio.es\/#organization","name":"DLVRADIO","url":"https:\/\/dlvradio.es\/","logo":{"@type":"ImageObject","inLanguage":"en-US","@id":"https:\/\/dlvradio.es\/#\/schema\/logo\/image\/","url":"","contentUrl":"","caption":"DLVRADIO"},"image":{"@id":"https:\/\/dlvradio.es\/#\/schema\/logo\/image\/"},"sameAs":["https:\/\/www.facebook.com\/RadioDLVradio\/","https:\/\/x.com\/RadioDlvradio","https:\/\/www.instagram.com\/radiodlvradio\/"]},{"@type":"Person","@id":"https:\/\/dlvradio.es\/#\/schema\/person\/7d533f9f89b13e3a3f2ba7f67d6412de","name":"DLV RADIO","sameAs":["https:\/\/dlvradio.es"]}]}},"_links":{"self":[{"href":"https:\/\/dlvradio.es\/en\/wp-json\/wp\/v2\/posts\/71199","targetHints":{"allow":["GET"]}}],"collection":[{"href":"https:\/\/dlvradio.es\/en\/wp-json\/wp\/v2\/posts"}],"about":[{"href":"https:\/\/dlvradio.es\/en\/wp-json\/wp\/v2\/types\/post"}],"author":[{"embeddable":true,"href":"https:\/\/dlvradio.es\/en\/wp-json\/wp\/v2\/users\/4"}],"replies":[{"embeddable":true,"href":"https:\/\/dlvradio.es\/en\/wp-json\/wp\/v2\/comments?post=71199"}],"version-history":[{"count":0,"href":"https:\/\/dlvradio.es\/en\/wp-json\/wp\/v2\/posts\/71199\/revisions"}],"wp:featuredmedia":[{"embeddable":true,"href":"https:\/\/dlvradio.es\/en\/wp-json\/wp\/v2\/media\/70815"}],"wp:attachment":[{"href":"https:\/\/dlvradio.es\/en\/wp-json\/wp\/v2\/media?parent=71199"}],"wp:term":[{"taxonomy":"category","embeddable":true,"href":"https:\/\/dlvradio.es\/en\/wp-json\/wp\/v2\/categories?post=71199"},{"taxonomy":"post_tag","embeddable":true,"href":"https:\/\/dlvradio.es\/en\/wp-json\/wp\/v2\/tags?post=71199"}],"curies":[{"name":"wp","href":"https:\/\/api.w.org\/{rel}","templated":true}]}}