{"id":71266,"date":"2022-04-26T10:28:07","date_gmt":"2022-04-26T08:28:07","guid":{"rendered":"https:\/\/dlvradio.es\/organizaciones-ambientales-europeas-exigen-areas-marinas-protegida\/"},"modified":"2022-04-26T10:28:07","modified_gmt":"2022-04-26T08:28:07","slug":"organizaciones-ambientales-europeas-exigen-areas-marinas-protegida","status":"publish","type":"post","link":"https:\/\/dlvradio.es\/en\/organizaciones-ambientales-europeas-exigen-areas-marinas-protegida\/","title":{"rendered":"Organizaciones ambientales europeas exigen \u00c1reas Marinas Protegida"},"content":{"rendered":"<h5><strong><img decoding=\"async\" class=\"alignleft wp-image-9354 size-thumbnail\" src=\"https:\/\/dlvradio.es\/wp-content\/uploads\/2022\/04\/Organizaciones-ambientales-europeas-exigen-Areas-Marinas-Protegida-150x150.jpg\" alt=\"\" width=\"150\" height=\"150\" \/>Organizaciones ambientales europeas exigen \u00c1reas Marinas Protegidas que proh\u00edban las pr\u00e1cticas de pesca destructivas.<\/strong><\/h5>\n<ul>\n<li>\n<h6>El pr\u00f3ximo 3 de mayo se vota en el Parlamento Europeo una iniciativa de informe encaminado a la eliminaci\u00f3n de las pr\u00e1cticas pesqueras destructivas como el arrastre de fondo en las \u00c1reas Marinas Protegidas (AMP).<\/h6>\n<\/li>\n<li>\n<h6>Ecologistas en Acci\u00f3n se suma a las organizaciones europeas BLOOM y Oceana para exigir a europarlamentarios de Espa\u00f1a y Portugal que voten a favor de dicho informe y se generen medidas efectivas de protecci\u00f3n de los oc\u00e9anos.<\/h6>\n<\/li>\n<\/ul>\n<p>A dos meses de que Portugal acoja la pr\u00f3xima Conferencia de las Naciones Unidas sobre los Oc\u00e9anos en Lisboa \u2014del 27 de junio al 1 de julio\u2014 los eurodiputados ib\u00e9ricos del Parlamento Europeo tienen una gran oportunidad de mostrar al mundo su ambici\u00f3n por proteger las aguas de la UE.<\/p>\n<p>Durante la primera semana de mayo, eurodiputadas y eurodiputados en Estrasburgo podr\u00e1n garantizar que las llamadas \u00c1reas Marinas Protegidas (AMP) est\u00e9n realmente protegidas, mediante la prohibici\u00f3n de m\u00e9todos de pesca destructivos como la pesca de arrastre de fondo dentro. Es en Estrasburgo donde se votar\u00e1 la aprobaci\u00f3n del informe de iniciativa \u2018Hacia una econom\u00eda azul sostenible en la UE\u2019, presentado por la eurodiputada socialista portuguesa Isabel Carvalhais.<\/p>\n<p>Para Ecologistas en Acci\u00f3n y las organizaciones europeas BLOOM y Oceana, dicho informe es una oportunidad \u00fanica para garantizar que las AMP no sean simples l\u00edneas de puntos en un mapa (los llamados paper-parks). La votaci\u00f3n de un informe de iniciativa no es jur\u00eddicamente vinculante, pero es un precursor importante para conseguir la prohibici\u00f3n de actividades destructivas en estas \u00e1reas y enviar un mensaje pol\u00edtico firme para actuar en estos tiempos de crisis clim\u00e1tica y de p\u00e9rdida de biodiversidad sin precedentes.<\/p>\n<p>Justo cuando el \u00faltimo informe del IPCC pide a los responsables pol\u00edticos que tomen medidas inmediatas y estructurales para limitar el calentamiento global a 1,5 \u00baC,las organizaciones ambientales y sociales exigen que se pase de las palabras a los hechos: \u201cEn la actualidad la gran mayor\u00eda de las \u00c1reas Marinas Protegidas no lo est\u00e1n en absoluto. De hecho, se permite la extracci\u00f3n de recursos o la pesca con artes de arrastre que producen la abrasi\u00f3n del fondo marino, como la pesca de arrastre de fondo o el cerco demersal\u201d, declaran.<\/p>\n<p>Ecologistas en Acci\u00f3n, BLOOM y Oceana destacan algunos datos de la situaci\u00f3n de las AMP:<\/p>\n<p>\u2014 Seg\u00fan un estudio de Oceana, actualmente el 86 % de las aguas europeas protegidas son objeto de una pesca intensiva con artes que da\u00f1an el fondo.<\/p>\n<p>\u2014 El estudio cient\u00edfico ha llegado a demostrar que, en m\u00e1s de dos tercios de las AMP del norte de Europa, la pesca de arrastre era 1,4 veces m\u00e1s intensa dentro de la zona denominada protegida que fuera de ella<\/p>\n<p>\u2014 La Comisi\u00f3n Europea advierte que menos del 1 % de las zonas marinas de la UE est\u00e1n estrictamente protegidas en la Uni\u00f3n Europea<\/p>\n<p>\u2014 El Tribunal de Cuentas Europeo se\u00f1al\u00f3 en 2020 que la forma en que se hab\u00eda aplicado la red de \u00e1reas marinas protegidas de la UE en los \u00faltimos 20 a\u00f1os no proporcionaba una protecci\u00f3n real del medio ambiente marino.<\/p>\n<p>Por ello, las organizaciones insisten en que proteger el oc\u00e9ano de actividades de alto impacto \u2014como la pesca de arrastre de fondo\u2014 es una forma eficaz de combatir el cambio clim\u00e1tico. Tal y como ha evidenciado el IPBES, \u201cse calcula que, a nivel mundial, la alteraci\u00f3n del carbono de los sedimentos marinos previamente inalterados mediante la pesca de arrastre libera el equivalente a entre el 15 % y el 20 % del CO2 atmosf\u00e9rico absorbido anualmente por el oc\u00e9ano\u00bb.<\/p>\n<p><strong>El oc\u00e9ano, aliado contra el cambio clim\u00e1tico<\/strong><\/p>\n<p>Para Ecologistas en Acci\u00f3n, BLOOM y Oceana, el oc\u00e9ano es un aliado esencial en la lucha\u00a0 contra el cambio clim\u00e1tico. Las AMP, cuando se protegen eficazmente, son una buena herramienta para restaurar los ecosistemas marinos y preservar la biodiversidad. La biomasa de peces en las reservas marinas es, de media, un 670 % mayor que en las aguas circundantes no protegidas.<\/p>\n<p>Sin embargo, tal y como afirman las organizaciones ecologistas, el oc\u00e9ano tiene que estar sano para proporcionar estos servicios ecosist\u00e9micos esenciales. \u201cEl oc\u00e9ano no tiene ninguna posibilidad de recuperarse si est\u00e1 sometido a la presi\u00f3n constante de las actividades pesqueras industriales. Ha llegado el momento de que el Parlamento intensifique su ambici\u00f3n para frenar d\u00e9cadas de sobrepesca masiva, destrucci\u00f3n de h\u00e1bitats y pol\u00edticas deficientes de conservaci\u00f3n de la naturaleza. El clima, la biodiversidad marina y la humanidad no pueden esperar. \u201d, declaran.<\/p>\n<p>La aprobaci\u00f3n del informe puede tener luz verde si los diputados espa\u00f1oles y portugueses votan a favor.\u00a0 \u201cDado que se han comprometido en el periodo previo a las elecciones europeas a aplicar los Objetivos de Desarrollo Sostenible de la ONU y a luchar contra el cambio clim\u00e1tico, ahora tienen la oportunidad con esta votaci\u00f3n de cumplir sus promesas. Estas personas tienen la oportunidad de votar para defender el clima, la biodiversidad y los intereses de la ciudadan\u00eda en lugar de los lobbies de la pesca industrial\u201d, concluyen las organizaciones ambientales.<\/p>","protected":false},"excerpt":{"rendered":"<p>Organizaciones ambientales europeas exigen \u00c1reas Marinas Protegidas que proh\u00edban las pr\u00e1cticas de pesca destructivas. El pr\u00f3ximo 3 de mayo se vota en el Parlamento Europeo una iniciativa de informe encaminado a la eliminaci\u00f3n de las pr\u00e1cticas pesqueras destructivas como el arrastre de fondo en las \u00c1reas Marinas Protegidas (AMP). Ecologistas en Acci\u00f3n se suma a [&hellip;]<\/p>\n","protected":false},"author":4,"featured_media":71267,"comment_status":"open","ping_status":"open","sticky":false,"template":"","format":"standard","meta":{"_acf_changed":false,"footnotes":""},"categories":[2711,2465],"tags":[2478,2507],"class_list":["post-71266","post","type-post","status-publish","format-standard","has-post-thumbnail","hentry","category-emergencia-climatica","category-informativos","tag-ecologia","tag-internacional"],"acf":[],"yoast_head":"<!-- This site is optimized with the Yoast SEO plugin v27.4 - https:\/\/yoast.com\/product\/yoast-seo-wordpress\/ -->\n<title>Organizaciones ambientales europeas exigen \u00c1reas Marinas Protegida - DLVRADIO<\/title>\n<meta name=\"description\" content=\"Organizaciones ambientales europeas exigen \u00c1reas Marinas Protegidas que proh\u00edban las pr\u00e1cticas de pesca destructivas. El pr\u00f3ximo 3 de mayo se vota en el\" \/>\n<meta name=\"robots\" content=\"index, follow, max-snippet:-1, max-image-preview:large, max-video-preview:-1\" \/>\n<link rel=\"canonical\" href=\"https:\/\/dlvradio.es\/en\/organizaciones-ambientales-europeas-exigen-areas-marinas-protegida\/\" \/>\n<meta property=\"og:locale\" content=\"en_US\" \/>\n<meta property=\"og:type\" content=\"article\" \/>\n<meta property=\"og:title\" content=\"Organizaciones ambientales europeas exigen \u00c1reas Marinas Protegida - DLVRADIO\" \/>\n<meta property=\"og:description\" content=\"Organizaciones ambientales europeas exigen \u00c1reas Marinas Protegidas que proh\u00edban las pr\u00e1cticas de pesca destructivas. El pr\u00f3ximo 3 de mayo se vota en el\" \/>\n<meta property=\"og:url\" content=\"https:\/\/dlvradio.es\/en\/organizaciones-ambientales-europeas-exigen-areas-marinas-protegida\/\" \/>\n<meta property=\"og:site_name\" content=\"DLVRADIO\" \/>\n<meta property=\"article:publisher\" content=\"https:\/\/www.facebook.com\/RadioDLVradio\/\" \/>\n<meta property=\"article:published_time\" content=\"2022-04-26T08:28:07+00:00\" \/>\n<meta property=\"og:image\" content=\"https:\/\/dlvradio.es\/wp-content\/uploads\/2022\/04\/Organizaciones-ambientales-europeas-exigen-Areas-Marinas-Protegida.jpg\" \/>\n\t<meta property=\"og:image:width\" content=\"1511\" \/>\n\t<meta property=\"og:image:height\" content=\"1511\" \/>\n\t<meta property=\"og:image:type\" content=\"image\/jpeg\" \/>\n<meta name=\"author\" content=\"DLV RADIO\" \/>\n<meta name=\"twitter:card\" content=\"summary_large_image\" \/>\n<meta name=\"twitter:creator\" content=\"@RadioDlvradio\" \/>\n<meta name=\"twitter:site\" content=\"@RadioDlvradio\" \/>\n<script type=\"application\/ld+json\" class=\"yoast-schema-graph\">{\"@context\":\"https:\\\/\\\/schema.org\",\"@graph\":[{\"@type\":\"Article\",\"@id\":\"https:\\\/\\\/dlvradio.es\\\/organizaciones-ambientales-europeas-exigen-areas-marinas-protegida\\\/#article\",\"isPartOf\":{\"@id\":\"https:\\\/\\\/dlvradio.es\\\/organizaciones-ambientales-europeas-exigen-areas-marinas-protegida\\\/\"},\"author\":{\"name\":\"DLV RADIO\",\"@id\":\"https:\\\/\\\/dlvradio.es\\\/#\\\/schema\\\/person\\\/7d533f9f89b13e3a3f2ba7f67d6412de\"},\"headline\":\"Organizaciones ambientales europeas exigen \u00c1reas Marinas Protegida\",\"datePublished\":\"2022-04-26T08:28:07+00:00\",\"mainEntityOfPage\":{\"@id\":\"https:\\\/\\\/dlvradio.es\\\/organizaciones-ambientales-europeas-exigen-areas-marinas-protegida\\\/\"},\"wordCount\":896,\"commentCount\":0,\"publisher\":{\"@id\":\"https:\\\/\\\/dlvradio.es\\\/#organization\"},\"image\":{\"@id\":\"https:\\\/\\\/dlvradio.es\\\/organizaciones-ambientales-europeas-exigen-areas-marinas-protegida\\\/#primaryimage\"},\"thumbnailUrl\":\"https:\\\/\\\/dlvradio.es\\\/wp-content\\\/uploads\\\/2022\\\/04\\\/Organizaciones-ambientales-europeas-exigen-Areas-Marinas-Protegida.jpg\",\"keywords\":[\"ecolog\u00eda\",\"internacional\"],\"articleSection\":[\"Emergencia clim\u00e1tica\",\"Informativos\"],\"inLanguage\":\"en-US\"},{\"@type\":\"WebPage\",\"@id\":\"https:\\\/\\\/dlvradio.es\\\/organizaciones-ambientales-europeas-exigen-areas-marinas-protegida\\\/\",\"url\":\"https:\\\/\\\/dlvradio.es\\\/organizaciones-ambientales-europeas-exigen-areas-marinas-protegida\\\/\",\"name\":\"Organizaciones ambientales europeas exigen \u00c1reas Marinas Protegida - DLVRADIO\",\"isPartOf\":{\"@id\":\"https:\\\/\\\/dlvradio.es\\\/#website\"},\"primaryImageOfPage\":{\"@id\":\"https:\\\/\\\/dlvradio.es\\\/organizaciones-ambientales-europeas-exigen-areas-marinas-protegida\\\/#primaryimage\"},\"image\":{\"@id\":\"https:\\\/\\\/dlvradio.es\\\/organizaciones-ambientales-europeas-exigen-areas-marinas-protegida\\\/#primaryimage\"},\"thumbnailUrl\":\"https:\\\/\\\/dlvradio.es\\\/wp-content\\\/uploads\\\/2022\\\/04\\\/Organizaciones-ambientales-europeas-exigen-Areas-Marinas-Protegida.jpg\",\"datePublished\":\"2022-04-26T08:28:07+00:00\",\"description\":\"Organizaciones ambientales europeas exigen \u00c1reas Marinas Protegidas que proh\u00edban las pr\u00e1cticas de pesca destructivas. El pr\u00f3ximo 3 de mayo se vota en el\",\"breadcrumb\":{\"@id\":\"https:\\\/\\\/dlvradio.es\\\/organizaciones-ambientales-europeas-exigen-areas-marinas-protegida\\\/#breadcrumb\"},\"inLanguage\":\"en-US\",\"potentialAction\":[{\"@type\":\"ReadAction\",\"target\":[\"https:\\\/\\\/dlvradio.es\\\/organizaciones-ambientales-europeas-exigen-areas-marinas-protegida\\\/\"]}]},{\"@type\":\"ImageObject\",\"inLanguage\":\"en-US\",\"@id\":\"https:\\\/\\\/dlvradio.es\\\/organizaciones-ambientales-europeas-exigen-areas-marinas-protegida\\\/#primaryimage\",\"url\":\"https:\\\/\\\/dlvradio.es\\\/wp-content\\\/uploads\\\/2022\\\/04\\\/Organizaciones-ambientales-europeas-exigen-Areas-Marinas-Protegida.jpg\",\"contentUrl\":\"https:\\\/\\\/dlvradio.es\\\/wp-content\\\/uploads\\\/2022\\\/04\\\/Organizaciones-ambientales-europeas-exigen-Areas-Marinas-Protegida.jpg\",\"width\":1511,\"height\":1511,\"caption\":\"Organizaciones ambientales europeas exigen \u00c1reas Marinas Protegida\"},{\"@type\":\"BreadcrumbList\",\"@id\":\"https:\\\/\\\/dlvradio.es\\\/organizaciones-ambientales-europeas-exigen-areas-marinas-protegida\\\/#breadcrumb\",\"itemListElement\":[{\"@type\":\"ListItem\",\"position\":1,\"name\":\"Inicio\",\"item\":\"https:\\\/\\\/dlvradio.es\\\/\"},{\"@type\":\"ListItem\",\"position\":2,\"name\":\"Organizaciones ambientales europeas exigen \u00c1reas Marinas Protegida\"}]},{\"@type\":\"WebSite\",\"@id\":\"https:\\\/\\\/dlvradio.es\\\/#website\",\"url\":\"https:\\\/\\\/dlvradio.es\\\/\",\"name\":\"DLVRADIO\",\"description\":\"Somos un medio de comunicaci\u00f3n alternativo a los medios tradicionales\",\"publisher\":{\"@id\":\"https:\\\/\\\/dlvradio.es\\\/#organization\"},\"potentialAction\":[{\"@type\":\"SearchAction\",\"target\":{\"@type\":\"EntryPoint\",\"urlTemplate\":\"https:\\\/\\\/dlvradio.es\\\/?s={search_term_string}\"},\"query-input\":{\"@type\":\"PropertyValueSpecification\",\"valueRequired\":true,\"valueName\":\"search_term_string\"}}],\"inLanguage\":\"en-US\"},{\"@type\":\"Organization\",\"@id\":\"https:\\\/\\\/dlvradio.es\\\/#organization\",\"name\":\"DLVRADIO\",\"url\":\"https:\\\/\\\/dlvradio.es\\\/\",\"logo\":{\"@type\":\"ImageObject\",\"inLanguage\":\"en-US\",\"@id\":\"https:\\\/\\\/dlvradio.es\\\/#\\\/schema\\\/logo\\\/image\\\/\",\"url\":\"\",\"contentUrl\":\"\",\"caption\":\"DLVRADIO\"},\"image\":{\"@id\":\"https:\\\/\\\/dlvradio.es\\\/#\\\/schema\\\/logo\\\/image\\\/\"},\"sameAs\":[\"https:\\\/\\\/www.facebook.com\\\/RadioDLVradio\\\/\",\"https:\\\/\\\/x.com\\\/RadioDlvradio\",\"https:\\\/\\\/www.instagram.com\\\/radiodlvradio\\\/\"]},{\"@type\":\"Person\",\"@id\":\"https:\\\/\\\/dlvradio.es\\\/#\\\/schema\\\/person\\\/7d533f9f89b13e3a3f2ba7f67d6412de\",\"name\":\"DLV RADIO\",\"sameAs\":[\"https:\\\/\\\/dlvradio.es\"]}]}<\/script>\n<!-- \/ Yoast SEO plugin. -->","yoast_head_json":{"title":"Organizaciones ambientales europeas exigen \u00c1reas Marinas Protegida - DLVRADIO","description":"Organizaciones ambientales europeas exigen \u00c1reas Marinas Protegidas que proh\u00edban las pr\u00e1cticas de pesca destructivas. El pr\u00f3ximo 3 de mayo se vota en el","robots":{"index":"index","follow":"follow","max-snippet":"max-snippet:-1","max-image-preview":"max-image-preview:large","max-video-preview":"max-video-preview:-1"},"canonical":"https:\/\/dlvradio.es\/en\/organizaciones-ambientales-europeas-exigen-areas-marinas-protegida\/","og_locale":"en_US","og_type":"article","og_title":"Organizaciones ambientales europeas exigen \u00c1reas Marinas Protegida - DLVRADIO","og_description":"Organizaciones ambientales europeas exigen \u00c1reas Marinas Protegidas que proh\u00edban las pr\u00e1cticas de pesca destructivas. El pr\u00f3ximo 3 de mayo se vota en el","og_url":"https:\/\/dlvradio.es\/en\/organizaciones-ambientales-europeas-exigen-areas-marinas-protegida\/","og_site_name":"DLVRADIO","article_publisher":"https:\/\/www.facebook.com\/RadioDLVradio\/","article_published_time":"2022-04-26T08:28:07+00:00","og_image":[{"width":1511,"height":1511,"url":"https:\/\/dlvradio.es\/wp-content\/uploads\/2022\/04\/Organizaciones-ambientales-europeas-exigen-Areas-Marinas-Protegida.jpg","type":"image\/jpeg"}],"author":"DLV RADIO","twitter_card":"summary_large_image","twitter_creator":"@RadioDlvradio","twitter_site":"@RadioDlvradio","schema":{"@context":"https:\/\/schema.org","@graph":[{"@type":"Article","@id":"https:\/\/dlvradio.es\/organizaciones-ambientales-europeas-exigen-areas-marinas-protegida\/#article","isPartOf":{"@id":"https:\/\/dlvradio.es\/organizaciones-ambientales-europeas-exigen-areas-marinas-protegida\/"},"author":{"name":"DLV RADIO","@id":"https:\/\/dlvradio.es\/#\/schema\/person\/7d533f9f89b13e3a3f2ba7f67d6412de"},"headline":"Organizaciones ambientales europeas exigen \u00c1reas Marinas Protegida","datePublished":"2022-04-26T08:28:07+00:00","mainEntityOfPage":{"@id":"https:\/\/dlvradio.es\/organizaciones-ambientales-europeas-exigen-areas-marinas-protegida\/"},"wordCount":896,"commentCount":0,"publisher":{"@id":"https:\/\/dlvradio.es\/#organization"},"image":{"@id":"https:\/\/dlvradio.es\/organizaciones-ambientales-europeas-exigen-areas-marinas-protegida\/#primaryimage"},"thumbnailUrl":"https:\/\/dlvradio.es\/wp-content\/uploads\/2022\/04\/Organizaciones-ambientales-europeas-exigen-Areas-Marinas-Protegida.jpg","keywords":["ecolog\u00eda","internacional"],"articleSection":["Emergencia clim\u00e1tica","Informativos"],"inLanguage":"en-US"},{"@type":"WebPage","@id":"https:\/\/dlvradio.es\/organizaciones-ambientales-europeas-exigen-areas-marinas-protegida\/","url":"https:\/\/dlvradio.es\/organizaciones-ambientales-europeas-exigen-areas-marinas-protegida\/","name":"Organizaciones ambientales europeas exigen \u00c1reas Marinas Protegida - DLVRADIO","isPartOf":{"@id":"https:\/\/dlvradio.es\/#website"},"primaryImageOfPage":{"@id":"https:\/\/dlvradio.es\/organizaciones-ambientales-europeas-exigen-areas-marinas-protegida\/#primaryimage"},"image":{"@id":"https:\/\/dlvradio.es\/organizaciones-ambientales-europeas-exigen-areas-marinas-protegida\/#primaryimage"},"thumbnailUrl":"https:\/\/dlvradio.es\/wp-content\/uploads\/2022\/04\/Organizaciones-ambientales-europeas-exigen-Areas-Marinas-Protegida.jpg","datePublished":"2022-04-26T08:28:07+00:00","description":"Organizaciones ambientales europeas exigen \u00c1reas Marinas Protegidas que proh\u00edban las pr\u00e1cticas de pesca destructivas. El pr\u00f3ximo 3 de mayo se vota en el","breadcrumb":{"@id":"https:\/\/dlvradio.es\/organizaciones-ambientales-europeas-exigen-areas-marinas-protegida\/#breadcrumb"},"inLanguage":"en-US","potentialAction":[{"@type":"ReadAction","target":["https:\/\/dlvradio.es\/organizaciones-ambientales-europeas-exigen-areas-marinas-protegida\/"]}]},{"@type":"ImageObject","inLanguage":"en-US","@id":"https:\/\/dlvradio.es\/organizaciones-ambientales-europeas-exigen-areas-marinas-protegida\/#primaryimage","url":"https:\/\/dlvradio.es\/wp-content\/uploads\/2022\/04\/Organizaciones-ambientales-europeas-exigen-Areas-Marinas-Protegida.jpg","contentUrl":"https:\/\/dlvradio.es\/wp-content\/uploads\/2022\/04\/Organizaciones-ambientales-europeas-exigen-Areas-Marinas-Protegida.jpg","width":1511,"height":1511,"caption":"Organizaciones ambientales europeas exigen \u00c1reas Marinas Protegida"},{"@type":"BreadcrumbList","@id":"https:\/\/dlvradio.es\/organizaciones-ambientales-europeas-exigen-areas-marinas-protegida\/#breadcrumb","itemListElement":[{"@type":"ListItem","position":1,"name":"Inicio","item":"https:\/\/dlvradio.es\/"},{"@type":"ListItem","position":2,"name":"Organizaciones ambientales europeas exigen \u00c1reas Marinas Protegida"}]},{"@type":"WebSite","@id":"https:\/\/dlvradio.es\/#website","url":"https:\/\/dlvradio.es\/","name":"DLVRADIO","description":"We are an alternative media to traditional media","publisher":{"@id":"https:\/\/dlvradio.es\/#organization"},"potentialAction":[{"@type":"SearchAction","target":{"@type":"EntryPoint","urlTemplate":"https:\/\/dlvradio.es\/?s={search_term_string}"},"query-input":{"@type":"PropertyValueSpecification","valueRequired":true,"valueName":"search_term_string"}}],"inLanguage":"en-US"},{"@type":"Organization","@id":"https:\/\/dlvradio.es\/#organization","name":"DLVRADIO","url":"https:\/\/dlvradio.es\/","logo":{"@type":"ImageObject","inLanguage":"en-US","@id":"https:\/\/dlvradio.es\/#\/schema\/logo\/image\/","url":"","contentUrl":"","caption":"DLVRADIO"},"image":{"@id":"https:\/\/dlvradio.es\/#\/schema\/logo\/image\/"},"sameAs":["https:\/\/www.facebook.com\/RadioDLVradio\/","https:\/\/x.com\/RadioDlvradio","https:\/\/www.instagram.com\/radiodlvradio\/"]},{"@type":"Person","@id":"https:\/\/dlvradio.es\/#\/schema\/person\/7d533f9f89b13e3a3f2ba7f67d6412de","name":"DLV RADIO","sameAs":["https:\/\/dlvradio.es"]}]}},"_links":{"self":[{"href":"https:\/\/dlvradio.es\/en\/wp-json\/wp\/v2\/posts\/71266","targetHints":{"allow":["GET"]}}],"collection":[{"href":"https:\/\/dlvradio.es\/en\/wp-json\/wp\/v2\/posts"}],"about":[{"href":"https:\/\/dlvradio.es\/en\/wp-json\/wp\/v2\/types\/post"}],"author":[{"embeddable":true,"href":"https:\/\/dlvradio.es\/en\/wp-json\/wp\/v2\/users\/4"}],"replies":[{"embeddable":true,"href":"https:\/\/dlvradio.es\/en\/wp-json\/wp\/v2\/comments?post=71266"}],"version-history":[{"count":0,"href":"https:\/\/dlvradio.es\/en\/wp-json\/wp\/v2\/posts\/71266\/revisions"}],"wp:featuredmedia":[{"embeddable":true,"href":"https:\/\/dlvradio.es\/en\/wp-json\/wp\/v2\/media\/71267"}],"wp:attachment":[{"href":"https:\/\/dlvradio.es\/en\/wp-json\/wp\/v2\/media?parent=71266"}],"wp:term":[{"taxonomy":"category","embeddable":true,"href":"https:\/\/dlvradio.es\/en\/wp-json\/wp\/v2\/categories?post=71266"},{"taxonomy":"post_tag","embeddable":true,"href":"https:\/\/dlvradio.es\/en\/wp-json\/wp\/v2\/tags?post=71266"}],"curies":[{"name":"wp","href":"https:\/\/api.w.org\/{rel}","templated":true}]}}