{"id":71268,"date":"2022-04-29T10:19:53","date_gmt":"2022-04-29T08:19:53","guid":{"rendered":"https:\/\/dlvradio.es\/la-sociedad-civil-se-planta-ante-los-combustibles-fosiles\/"},"modified":"2022-04-29T10:19:53","modified_gmt":"2022-04-29T08:19:53","slug":"la-sociedad-civil-se-planta-ante-los-combustibles-fosiles","status":"publish","type":"post","link":"https:\/\/dlvradio.es\/en\/la-sociedad-civil-se-planta-ante-los-combustibles-fosiles\/","title":{"rendered":"La sociedad civil se planta ante los combustibles f\u00f3siles"},"content":{"rendered":"<h5><strong><img decoding=\"async\" class=\"alignleft wp-image-9357 size-thumbnail\" src=\"https:\/\/dlvradio.es\/wp-content\/uploads\/2022\/04\/La-sociedad-civil-se-planta-ante-los-combustibles-fosiles-150x150.jpg\" alt=\"\" width=\"150\" height=\"150\" \/>La sociedad civil se planta ante los combustibles f\u00f3siles.<\/strong><\/h5>\n<ul>\n<li>\n<h6>M\u00e1s de 30 organizaciones apoyan una carta contra la expansi\u00f3n de infraestructuras gasistas, la energ\u00eda nuclear y otras falsas soluciones.<\/h6>\n<\/li>\n<li>\n<h6>Un dinosaurio gigante clama ante el Congreso de los Diputados: \u201c\u00a1Basta ya del lavado verde a los combustibles f\u00f3siles!\u201d.<\/h6>\n<\/li>\n<\/ul>\n<p>Promovida por la red Gas No Es Soluci\u00f3n, de la que Ecologistas en Acci\u00f3n forma parte, la carta abierta de la sociedad civil dirigida a los representantes pol\u00edticos expresa que las sanciones y medidas tomadas por la Uni\u00f3n Europea y el Estado espa\u00f1ol en el contexto de la guerra en Ucrania no pueden convertirse en una excusa para incrementar la dependencia de los combustibles f\u00f3siles sin importar de donde provengan.<\/p>\n<p>Tras el \u00faltimo informe del Grupo Intergubernamental de Expertos sobre el Cambio Clim\u00e1tico (IPCC), queda de manifiesto que se necesitan cambios sist\u00e9micos profundos para afrontar la reducci\u00f3n de emisiones que se requieren. La carta, firmada por m\u00e1s de 30 organizaciones de la sociedad civil, recoge la urgencia y necesidad de reducir el consumo energ\u00e9tico dr\u00e1sticamente en los pr\u00f3ximos a\u00f1os y dejar los combustibles f\u00f3siles bajo el suelo. Recalca, adem\u00e1s, que si no se aplican adecuadamente los instrumentos de los que se est\u00e1 dotando la Uni\u00f3n Europea, estos podr\u00edan consolidar la dependencia a los combustibles f\u00f3siles en lugar de suponer un avance considerable para la transici\u00f3n energ\u00e9tica justa.<\/p>\n<p>En su lugar, se plantean soluciones ante la emergencia sanitaria, ambiental y social mundial actual. Soluciones que abordan el incremento de la eficiencia energ\u00e9tica, la reducci\u00f3n de la demanda, la protecci\u00f3n de las personas en estado de vulnerabilidad a trav\u00e9s de una tarifa social para la energ\u00eda y los suministros b\u00e1sicos, la prohibici\u00f3n de la publicidad y los patrocinios de las empresas de combustibles f\u00f3siles, y el aumento de la ambici\u00f3n clim\u00e1tica.<\/p>\n<p>Es m\u00e1s necesario que nunca aumentar esa ambici\u00f3n clim\u00e1tica a nivel europeo. Por ello, activistas de Ecologistas en Acci\u00f3n, la campa\u00f1a estatal No a los Tratados de Comercio e Inversi\u00f3n y otras organizaciones ambientales han realizado una acci\u00f3n delante del Congreso de los Diputados para denunciar el greenwashing o lavado verde de la industria f\u00f3sil: \u201cUn lavado verde que se ha instaurado como la nueva f\u00f3rmula de negocio de las grandes compa\u00f1\u00edas que nos han abocado a la situaci\u00f3n actual de emergencia clim\u00e1tica\u201d, han le\u00eddo en el manifiesto. Un dinosaurio hinchable de 10 metros de ancho y siete metros de alto, formado por piezas de distintas infraestructuras f\u00f3siles, ha servido para se\u00f1alar que la era de los combustibles f\u00f3siles \u201ctiene que llegar a su fin y dar paso a una transici\u00f3n energ\u00e9tica justa\u201d en la que ninguna forma de \u201clavado verde\u201d tiene cabida.<\/p>\n<p>A trav\u00e9s de un flashmob y al ritmo de una versi\u00f3n de la canci\u00f3n \u201cChica ye-ye\u201d, las activistas han denunciado tres piezas del mismo puzzle: la nueva propuesta sobre la taxonom\u00eda verde de la UE, la modernizaci\u00f3n del Tratado de la Carta de la Energ\u00eda (TCE) y el impulso de nuevas infraestructuras gasistas en el contexto de guerra.<\/p>\n<p>Han recalcado que \u201cel gas y la nuclear de verde no tienen nada\u201d y que aprobar la nueva propuesta de taxonom\u00eda europea \u201csupondr\u00eda facilitar la financiaci\u00f3n de los combustibles f\u00f3siles hasta 2050\u201d. En cuanto a la modernizaci\u00f3n del TCE, que se prev\u00e9 que finalice en junio de este a\u00f1o, han recalcado que \u201ceste proceso no es lo suficientemente ambicioso\u201d y han pedido la salida inmediata del tratado, ya que supone un obst\u00e1culo para la mitigaci\u00f3n del cambio clim\u00e1tico. Una afirmaci\u00f3n que, por primera vez, ha sido respaldada por el IPCC en su \u00faltimo informe.<\/p>\n<p>La iniciativa se enmarca en una acci\u00f3n m\u00e1s amplia que recorrer\u00e1 ocho ciudades europeas. Tras el pistoletazo de salida en la vecina Lisboa el domingo 24 de abril, el dinosaurio gigante ha continuado su paso por Madrid, para despu\u00e9s hacer parada en Barcelona el jueves 28 de abril frente a la delegaci\u00f3n de la Comisi\u00f3n Europea (Paseo de Gracia\u2013Proven\u00e7a). Durante el mes de mayo pasar\u00e1 por Viena, Berl\u00edn, Praga, Bruselas y Luxemburgo, con el objetivo de exigir el fin de la era f\u00f3sil y la salida inmediata del TCE debido a su impacto en las pol\u00edticas clim\u00e1ticas.<\/p>\n\n\n<p><\/p>","protected":false},"excerpt":{"rendered":"<p>La sociedad civil se planta ante los combustibles f\u00f3siles. M\u00e1s de 30 organizaciones apoyan una carta contra la expansi\u00f3n de infraestructuras gasistas, la energ\u00eda nuclear y otras falsas soluciones. Un dinosaurio gigante clama ante el Congreso de los Diputados: \u201c\u00a1Basta ya del lavado verde a los combustibles f\u00f3siles!\u201d. Promovida por la red Gas No Es [&hellip;]<\/p>\n","protected":false},"author":4,"featured_media":71269,"comment_status":"open","ping_status":"open","sticky":false,"template":"","format":"standard","meta":{"_acf_changed":false,"footnotes":""},"categories":[2711,2465],"tags":[2478,2466],"class_list":["post-71268","post","type-post","status-publish","format-standard","has-post-thumbnail","hentry","category-emergencia-climatica","category-informativos","tag-ecologia","tag-espana"],"acf":[],"yoast_head":"<!-- This site is optimized with the Yoast SEO plugin v27.4 - https:\/\/yoast.com\/product\/yoast-seo-wordpress\/ -->\n<title>La sociedad civil se planta ante los combustibles f\u00f3siles - DLVRADIO<\/title>\n<meta name=\"description\" content=\"La sociedad civil se planta ante los combustibles f\u00f3siles. M\u00e1s de 30 organizaciones apoyan una carta contra la expansi\u00f3n de infraestructuras gasistas, la\" \/>\n<meta name=\"robots\" content=\"index, follow, max-snippet:-1, max-image-preview:large, max-video-preview:-1\" \/>\n<link rel=\"canonical\" href=\"https:\/\/dlvradio.es\/en\/la-sociedad-civil-se-planta-ante-los-combustibles-fosiles\/\" \/>\n<meta property=\"og:locale\" content=\"en_US\" \/>\n<meta property=\"og:type\" content=\"article\" \/>\n<meta property=\"og:title\" content=\"La sociedad civil se planta ante los combustibles f\u00f3siles - DLVRADIO\" \/>\n<meta property=\"og:description\" content=\"La sociedad civil se planta ante los combustibles f\u00f3siles. M\u00e1s de 30 organizaciones apoyan una carta contra la expansi\u00f3n de infraestructuras gasistas, la\" \/>\n<meta property=\"og:url\" content=\"https:\/\/dlvradio.es\/en\/la-sociedad-civil-se-planta-ante-los-combustibles-fosiles\/\" \/>\n<meta property=\"og:site_name\" content=\"DLVRADIO\" \/>\n<meta property=\"article:publisher\" content=\"https:\/\/www.facebook.com\/RadioDLVradio\/\" \/>\n<meta property=\"article:published_time\" content=\"2022-04-29T08:19:53+00:00\" \/>\n<meta property=\"og:image\" content=\"https:\/\/dlvradio.es\/wp-content\/uploads\/2022\/04\/La-sociedad-civil-se-planta-ante-los-combustibles-fosiles.jpg\" \/>\n\t<meta property=\"og:image:width\" content=\"1511\" \/>\n\t<meta property=\"og:image:height\" content=\"1511\" \/>\n\t<meta property=\"og:image:type\" content=\"image\/jpeg\" \/>\n<meta name=\"author\" content=\"DLV RADIO\" \/>\n<meta name=\"twitter:card\" content=\"summary_large_image\" \/>\n<meta name=\"twitter:creator\" content=\"@RadioDlvradio\" \/>\n<meta name=\"twitter:site\" content=\"@RadioDlvradio\" \/>\n<script type=\"application\/ld+json\" class=\"yoast-schema-graph\">{\"@context\":\"https:\\\/\\\/schema.org\",\"@graph\":[{\"@type\":\"Article\",\"@id\":\"https:\\\/\\\/dlvradio.es\\\/la-sociedad-civil-se-planta-ante-los-combustibles-fosiles\\\/#article\",\"isPartOf\":{\"@id\":\"https:\\\/\\\/dlvradio.es\\\/la-sociedad-civil-se-planta-ante-los-combustibles-fosiles\\\/\"},\"author\":{\"name\":\"DLV RADIO\",\"@id\":\"https:\\\/\\\/dlvradio.es\\\/#\\\/schema\\\/person\\\/7d533f9f89b13e3a3f2ba7f67d6412de\"},\"headline\":\"La sociedad civil se planta ante los combustibles f\u00f3siles\",\"datePublished\":\"2022-04-29T08:19:53+00:00\",\"mainEntityOfPage\":{\"@id\":\"https:\\\/\\\/dlvradio.es\\\/la-sociedad-civil-se-planta-ante-los-combustibles-fosiles\\\/\"},\"wordCount\":774,\"commentCount\":0,\"publisher\":{\"@id\":\"https:\\\/\\\/dlvradio.es\\\/#organization\"},\"image\":{\"@id\":\"https:\\\/\\\/dlvradio.es\\\/la-sociedad-civil-se-planta-ante-los-combustibles-fosiles\\\/#primaryimage\"},\"thumbnailUrl\":\"https:\\\/\\\/dlvradio.es\\\/wp-content\\\/uploads\\\/2022\\\/04\\\/La-sociedad-civil-se-planta-ante-los-combustibles-fosiles.jpg\",\"keywords\":[\"ecolog\u00eda\",\"Espa\u00f1a\"],\"articleSection\":[\"Emergencia clim\u00e1tica\",\"Informativos\"],\"inLanguage\":\"en-US\"},{\"@type\":\"WebPage\",\"@id\":\"https:\\\/\\\/dlvradio.es\\\/la-sociedad-civil-se-planta-ante-los-combustibles-fosiles\\\/\",\"url\":\"https:\\\/\\\/dlvradio.es\\\/la-sociedad-civil-se-planta-ante-los-combustibles-fosiles\\\/\",\"name\":\"La sociedad civil se planta ante los combustibles f\u00f3siles - DLVRADIO\",\"isPartOf\":{\"@id\":\"https:\\\/\\\/dlvradio.es\\\/#website\"},\"primaryImageOfPage\":{\"@id\":\"https:\\\/\\\/dlvradio.es\\\/la-sociedad-civil-se-planta-ante-los-combustibles-fosiles\\\/#primaryimage\"},\"image\":{\"@id\":\"https:\\\/\\\/dlvradio.es\\\/la-sociedad-civil-se-planta-ante-los-combustibles-fosiles\\\/#primaryimage\"},\"thumbnailUrl\":\"https:\\\/\\\/dlvradio.es\\\/wp-content\\\/uploads\\\/2022\\\/04\\\/La-sociedad-civil-se-planta-ante-los-combustibles-fosiles.jpg\",\"datePublished\":\"2022-04-29T08:19:53+00:00\",\"description\":\"La sociedad civil se planta ante los combustibles f\u00f3siles. M\u00e1s de 30 organizaciones apoyan una carta contra la expansi\u00f3n de infraestructuras gasistas, la\",\"breadcrumb\":{\"@id\":\"https:\\\/\\\/dlvradio.es\\\/la-sociedad-civil-se-planta-ante-los-combustibles-fosiles\\\/#breadcrumb\"},\"inLanguage\":\"en-US\",\"potentialAction\":[{\"@type\":\"ReadAction\",\"target\":[\"https:\\\/\\\/dlvradio.es\\\/la-sociedad-civil-se-planta-ante-los-combustibles-fosiles\\\/\"]}]},{\"@type\":\"ImageObject\",\"inLanguage\":\"en-US\",\"@id\":\"https:\\\/\\\/dlvradio.es\\\/la-sociedad-civil-se-planta-ante-los-combustibles-fosiles\\\/#primaryimage\",\"url\":\"https:\\\/\\\/dlvradio.es\\\/wp-content\\\/uploads\\\/2022\\\/04\\\/La-sociedad-civil-se-planta-ante-los-combustibles-fosiles.jpg\",\"contentUrl\":\"https:\\\/\\\/dlvradio.es\\\/wp-content\\\/uploads\\\/2022\\\/04\\\/La-sociedad-civil-se-planta-ante-los-combustibles-fosiles.jpg\",\"width\":1511,\"height\":1511,\"caption\":\"La sociedad civil se planta ante los combustibles f\u00f3siles\"},{\"@type\":\"BreadcrumbList\",\"@id\":\"https:\\\/\\\/dlvradio.es\\\/la-sociedad-civil-se-planta-ante-los-combustibles-fosiles\\\/#breadcrumb\",\"itemListElement\":[{\"@type\":\"ListItem\",\"position\":1,\"name\":\"Inicio\",\"item\":\"https:\\\/\\\/dlvradio.es\\\/\"},{\"@type\":\"ListItem\",\"position\":2,\"name\":\"La sociedad civil se planta ante los combustibles f\u00f3siles\"}]},{\"@type\":\"WebSite\",\"@id\":\"https:\\\/\\\/dlvradio.es\\\/#website\",\"url\":\"https:\\\/\\\/dlvradio.es\\\/\",\"name\":\"DLVRADIO\",\"description\":\"Somos un medio de comunicaci\u00f3n alternativo a los medios tradicionales\",\"publisher\":{\"@id\":\"https:\\\/\\\/dlvradio.es\\\/#organization\"},\"potentialAction\":[{\"@type\":\"SearchAction\",\"target\":{\"@type\":\"EntryPoint\",\"urlTemplate\":\"https:\\\/\\\/dlvradio.es\\\/?s={search_term_string}\"},\"query-input\":{\"@type\":\"PropertyValueSpecification\",\"valueRequired\":true,\"valueName\":\"search_term_string\"}}],\"inLanguage\":\"en-US\"},{\"@type\":\"Organization\",\"@id\":\"https:\\\/\\\/dlvradio.es\\\/#organization\",\"name\":\"DLVRADIO\",\"url\":\"https:\\\/\\\/dlvradio.es\\\/\",\"logo\":{\"@type\":\"ImageObject\",\"inLanguage\":\"en-US\",\"@id\":\"https:\\\/\\\/dlvradio.es\\\/#\\\/schema\\\/logo\\\/image\\\/\",\"url\":\"\",\"contentUrl\":\"\",\"caption\":\"DLVRADIO\"},\"image\":{\"@id\":\"https:\\\/\\\/dlvradio.es\\\/#\\\/schema\\\/logo\\\/image\\\/\"},\"sameAs\":[\"https:\\\/\\\/www.facebook.com\\\/RadioDLVradio\\\/\",\"https:\\\/\\\/x.com\\\/RadioDlvradio\",\"https:\\\/\\\/www.instagram.com\\\/radiodlvradio\\\/\"]},{\"@type\":\"Person\",\"@id\":\"https:\\\/\\\/dlvradio.es\\\/#\\\/schema\\\/person\\\/7d533f9f89b13e3a3f2ba7f67d6412de\",\"name\":\"DLV RADIO\",\"sameAs\":[\"https:\\\/\\\/dlvradio.es\"]}]}<\/script>\n<!-- \/ Yoast SEO plugin. -->","yoast_head_json":{"title":"La sociedad civil se planta ante los combustibles f\u00f3siles - DLVRADIO","description":"La sociedad civil se planta ante los combustibles f\u00f3siles. M\u00e1s de 30 organizaciones apoyan una carta contra la expansi\u00f3n de infraestructuras gasistas, la","robots":{"index":"index","follow":"follow","max-snippet":"max-snippet:-1","max-image-preview":"max-image-preview:large","max-video-preview":"max-video-preview:-1"},"canonical":"https:\/\/dlvradio.es\/en\/la-sociedad-civil-se-planta-ante-los-combustibles-fosiles\/","og_locale":"en_US","og_type":"article","og_title":"La sociedad civil se planta ante los combustibles f\u00f3siles - DLVRADIO","og_description":"La sociedad civil se planta ante los combustibles f\u00f3siles. M\u00e1s de 30 organizaciones apoyan una carta contra la expansi\u00f3n de infraestructuras gasistas, la","og_url":"https:\/\/dlvradio.es\/en\/la-sociedad-civil-se-planta-ante-los-combustibles-fosiles\/","og_site_name":"DLVRADIO","article_publisher":"https:\/\/www.facebook.com\/RadioDLVradio\/","article_published_time":"2022-04-29T08:19:53+00:00","og_image":[{"width":1511,"height":1511,"url":"https:\/\/dlvradio.es\/wp-content\/uploads\/2022\/04\/La-sociedad-civil-se-planta-ante-los-combustibles-fosiles.jpg","type":"image\/jpeg"}],"author":"DLV RADIO","twitter_card":"summary_large_image","twitter_creator":"@RadioDlvradio","twitter_site":"@RadioDlvradio","schema":{"@context":"https:\/\/schema.org","@graph":[{"@type":"Article","@id":"https:\/\/dlvradio.es\/la-sociedad-civil-se-planta-ante-los-combustibles-fosiles\/#article","isPartOf":{"@id":"https:\/\/dlvradio.es\/la-sociedad-civil-se-planta-ante-los-combustibles-fosiles\/"},"author":{"name":"DLV RADIO","@id":"https:\/\/dlvradio.es\/#\/schema\/person\/7d533f9f89b13e3a3f2ba7f67d6412de"},"headline":"La sociedad civil se planta ante los combustibles f\u00f3siles","datePublished":"2022-04-29T08:19:53+00:00","mainEntityOfPage":{"@id":"https:\/\/dlvradio.es\/la-sociedad-civil-se-planta-ante-los-combustibles-fosiles\/"},"wordCount":774,"commentCount":0,"publisher":{"@id":"https:\/\/dlvradio.es\/#organization"},"image":{"@id":"https:\/\/dlvradio.es\/la-sociedad-civil-se-planta-ante-los-combustibles-fosiles\/#primaryimage"},"thumbnailUrl":"https:\/\/dlvradio.es\/wp-content\/uploads\/2022\/04\/La-sociedad-civil-se-planta-ante-los-combustibles-fosiles.jpg","keywords":["ecolog\u00eda","Espa\u00f1a"],"articleSection":["Emergencia clim\u00e1tica","Informativos"],"inLanguage":"en-US"},{"@type":"WebPage","@id":"https:\/\/dlvradio.es\/la-sociedad-civil-se-planta-ante-los-combustibles-fosiles\/","url":"https:\/\/dlvradio.es\/la-sociedad-civil-se-planta-ante-los-combustibles-fosiles\/","name":"La sociedad civil se planta ante los combustibles f\u00f3siles - DLVRADIO","isPartOf":{"@id":"https:\/\/dlvradio.es\/#website"},"primaryImageOfPage":{"@id":"https:\/\/dlvradio.es\/la-sociedad-civil-se-planta-ante-los-combustibles-fosiles\/#primaryimage"},"image":{"@id":"https:\/\/dlvradio.es\/la-sociedad-civil-se-planta-ante-los-combustibles-fosiles\/#primaryimage"},"thumbnailUrl":"https:\/\/dlvradio.es\/wp-content\/uploads\/2022\/04\/La-sociedad-civil-se-planta-ante-los-combustibles-fosiles.jpg","datePublished":"2022-04-29T08:19:53+00:00","description":"La sociedad civil se planta ante los combustibles f\u00f3siles. M\u00e1s de 30 organizaciones apoyan una carta contra la expansi\u00f3n de infraestructuras gasistas, la","breadcrumb":{"@id":"https:\/\/dlvradio.es\/la-sociedad-civil-se-planta-ante-los-combustibles-fosiles\/#breadcrumb"},"inLanguage":"en-US","potentialAction":[{"@type":"ReadAction","target":["https:\/\/dlvradio.es\/la-sociedad-civil-se-planta-ante-los-combustibles-fosiles\/"]}]},{"@type":"ImageObject","inLanguage":"en-US","@id":"https:\/\/dlvradio.es\/la-sociedad-civil-se-planta-ante-los-combustibles-fosiles\/#primaryimage","url":"https:\/\/dlvradio.es\/wp-content\/uploads\/2022\/04\/La-sociedad-civil-se-planta-ante-los-combustibles-fosiles.jpg","contentUrl":"https:\/\/dlvradio.es\/wp-content\/uploads\/2022\/04\/La-sociedad-civil-se-planta-ante-los-combustibles-fosiles.jpg","width":1511,"height":1511,"caption":"La sociedad civil se planta ante los combustibles f\u00f3siles"},{"@type":"BreadcrumbList","@id":"https:\/\/dlvradio.es\/la-sociedad-civil-se-planta-ante-los-combustibles-fosiles\/#breadcrumb","itemListElement":[{"@type":"ListItem","position":1,"name":"Inicio","item":"https:\/\/dlvradio.es\/"},{"@type":"ListItem","position":2,"name":"La sociedad civil se planta ante los combustibles f\u00f3siles"}]},{"@type":"WebSite","@id":"https:\/\/dlvradio.es\/#website","url":"https:\/\/dlvradio.es\/","name":"DLVRADIO","description":"We are an alternative media to traditional media","publisher":{"@id":"https:\/\/dlvradio.es\/#organization"},"potentialAction":[{"@type":"SearchAction","target":{"@type":"EntryPoint","urlTemplate":"https:\/\/dlvradio.es\/?s={search_term_string}"},"query-input":{"@type":"PropertyValueSpecification","valueRequired":true,"valueName":"search_term_string"}}],"inLanguage":"en-US"},{"@type":"Organization","@id":"https:\/\/dlvradio.es\/#organization","name":"DLVRADIO","url":"https:\/\/dlvradio.es\/","logo":{"@type":"ImageObject","inLanguage":"en-US","@id":"https:\/\/dlvradio.es\/#\/schema\/logo\/image\/","url":"","contentUrl":"","caption":"DLVRADIO"},"image":{"@id":"https:\/\/dlvradio.es\/#\/schema\/logo\/image\/"},"sameAs":["https:\/\/www.facebook.com\/RadioDLVradio\/","https:\/\/x.com\/RadioDlvradio","https:\/\/www.instagram.com\/radiodlvradio\/"]},{"@type":"Person","@id":"https:\/\/dlvradio.es\/#\/schema\/person\/7d533f9f89b13e3a3f2ba7f67d6412de","name":"DLV RADIO","sameAs":["https:\/\/dlvradio.es"]}]}},"_links":{"self":[{"href":"https:\/\/dlvradio.es\/en\/wp-json\/wp\/v2\/posts\/71268","targetHints":{"allow":["GET"]}}],"collection":[{"href":"https:\/\/dlvradio.es\/en\/wp-json\/wp\/v2\/posts"}],"about":[{"href":"https:\/\/dlvradio.es\/en\/wp-json\/wp\/v2\/types\/post"}],"author":[{"embeddable":true,"href":"https:\/\/dlvradio.es\/en\/wp-json\/wp\/v2\/users\/4"}],"replies":[{"embeddable":true,"href":"https:\/\/dlvradio.es\/en\/wp-json\/wp\/v2\/comments?post=71268"}],"version-history":[{"count":0,"href":"https:\/\/dlvradio.es\/en\/wp-json\/wp\/v2\/posts\/71268\/revisions"}],"wp:featuredmedia":[{"embeddable":true,"href":"https:\/\/dlvradio.es\/en\/wp-json\/wp\/v2\/media\/71269"}],"wp:attachment":[{"href":"https:\/\/dlvradio.es\/en\/wp-json\/wp\/v2\/media?parent=71268"}],"wp:term":[{"taxonomy":"category","embeddable":true,"href":"https:\/\/dlvradio.es\/en\/wp-json\/wp\/v2\/categories?post=71268"},{"taxonomy":"post_tag","embeddable":true,"href":"https:\/\/dlvradio.es\/en\/wp-json\/wp\/v2\/tags?post=71268"}],"curies":[{"name":"wp","href":"https:\/\/api.w.org\/{rel}","templated":true}]}}