{"id":71291,"date":"2022-05-14T10:00:00","date_gmt":"2022-05-14T08:00:00","guid":{"rendered":"https:\/\/dlvradio.es\/de-la-ciudad-de-los-coches-a-la-ciudad-de-las-personas\/"},"modified":"2022-05-14T10:00:00","modified_gmt":"2022-05-14T08:00:00","slug":"de-la-ciudad-de-los-coches-a-la-ciudad-de-las-personas","status":"publish","type":"post","link":"https:\/\/dlvradio.es\/en\/de-la-ciudad-de-los-coches-a-la-ciudad-de-las-personas\/","title":{"rendered":"From the city of cars to the city of people"},"content":{"rendered":"<h6><strong><img decoding=\"async\" class=\"alignleft wp-image-9439 size-thumbnail\" src=\"https:\/\/dlvradio.es\/wp-content\/uploads\/2022\/05\/De-la-ciudad-de-los-coches-a-la-ciudad-de-las-personas-150x150.jpg\" alt=\"\" width=\"150\" height=\"150\" \/>Lanzamiento de la campa\u00f1a \u00abBARCELONA&#8217;22\u00bb para presentar un proyecto transformador de la movilidad insostenible e injusta de la metr\u00f3poli de Barcelona.<\/strong><\/h6>\n<p>La Plataforma por la Calidad del Aire, la Asociaci\u00f3n para la Promoci\u00f3n del Transporte P\u00fablico, Ecologistes en Acci\u00f3 de Catalunya, Eixample Respira, Bicicleta Club de Catalu\u00f1a, la Red por la Justicia Clim\u00e1tica, \u200b\u200bCatalu\u00f1a Camina y la Asociaci\u00f3n de Prevenci\u00f3n de Accidentes de tr\u00e1fico se han unido para impulsar una nueva campa\u00f1a para dar a conocer el proyecto que han elaborado por una ciudad saludable, con una movilidad sostenible y que respeta el planeta.<\/p>\n<ul>\n<li>D\u00eda y hora: <strong>martes 17 de mayo, a las 11\u202f:00<\/strong>.<\/li>\n<li>Lugar: <strong>Plaza Sant Jaume (Barcelona)<\/strong>.<\/li>\n<\/ul>\n<p>El proyecto contiene medidas de bajo coste y gran impacto para lograr cambios estructurales en un plazo de dos a\u00f1os.<\/p>\n<p>En la rueda de prensa se ofrecer\u00e1 informaci\u00f3n sobre las medidas concretas, los principales resultados y tambi\u00e9n se dar\u00e1 a conocer la encuesta p\u00fablica que avala favorablemente la medida principal del proyecto. Tambi\u00e9n se presentar\u00e1 la web donde se puede encontrar explicaci\u00f3n audiovisual del proyecto y se podr\u00e1 descargar el documento t\u00e9cnico del proyecto.<\/p>\n<p>La campa\u00f1a quiere interpelar a las administraciones competentes (Ayuntamiento de Barcelona, \u00c1rea Metropolitana de Barcelona y Generalitat de Catalunya) y a los grupos pol\u00edticos, con el objetivo de que consideren la implementaci\u00f3n del proyecto y abandonen falsas soluciones o medidas parciales, ya que, a pesar de que algunas pueden ser positivas, no dan respuesta en la dimensi\u00f3n y urgencia a los retos actuales: aire limpio, emergencia clim\u00e1tica, justicia social a la movilidad, recuperaci\u00f3n del espacio p\u00fablico y reducci\u00f3n del consumo energ\u00e9tico, del ruido y de la siniestralidad.<\/p>\n<p><iframe title=\"BARCELONA22 (teaser). De la ciudad de los coches a la ciudad de las personas #RecuperemLaCiutat\" width=\"800\" height=\"450\" src=\"https:\/\/www.youtube.com\/embed\/9FiSAuJ1HD4?feature=oembed\" frameborder=\"0\" allow=\"accelerometer; autoplay; clipboard-write; encrypted-media; gyroscope; picture-in-picture; web-share\" referrerpolicy=\"strict-origin-when-cross-origin\" allowfullscreen><\/iframe><\/p>","protected":false},"excerpt":{"rendered":"<p>Lanzamiento de la campa\u00f1a \u00abBARCELONA&#8217;22\u00bb para presentar un proyecto transformador de la movilidad insostenible e injusta de la metr\u00f3poli de Barcelona. La Plataforma por la Calidad del Aire, la Asociaci\u00f3n para la Promoci\u00f3n del Transporte P\u00fablico, Ecologistes en Acci\u00f3 de Catalunya, Eixample Respira, Bicicleta Club de Catalu\u00f1a, la Red por la Justicia Clim\u00e1tica, \u200b\u200bCatalu\u00f1a Camina [&hellip;]<\/p>\n","protected":false},"author":4,"featured_media":71292,"comment_status":"open","ping_status":"open","sticky":false,"template":"","format":"standard","meta":{"_acf_changed":false,"footnotes":""},"categories":[2711,2465],"tags":[2478,2466],"class_list":["post-71291","post","type-post","status-publish","format-standard","has-post-thumbnail","hentry","category-emergencia-climatica","category-informativos","tag-ecologia","tag-espana"],"acf":[],"yoast_head":"<!-- This site is optimized with the Yoast SEO plugin v27.4 - https:\/\/yoast.com\/product\/yoast-seo-wordpress\/ -->\n<title>De la ciudad de los coches a la ciudad de las personas - DLVRADIO<\/title>\n<meta name=\"description\" content=\"Lanzamiento de la campa\u00f1a &quot;BARCELONA&#039;22&quot; para presentar un proyecto transformador de la movilidad insostenible e injusta de la metr\u00f3poli de Barcelona. La\" \/>\n<meta name=\"robots\" content=\"index, follow, max-snippet:-1, max-image-preview:large, max-video-preview:-1\" \/>\n<link rel=\"canonical\" href=\"https:\/\/dlvradio.es\/en\/de-la-ciudad-de-los-coches-a-la-ciudad-de-las-personas\/\" \/>\n<meta property=\"og:locale\" content=\"en_US\" \/>\n<meta property=\"og:type\" content=\"article\" \/>\n<meta property=\"og:title\" content=\"De la ciudad de los coches a la ciudad de las personas - DLVRADIO\" \/>\n<meta property=\"og:description\" content=\"Lanzamiento de la campa\u00f1a &quot;BARCELONA&#039;22&quot; para presentar un proyecto transformador de la movilidad insostenible e injusta de la metr\u00f3poli de Barcelona. La\" \/>\n<meta property=\"og:url\" content=\"https:\/\/dlvradio.es\/en\/de-la-ciudad-de-los-coches-a-la-ciudad-de-las-personas\/\" \/>\n<meta property=\"og:site_name\" content=\"DLVRADIO\" \/>\n<meta property=\"article:publisher\" content=\"https:\/\/www.facebook.com\/RadioDLVradio\/\" \/>\n<meta property=\"article:published_time\" content=\"2022-05-14T08:00:00+00:00\" \/>\n<meta property=\"og:image\" content=\"https:\/\/dlvradio.es\/wp-content\/uploads\/2022\/05\/De-la-ciudad-de-los-coches-a-la-ciudad-de-las-personas.jpg\" \/>\n\t<meta property=\"og:image:width\" content=\"1511\" \/>\n\t<meta property=\"og:image:height\" content=\"1511\" \/>\n\t<meta property=\"og:image:type\" content=\"image\/jpeg\" \/>\n<meta name=\"author\" content=\"DLV RADIO\" \/>\n<meta name=\"twitter:card\" content=\"summary_large_image\" \/>\n<meta name=\"twitter:creator\" content=\"@RadioDlvradio\" \/>\n<meta name=\"twitter:site\" content=\"@RadioDlvradio\" \/>\n<script type=\"application\/ld+json\" class=\"yoast-schema-graph\">{\"@context\":\"https:\\\/\\\/schema.org\",\"@graph\":[{\"@type\":\"Article\",\"@id\":\"https:\\\/\\\/dlvradio.es\\\/de-la-ciudad-de-los-coches-a-la-ciudad-de-las-personas\\\/#article\",\"isPartOf\":{\"@id\":\"https:\\\/\\\/dlvradio.es\\\/de-la-ciudad-de-los-coches-a-la-ciudad-de-las-personas\\\/\"},\"author\":{\"name\":\"DLV RADIO\",\"@id\":\"https:\\\/\\\/dlvradio.es\\\/#\\\/schema\\\/person\\\/7d533f9f89b13e3a3f2ba7f67d6412de\"},\"headline\":\"De la ciudad de los coches a la ciudad de las personas\",\"datePublished\":\"2022-05-14T08:00:00+00:00\",\"mainEntityOfPage\":{\"@id\":\"https:\\\/\\\/dlvradio.es\\\/de-la-ciudad-de-los-coches-a-la-ciudad-de-las-personas\\\/\"},\"wordCount\":316,\"commentCount\":0,\"publisher\":{\"@id\":\"https:\\\/\\\/dlvradio.es\\\/#organization\"},\"image\":{\"@id\":\"https:\\\/\\\/dlvradio.es\\\/de-la-ciudad-de-los-coches-a-la-ciudad-de-las-personas\\\/#primaryimage\"},\"thumbnailUrl\":\"https:\\\/\\\/dlvradio.es\\\/wp-content\\\/uploads\\\/2022\\\/05\\\/De-la-ciudad-de-los-coches-a-la-ciudad-de-las-personas.jpg\",\"keywords\":[\"ecolog\u00eda\",\"Espa\u00f1a\"],\"articleSection\":[\"Emergencia clim\u00e1tica\",\"Informativos\"],\"inLanguage\":\"en-US\"},{\"@type\":\"WebPage\",\"@id\":\"https:\\\/\\\/dlvradio.es\\\/de-la-ciudad-de-los-coches-a-la-ciudad-de-las-personas\\\/\",\"url\":\"https:\\\/\\\/dlvradio.es\\\/de-la-ciudad-de-los-coches-a-la-ciudad-de-las-personas\\\/\",\"name\":\"De la ciudad de los coches a la ciudad de las personas - DLVRADIO\",\"isPartOf\":{\"@id\":\"https:\\\/\\\/dlvradio.es\\\/#website\"},\"primaryImageOfPage\":{\"@id\":\"https:\\\/\\\/dlvradio.es\\\/de-la-ciudad-de-los-coches-a-la-ciudad-de-las-personas\\\/#primaryimage\"},\"image\":{\"@id\":\"https:\\\/\\\/dlvradio.es\\\/de-la-ciudad-de-los-coches-a-la-ciudad-de-las-personas\\\/#primaryimage\"},\"thumbnailUrl\":\"https:\\\/\\\/dlvradio.es\\\/wp-content\\\/uploads\\\/2022\\\/05\\\/De-la-ciudad-de-los-coches-a-la-ciudad-de-las-personas.jpg\",\"datePublished\":\"2022-05-14T08:00:00+00:00\",\"description\":\"Lanzamiento de la campa\u00f1a \\\"BARCELONA'22\\\" para presentar un proyecto transformador de la movilidad insostenible e injusta de la metr\u00f3poli de Barcelona. La\",\"breadcrumb\":{\"@id\":\"https:\\\/\\\/dlvradio.es\\\/de-la-ciudad-de-los-coches-a-la-ciudad-de-las-personas\\\/#breadcrumb\"},\"inLanguage\":\"en-US\",\"potentialAction\":[{\"@type\":\"ReadAction\",\"target\":[\"https:\\\/\\\/dlvradio.es\\\/de-la-ciudad-de-los-coches-a-la-ciudad-de-las-personas\\\/\"]}]},{\"@type\":\"ImageObject\",\"inLanguage\":\"en-US\",\"@id\":\"https:\\\/\\\/dlvradio.es\\\/de-la-ciudad-de-los-coches-a-la-ciudad-de-las-personas\\\/#primaryimage\",\"url\":\"https:\\\/\\\/dlvradio.es\\\/wp-content\\\/uploads\\\/2022\\\/05\\\/De-la-ciudad-de-los-coches-a-la-ciudad-de-las-personas.jpg\",\"contentUrl\":\"https:\\\/\\\/dlvradio.es\\\/wp-content\\\/uploads\\\/2022\\\/05\\\/De-la-ciudad-de-los-coches-a-la-ciudad-de-las-personas.jpg\",\"width\":1511,\"height\":1511,\"caption\":\"De la ciudad de los coches a la ciudad de las personas\"},{\"@type\":\"BreadcrumbList\",\"@id\":\"https:\\\/\\\/dlvradio.es\\\/de-la-ciudad-de-los-coches-a-la-ciudad-de-las-personas\\\/#breadcrumb\",\"itemListElement\":[{\"@type\":\"ListItem\",\"position\":1,\"name\":\"Inicio\",\"item\":\"https:\\\/\\\/dlvradio.es\\\/\"},{\"@type\":\"ListItem\",\"position\":2,\"name\":\"De la ciudad de los coches a la ciudad de las personas\"}]},{\"@type\":\"WebSite\",\"@id\":\"https:\\\/\\\/dlvradio.es\\\/#website\",\"url\":\"https:\\\/\\\/dlvradio.es\\\/\",\"name\":\"DLVRADIO\",\"description\":\"Somos un medio de comunicaci\u00f3n alternativo a los medios tradicionales\",\"publisher\":{\"@id\":\"https:\\\/\\\/dlvradio.es\\\/#organization\"},\"potentialAction\":[{\"@type\":\"SearchAction\",\"target\":{\"@type\":\"EntryPoint\",\"urlTemplate\":\"https:\\\/\\\/dlvradio.es\\\/?s={search_term_string}\"},\"query-input\":{\"@type\":\"PropertyValueSpecification\",\"valueRequired\":true,\"valueName\":\"search_term_string\"}}],\"inLanguage\":\"en-US\"},{\"@type\":\"Organization\",\"@id\":\"https:\\\/\\\/dlvradio.es\\\/#organization\",\"name\":\"DLVRADIO\",\"url\":\"https:\\\/\\\/dlvradio.es\\\/\",\"logo\":{\"@type\":\"ImageObject\",\"inLanguage\":\"en-US\",\"@id\":\"https:\\\/\\\/dlvradio.es\\\/#\\\/schema\\\/logo\\\/image\\\/\",\"url\":\"\",\"contentUrl\":\"\",\"caption\":\"DLVRADIO\"},\"image\":{\"@id\":\"https:\\\/\\\/dlvradio.es\\\/#\\\/schema\\\/logo\\\/image\\\/\"},\"sameAs\":[\"https:\\\/\\\/www.facebook.com\\\/RadioDLVradio\\\/\",\"https:\\\/\\\/x.com\\\/RadioDlvradio\",\"https:\\\/\\\/www.instagram.com\\\/radiodlvradio\\\/\"]},{\"@type\":\"Person\",\"@id\":\"https:\\\/\\\/dlvradio.es\\\/#\\\/schema\\\/person\\\/7d533f9f89b13e3a3f2ba7f67d6412de\",\"name\":\"DLV RADIO\",\"sameAs\":[\"https:\\\/\\\/dlvradio.es\"]}]}<\/script>\n<!-- \/ Yoast SEO plugin. -->","yoast_head_json":{"title":"De la ciudad de los coches a la ciudad de las personas - DLVRADIO","description":"Lanzamiento de la campa\u00f1a \"BARCELONA'22\" para presentar un proyecto transformador de la movilidad insostenible e injusta de la metr\u00f3poli de Barcelona. La","robots":{"index":"index","follow":"follow","max-snippet":"max-snippet:-1","max-image-preview":"max-image-preview:large","max-video-preview":"max-video-preview:-1"},"canonical":"https:\/\/dlvradio.es\/en\/de-la-ciudad-de-los-coches-a-la-ciudad-de-las-personas\/","og_locale":"en_US","og_type":"article","og_title":"De la ciudad de los coches a la ciudad de las personas - DLVRADIO","og_description":"Lanzamiento de la campa\u00f1a \"BARCELONA'22\" para presentar un proyecto transformador de la movilidad insostenible e injusta de la metr\u00f3poli de Barcelona. La","og_url":"https:\/\/dlvradio.es\/en\/de-la-ciudad-de-los-coches-a-la-ciudad-de-las-personas\/","og_site_name":"DLVRADIO","article_publisher":"https:\/\/www.facebook.com\/RadioDLVradio\/","article_published_time":"2022-05-14T08:00:00+00:00","og_image":[{"width":1511,"height":1511,"url":"https:\/\/dlvradio.es\/wp-content\/uploads\/2022\/05\/De-la-ciudad-de-los-coches-a-la-ciudad-de-las-personas.jpg","type":"image\/jpeg"}],"author":"DLV RADIO","twitter_card":"summary_large_image","twitter_creator":"@RadioDlvradio","twitter_site":"@RadioDlvradio","schema":{"@context":"https:\/\/schema.org","@graph":[{"@type":"Article","@id":"https:\/\/dlvradio.es\/de-la-ciudad-de-los-coches-a-la-ciudad-de-las-personas\/#article","isPartOf":{"@id":"https:\/\/dlvradio.es\/de-la-ciudad-de-los-coches-a-la-ciudad-de-las-personas\/"},"author":{"name":"DLV RADIO","@id":"https:\/\/dlvradio.es\/#\/schema\/person\/7d533f9f89b13e3a3f2ba7f67d6412de"},"headline":"De la ciudad de los coches a la ciudad de las personas","datePublished":"2022-05-14T08:00:00+00:00","mainEntityOfPage":{"@id":"https:\/\/dlvradio.es\/de-la-ciudad-de-los-coches-a-la-ciudad-de-las-personas\/"},"wordCount":316,"commentCount":0,"publisher":{"@id":"https:\/\/dlvradio.es\/#organization"},"image":{"@id":"https:\/\/dlvradio.es\/de-la-ciudad-de-los-coches-a-la-ciudad-de-las-personas\/#primaryimage"},"thumbnailUrl":"https:\/\/dlvradio.es\/wp-content\/uploads\/2022\/05\/De-la-ciudad-de-los-coches-a-la-ciudad-de-las-personas.jpg","keywords":["ecolog\u00eda","Espa\u00f1a"],"articleSection":["Emergencia clim\u00e1tica","Informativos"],"inLanguage":"en-US"},{"@type":"WebPage","@id":"https:\/\/dlvradio.es\/de-la-ciudad-de-los-coches-a-la-ciudad-de-las-personas\/","url":"https:\/\/dlvradio.es\/de-la-ciudad-de-los-coches-a-la-ciudad-de-las-personas\/","name":"De la ciudad de los coches a la ciudad de las personas - DLVRADIO","isPartOf":{"@id":"https:\/\/dlvradio.es\/#website"},"primaryImageOfPage":{"@id":"https:\/\/dlvradio.es\/de-la-ciudad-de-los-coches-a-la-ciudad-de-las-personas\/#primaryimage"},"image":{"@id":"https:\/\/dlvradio.es\/de-la-ciudad-de-los-coches-a-la-ciudad-de-las-personas\/#primaryimage"},"thumbnailUrl":"https:\/\/dlvradio.es\/wp-content\/uploads\/2022\/05\/De-la-ciudad-de-los-coches-a-la-ciudad-de-las-personas.jpg","datePublished":"2022-05-14T08:00:00+00:00","description":"Lanzamiento de la campa\u00f1a \"BARCELONA'22\" para presentar un proyecto transformador de la movilidad insostenible e injusta de la metr\u00f3poli de Barcelona. La","breadcrumb":{"@id":"https:\/\/dlvradio.es\/de-la-ciudad-de-los-coches-a-la-ciudad-de-las-personas\/#breadcrumb"},"inLanguage":"en-US","potentialAction":[{"@type":"ReadAction","target":["https:\/\/dlvradio.es\/de-la-ciudad-de-los-coches-a-la-ciudad-de-las-personas\/"]}]},{"@type":"ImageObject","inLanguage":"en-US","@id":"https:\/\/dlvradio.es\/de-la-ciudad-de-los-coches-a-la-ciudad-de-las-personas\/#primaryimage","url":"https:\/\/dlvradio.es\/wp-content\/uploads\/2022\/05\/De-la-ciudad-de-los-coches-a-la-ciudad-de-las-personas.jpg","contentUrl":"https:\/\/dlvradio.es\/wp-content\/uploads\/2022\/05\/De-la-ciudad-de-los-coches-a-la-ciudad-de-las-personas.jpg","width":1511,"height":1511,"caption":"De la ciudad de los coches a la ciudad de las personas"},{"@type":"BreadcrumbList","@id":"https:\/\/dlvradio.es\/de-la-ciudad-de-los-coches-a-la-ciudad-de-las-personas\/#breadcrumb","itemListElement":[{"@type":"ListItem","position":1,"name":"Inicio","item":"https:\/\/dlvradio.es\/"},{"@type":"ListItem","position":2,"name":"De la ciudad de los coches a la ciudad de las personas"}]},{"@type":"WebSite","@id":"https:\/\/dlvradio.es\/#website","url":"https:\/\/dlvradio.es\/","name":"DLVRADIO","description":"We are an alternative media to traditional media","publisher":{"@id":"https:\/\/dlvradio.es\/#organization"},"potentialAction":[{"@type":"SearchAction","target":{"@type":"EntryPoint","urlTemplate":"https:\/\/dlvradio.es\/?s={search_term_string}"},"query-input":{"@type":"PropertyValueSpecification","valueRequired":true,"valueName":"search_term_string"}}],"inLanguage":"en-US"},{"@type":"Organization","@id":"https:\/\/dlvradio.es\/#organization","name":"DLVRADIO","url":"https:\/\/dlvradio.es\/","logo":{"@type":"ImageObject","inLanguage":"en-US","@id":"https:\/\/dlvradio.es\/#\/schema\/logo\/image\/","url":"","contentUrl":"","caption":"DLVRADIO"},"image":{"@id":"https:\/\/dlvradio.es\/#\/schema\/logo\/image\/"},"sameAs":["https:\/\/www.facebook.com\/RadioDLVradio\/","https:\/\/x.com\/RadioDlvradio","https:\/\/www.instagram.com\/radiodlvradio\/"]},{"@type":"Person","@id":"https:\/\/dlvradio.es\/#\/schema\/person\/7d533f9f89b13e3a3f2ba7f67d6412de","name":"DLV RADIO","sameAs":["https:\/\/dlvradio.es"]}]}},"_links":{"self":[{"href":"https:\/\/dlvradio.es\/en\/wp-json\/wp\/v2\/posts\/71291","targetHints":{"allow":["GET"]}}],"collection":[{"href":"https:\/\/dlvradio.es\/en\/wp-json\/wp\/v2\/posts"}],"about":[{"href":"https:\/\/dlvradio.es\/en\/wp-json\/wp\/v2\/types\/post"}],"author":[{"embeddable":true,"href":"https:\/\/dlvradio.es\/en\/wp-json\/wp\/v2\/users\/4"}],"replies":[{"embeddable":true,"href":"https:\/\/dlvradio.es\/en\/wp-json\/wp\/v2\/comments?post=71291"}],"version-history":[{"count":0,"href":"https:\/\/dlvradio.es\/en\/wp-json\/wp\/v2\/posts\/71291\/revisions"}],"wp:featuredmedia":[{"embeddable":true,"href":"https:\/\/dlvradio.es\/en\/wp-json\/wp\/v2\/media\/71292"}],"wp:attachment":[{"href":"https:\/\/dlvradio.es\/en\/wp-json\/wp\/v2\/media?parent=71291"}],"wp:term":[{"taxonomy":"category","embeddable":true,"href":"https:\/\/dlvradio.es\/en\/wp-json\/wp\/v2\/categories?post=71291"},{"taxonomy":"post_tag","embeddable":true,"href":"https:\/\/dlvradio.es\/en\/wp-json\/wp\/v2\/tags?post=71291"}],"curies":[{"name":"wp","href":"https:\/\/api.w.org\/{rel}","templated":true}]}}