{"id":71304,"date":"2022-05-20T17:56:29","date_gmt":"2022-05-20T15:56:29","guid":{"rendered":"https:\/\/dlvradio.es\/conversamos-con-elena-catalan-de-violencia-machista\/"},"modified":"2022-05-20T17:56:29","modified_gmt":"2022-05-20T15:56:29","slug":"conversamos-con-elena-catalan-de-violencia-machista","status":"publish","type":"post","link":"https:\/\/dlvradio.es\/en\/conversamos-con-elena-catalan-de-violencia-machista\/","title":{"rendered":"Conversamos con Elena Catal\u00e1n de violencia machista"},"content":{"rendered":"<iframe src=\"https:\/\/www.ivoox.com\/player_ej_87330373_6_1.html?c1=0ebeb7\" width=\"100%\" height=\"200\" frameborder=\"0\" allowfullscreen=\"\" scrolling=\"no\" loading=\"lazy\"><\/iframe>\n\n\n<p><img decoding=\"async\" class=\"alignleft wp-image-9489\" src=\"https:\/\/dlvradio.es\/wp-content\/uploads\/2022\/05\/Conversamos-con-Elena-Catalan-de-violencia-machista-150x150.jpg\" alt=\"\" width=\"100\" height=\"100\" \/>Os dejamos esta interesante entrevista que le hizo Nuria Gonz\u00e1lez a <strong>Elena Catal\u00e1n<\/strong> que nos habla de las secuelas psicol\u00f3gicas de la violencia machista en su libro <a href=\"https:\/\/www.amazon.es\/EL-ESPEJO-VENUS-irreductibilidad-Diosa-ebook\/dp\/B09WR7YLMT\/ref=sr_1_1?crid=ST3PV6KJLRHR&amp;keywords=el+espejo+de+venus&amp;qid=1653069898&amp;sprefix=el+espejo+de+venus%2Caps%2C83&amp;sr=8-1\"><strong>\u201cEl Espejo de Venus\u201d<\/strong><\/a>, no os pod\u00e9is perder esta entrevista para conocer m\u00e1s cerca lo que hay detr\u00e1s de la violencia machista, conocida como violencia de g\u00e9nero. Se habla mucho, pero la mayor\u00eda de las veces no se profundiza en ello. Como dice el dicho de lo que no se habla no existe, pero no es as\u00ed si existe y m\u00e1s de lo que se habla.<\/p>","protected":false},"excerpt":{"rendered":"<p>Os dejamos esta interesante entrevista que le hizo Nuria Gonz\u00e1lez a Elena Catal\u00e1n que nos habla de las secuelas psicol\u00f3gicas de la violencia machista en su libro \u201cEl Espejo de Venus\u201d, no os pod\u00e9is perder esta entrevista para conocer m\u00e1s cerca lo que hay detr\u00e1s de la violencia machista, conocida como violencia de g\u00e9nero. Se [&hellip;]<\/p>\n","protected":false},"author":4,"featured_media":71305,"comment_status":"open","ping_status":"open","sticky":false,"template":"","format":"standard","meta":{"_acf_changed":false,"footnotes":""},"categories":[2470,2485],"tags":[2495,2471,2477],"class_list":["post-71304","post","type-post","status-publish","format-standard","has-post-thumbnail","hentry","category-feminismo","category-personajes","tag-entrevistas","tag-feminismo","tag-violencia-machista"],"acf":[],"yoast_head":"<!-- This site is optimized with the Yoast SEO plugin v27.4 - https:\/\/yoast.com\/product\/yoast-seo-wordpress\/ -->\n<title>Conversamos con Elena Catal\u00e1n de violencia machista - DLVRADIO<\/title>\n<meta name=\"description\" content=\"Os dejamos esta interesante entrevista que le hizo Nuria Gonz\u00e1lez a Elena Catal\u00e1n que nos habla de las secuelas psicol\u00f3gicas de la violencia machista en\" \/>\n<meta name=\"robots\" content=\"index, follow, max-snippet:-1, max-image-preview:large, max-video-preview:-1\" \/>\n<link rel=\"canonical\" href=\"https:\/\/dlvradio.es\/en\/conversamos-con-elena-catalan-de-violencia-machista\/\" \/>\n<meta property=\"og:locale\" content=\"en_US\" \/>\n<meta property=\"og:type\" content=\"article\" \/>\n<meta property=\"og:title\" content=\"Conversamos con Elena Catal\u00e1n de violencia machista - DLVRADIO\" \/>\n<meta property=\"og:description\" content=\"Os dejamos esta interesante entrevista que le hizo Nuria Gonz\u00e1lez a Elena Catal\u00e1n que nos habla de las secuelas psicol\u00f3gicas de la violencia machista en\" \/>\n<meta property=\"og:url\" content=\"https:\/\/dlvradio.es\/en\/conversamos-con-elena-catalan-de-violencia-machista\/\" \/>\n<meta property=\"og:site_name\" content=\"DLVRADIO\" \/>\n<meta property=\"article:publisher\" content=\"https:\/\/www.facebook.com\/RadioDLVradio\/\" \/>\n<meta property=\"article:published_time\" content=\"2022-05-20T15:56:29+00:00\" \/>\n<meta property=\"og:image\" content=\"https:\/\/dlvradio.es\/wp-content\/uploads\/2022\/05\/Conversamos-con-Elena-Catalan-de-violencia-machista.jpg\" \/>\n\t<meta property=\"og:image:width\" content=\"1511\" \/>\n\t<meta property=\"og:image:height\" content=\"1511\" \/>\n\t<meta property=\"og:image:type\" content=\"image\/jpeg\" \/>\n<meta name=\"author\" content=\"DLV RADIO\" \/>\n<meta name=\"twitter:card\" content=\"summary_large_image\" \/>\n<meta name=\"twitter:creator\" content=\"@RadioDlvradio\" \/>\n<meta name=\"twitter:site\" content=\"@RadioDlvradio\" \/>\n<script type=\"application\/ld+json\" class=\"yoast-schema-graph\">{\"@context\":\"https:\\\/\\\/schema.org\",\"@graph\":[{\"@type\":\"Article\",\"@id\":\"https:\\\/\\\/dlvradio.es\\\/conversamos-con-elena-catalan-de-violencia-machista\\\/#article\",\"isPartOf\":{\"@id\":\"https:\\\/\\\/dlvradio.es\\\/conversamos-con-elena-catalan-de-violencia-machista\\\/\"},\"author\":{\"name\":\"DLV RADIO\",\"@id\":\"https:\\\/\\\/dlvradio.es\\\/#\\\/schema\\\/person\\\/7d533f9f89b13e3a3f2ba7f67d6412de\"},\"headline\":\"Conversamos con Elena Catal\u00e1n de violencia machista\",\"datePublished\":\"2022-05-20T15:56:29+00:00\",\"mainEntityOfPage\":{\"@id\":\"https:\\\/\\\/dlvradio.es\\\/conversamos-con-elena-catalan-de-violencia-machista\\\/\"},\"wordCount\":110,\"commentCount\":0,\"publisher\":{\"@id\":\"https:\\\/\\\/dlvradio.es\\\/#organization\"},\"image\":{\"@id\":\"https:\\\/\\\/dlvradio.es\\\/conversamos-con-elena-catalan-de-violencia-machista\\\/#primaryimage\"},\"thumbnailUrl\":\"https:\\\/\\\/dlvradio.es\\\/wp-content\\\/uploads\\\/2022\\\/05\\\/Conversamos-con-Elena-Catalan-de-violencia-machista.jpg\",\"keywords\":[\"Entrevistas\",\"feminismo\",\"Violencia machista\"],\"articleSection\":[\"Feminismo\",\"Personajes\"],\"inLanguage\":\"en-US\"},{\"@type\":\"WebPage\",\"@id\":\"https:\\\/\\\/dlvradio.es\\\/conversamos-con-elena-catalan-de-violencia-machista\\\/\",\"url\":\"https:\\\/\\\/dlvradio.es\\\/conversamos-con-elena-catalan-de-violencia-machista\\\/\",\"name\":\"Conversamos con Elena Catal\u00e1n de violencia machista - DLVRADIO\",\"isPartOf\":{\"@id\":\"https:\\\/\\\/dlvradio.es\\\/#website\"},\"primaryImageOfPage\":{\"@id\":\"https:\\\/\\\/dlvradio.es\\\/conversamos-con-elena-catalan-de-violencia-machista\\\/#primaryimage\"},\"image\":{\"@id\":\"https:\\\/\\\/dlvradio.es\\\/conversamos-con-elena-catalan-de-violencia-machista\\\/#primaryimage\"},\"thumbnailUrl\":\"https:\\\/\\\/dlvradio.es\\\/wp-content\\\/uploads\\\/2022\\\/05\\\/Conversamos-con-Elena-Catalan-de-violencia-machista.jpg\",\"datePublished\":\"2022-05-20T15:56:29+00:00\",\"description\":\"Os dejamos esta interesante entrevista que le hizo Nuria Gonz\u00e1lez a Elena Catal\u00e1n que nos habla de las secuelas psicol\u00f3gicas de la violencia machista en\",\"breadcrumb\":{\"@id\":\"https:\\\/\\\/dlvradio.es\\\/conversamos-con-elena-catalan-de-violencia-machista\\\/#breadcrumb\"},\"inLanguage\":\"en-US\",\"potentialAction\":[{\"@type\":\"ReadAction\",\"target\":[\"https:\\\/\\\/dlvradio.es\\\/conversamos-con-elena-catalan-de-violencia-machista\\\/\"]}]},{\"@type\":\"ImageObject\",\"inLanguage\":\"en-US\",\"@id\":\"https:\\\/\\\/dlvradio.es\\\/conversamos-con-elena-catalan-de-violencia-machista\\\/#primaryimage\",\"url\":\"https:\\\/\\\/dlvradio.es\\\/wp-content\\\/uploads\\\/2022\\\/05\\\/Conversamos-con-Elena-Catalan-de-violencia-machista.jpg\",\"contentUrl\":\"https:\\\/\\\/dlvradio.es\\\/wp-content\\\/uploads\\\/2022\\\/05\\\/Conversamos-con-Elena-Catalan-de-violencia-machista.jpg\",\"width\":1511,\"height\":1511,\"caption\":\"Conversamos con Elena Catal\u00e1n de violencia machista\"},{\"@type\":\"BreadcrumbList\",\"@id\":\"https:\\\/\\\/dlvradio.es\\\/conversamos-con-elena-catalan-de-violencia-machista\\\/#breadcrumb\",\"itemListElement\":[{\"@type\":\"ListItem\",\"position\":1,\"name\":\"Inicio\",\"item\":\"https:\\\/\\\/dlvradio.es\\\/\"},{\"@type\":\"ListItem\",\"position\":2,\"name\":\"Conversamos con Elena Catal\u00e1n de violencia machista\"}]},{\"@type\":\"WebSite\",\"@id\":\"https:\\\/\\\/dlvradio.es\\\/#website\",\"url\":\"https:\\\/\\\/dlvradio.es\\\/\",\"name\":\"DLVRADIO\",\"description\":\"Somos un medio de comunicaci\u00f3n alternativo a los medios tradicionales\",\"publisher\":{\"@id\":\"https:\\\/\\\/dlvradio.es\\\/#organization\"},\"potentialAction\":[{\"@type\":\"SearchAction\",\"target\":{\"@type\":\"EntryPoint\",\"urlTemplate\":\"https:\\\/\\\/dlvradio.es\\\/?s={search_term_string}\"},\"query-input\":{\"@type\":\"PropertyValueSpecification\",\"valueRequired\":true,\"valueName\":\"search_term_string\"}}],\"inLanguage\":\"en-US\"},{\"@type\":\"Organization\",\"@id\":\"https:\\\/\\\/dlvradio.es\\\/#organization\",\"name\":\"DLVRADIO\",\"url\":\"https:\\\/\\\/dlvradio.es\\\/\",\"logo\":{\"@type\":\"ImageObject\",\"inLanguage\":\"en-US\",\"@id\":\"https:\\\/\\\/dlvradio.es\\\/#\\\/schema\\\/logo\\\/image\\\/\",\"url\":\"\",\"contentUrl\":\"\",\"caption\":\"DLVRADIO\"},\"image\":{\"@id\":\"https:\\\/\\\/dlvradio.es\\\/#\\\/schema\\\/logo\\\/image\\\/\"},\"sameAs\":[\"https:\\\/\\\/www.facebook.com\\\/RadioDLVradio\\\/\",\"https:\\\/\\\/x.com\\\/RadioDlvradio\",\"https:\\\/\\\/www.instagram.com\\\/radiodlvradio\\\/\"]},{\"@type\":\"Person\",\"@id\":\"https:\\\/\\\/dlvradio.es\\\/#\\\/schema\\\/person\\\/7d533f9f89b13e3a3f2ba7f67d6412de\",\"name\":\"DLV RADIO\",\"sameAs\":[\"https:\\\/\\\/dlvradio.es\"]}]}<\/script>\n<!-- \/ Yoast SEO plugin. -->","yoast_head_json":{"title":"Conversamos con Elena Catal\u00e1n de violencia machista - DLVRADIO","description":"Os dejamos esta interesante entrevista que le hizo Nuria Gonz\u00e1lez a Elena Catal\u00e1n que nos habla de las secuelas psicol\u00f3gicas de la violencia machista en","robots":{"index":"index","follow":"follow","max-snippet":"max-snippet:-1","max-image-preview":"max-image-preview:large","max-video-preview":"max-video-preview:-1"},"canonical":"https:\/\/dlvradio.es\/en\/conversamos-con-elena-catalan-de-violencia-machista\/","og_locale":"en_US","og_type":"article","og_title":"Conversamos con Elena Catal\u00e1n de violencia machista - DLVRADIO","og_description":"Os dejamos esta interesante entrevista que le hizo Nuria Gonz\u00e1lez a Elena Catal\u00e1n que nos habla de las secuelas psicol\u00f3gicas de la violencia machista en","og_url":"https:\/\/dlvradio.es\/en\/conversamos-con-elena-catalan-de-violencia-machista\/","og_site_name":"DLVRADIO","article_publisher":"https:\/\/www.facebook.com\/RadioDLVradio\/","article_published_time":"2022-05-20T15:56:29+00:00","og_image":[{"width":1511,"height":1511,"url":"https:\/\/dlvradio.es\/wp-content\/uploads\/2022\/05\/Conversamos-con-Elena-Catalan-de-violencia-machista.jpg","type":"image\/jpeg"}],"author":"DLV RADIO","twitter_card":"summary_large_image","twitter_creator":"@RadioDlvradio","twitter_site":"@RadioDlvradio","schema":{"@context":"https:\/\/schema.org","@graph":[{"@type":"Article","@id":"https:\/\/dlvradio.es\/conversamos-con-elena-catalan-de-violencia-machista\/#article","isPartOf":{"@id":"https:\/\/dlvradio.es\/conversamos-con-elena-catalan-de-violencia-machista\/"},"author":{"name":"DLV RADIO","@id":"https:\/\/dlvradio.es\/#\/schema\/person\/7d533f9f89b13e3a3f2ba7f67d6412de"},"headline":"Conversamos con Elena Catal\u00e1n de violencia machista","datePublished":"2022-05-20T15:56:29+00:00","mainEntityOfPage":{"@id":"https:\/\/dlvradio.es\/conversamos-con-elena-catalan-de-violencia-machista\/"},"wordCount":110,"commentCount":0,"publisher":{"@id":"https:\/\/dlvradio.es\/#organization"},"image":{"@id":"https:\/\/dlvradio.es\/conversamos-con-elena-catalan-de-violencia-machista\/#primaryimage"},"thumbnailUrl":"https:\/\/dlvradio.es\/wp-content\/uploads\/2022\/05\/Conversamos-con-Elena-Catalan-de-violencia-machista.jpg","keywords":["Entrevistas","feminismo","Violencia machista"],"articleSection":["Feminismo","Personajes"],"inLanguage":"en-US"},{"@type":"WebPage","@id":"https:\/\/dlvradio.es\/conversamos-con-elena-catalan-de-violencia-machista\/","url":"https:\/\/dlvradio.es\/conversamos-con-elena-catalan-de-violencia-machista\/","name":"Conversamos con Elena Catal\u00e1n de violencia machista - DLVRADIO","isPartOf":{"@id":"https:\/\/dlvradio.es\/#website"},"primaryImageOfPage":{"@id":"https:\/\/dlvradio.es\/conversamos-con-elena-catalan-de-violencia-machista\/#primaryimage"},"image":{"@id":"https:\/\/dlvradio.es\/conversamos-con-elena-catalan-de-violencia-machista\/#primaryimage"},"thumbnailUrl":"https:\/\/dlvradio.es\/wp-content\/uploads\/2022\/05\/Conversamos-con-Elena-Catalan-de-violencia-machista.jpg","datePublished":"2022-05-20T15:56:29+00:00","description":"Os dejamos esta interesante entrevista que le hizo Nuria Gonz\u00e1lez a Elena Catal\u00e1n que nos habla de las secuelas psicol\u00f3gicas de la violencia machista en","breadcrumb":{"@id":"https:\/\/dlvradio.es\/conversamos-con-elena-catalan-de-violencia-machista\/#breadcrumb"},"inLanguage":"en-US","potentialAction":[{"@type":"ReadAction","target":["https:\/\/dlvradio.es\/conversamos-con-elena-catalan-de-violencia-machista\/"]}]},{"@type":"ImageObject","inLanguage":"en-US","@id":"https:\/\/dlvradio.es\/conversamos-con-elena-catalan-de-violencia-machista\/#primaryimage","url":"https:\/\/dlvradio.es\/wp-content\/uploads\/2022\/05\/Conversamos-con-Elena-Catalan-de-violencia-machista.jpg","contentUrl":"https:\/\/dlvradio.es\/wp-content\/uploads\/2022\/05\/Conversamos-con-Elena-Catalan-de-violencia-machista.jpg","width":1511,"height":1511,"caption":"Conversamos con Elena Catal\u00e1n de violencia machista"},{"@type":"BreadcrumbList","@id":"https:\/\/dlvradio.es\/conversamos-con-elena-catalan-de-violencia-machista\/#breadcrumb","itemListElement":[{"@type":"ListItem","position":1,"name":"Inicio","item":"https:\/\/dlvradio.es\/"},{"@type":"ListItem","position":2,"name":"Conversamos con Elena Catal\u00e1n de violencia machista"}]},{"@type":"WebSite","@id":"https:\/\/dlvradio.es\/#website","url":"https:\/\/dlvradio.es\/","name":"DLVRADIO","description":"We are an alternative media to traditional media","publisher":{"@id":"https:\/\/dlvradio.es\/#organization"},"potentialAction":[{"@type":"SearchAction","target":{"@type":"EntryPoint","urlTemplate":"https:\/\/dlvradio.es\/?s={search_term_string}"},"query-input":{"@type":"PropertyValueSpecification","valueRequired":true,"valueName":"search_term_string"}}],"inLanguage":"en-US"},{"@type":"Organization","@id":"https:\/\/dlvradio.es\/#organization","name":"DLVRADIO","url":"https:\/\/dlvradio.es\/","logo":{"@type":"ImageObject","inLanguage":"en-US","@id":"https:\/\/dlvradio.es\/#\/schema\/logo\/image\/","url":"","contentUrl":"","caption":"DLVRADIO"},"image":{"@id":"https:\/\/dlvradio.es\/#\/schema\/logo\/image\/"},"sameAs":["https:\/\/www.facebook.com\/RadioDLVradio\/","https:\/\/x.com\/RadioDlvradio","https:\/\/www.instagram.com\/radiodlvradio\/"]},{"@type":"Person","@id":"https:\/\/dlvradio.es\/#\/schema\/person\/7d533f9f89b13e3a3f2ba7f67d6412de","name":"DLV RADIO","sameAs":["https:\/\/dlvradio.es"]}]}},"_links":{"self":[{"href":"https:\/\/dlvradio.es\/en\/wp-json\/wp\/v2\/posts\/71304","targetHints":{"allow":["GET"]}}],"collection":[{"href":"https:\/\/dlvradio.es\/en\/wp-json\/wp\/v2\/posts"}],"about":[{"href":"https:\/\/dlvradio.es\/en\/wp-json\/wp\/v2\/types\/post"}],"author":[{"embeddable":true,"href":"https:\/\/dlvradio.es\/en\/wp-json\/wp\/v2\/users\/4"}],"replies":[{"embeddable":true,"href":"https:\/\/dlvradio.es\/en\/wp-json\/wp\/v2\/comments?post=71304"}],"version-history":[{"count":0,"href":"https:\/\/dlvradio.es\/en\/wp-json\/wp\/v2\/posts\/71304\/revisions"}],"wp:featuredmedia":[{"embeddable":true,"href":"https:\/\/dlvradio.es\/en\/wp-json\/wp\/v2\/media\/71305"}],"wp:attachment":[{"href":"https:\/\/dlvradio.es\/en\/wp-json\/wp\/v2\/media?parent=71304"}],"wp:term":[{"taxonomy":"category","embeddable":true,"href":"https:\/\/dlvradio.es\/en\/wp-json\/wp\/v2\/categories?post=71304"},{"taxonomy":"post_tag","embeddable":true,"href":"https:\/\/dlvradio.es\/en\/wp-json\/wp\/v2\/tags?post=71304"}],"curies":[{"name":"wp","href":"https:\/\/api.w.org\/{rel}","templated":true}]}}