{"id":71323,"date":"2022-05-30T19:20:38","date_gmt":"2022-05-30T17:20:38","guid":{"rendered":"https:\/\/dlvradio.es\/peligran-la-evaluacion-de-riesgos-y-el-etiquetado-de-los-nuevos-alimentos-transgenicos\/"},"modified":"2022-05-30T19:20:38","modified_gmt":"2022-05-30T17:20:38","slug":"peligran-la-evaluacion-de-riesgos-y-el-etiquetado-de-los-nuevos-alimentos-transgenicos","status":"publish","type":"post","link":"https:\/\/dlvradio.es\/en\/peligran-la-evaluacion-de-riesgos-y-el-etiquetado-de-los-nuevos-alimentos-transgenicos\/","title":{"rendered":"Peligran la evaluaci\u00f3n de riesgos y el etiquetado de los nuevos alimentos transg\u00e9nicos"},"content":{"rendered":"<h6><strong><img decoding=\"async\" class=\"alignleft wp-image-9540 size-thumbnail\" src=\"https:\/\/dlvradio.es\/wp-content\/uploads\/2022\/05\/Peligran-la-evaluacion-de-riesgos-y-el-etiquetado-de-los-nuevos-alimentos-transgenicos-150x150.jpg\" alt=\"\" width=\"150\" height=\"150\" \/>Peligran la evaluaci\u00f3n de riesgos y el etiquetado de los nuevos alimentos transg\u00e9nicos.<\/strong><\/h6>\n<ul>\n<li>Ecologistas en Acci\u00f3n y organizaciones sociales europeas reclaman a la Comisi\u00f3n Europea y a los gobiernos que no cedan a las presiones del lobby biotecnol\u00f3gico, que pretende que los alimentos transg\u00e9nicos producidos con nuevas tecnolog\u00edas salgan al mercado sin el preceptivo proceso de evaluaci\u00f3n de riesgos y sin etiquetar.<\/li>\n<li>La recogida de firmas demanda tambi\u00e9n la aplicaci\u00f3n del principio de precauci\u00f3n, el aumento de investigaci\u00f3n sobre los efectos de los organismos modificados gen\u00e9ticamente (OMG) y la promoci\u00f3n de soluciones agroecol\u00f3gicas sostenibles para los sistemas agr\u00edcola y alimentario.<\/li>\n<\/ul>\n<p>La gran industria de los transg\u00e9nicos asegura que los nuevos alimentos modificados gen\u00e9ticamente (MG) son mucho m\u00e1s seguros que los desarrollados hasta la fecha, producidos con t\u00e9cnicas de ingenier\u00eda gen\u00e9tica que \u2014reconoce ahora\u2014 adolecen de una considerable imprecisi\u00f3n. Ecologistas en Acci\u00f3n se\u00f1ala que la edici\u00f3n g\u00e9nica actual permite modificar el genoma con mucha mayor precisi\u00f3n que las tecnolog\u00edas de primera generaci\u00f3n. Pero advierte de que las nuevas t\u00e9cnicas gen\u00e9ticas tambi\u00e9n pueden provocar alteraciones imprevistas en las plantas, con riesgos para la seguridad de los alimentos y el medioambiente que son necesarios seguir y evaluar.<\/p>\n<p>La sostenibilidad es el otro argumento esgrimido por la industria para intentar agilizar la comercializaci\u00f3n de los nuevos alimentos transg\u00e9nicos. Sin embargo, el historial de los cultivos MG en t\u00e9rminos de sostenibilidad dista mucho de ser ejemplar. El rasgo predominante de estos cultivos en el mundo ha sido la resistencia a herbicidas, que ocupaba casi un 90 % de la superficie total en 2017. Un hecho que ha generado la creciente dependencia agr\u00edcola en productos qu\u00edmicos nocivos para la salud y para la biodiversidad.<\/p>\n<p>Se calcula que el volumen de glifosato utilizado globalmente \u2014a pesar de estar considerado por la Organizaci\u00f3n Mundial de la Salud (OMS) como \u201cprobablemente cancer\u00edgeno\u201d\u2014 se ha multiplicado por 16 desde la introducci\u00f3n de los cultivos resistentes a este herbicida en 1996.<\/p>\n<p>Adem\u00e1s, la aparici\u00f3n de resistencias a los agroqu\u00edmicos en malezas y plagas a ra\u00edz de la proliferaci\u00f3n de cultivos transg\u00e9nicos ha llevado a una espiral creciente de utilizaci\u00f3n de plaguicidas cada vez m\u00e1s agresivos y da\u00f1inos. Como era de esperar, la resistencia a herbicidas sigue siendo el rasgo m\u00e1s com\u00fan en las variedades desarrolladas con <a href=\"https:\/\/publications.jrc.ec.europa.eu\/repository\/handle\/JRC123830\">nuevas tecnolog\u00edas gen\u00e9ticas<\/a>, seguido de caracter\u00edsticas ventajosas para el procesamiento industrial.<\/p>\n<p>Por otra parte, el desembarco de las grandes transnacionales de la ingenier\u00eda gen\u00e9tica en la agricultura ha supuesto no solo la apropiaci\u00f3n de la biodiversidad campesina \u2014las semillas\u2014 mediante patentes, sino una vertiginosa concentraci\u00f3n de la industria semillera en manos de de un pu\u00f1ado de gigantes de la industria qu\u00edmica.<\/p>\n<p>Las cuatro mayores agroqu\u00edmicas\u00a0 \u2014Bayer\/Monsanto, Corteva (Dow+Dupont), ChemChina\/Syngenta y BASF\u2014 con un 65 % de las ventas mundiales, figuran entre las cinco primeras del sector semillero\u00a0\u00a0 \u2014Bayer\/Monsanto, Corteva (Dow+Dupont), Limagrain y ChemChina\/Syngenta\u2014 con un 50 % del mercado de las semillas. Este monopolio de las semillas por las grandes agroqu\u00edmicas representa una grave amenaza en t\u00e9rminos de soberan\u00eda y de seguridad alimentaria, as\u00ed como para la biodiversidad.<\/p>\n<p>Por todo ello, Ecologistas en Acci\u00f3n se ha sumado a la <a href=\"https:\/\/www.ecologistasenaccion.org\/199889\/\">recogida europea de firmas<\/a> que insta a la Comisi\u00f3n Europea y a los gobiernos a que no cedan a las pretensiones de la industria de eximir a los nuevos transg\u00e9nicos de la normativa europea de seguridad y de etiquetado.<\/p>\n<p>Adem\u00e1s de solicitar que no se excluya a los nuevos transg\u00e9nicos de la legislaci\u00f3n de OMG existentes, la petici\u00f3n ciudadana incluye tres demandas<\/p>\n<p>adicionales:<\/p>\n<ol>\n<li>Los nuevos OMG y los OMG en general deben regularse como lo que son, en consonancia con el principio de precauci\u00f3n. Deben pasar por una estricta evaluaci\u00f3n de seguridad y etiquetarse como gen\u00e9ticamente modificados para asegurar la transparencia para la ciudadan\u00eda y el campesinado.<\/li>\n<li>Desarrollo de m\u00e1s investigaci\u00f3n sobre los riesgos para la salud, medioambiente y biodiversidad de los MG, as\u00ed como su impacto socioecon\u00f3mico para la agricultura y el sistema alimenticio.<\/li>\n<li>Promoci\u00f3n desde los gobiernos de soluciones reales para una agricultura sostenible y resiliente al cambio clim\u00e1tico, como pr\u00e1cticas agroecol\u00f3gicas, adem\u00e1s de la protecci\u00f3n de la autonom\u00eda y del derecho a las semillas (en oposici\u00f3n a las patentes)<\/li>\n<\/ol>","protected":false},"excerpt":{"rendered":"<p>Peligran la evaluaci\u00f3n de riesgos y el etiquetado de los nuevos alimentos transg\u00e9nicos. Ecologistas en Acci\u00f3n y organizaciones sociales europeas reclaman a la Comisi\u00f3n Europea y a los gobiernos que no cedan a las presiones del lobby biotecnol\u00f3gico, que pretende que los alimentos transg\u00e9nicos producidos con nuevas tecnolog\u00edas salgan al mercado sin el preceptivo proceso [&hellip;]<\/p>\n","protected":false},"author":4,"featured_media":71324,"comment_status":"open","ping_status":"open","sticky":false,"template":"","format":"standard","meta":{"_acf_changed":false,"footnotes":""},"categories":[2711,2465],"tags":[2478,2507,2493],"class_list":["post-71323","post","type-post","status-publish","format-standard","has-post-thumbnail","hentry","category-emergencia-climatica","category-informativos","tag-ecologia","tag-internacional","tag-salud"],"acf":[],"yoast_head":"<!-- This site is optimized with the Yoast SEO plugin v27.4 - https:\/\/yoast.com\/product\/yoast-seo-wordpress\/ -->\n<title>Peligran la evaluaci\u00f3n de riesgos y el etiquetado de los nuevos alimentos transg\u00e9nicos - DLVRADIO<\/title>\n<meta name=\"description\" content=\"Peligran la evaluaci\u00f3n de riesgos y el etiquetado de los nuevos alimentos transg\u00e9nicos. Ecologistas en Acci\u00f3n y organizaciones sociales europeas reclaman\" \/>\n<meta name=\"robots\" content=\"index, follow, max-snippet:-1, max-image-preview:large, max-video-preview:-1\" \/>\n<link rel=\"canonical\" href=\"https:\/\/dlvradio.es\/en\/peligran-la-evaluacion-de-riesgos-y-el-etiquetado-de-los-nuevos-alimentos-transgenicos\/\" \/>\n<meta property=\"og:locale\" content=\"en_US\" \/>\n<meta property=\"og:type\" content=\"article\" \/>\n<meta property=\"og:title\" content=\"Peligran la evaluaci\u00f3n de riesgos y el etiquetado de los nuevos alimentos transg\u00e9nicos - DLVRADIO\" \/>\n<meta property=\"og:description\" content=\"Peligran la evaluaci\u00f3n de riesgos y el etiquetado de los nuevos alimentos transg\u00e9nicos. Ecologistas en Acci\u00f3n y organizaciones sociales europeas reclaman\" \/>\n<meta property=\"og:url\" content=\"https:\/\/dlvradio.es\/en\/peligran-la-evaluacion-de-riesgos-y-el-etiquetado-de-los-nuevos-alimentos-transgenicos\/\" \/>\n<meta property=\"og:site_name\" content=\"DLVRADIO\" \/>\n<meta property=\"article:publisher\" content=\"https:\/\/www.facebook.com\/RadioDLVradio\/\" \/>\n<meta property=\"article:published_time\" content=\"2022-05-30T17:20:38+00:00\" \/>\n<meta property=\"og:image\" content=\"https:\/\/dlvradio.es\/wp-content\/uploads\/2022\/05\/Peligran-la-evaluacion-de-riesgos-y-el-etiquetado-de-los-nuevos-alimentos-transgenicos.jpg\" \/>\n\t<meta property=\"og:image:width\" content=\"1511\" \/>\n\t<meta property=\"og:image:height\" content=\"1511\" \/>\n\t<meta property=\"og:image:type\" content=\"image\/jpeg\" \/>\n<meta name=\"author\" content=\"DLV RADIO\" \/>\n<meta name=\"twitter:card\" content=\"summary_large_image\" \/>\n<meta name=\"twitter:creator\" content=\"@RadioDlvradio\" \/>\n<meta name=\"twitter:site\" content=\"@RadioDlvradio\" \/>\n<script type=\"application\/ld+json\" class=\"yoast-schema-graph\">{\"@context\":\"https:\\\/\\\/schema.org\",\"@graph\":[{\"@type\":\"Article\",\"@id\":\"https:\\\/\\\/dlvradio.es\\\/peligran-la-evaluacion-de-riesgos-y-el-etiquetado-de-los-nuevos-alimentos-transgenicos\\\/#article\",\"isPartOf\":{\"@id\":\"https:\\\/\\\/dlvradio.es\\\/peligran-la-evaluacion-de-riesgos-y-el-etiquetado-de-los-nuevos-alimentos-transgenicos\\\/\"},\"author\":{\"name\":\"DLV RADIO\",\"@id\":\"https:\\\/\\\/dlvradio.es\\\/#\\\/schema\\\/person\\\/7d533f9f89b13e3a3f2ba7f67d6412de\"},\"headline\":\"Peligran la evaluaci\u00f3n de riesgos y el etiquetado de los nuevos alimentos transg\u00e9nicos\",\"datePublished\":\"2022-05-30T17:20:38+00:00\",\"mainEntityOfPage\":{\"@id\":\"https:\\\/\\\/dlvradio.es\\\/peligran-la-evaluacion-de-riesgos-y-el-etiquetado-de-los-nuevos-alimentos-transgenicos\\\/\"},\"wordCount\":785,\"commentCount\":0,\"publisher\":{\"@id\":\"https:\\\/\\\/dlvradio.es\\\/#organization\"},\"image\":{\"@id\":\"https:\\\/\\\/dlvradio.es\\\/peligran-la-evaluacion-de-riesgos-y-el-etiquetado-de-los-nuevos-alimentos-transgenicos\\\/#primaryimage\"},\"thumbnailUrl\":\"https:\\\/\\\/dlvradio.es\\\/wp-content\\\/uploads\\\/2022\\\/05\\\/Peligran-la-evaluacion-de-riesgos-y-el-etiquetado-de-los-nuevos-alimentos-transgenicos.jpg\",\"keywords\":[\"ecolog\u00eda\",\"internacional\",\"Salud\"],\"articleSection\":[\"Emergencia clim\u00e1tica\",\"Informativos\"],\"inLanguage\":\"en-US\"},{\"@type\":\"WebPage\",\"@id\":\"https:\\\/\\\/dlvradio.es\\\/peligran-la-evaluacion-de-riesgos-y-el-etiquetado-de-los-nuevos-alimentos-transgenicos\\\/\",\"url\":\"https:\\\/\\\/dlvradio.es\\\/peligran-la-evaluacion-de-riesgos-y-el-etiquetado-de-los-nuevos-alimentos-transgenicos\\\/\",\"name\":\"Peligran la evaluaci\u00f3n de riesgos y el etiquetado de los nuevos alimentos transg\u00e9nicos - DLVRADIO\",\"isPartOf\":{\"@id\":\"https:\\\/\\\/dlvradio.es\\\/#website\"},\"primaryImageOfPage\":{\"@id\":\"https:\\\/\\\/dlvradio.es\\\/peligran-la-evaluacion-de-riesgos-y-el-etiquetado-de-los-nuevos-alimentos-transgenicos\\\/#primaryimage\"},\"image\":{\"@id\":\"https:\\\/\\\/dlvradio.es\\\/peligran-la-evaluacion-de-riesgos-y-el-etiquetado-de-los-nuevos-alimentos-transgenicos\\\/#primaryimage\"},\"thumbnailUrl\":\"https:\\\/\\\/dlvradio.es\\\/wp-content\\\/uploads\\\/2022\\\/05\\\/Peligran-la-evaluacion-de-riesgos-y-el-etiquetado-de-los-nuevos-alimentos-transgenicos.jpg\",\"datePublished\":\"2022-05-30T17:20:38+00:00\",\"description\":\"Peligran la evaluaci\u00f3n de riesgos y el etiquetado de los nuevos alimentos transg\u00e9nicos. Ecologistas en Acci\u00f3n y organizaciones sociales europeas reclaman\",\"breadcrumb\":{\"@id\":\"https:\\\/\\\/dlvradio.es\\\/peligran-la-evaluacion-de-riesgos-y-el-etiquetado-de-los-nuevos-alimentos-transgenicos\\\/#breadcrumb\"},\"inLanguage\":\"en-US\",\"potentialAction\":[{\"@type\":\"ReadAction\",\"target\":[\"https:\\\/\\\/dlvradio.es\\\/peligran-la-evaluacion-de-riesgos-y-el-etiquetado-de-los-nuevos-alimentos-transgenicos\\\/\"]}]},{\"@type\":\"ImageObject\",\"inLanguage\":\"en-US\",\"@id\":\"https:\\\/\\\/dlvradio.es\\\/peligran-la-evaluacion-de-riesgos-y-el-etiquetado-de-los-nuevos-alimentos-transgenicos\\\/#primaryimage\",\"url\":\"https:\\\/\\\/dlvradio.es\\\/wp-content\\\/uploads\\\/2022\\\/05\\\/Peligran-la-evaluacion-de-riesgos-y-el-etiquetado-de-los-nuevos-alimentos-transgenicos.jpg\",\"contentUrl\":\"https:\\\/\\\/dlvradio.es\\\/wp-content\\\/uploads\\\/2022\\\/05\\\/Peligran-la-evaluacion-de-riesgos-y-el-etiquetado-de-los-nuevos-alimentos-transgenicos.jpg\",\"width\":1511,\"height\":1511,\"caption\":\"Peligran la evaluaci\u00f3n de riesgos y el etiquetado de los nuevos alimentos transg\u00e9nicos\"},{\"@type\":\"BreadcrumbList\",\"@id\":\"https:\\\/\\\/dlvradio.es\\\/peligran-la-evaluacion-de-riesgos-y-el-etiquetado-de-los-nuevos-alimentos-transgenicos\\\/#breadcrumb\",\"itemListElement\":[{\"@type\":\"ListItem\",\"position\":1,\"name\":\"Inicio\",\"item\":\"https:\\\/\\\/dlvradio.es\\\/\"},{\"@type\":\"ListItem\",\"position\":2,\"name\":\"Peligran la evaluaci\u00f3n de riesgos y el etiquetado de los nuevos alimentos transg\u00e9nicos\"}]},{\"@type\":\"WebSite\",\"@id\":\"https:\\\/\\\/dlvradio.es\\\/#website\",\"url\":\"https:\\\/\\\/dlvradio.es\\\/\",\"name\":\"DLVRADIO\",\"description\":\"Somos un medio de comunicaci\u00f3n alternativo a los medios tradicionales\",\"publisher\":{\"@id\":\"https:\\\/\\\/dlvradio.es\\\/#organization\"},\"potentialAction\":[{\"@type\":\"SearchAction\",\"target\":{\"@type\":\"EntryPoint\",\"urlTemplate\":\"https:\\\/\\\/dlvradio.es\\\/?s={search_term_string}\"},\"query-input\":{\"@type\":\"PropertyValueSpecification\",\"valueRequired\":true,\"valueName\":\"search_term_string\"}}],\"inLanguage\":\"en-US\"},{\"@type\":\"Organization\",\"@id\":\"https:\\\/\\\/dlvradio.es\\\/#organization\",\"name\":\"DLVRADIO\",\"url\":\"https:\\\/\\\/dlvradio.es\\\/\",\"logo\":{\"@type\":\"ImageObject\",\"inLanguage\":\"en-US\",\"@id\":\"https:\\\/\\\/dlvradio.es\\\/#\\\/schema\\\/logo\\\/image\\\/\",\"url\":\"\",\"contentUrl\":\"\",\"caption\":\"DLVRADIO\"},\"image\":{\"@id\":\"https:\\\/\\\/dlvradio.es\\\/#\\\/schema\\\/logo\\\/image\\\/\"},\"sameAs\":[\"https:\\\/\\\/www.facebook.com\\\/RadioDLVradio\\\/\",\"https:\\\/\\\/x.com\\\/RadioDlvradio\",\"https:\\\/\\\/www.instagram.com\\\/radiodlvradio\\\/\"]},{\"@type\":\"Person\",\"@id\":\"https:\\\/\\\/dlvradio.es\\\/#\\\/schema\\\/person\\\/7d533f9f89b13e3a3f2ba7f67d6412de\",\"name\":\"DLV RADIO\",\"sameAs\":[\"https:\\\/\\\/dlvradio.es\"]}]}<\/script>\n<!-- \/ Yoast SEO plugin. -->","yoast_head_json":{"title":"Peligran la evaluaci\u00f3n de riesgos y el etiquetado de los nuevos alimentos transg\u00e9nicos - DLVRADIO","description":"Peligran la evaluaci\u00f3n de riesgos y el etiquetado de los nuevos alimentos transg\u00e9nicos. Ecologistas en Acci\u00f3n y organizaciones sociales europeas reclaman","robots":{"index":"index","follow":"follow","max-snippet":"max-snippet:-1","max-image-preview":"max-image-preview:large","max-video-preview":"max-video-preview:-1"},"canonical":"https:\/\/dlvradio.es\/en\/peligran-la-evaluacion-de-riesgos-y-el-etiquetado-de-los-nuevos-alimentos-transgenicos\/","og_locale":"en_US","og_type":"article","og_title":"Peligran la evaluaci\u00f3n de riesgos y el etiquetado de los nuevos alimentos transg\u00e9nicos - DLVRADIO","og_description":"Peligran la evaluaci\u00f3n de riesgos y el etiquetado de los nuevos alimentos transg\u00e9nicos. Ecologistas en Acci\u00f3n y organizaciones sociales europeas reclaman","og_url":"https:\/\/dlvradio.es\/en\/peligran-la-evaluacion-de-riesgos-y-el-etiquetado-de-los-nuevos-alimentos-transgenicos\/","og_site_name":"DLVRADIO","article_publisher":"https:\/\/www.facebook.com\/RadioDLVradio\/","article_published_time":"2022-05-30T17:20:38+00:00","og_image":[{"width":1511,"height":1511,"url":"https:\/\/dlvradio.es\/wp-content\/uploads\/2022\/05\/Peligran-la-evaluacion-de-riesgos-y-el-etiquetado-de-los-nuevos-alimentos-transgenicos.jpg","type":"image\/jpeg"}],"author":"DLV RADIO","twitter_card":"summary_large_image","twitter_creator":"@RadioDlvradio","twitter_site":"@RadioDlvradio","schema":{"@context":"https:\/\/schema.org","@graph":[{"@type":"Article","@id":"https:\/\/dlvradio.es\/peligran-la-evaluacion-de-riesgos-y-el-etiquetado-de-los-nuevos-alimentos-transgenicos\/#article","isPartOf":{"@id":"https:\/\/dlvradio.es\/peligran-la-evaluacion-de-riesgos-y-el-etiquetado-de-los-nuevos-alimentos-transgenicos\/"},"author":{"name":"DLV RADIO","@id":"https:\/\/dlvradio.es\/#\/schema\/person\/7d533f9f89b13e3a3f2ba7f67d6412de"},"headline":"Peligran la evaluaci\u00f3n de riesgos y el etiquetado de los nuevos alimentos transg\u00e9nicos","datePublished":"2022-05-30T17:20:38+00:00","mainEntityOfPage":{"@id":"https:\/\/dlvradio.es\/peligran-la-evaluacion-de-riesgos-y-el-etiquetado-de-los-nuevos-alimentos-transgenicos\/"},"wordCount":785,"commentCount":0,"publisher":{"@id":"https:\/\/dlvradio.es\/#organization"},"image":{"@id":"https:\/\/dlvradio.es\/peligran-la-evaluacion-de-riesgos-y-el-etiquetado-de-los-nuevos-alimentos-transgenicos\/#primaryimage"},"thumbnailUrl":"https:\/\/dlvradio.es\/wp-content\/uploads\/2022\/05\/Peligran-la-evaluacion-de-riesgos-y-el-etiquetado-de-los-nuevos-alimentos-transgenicos.jpg","keywords":["ecolog\u00eda","internacional","Salud"],"articleSection":["Emergencia clim\u00e1tica","Informativos"],"inLanguage":"en-US"},{"@type":"WebPage","@id":"https:\/\/dlvradio.es\/peligran-la-evaluacion-de-riesgos-y-el-etiquetado-de-los-nuevos-alimentos-transgenicos\/","url":"https:\/\/dlvradio.es\/peligran-la-evaluacion-de-riesgos-y-el-etiquetado-de-los-nuevos-alimentos-transgenicos\/","name":"Peligran la evaluaci\u00f3n de riesgos y el etiquetado de los nuevos alimentos transg\u00e9nicos - DLVRADIO","isPartOf":{"@id":"https:\/\/dlvradio.es\/#website"},"primaryImageOfPage":{"@id":"https:\/\/dlvradio.es\/peligran-la-evaluacion-de-riesgos-y-el-etiquetado-de-los-nuevos-alimentos-transgenicos\/#primaryimage"},"image":{"@id":"https:\/\/dlvradio.es\/peligran-la-evaluacion-de-riesgos-y-el-etiquetado-de-los-nuevos-alimentos-transgenicos\/#primaryimage"},"thumbnailUrl":"https:\/\/dlvradio.es\/wp-content\/uploads\/2022\/05\/Peligran-la-evaluacion-de-riesgos-y-el-etiquetado-de-los-nuevos-alimentos-transgenicos.jpg","datePublished":"2022-05-30T17:20:38+00:00","description":"Peligran la evaluaci\u00f3n de riesgos y el etiquetado de los nuevos alimentos transg\u00e9nicos. Ecologistas en Acci\u00f3n y organizaciones sociales europeas reclaman","breadcrumb":{"@id":"https:\/\/dlvradio.es\/peligran-la-evaluacion-de-riesgos-y-el-etiquetado-de-los-nuevos-alimentos-transgenicos\/#breadcrumb"},"inLanguage":"en-US","potentialAction":[{"@type":"ReadAction","target":["https:\/\/dlvradio.es\/peligran-la-evaluacion-de-riesgos-y-el-etiquetado-de-los-nuevos-alimentos-transgenicos\/"]}]},{"@type":"ImageObject","inLanguage":"en-US","@id":"https:\/\/dlvradio.es\/peligran-la-evaluacion-de-riesgos-y-el-etiquetado-de-los-nuevos-alimentos-transgenicos\/#primaryimage","url":"https:\/\/dlvradio.es\/wp-content\/uploads\/2022\/05\/Peligran-la-evaluacion-de-riesgos-y-el-etiquetado-de-los-nuevos-alimentos-transgenicos.jpg","contentUrl":"https:\/\/dlvradio.es\/wp-content\/uploads\/2022\/05\/Peligran-la-evaluacion-de-riesgos-y-el-etiquetado-de-los-nuevos-alimentos-transgenicos.jpg","width":1511,"height":1511,"caption":"Peligran la evaluaci\u00f3n de riesgos y el etiquetado de los nuevos alimentos transg\u00e9nicos"},{"@type":"BreadcrumbList","@id":"https:\/\/dlvradio.es\/peligran-la-evaluacion-de-riesgos-y-el-etiquetado-de-los-nuevos-alimentos-transgenicos\/#breadcrumb","itemListElement":[{"@type":"ListItem","position":1,"name":"Inicio","item":"https:\/\/dlvradio.es\/"},{"@type":"ListItem","position":2,"name":"Peligran la evaluaci\u00f3n de riesgos y el etiquetado de los nuevos alimentos transg\u00e9nicos"}]},{"@type":"WebSite","@id":"https:\/\/dlvradio.es\/#website","url":"https:\/\/dlvradio.es\/","name":"DLVRADIO","description":"We are an alternative media to traditional media","publisher":{"@id":"https:\/\/dlvradio.es\/#organization"},"potentialAction":[{"@type":"SearchAction","target":{"@type":"EntryPoint","urlTemplate":"https:\/\/dlvradio.es\/?s={search_term_string}"},"query-input":{"@type":"PropertyValueSpecification","valueRequired":true,"valueName":"search_term_string"}}],"inLanguage":"en-US"},{"@type":"Organization","@id":"https:\/\/dlvradio.es\/#organization","name":"DLVRADIO","url":"https:\/\/dlvradio.es\/","logo":{"@type":"ImageObject","inLanguage":"en-US","@id":"https:\/\/dlvradio.es\/#\/schema\/logo\/image\/","url":"","contentUrl":"","caption":"DLVRADIO"},"image":{"@id":"https:\/\/dlvradio.es\/#\/schema\/logo\/image\/"},"sameAs":["https:\/\/www.facebook.com\/RadioDLVradio\/","https:\/\/x.com\/RadioDlvradio","https:\/\/www.instagram.com\/radiodlvradio\/"]},{"@type":"Person","@id":"https:\/\/dlvradio.es\/#\/schema\/person\/7d533f9f89b13e3a3f2ba7f67d6412de","name":"DLV RADIO","sameAs":["https:\/\/dlvradio.es"]}]}},"_links":{"self":[{"href":"https:\/\/dlvradio.es\/en\/wp-json\/wp\/v2\/posts\/71323","targetHints":{"allow":["GET"]}}],"collection":[{"href":"https:\/\/dlvradio.es\/en\/wp-json\/wp\/v2\/posts"}],"about":[{"href":"https:\/\/dlvradio.es\/en\/wp-json\/wp\/v2\/types\/post"}],"author":[{"embeddable":true,"href":"https:\/\/dlvradio.es\/en\/wp-json\/wp\/v2\/users\/4"}],"replies":[{"embeddable":true,"href":"https:\/\/dlvradio.es\/en\/wp-json\/wp\/v2\/comments?post=71323"}],"version-history":[{"count":0,"href":"https:\/\/dlvradio.es\/en\/wp-json\/wp\/v2\/posts\/71323\/revisions"}],"wp:featuredmedia":[{"embeddable":true,"href":"https:\/\/dlvradio.es\/en\/wp-json\/wp\/v2\/media\/71324"}],"wp:attachment":[{"href":"https:\/\/dlvradio.es\/en\/wp-json\/wp\/v2\/media?parent=71323"}],"wp:term":[{"taxonomy":"category","embeddable":true,"href":"https:\/\/dlvradio.es\/en\/wp-json\/wp\/v2\/categories?post=71323"},{"taxonomy":"post_tag","embeddable":true,"href":"https:\/\/dlvradio.es\/en\/wp-json\/wp\/v2\/tags?post=71323"}],"curies":[{"name":"wp","href":"https:\/\/api.w.org\/{rel}","templated":true}]}}