{"id":71327,"date":"2022-06-03T10:32:46","date_gmt":"2022-06-03T08:32:46","guid":{"rendered":"https:\/\/dlvradio.es\/urge-crear-un-area-de-control-de-emisiones-en-el-mediterraneo\/"},"modified":"2022-06-03T10:32:46","modified_gmt":"2022-06-03T08:32:46","slug":"urge-crear-un-area-de-control-de-emisiones-en-el-mediterraneo","status":"publish","type":"post","link":"https:\/\/dlvradio.es\/en\/urge-crear-un-area-de-control-de-emisiones-en-el-mediterraneo\/","title":{"rendered":"It is urgent to create an Emissions Control Area in the Mediterranean"},"content":{"rendered":"<iframe src=\"https:\/\/www.ivoox.com\/player_ej_87999955_6_1.html?c1=0ebeb7\" width=\"100%\" height=\"200\" frameborder=\"0\" allowfullscreen=\"\" scrolling=\"no\" loading=\"lazy\"><\/iframe>\n\n\n<h6><strong> <img decoding=\"async\" class=\"alignleft wp-image-9574 size-thumbnail\" src=\"https:\/\/dlvradio.es\/wp-content\/uploads\/2022\/06\/Urge-crear-un-Area-de-Control-de-Emisiones-en-el-Mediterraneo-150x150.jpg\" alt=\"\" width=\"150\" height=\"150\" \/>It is urgent to create an Emissions Control Area in the Mediterranean.<\/strong><\/h6>\n<ul>\n<li>Coinciding with the celebration of the 78th Environmental and Climate Negotiations for International Maritime Transport (MEPC78) of the International Maritime Organization, Ecologists in Action insists on the urgency of declaring an Emissions Control Area in the Mediterranean.<\/li>\n<li>In addition, the environmental organization calls for the immediate elimination of heavy fuel oil and effective climate measures for maritime transport.<\/li>\n<li>The maritime industry has evaded climate and environmental regulations until now and continues to run on the most toxic and dirtiest fuels.<\/li>\n<\/ul>\n<p>On June 6, the International Maritime Organization (IMO) in London begins the 78th Environmental and Climate Negotiations for International Maritime Transport (MEPC78). The agenda includes discussions about a Mediterranean Emissions Control Area on wastewater generated by the desulfurization of exhaust gases from the combustion of heavy fuel oil, as well as climate measures.<\/p>\n<p>The proposal by all coastal countries and the EU to declare the Mediterranean as a Sulfur Oxide Emission Control Zone (called SECA) will be discussed to be presented for approval at the next meeting of the Committee on Protection of the Marine Environment in December 2022. Together with environmental organizations in the region, including the German NABU - which will represent the Coalition for the reduction of emissions from maritime transport at the IMO - Ecologistas en Acci\u00f3n has been fighting for this for four years. regulation and welcomes it.<\/p>\n<p>Maria Garc\u00eda, portavoz de Ecologistas en Acci\u00f3n, ha declarado: \u00abLa comunidad internacional debe tratar positivamente la propuesta de un \u00c1rea de Control de Emisiones en el Mediterr\u00e1neo. No se necesitan m\u00e1s discusiones. Los Estados miembros deben iniciar las gestiones necesarias para que pueda ser adoptada formalmente en la pr\u00f3xima reuni\u00f3n del comit\u00e9 en diciembre. Esta es la \u00fanica manera de garantizar la entrada en vigor de la SECA en 2025\u00bb.<\/p>\n<p>In emission control zones, pollution from shipping is significantly reduced. Millions of residents benefit, as do natural ecosystems and the climate. With the designation of the Emission Control Area, at least some regions may see relief until new measures to reduce emissions from shipping come into effect.<\/p>\n<p>Today the North Sea, the Baltic Sea and the coastal waters of North America are emission control areas for SOx and NOx. For the Mediterranean, all coastal states agreed to work on reducing NOx emissions through an Emissions Control Area that also includes this pollutant. A decision is expected for submission to the IMO in December 2023 during the Barcelona Convention COP23 in Slovenia. On the other hand, debates are still beginning on the designation of an Emissions Control Area for SOx and NOx in the Atlantic.<\/p>\n<p>Ecologistas en Acci\u00f3n insists that all greenhouse gas emissions from shipping must be halved by 2030 and shipping must also be climate neutral by 2050. \u201cHeavy fuel oil must be banned immediately. Any declaration about environmental intentions or climate protection without a ban on this toxic fuel sounds like a mockery of the climate and ecological emergency,\u201d Mar\u00eda Garc\u00eda added.<\/p>\n<p>Seagoing vessels burned around 165 million tonnes of heavy fuel oil worldwide in 2020. Also in that year the sulfur limit for marine fuels was drastically reduced and, instead of 3.5 %, only the 0.5 %. A significant reduction, even if it is a marine diesel that is 500 times more toxic in sulfur oxides than car diesel.<\/p>\n<p>For the environmental organization, unfortunately thousands of ships continue sailing with heavy fuel oil (highly toxic but cheap) because regulations allow it to be used if the ships use a gas purification system (&#039;scrubbers&#039;, for its acronym in English). This system washes polluting emissions, but dumps the toxic wastewater it generates directly into the sea, with enormous impacts on marine ecosystems.<\/p>\n<p>Mar\u00eda Garc\u00eda concluded: \u201cTo take a clear course towards climate protection objectives, the expansion of new port terminals and the growth of the sector must be immediately stopped, and a plan to reduce the maritime transport sector must be addressed. The new scenario of energy decline forces us to work on a change in the productive and economic model, relocated and with low energy consumption and material resources, that responds to the basic needs of the population in the face of foreseeable collapses in global chains.<\/p>","protected":false},"excerpt":{"rendered":"<p>Urge crear un \u00c1rea de Control de Emisiones en el Mediterr\u00e1neo. Coincidiendo con la celebraci\u00f3n de las 78\u00aa Negociaciones Ambientales y Clim\u00e1ticas para el Transporte Mar\u00edtimo Internacional (MEPC78) de la Organizaci\u00f3n Mar\u00edtima Internacional, Ecologistas en Acci\u00f3n insiste en la urgencia de que se declare un \u00c1rea de Control de Emisiones en el Mediterr\u00e1neo. Adem\u00e1s, la [&hellip;]<\/p>\n","protected":false},"author":4,"featured_media":71328,"comment_status":"open","ping_status":"open","sticky":false,"template":"","format":"standard","meta":{"_acf_changed":false,"footnotes":""},"categories":[2711,2465],"tags":[2478],"class_list":["post-71327","post","type-post","status-publish","format-standard","has-post-thumbnail","hentry","category-emergencia-climatica","category-informativos","tag-ecologia"],"acf":[],"yoast_head":"<!-- This site is optimized with the Yoast SEO plugin v27.4 - https:\/\/yoast.com\/product\/yoast-seo-wordpress\/ -->\n<title>Urge crear un \u00c1rea de Control de Emisiones en el Mediterr\u00e1neo - DLVRADIO<\/title>\n<meta name=\"description\" content=\"Urge crear un \u00c1rea de Control de Emisiones en el Mediterr\u00e1neo. Coincidiendo con la celebraci\u00f3n de las 78\u00aa Negociaciones Ambientales y Clim\u00e1ticas para el\" \/>\n<meta name=\"robots\" content=\"index, follow, max-snippet:-1, max-image-preview:large, max-video-preview:-1\" \/>\n<link rel=\"canonical\" href=\"https:\/\/dlvradio.es\/en\/urge-crear-un-area-de-control-de-emisiones-en-el-mediterraneo\/\" \/>\n<meta property=\"og:locale\" content=\"en_US\" \/>\n<meta property=\"og:type\" content=\"article\" \/>\n<meta property=\"og:title\" content=\"Urge crear un \u00c1rea de Control de Emisiones en el Mediterr\u00e1neo - DLVRADIO\" \/>\n<meta property=\"og:description\" content=\"Urge crear un \u00c1rea de Control de Emisiones en el Mediterr\u00e1neo. Coincidiendo con la celebraci\u00f3n de las 78\u00aa Negociaciones Ambientales y Clim\u00e1ticas para el\" \/>\n<meta property=\"og:url\" content=\"https:\/\/dlvradio.es\/en\/urge-crear-un-area-de-control-de-emisiones-en-el-mediterraneo\/\" \/>\n<meta property=\"og:site_name\" content=\"DLVRADIO\" \/>\n<meta property=\"article:publisher\" content=\"https:\/\/www.facebook.com\/RadioDLVradio\/\" \/>\n<meta property=\"article:published_time\" content=\"2022-06-03T08:32:46+00:00\" \/>\n<meta property=\"og:image\" content=\"https:\/\/dlvradio.es\/wp-content\/uploads\/2022\/06\/Urge-crear-un-Area-de-Control-de-Emisiones-en-el-Mediterraneo.jpg\" \/>\n\t<meta property=\"og:image:width\" content=\"1511\" \/>\n\t<meta property=\"og:image:height\" content=\"1511\" \/>\n\t<meta property=\"og:image:type\" content=\"image\/jpeg\" \/>\n<meta name=\"author\" content=\"DLV RADIO\" \/>\n<meta name=\"twitter:card\" content=\"summary_large_image\" \/>\n<meta name=\"twitter:creator\" content=\"@RadioDlvradio\" \/>\n<meta name=\"twitter:site\" content=\"@RadioDlvradio\" \/>\n<script type=\"application\/ld+json\" class=\"yoast-schema-graph\">{\"@context\":\"https:\\\/\\\/schema.org\",\"@graph\":[{\"@type\":\"Article\",\"@id\":\"https:\\\/\\\/dlvradio.es\\\/urge-crear-un-area-de-control-de-emisiones-en-el-mediterraneo\\\/#article\",\"isPartOf\":{\"@id\":\"https:\\\/\\\/dlvradio.es\\\/urge-crear-un-area-de-control-de-emisiones-en-el-mediterraneo\\\/\"},\"author\":{\"name\":\"DLV RADIO\",\"@id\":\"https:\\\/\\\/dlvradio.es\\\/#\\\/schema\\\/person\\\/7d533f9f89b13e3a3f2ba7f67d6412de\"},\"headline\":\"Urge crear un \u00c1rea de Control de Emisiones en el Mediterr\u00e1neo\",\"datePublished\":\"2022-06-03T08:32:46+00:00\",\"mainEntityOfPage\":{\"@id\":\"https:\\\/\\\/dlvradio.es\\\/urge-crear-un-area-de-control-de-emisiones-en-el-mediterraneo\\\/\"},\"wordCount\":898,\"commentCount\":0,\"publisher\":{\"@id\":\"https:\\\/\\\/dlvradio.es\\\/#organization\"},\"image\":{\"@id\":\"https:\\\/\\\/dlvradio.es\\\/urge-crear-un-area-de-control-de-emisiones-en-el-mediterraneo\\\/#primaryimage\"},\"thumbnailUrl\":\"https:\\\/\\\/dlvradio.es\\\/wp-content\\\/uploads\\\/2022\\\/06\\\/Urge-crear-un-Area-de-Control-de-Emisiones-en-el-Mediterraneo.jpg\",\"keywords\":[\"ecolog\u00eda\"],\"articleSection\":[\"Emergencia clim\u00e1tica\",\"Informativos\"],\"inLanguage\":\"en-US\"},{\"@type\":\"WebPage\",\"@id\":\"https:\\\/\\\/dlvradio.es\\\/urge-crear-un-area-de-control-de-emisiones-en-el-mediterraneo\\\/\",\"url\":\"https:\\\/\\\/dlvradio.es\\\/urge-crear-un-area-de-control-de-emisiones-en-el-mediterraneo\\\/\",\"name\":\"Urge crear un \u00c1rea de Control de Emisiones en el Mediterr\u00e1neo - DLVRADIO\",\"isPartOf\":{\"@id\":\"https:\\\/\\\/dlvradio.es\\\/#website\"},\"primaryImageOfPage\":{\"@id\":\"https:\\\/\\\/dlvradio.es\\\/urge-crear-un-area-de-control-de-emisiones-en-el-mediterraneo\\\/#primaryimage\"},\"image\":{\"@id\":\"https:\\\/\\\/dlvradio.es\\\/urge-crear-un-area-de-control-de-emisiones-en-el-mediterraneo\\\/#primaryimage\"},\"thumbnailUrl\":\"https:\\\/\\\/dlvradio.es\\\/wp-content\\\/uploads\\\/2022\\\/06\\\/Urge-crear-un-Area-de-Control-de-Emisiones-en-el-Mediterraneo.jpg\",\"datePublished\":\"2022-06-03T08:32:46+00:00\",\"description\":\"Urge crear un \u00c1rea de Control de Emisiones en el Mediterr\u00e1neo. Coincidiendo con la celebraci\u00f3n de las 78\u00aa Negociaciones Ambientales y Clim\u00e1ticas para el\",\"breadcrumb\":{\"@id\":\"https:\\\/\\\/dlvradio.es\\\/urge-crear-un-area-de-control-de-emisiones-en-el-mediterraneo\\\/#breadcrumb\"},\"inLanguage\":\"en-US\",\"potentialAction\":[{\"@type\":\"ReadAction\",\"target\":[\"https:\\\/\\\/dlvradio.es\\\/urge-crear-un-area-de-control-de-emisiones-en-el-mediterraneo\\\/\"]}]},{\"@type\":\"ImageObject\",\"inLanguage\":\"en-US\",\"@id\":\"https:\\\/\\\/dlvradio.es\\\/urge-crear-un-area-de-control-de-emisiones-en-el-mediterraneo\\\/#primaryimage\",\"url\":\"https:\\\/\\\/dlvradio.es\\\/wp-content\\\/uploads\\\/2022\\\/06\\\/Urge-crear-un-Area-de-Control-de-Emisiones-en-el-Mediterraneo.jpg\",\"contentUrl\":\"https:\\\/\\\/dlvradio.es\\\/wp-content\\\/uploads\\\/2022\\\/06\\\/Urge-crear-un-Area-de-Control-de-Emisiones-en-el-Mediterraneo.jpg\",\"width\":1511,\"height\":1511,\"caption\":\"Urge crear un \u00c1rea de Control de Emisiones en el Mediterr\u00e1neo\"},{\"@type\":\"BreadcrumbList\",\"@id\":\"https:\\\/\\\/dlvradio.es\\\/urge-crear-un-area-de-control-de-emisiones-en-el-mediterraneo\\\/#breadcrumb\",\"itemListElement\":[{\"@type\":\"ListItem\",\"position\":1,\"name\":\"Inicio\",\"item\":\"https:\\\/\\\/dlvradio.es\\\/\"},{\"@type\":\"ListItem\",\"position\":2,\"name\":\"Urge crear un \u00c1rea de Control de Emisiones en el Mediterr\u00e1neo\"}]},{\"@type\":\"WebSite\",\"@id\":\"https:\\\/\\\/dlvradio.es\\\/#website\",\"url\":\"https:\\\/\\\/dlvradio.es\\\/\",\"name\":\"DLVRADIO\",\"description\":\"Somos un medio de comunicaci\u00f3n alternativo a los medios tradicionales\",\"publisher\":{\"@id\":\"https:\\\/\\\/dlvradio.es\\\/#organization\"},\"potentialAction\":[{\"@type\":\"SearchAction\",\"target\":{\"@type\":\"EntryPoint\",\"urlTemplate\":\"https:\\\/\\\/dlvradio.es\\\/?s={search_term_string}\"},\"query-input\":{\"@type\":\"PropertyValueSpecification\",\"valueRequired\":true,\"valueName\":\"search_term_string\"}}],\"inLanguage\":\"en-US\"},{\"@type\":\"Organization\",\"@id\":\"https:\\\/\\\/dlvradio.es\\\/#organization\",\"name\":\"DLVRADIO\",\"url\":\"https:\\\/\\\/dlvradio.es\\\/\",\"logo\":{\"@type\":\"ImageObject\",\"inLanguage\":\"en-US\",\"@id\":\"https:\\\/\\\/dlvradio.es\\\/#\\\/schema\\\/logo\\\/image\\\/\",\"url\":\"\",\"contentUrl\":\"\",\"caption\":\"DLVRADIO\"},\"image\":{\"@id\":\"https:\\\/\\\/dlvradio.es\\\/#\\\/schema\\\/logo\\\/image\\\/\"},\"sameAs\":[\"https:\\\/\\\/www.facebook.com\\\/RadioDLVradio\\\/\",\"https:\\\/\\\/x.com\\\/RadioDlvradio\",\"https:\\\/\\\/www.instagram.com\\\/radiodlvradio\\\/\"]},{\"@type\":\"Person\",\"@id\":\"https:\\\/\\\/dlvradio.es\\\/#\\\/schema\\\/person\\\/7d533f9f89b13e3a3f2ba7f67d6412de\",\"name\":\"DLV RADIO\",\"sameAs\":[\"https:\\\/\\\/dlvradio.es\"]}]}<\/script>\n<!-- \/ Yoast SEO plugin. -->","yoast_head_json":{"title":"It is urgent to create an Emissions Control Area in the Mediterranean - DLVRADIO","description":"It is urgent to create an Emissions Control Area in the Mediterranean. Coinciding with the celebration of the 78th Environmental and Climate Negotiations for the","robots":{"index":"index","follow":"follow","max-snippet":"max-snippet:-1","max-image-preview":"max-image-preview:large","max-video-preview":"max-video-preview:-1"},"canonical":"https:\/\/dlvradio.es\/en\/urge-crear-un-area-de-control-de-emisiones-en-el-mediterraneo\/","og_locale":"en_US","og_type":"article","og_title":"Urge crear un \u00c1rea de Control de Emisiones en el Mediterr\u00e1neo - DLVRADIO","og_description":"Urge crear un \u00c1rea de Control de Emisiones en el Mediterr\u00e1neo. Coincidiendo con la celebraci\u00f3n de las 78\u00aa Negociaciones Ambientales y Clim\u00e1ticas para el","og_url":"https:\/\/dlvradio.es\/en\/urge-crear-un-area-de-control-de-emisiones-en-el-mediterraneo\/","og_site_name":"DLVRADIO","article_publisher":"https:\/\/www.facebook.com\/RadioDLVradio\/","article_published_time":"2022-06-03T08:32:46+00:00","og_image":[{"width":1511,"height":1511,"url":"https:\/\/dlvradio.es\/wp-content\/uploads\/2022\/06\/Urge-crear-un-Area-de-Control-de-Emisiones-en-el-Mediterraneo.jpg","type":"image\/jpeg"}],"author":"DLV RADIO","twitter_card":"summary_large_image","twitter_creator":"@RadioDlvradio","twitter_site":"@RadioDlvradio","schema":{"@context":"https:\/\/schema.org","@graph":[{"@type":"Article","@id":"https:\/\/dlvradio.es\/urge-crear-un-area-de-control-de-emisiones-en-el-mediterraneo\/#article","isPartOf":{"@id":"https:\/\/dlvradio.es\/urge-crear-un-area-de-control-de-emisiones-en-el-mediterraneo\/"},"author":{"name":"DLV RADIO","@id":"https:\/\/dlvradio.es\/#\/schema\/person\/7d533f9f89b13e3a3f2ba7f67d6412de"},"headline":"Urge crear un \u00c1rea de Control de Emisiones en el Mediterr\u00e1neo","datePublished":"2022-06-03T08:32:46+00:00","mainEntityOfPage":{"@id":"https:\/\/dlvradio.es\/urge-crear-un-area-de-control-de-emisiones-en-el-mediterraneo\/"},"wordCount":898,"commentCount":0,"publisher":{"@id":"https:\/\/dlvradio.es\/#organization"},"image":{"@id":"https:\/\/dlvradio.es\/urge-crear-un-area-de-control-de-emisiones-en-el-mediterraneo\/#primaryimage"},"thumbnailUrl":"https:\/\/dlvradio.es\/wp-content\/uploads\/2022\/06\/Urge-crear-un-Area-de-Control-de-Emisiones-en-el-Mediterraneo.jpg","keywords":["ecolog\u00eda"],"articleSection":["Emergencia clim\u00e1tica","Informativos"],"inLanguage":"en-US"},{"@type":"WebPage","@id":"https:\/\/dlvradio.es\/urge-crear-un-area-de-control-de-emisiones-en-el-mediterraneo\/","url":"https:\/\/dlvradio.es\/urge-crear-un-area-de-control-de-emisiones-en-el-mediterraneo\/","name":"It is urgent to create an Emissions Control Area in the Mediterranean - DLVRADIO","isPartOf":{"@id":"https:\/\/dlvradio.es\/#website"},"primaryImageOfPage":{"@id":"https:\/\/dlvradio.es\/urge-crear-un-area-de-control-de-emisiones-en-el-mediterraneo\/#primaryimage"},"image":{"@id":"https:\/\/dlvradio.es\/urge-crear-un-area-de-control-de-emisiones-en-el-mediterraneo\/#primaryimage"},"thumbnailUrl":"https:\/\/dlvradio.es\/wp-content\/uploads\/2022\/06\/Urge-crear-un-Area-de-Control-de-Emisiones-en-el-Mediterraneo.jpg","datePublished":"2022-06-03T08:32:46+00:00","description":"It is urgent to create an Emissions Control Area in the Mediterranean. Coinciding with the celebration of the 78th Environmental and Climate Negotiations for the","breadcrumb":{"@id":"https:\/\/dlvradio.es\/urge-crear-un-area-de-control-de-emisiones-en-el-mediterraneo\/#breadcrumb"},"inLanguage":"en-US","potentialAction":[{"@type":"ReadAction","target":["https:\/\/dlvradio.es\/urge-crear-un-area-de-control-de-emisiones-en-el-mediterraneo\/"]}]},{"@type":"ImageObject","inLanguage":"en-US","@id":"https:\/\/dlvradio.es\/urge-crear-un-area-de-control-de-emisiones-en-el-mediterraneo\/#primaryimage","url":"https:\/\/dlvradio.es\/wp-content\/uploads\/2022\/06\/Urge-crear-un-Area-de-Control-de-Emisiones-en-el-Mediterraneo.jpg","contentUrl":"https:\/\/dlvradio.es\/wp-content\/uploads\/2022\/06\/Urge-crear-un-Area-de-Control-de-Emisiones-en-el-Mediterraneo.jpg","width":1511,"height":1511,"caption":"Urge crear un \u00c1rea de Control de Emisiones en el Mediterr\u00e1neo"},{"@type":"BreadcrumbList","@id":"https:\/\/dlvradio.es\/urge-crear-un-area-de-control-de-emisiones-en-el-mediterraneo\/#breadcrumb","itemListElement":[{"@type":"ListItem","position":1,"name":"Inicio","item":"https:\/\/dlvradio.es\/"},{"@type":"ListItem","position":2,"name":"Urge crear un \u00c1rea de Control de Emisiones en el Mediterr\u00e1neo"}]},{"@type":"WebSite","@id":"https:\/\/dlvradio.es\/#website","url":"https:\/\/dlvradio.es\/","name":"DLVRADIO","description":"We are an alternative media to traditional media","publisher":{"@id":"https:\/\/dlvradio.es\/#organization"},"potentialAction":[{"@type":"SearchAction","target":{"@type":"EntryPoint","urlTemplate":"https:\/\/dlvradio.es\/?s={search_term_string}"},"query-input":{"@type":"PropertyValueSpecification","valueRequired":true,"valueName":"search_term_string"}}],"inLanguage":"en-US"},{"@type":"Organization","@id":"https:\/\/dlvradio.es\/#organization","name":"DLVRADIO","url":"https:\/\/dlvradio.es\/","logo":{"@type":"ImageObject","inLanguage":"en-US","@id":"https:\/\/dlvradio.es\/#\/schema\/logo\/image\/","url":"","contentUrl":"","caption":"DLVRADIO"},"image":{"@id":"https:\/\/dlvradio.es\/#\/schema\/logo\/image\/"},"sameAs":["https:\/\/www.facebook.com\/RadioDLVradio\/","https:\/\/x.com\/RadioDlvradio","https:\/\/www.instagram.com\/radiodlvradio\/"]},{"@type":"Person","@id":"https:\/\/dlvradio.es\/#\/schema\/person\/7d533f9f89b13e3a3f2ba7f67d6412de","name":"DLV RADIO","sameAs":["https:\/\/dlvradio.es"]}]}},"_links":{"self":[{"href":"https:\/\/dlvradio.es\/en\/wp-json\/wp\/v2\/posts\/71327","targetHints":{"allow":["GET"]}}],"collection":[{"href":"https:\/\/dlvradio.es\/en\/wp-json\/wp\/v2\/posts"}],"about":[{"href":"https:\/\/dlvradio.es\/en\/wp-json\/wp\/v2\/types\/post"}],"author":[{"embeddable":true,"href":"https:\/\/dlvradio.es\/en\/wp-json\/wp\/v2\/users\/4"}],"replies":[{"embeddable":true,"href":"https:\/\/dlvradio.es\/en\/wp-json\/wp\/v2\/comments?post=71327"}],"version-history":[{"count":0,"href":"https:\/\/dlvradio.es\/en\/wp-json\/wp\/v2\/posts\/71327\/revisions"}],"wp:featuredmedia":[{"embeddable":true,"href":"https:\/\/dlvradio.es\/en\/wp-json\/wp\/v2\/media\/71328"}],"wp:attachment":[{"href":"https:\/\/dlvradio.es\/en\/wp-json\/wp\/v2\/media?parent=71327"}],"wp:term":[{"taxonomy":"category","embeddable":true,"href":"https:\/\/dlvradio.es\/en\/wp-json\/wp\/v2\/categories?post=71327"},{"taxonomy":"post_tag","embeddable":true,"href":"https:\/\/dlvradio.es\/en\/wp-json\/wp\/v2\/tags?post=71327"}],"curies":[{"name":"wp","href":"https:\/\/api.w.org\/{rel}","templated":true}]}}