{"id":71329,"date":"2022-06-05T08:30:00","date_gmt":"2022-06-05T06:30:00","guid":{"rendered":"https:\/\/dlvradio.es\/5-de-junio-dia-mundial-del-medio-ambiente\/"},"modified":"2022-06-05T08:30:00","modified_gmt":"2022-06-05T06:30:00","slug":"5-de-junio-dia-mundial-del-medio-ambiente","status":"publish","type":"post","link":"https:\/\/dlvradio.es\/en\/5-de-junio-dia-mundial-del-medio-ambiente\/","title":{"rendered":"June 5: World Environment Day"},"content":{"rendered":"<h6><strong><span style=\"font-size: x-large;\"><img decoding=\"async\" class=\"alignleft wp-image-9581 size-thumbnail\" src=\"https:\/\/dlvradio.es\/wp-content\/uploads\/2022\/06\/5-de-junio-Dia-Mundial-del-Medio-Ambiente-150x150.jpg\" alt=\"\" width=\"150\" height=\"150\" \/>Las principales organizaciones ecologistas env\u00edan un mensaje claro: \u00abNo nos queda tiempo, necesitamos acci\u00f3n urgente\u00bb<\/span><\/strong><\/h6>\n<p>Amigos de la Tierra, Ecologistas en Acci\u00f3n, Greenpeace, SEO\/BirdLife y WWF lanzan un v\u00eddeo en el que sus m\u00e1ximos representantes alzan la voz para reclamar acci\u00f3n a los gobiernos y a la sociedad.<\/p>\n<audio class=\"wp-audio-shortcode\" id=\"audio-71329-1\" preload=\"none\" style=\"width: 100%;\" controls=\"controls\"><source type=\"audio\/mpeg\" src=\"https:\/\/dlvradio.es\/wp-content\/uploads\/2022\/06\/5ONG-DiaMedioAmbiente.mp3?_=1\" \/><a href=\"https:\/\/dlvradio.es\/wp-content\/uploads\/2022\/06\/5ONG-DiaMedioAmbiente.mp3\">https:\/\/dlvradio.es\/wp-content\/uploads\/2022\/06\/5ONG-DiaMedioAmbiente.mp3<\/a><\/audio>\n<div>\n<p>Como cada a\u00f1o, el 5 de junio se celebra el D\u00eda Mundial del Medio Ambiente, una fecha clave para todas las entidades que se dedican a la conservaci\u00f3n de la naturaleza; y este a\u00f1o, las cinco grandes organizaciones ecologistas de \u00e1mbito estatal se han unido en un mensaje claro: el tiempo se agota y hace falta acci\u00f3n urgente.<\/p>\n<p>Amigos de la Tierra, Ecologistas en Acci\u00f3n, Greenpeace, SEO\/BirdLife y WWF vuelven a poner encima de la mesa la actual crisis ecol\u00f3gica y social que existe, y el poco tiempo que queda para detenerla.<\/p>\n<p>As\u00ed, alertan de que el cambio clim\u00e1tico y la p\u00e9rdida de biodiversidad, como vienen anunciando tanto las propias organizaciones como numerosos informes cient\u00edficos, afectan en el d\u00eda a d\u00eda de las personas y no se puede mirar hacia otro lado. Porque, adem\u00e1s, apuntan que no poner remedio a los problemas ambientales ocasiona situaciones muy complejas como migraciones, desastres clim\u00e1ticos o pandemias, siendo las personas vulnerables quienes m\u00e1s las padecen.<\/p>\n<p>Como anunciaron recientemente cuando presentaron el documento \u2018Frente a la vulnerabilidad social y a la emergencia ecol\u00f3gica: soberan\u00eda energ\u00e9tica y alimentaria\u2019, las organizaciones consideran que es necesario cambiar el modelo y apostar por una sociedad justa.<\/p>\n<p>El contexto actual ha puesto de manifiesto la inseguridad del modelo de producci\u00f3n y consumo, muy deslocalizado, basado en energ\u00edas f\u00f3siles y con necesidades crecientes de materiales y energ\u00eda. La COVID\u201319 tambi\u00e9n ha dejado claro que existen estrechas interrelaciones entre la protecci\u00f3n del medioambiente, la salud y la sobrevivencia de la humanidad.<\/p>\n<p>Amigos de la Tierra, Ecologistas en Acci\u00f3n, Greenpeace, SEO\/BirdLife y WWF consideran que la soberan\u00eda alimentaria y la soberan\u00eda energ\u00e9tica, en un marco de conservaci\u00f3n de la biodiversidad, son la \u00fanica ruta posible para frenar otras posibles crisis y conseguir un planeta seguro, sano y rico en los recursos naturales necesarios.<\/p>\n<p>Por todo ello, las organizaciones ecologistas piden acci\u00f3n urgente a los gobiernos para que los lobbies no controlen el bien com\u00fan para su propio beneficio; y acci\u00f3n urgente de la sociedad para que reclame un medio ambiente sano y de calidad.<\/p>\n<p>En el D\u00eda Mundial del Medio Ambiente, las organizaciones vuelven a gritar: \u00abNi un grado m\u00e1s, ni una especie menos\u00bb.<\/p>\n<a href=\"https:\/\/dlvradio.es\/wp-content\/uploads\/2022\/06\/medias-crisis-guerra-ucrania.pdf\" class=\"pdfemb-viewer\" style=\"\" data-width=\"max\" data-height=\"max\" data-toolbar=\"bottom\" data-toolbar-fixed=\"off\">medias-crisis-guerra-ucrania<\/a>\n<\/div>","protected":false},"excerpt":{"rendered":"<p>Las principales organizaciones ecologistas env\u00edan un mensaje claro: \u00abNo nos queda tiempo, necesitamos acci\u00f3n urgente\u00bb Amigos de la Tierra, Ecologistas en Acci\u00f3n, Greenpeace, SEO\/BirdLife y WWF lanzan un v\u00eddeo en el que sus m\u00e1ximos representantes alzan la voz para reclamar acci\u00f3n a los gobiernos y a la sociedad. Como cada a\u00f1o, el 5 de junio [&hellip;]<\/p>\n","protected":false},"author":4,"featured_media":71330,"comment_status":"open","ping_status":"open","sticky":false,"template":"","format":"standard","meta":{"_acf_changed":false,"footnotes":""},"categories":[2711,2465],"tags":[2478,2507],"class_list":["post-71329","post","type-post","status-publish","format-standard","has-post-thumbnail","hentry","category-emergencia-climatica","category-informativos","tag-ecologia","tag-internacional"],"acf":[],"yoast_head":"<!-- This site is optimized with the Yoast SEO plugin v27.4 - https:\/\/yoast.com\/product\/yoast-seo-wordpress\/ -->\n<title>5 de junio: D\u00eda Mundial del Medio Ambiente - DLVRADIO<\/title>\n<meta name=\"description\" content=\"Las principales organizaciones ecologistas env\u00edan un mensaje claro: &quot;No nos queda tiempo, necesitamos acci\u00f3n urgente&quot; Amigos de la Tierra, Ecologistas en\" \/>\n<meta name=\"robots\" content=\"index, follow, max-snippet:-1, max-image-preview:large, max-video-preview:-1\" \/>\n<link rel=\"canonical\" href=\"https:\/\/dlvradio.es\/en\/5-de-junio-dia-mundial-del-medio-ambiente\/\" \/>\n<meta property=\"og:locale\" content=\"en_US\" \/>\n<meta property=\"og:type\" content=\"article\" \/>\n<meta property=\"og:title\" content=\"5 de junio: D\u00eda Mundial del Medio Ambiente - DLVRADIO\" \/>\n<meta property=\"og:description\" content=\"Las principales organizaciones ecologistas env\u00edan un mensaje claro: &quot;No nos queda tiempo, necesitamos acci\u00f3n urgente&quot; Amigos de la Tierra, Ecologistas en\" \/>\n<meta property=\"og:url\" content=\"https:\/\/dlvradio.es\/en\/5-de-junio-dia-mundial-del-medio-ambiente\/\" \/>\n<meta property=\"og:site_name\" content=\"DLVRADIO\" \/>\n<meta property=\"article:publisher\" content=\"https:\/\/www.facebook.com\/RadioDLVradio\/\" \/>\n<meta property=\"article:published_time\" content=\"2022-06-05T06:30:00+00:00\" \/>\n<meta property=\"og:image\" content=\"https:\/\/dlvradio.es\/wp-content\/uploads\/2022\/06\/5-de-junio-Dia-Mundial-del-Medio-Ambiente.jpg\" \/>\n\t<meta property=\"og:image:width\" content=\"1511\" \/>\n\t<meta property=\"og:image:height\" content=\"1511\" \/>\n\t<meta property=\"og:image:type\" content=\"image\/jpeg\" \/>\n<meta name=\"author\" content=\"DLV RADIO\" \/>\n<meta name=\"twitter:card\" content=\"summary_large_image\" \/>\n<meta name=\"twitter:creator\" content=\"@RadioDlvradio\" \/>\n<meta name=\"twitter:site\" content=\"@RadioDlvradio\" \/>\n<script type=\"application\/ld+json\" class=\"yoast-schema-graph\">{\"@context\":\"https:\\\/\\\/schema.org\",\"@graph\":[{\"@type\":\"Article\",\"@id\":\"https:\\\/\\\/dlvradio.es\\\/5-de-junio-dia-mundial-del-medio-ambiente\\\/#article\",\"isPartOf\":{\"@id\":\"https:\\\/\\\/dlvradio.es\\\/5-de-junio-dia-mundial-del-medio-ambiente\\\/\"},\"author\":{\"name\":\"DLV RADIO\",\"@id\":\"https:\\\/\\\/dlvradio.es\\\/#\\\/schema\\\/person\\\/7d533f9f89b13e3a3f2ba7f67d6412de\"},\"headline\":\"5 de junio: D\u00eda Mundial del Medio Ambiente\",\"datePublished\":\"2022-06-05T06:30:00+00:00\",\"mainEntityOfPage\":{\"@id\":\"https:\\\/\\\/dlvradio.es\\\/5-de-junio-dia-mundial-del-medio-ambiente\\\/\"},\"wordCount\":478,\"commentCount\":0,\"publisher\":{\"@id\":\"https:\\\/\\\/dlvradio.es\\\/#organization\"},\"image\":{\"@id\":\"https:\\\/\\\/dlvradio.es\\\/5-de-junio-dia-mundial-del-medio-ambiente\\\/#primaryimage\"},\"thumbnailUrl\":\"https:\\\/\\\/dlvradio.es\\\/wp-content\\\/uploads\\\/2022\\\/06\\\/5-de-junio-Dia-Mundial-del-Medio-Ambiente.jpg\",\"keywords\":[\"ecolog\u00eda\",\"internacional\"],\"articleSection\":[\"Emergencia clim\u00e1tica\",\"Informativos\"],\"inLanguage\":\"en-US\"},{\"@type\":\"WebPage\",\"@id\":\"https:\\\/\\\/dlvradio.es\\\/5-de-junio-dia-mundial-del-medio-ambiente\\\/\",\"url\":\"https:\\\/\\\/dlvradio.es\\\/5-de-junio-dia-mundial-del-medio-ambiente\\\/\",\"name\":\"5 de junio: D\u00eda Mundial del Medio Ambiente - DLVRADIO\",\"isPartOf\":{\"@id\":\"https:\\\/\\\/dlvradio.es\\\/#website\"},\"primaryImageOfPage\":{\"@id\":\"https:\\\/\\\/dlvradio.es\\\/5-de-junio-dia-mundial-del-medio-ambiente\\\/#primaryimage\"},\"image\":{\"@id\":\"https:\\\/\\\/dlvradio.es\\\/5-de-junio-dia-mundial-del-medio-ambiente\\\/#primaryimage\"},\"thumbnailUrl\":\"https:\\\/\\\/dlvradio.es\\\/wp-content\\\/uploads\\\/2022\\\/06\\\/5-de-junio-Dia-Mundial-del-Medio-Ambiente.jpg\",\"datePublished\":\"2022-06-05T06:30:00+00:00\",\"description\":\"Las principales organizaciones ecologistas env\u00edan un mensaje claro: \\\"No nos queda tiempo, necesitamos acci\u00f3n urgente\\\" Amigos de la Tierra, Ecologistas en\",\"breadcrumb\":{\"@id\":\"https:\\\/\\\/dlvradio.es\\\/5-de-junio-dia-mundial-del-medio-ambiente\\\/#breadcrumb\"},\"inLanguage\":\"en-US\",\"potentialAction\":[{\"@type\":\"ReadAction\",\"target\":[\"https:\\\/\\\/dlvradio.es\\\/5-de-junio-dia-mundial-del-medio-ambiente\\\/\"]}]},{\"@type\":\"ImageObject\",\"inLanguage\":\"en-US\",\"@id\":\"https:\\\/\\\/dlvradio.es\\\/5-de-junio-dia-mundial-del-medio-ambiente\\\/#primaryimage\",\"url\":\"https:\\\/\\\/dlvradio.es\\\/wp-content\\\/uploads\\\/2022\\\/06\\\/5-de-junio-Dia-Mundial-del-Medio-Ambiente.jpg\",\"contentUrl\":\"https:\\\/\\\/dlvradio.es\\\/wp-content\\\/uploads\\\/2022\\\/06\\\/5-de-junio-Dia-Mundial-del-Medio-Ambiente.jpg\",\"width\":1511,\"height\":1511,\"caption\":\"5 de junio D\u00eda Mundial del Medio Ambiente\"},{\"@type\":\"BreadcrumbList\",\"@id\":\"https:\\\/\\\/dlvradio.es\\\/5-de-junio-dia-mundial-del-medio-ambiente\\\/#breadcrumb\",\"itemListElement\":[{\"@type\":\"ListItem\",\"position\":1,\"name\":\"Inicio\",\"item\":\"https:\\\/\\\/dlvradio.es\\\/\"},{\"@type\":\"ListItem\",\"position\":2,\"name\":\"5 de junio: D\u00eda Mundial del Medio Ambiente\"}]},{\"@type\":\"WebSite\",\"@id\":\"https:\\\/\\\/dlvradio.es\\\/#website\",\"url\":\"https:\\\/\\\/dlvradio.es\\\/\",\"name\":\"DLVRADIO\",\"description\":\"Somos un medio de comunicaci\u00f3n alternativo a los medios tradicionales\",\"publisher\":{\"@id\":\"https:\\\/\\\/dlvradio.es\\\/#organization\"},\"potentialAction\":[{\"@type\":\"SearchAction\",\"target\":{\"@type\":\"EntryPoint\",\"urlTemplate\":\"https:\\\/\\\/dlvradio.es\\\/?s={search_term_string}\"},\"query-input\":{\"@type\":\"PropertyValueSpecification\",\"valueRequired\":true,\"valueName\":\"search_term_string\"}}],\"inLanguage\":\"en-US\"},{\"@type\":\"Organization\",\"@id\":\"https:\\\/\\\/dlvradio.es\\\/#organization\",\"name\":\"DLVRADIO\",\"url\":\"https:\\\/\\\/dlvradio.es\\\/\",\"logo\":{\"@type\":\"ImageObject\",\"inLanguage\":\"en-US\",\"@id\":\"https:\\\/\\\/dlvradio.es\\\/#\\\/schema\\\/logo\\\/image\\\/\",\"url\":\"\",\"contentUrl\":\"\",\"caption\":\"DLVRADIO\"},\"image\":{\"@id\":\"https:\\\/\\\/dlvradio.es\\\/#\\\/schema\\\/logo\\\/image\\\/\"},\"sameAs\":[\"https:\\\/\\\/www.facebook.com\\\/RadioDLVradio\\\/\",\"https:\\\/\\\/x.com\\\/RadioDlvradio\",\"https:\\\/\\\/www.instagram.com\\\/radiodlvradio\\\/\"]},{\"@type\":\"Person\",\"@id\":\"https:\\\/\\\/dlvradio.es\\\/#\\\/schema\\\/person\\\/7d533f9f89b13e3a3f2ba7f67d6412de\",\"name\":\"DLV RADIO\",\"sameAs\":[\"https:\\\/\\\/dlvradio.es\"]}]}<\/script>\n<!-- \/ Yoast SEO plugin. -->","yoast_head_json":{"title":"5 de junio: D\u00eda Mundial del Medio Ambiente - DLVRADIO","description":"Las principales organizaciones ecologistas env\u00edan un mensaje claro: \"No nos queda tiempo, necesitamos acci\u00f3n urgente\" Amigos de la Tierra, Ecologistas en","robots":{"index":"index","follow":"follow","max-snippet":"max-snippet:-1","max-image-preview":"max-image-preview:large","max-video-preview":"max-video-preview:-1"},"canonical":"https:\/\/dlvradio.es\/en\/5-de-junio-dia-mundial-del-medio-ambiente\/","og_locale":"en_US","og_type":"article","og_title":"5 de junio: D\u00eda Mundial del Medio Ambiente - DLVRADIO","og_description":"Las principales organizaciones ecologistas env\u00edan un mensaje claro: \"No nos queda tiempo, necesitamos acci\u00f3n urgente\" Amigos de la Tierra, Ecologistas en","og_url":"https:\/\/dlvradio.es\/en\/5-de-junio-dia-mundial-del-medio-ambiente\/","og_site_name":"DLVRADIO","article_publisher":"https:\/\/www.facebook.com\/RadioDLVradio\/","article_published_time":"2022-06-05T06:30:00+00:00","og_image":[{"width":1511,"height":1511,"url":"https:\/\/dlvradio.es\/wp-content\/uploads\/2022\/06\/5-de-junio-Dia-Mundial-del-Medio-Ambiente.jpg","type":"image\/jpeg"}],"author":"DLV RADIO","twitter_card":"summary_large_image","twitter_creator":"@RadioDlvradio","twitter_site":"@RadioDlvradio","schema":{"@context":"https:\/\/schema.org","@graph":[{"@type":"Article","@id":"https:\/\/dlvradio.es\/5-de-junio-dia-mundial-del-medio-ambiente\/#article","isPartOf":{"@id":"https:\/\/dlvradio.es\/5-de-junio-dia-mundial-del-medio-ambiente\/"},"author":{"name":"DLV RADIO","@id":"https:\/\/dlvradio.es\/#\/schema\/person\/7d533f9f89b13e3a3f2ba7f67d6412de"},"headline":"5 de junio: D\u00eda Mundial del Medio Ambiente","datePublished":"2022-06-05T06:30:00+00:00","mainEntityOfPage":{"@id":"https:\/\/dlvradio.es\/5-de-junio-dia-mundial-del-medio-ambiente\/"},"wordCount":478,"commentCount":0,"publisher":{"@id":"https:\/\/dlvradio.es\/#organization"},"image":{"@id":"https:\/\/dlvradio.es\/5-de-junio-dia-mundial-del-medio-ambiente\/#primaryimage"},"thumbnailUrl":"https:\/\/dlvradio.es\/wp-content\/uploads\/2022\/06\/5-de-junio-Dia-Mundial-del-Medio-Ambiente.jpg","keywords":["ecolog\u00eda","internacional"],"articleSection":["Emergencia clim\u00e1tica","Informativos"],"inLanguage":"en-US"},{"@type":"WebPage","@id":"https:\/\/dlvradio.es\/5-de-junio-dia-mundial-del-medio-ambiente\/","url":"https:\/\/dlvradio.es\/5-de-junio-dia-mundial-del-medio-ambiente\/","name":"5 de junio: D\u00eda Mundial del Medio Ambiente - DLVRADIO","isPartOf":{"@id":"https:\/\/dlvradio.es\/#website"},"primaryImageOfPage":{"@id":"https:\/\/dlvradio.es\/5-de-junio-dia-mundial-del-medio-ambiente\/#primaryimage"},"image":{"@id":"https:\/\/dlvradio.es\/5-de-junio-dia-mundial-del-medio-ambiente\/#primaryimage"},"thumbnailUrl":"https:\/\/dlvradio.es\/wp-content\/uploads\/2022\/06\/5-de-junio-Dia-Mundial-del-Medio-Ambiente.jpg","datePublished":"2022-06-05T06:30:00+00:00","description":"Las principales organizaciones ecologistas env\u00edan un mensaje claro: \"No nos queda tiempo, necesitamos acci\u00f3n urgente\" Amigos de la Tierra, Ecologistas en","breadcrumb":{"@id":"https:\/\/dlvradio.es\/5-de-junio-dia-mundial-del-medio-ambiente\/#breadcrumb"},"inLanguage":"en-US","potentialAction":[{"@type":"ReadAction","target":["https:\/\/dlvradio.es\/5-de-junio-dia-mundial-del-medio-ambiente\/"]}]},{"@type":"ImageObject","inLanguage":"en-US","@id":"https:\/\/dlvradio.es\/5-de-junio-dia-mundial-del-medio-ambiente\/#primaryimage","url":"https:\/\/dlvradio.es\/wp-content\/uploads\/2022\/06\/5-de-junio-Dia-Mundial-del-Medio-Ambiente.jpg","contentUrl":"https:\/\/dlvradio.es\/wp-content\/uploads\/2022\/06\/5-de-junio-Dia-Mundial-del-Medio-Ambiente.jpg","width":1511,"height":1511,"caption":"5 de junio D\u00eda Mundial del Medio Ambiente"},{"@type":"BreadcrumbList","@id":"https:\/\/dlvradio.es\/5-de-junio-dia-mundial-del-medio-ambiente\/#breadcrumb","itemListElement":[{"@type":"ListItem","position":1,"name":"Inicio","item":"https:\/\/dlvradio.es\/"},{"@type":"ListItem","position":2,"name":"5 de junio: D\u00eda Mundial del Medio Ambiente"}]},{"@type":"WebSite","@id":"https:\/\/dlvradio.es\/#website","url":"https:\/\/dlvradio.es\/","name":"DLVRADIO","description":"We are an alternative media to traditional media","publisher":{"@id":"https:\/\/dlvradio.es\/#organization"},"potentialAction":[{"@type":"SearchAction","target":{"@type":"EntryPoint","urlTemplate":"https:\/\/dlvradio.es\/?s={search_term_string}"},"query-input":{"@type":"PropertyValueSpecification","valueRequired":true,"valueName":"search_term_string"}}],"inLanguage":"en-US"},{"@type":"Organization","@id":"https:\/\/dlvradio.es\/#organization","name":"DLVRADIO","url":"https:\/\/dlvradio.es\/","logo":{"@type":"ImageObject","inLanguage":"en-US","@id":"https:\/\/dlvradio.es\/#\/schema\/logo\/image\/","url":"","contentUrl":"","caption":"DLVRADIO"},"image":{"@id":"https:\/\/dlvradio.es\/#\/schema\/logo\/image\/"},"sameAs":["https:\/\/www.facebook.com\/RadioDLVradio\/","https:\/\/x.com\/RadioDlvradio","https:\/\/www.instagram.com\/radiodlvradio\/"]},{"@type":"Person","@id":"https:\/\/dlvradio.es\/#\/schema\/person\/7d533f9f89b13e3a3f2ba7f67d6412de","name":"DLV RADIO","sameAs":["https:\/\/dlvradio.es"]}]}},"_links":{"self":[{"href":"https:\/\/dlvradio.es\/en\/wp-json\/wp\/v2\/posts\/71329","targetHints":{"allow":["GET"]}}],"collection":[{"href":"https:\/\/dlvradio.es\/en\/wp-json\/wp\/v2\/posts"}],"about":[{"href":"https:\/\/dlvradio.es\/en\/wp-json\/wp\/v2\/types\/post"}],"author":[{"embeddable":true,"href":"https:\/\/dlvradio.es\/en\/wp-json\/wp\/v2\/users\/4"}],"replies":[{"embeddable":true,"href":"https:\/\/dlvradio.es\/en\/wp-json\/wp\/v2\/comments?post=71329"}],"version-history":[{"count":0,"href":"https:\/\/dlvradio.es\/en\/wp-json\/wp\/v2\/posts\/71329\/revisions"}],"wp:featuredmedia":[{"embeddable":true,"href":"https:\/\/dlvradio.es\/en\/wp-json\/wp\/v2\/media\/71330"}],"wp:attachment":[{"href":"https:\/\/dlvradio.es\/en\/wp-json\/wp\/v2\/media?parent=71329"}],"wp:term":[{"taxonomy":"category","embeddable":true,"href":"https:\/\/dlvradio.es\/en\/wp-json\/wp\/v2\/categories?post=71329"},{"taxonomy":"post_tag","embeddable":true,"href":"https:\/\/dlvradio.es\/en\/wp-json\/wp\/v2\/tags?post=71329"}],"curies":[{"name":"wp","href":"https:\/\/api.w.org\/{rel}","templated":true}]}}