{"id":71527,"date":"2022-09-29T10:27:04","date_gmt":"2022-09-29T08:27:04","guid":{"rendered":"https:\/\/dlvradio.es\/60-aniversario-de-primavera-silenciosa\/"},"modified":"2022-09-29T10:27:04","modified_gmt":"2022-09-29T08:27:04","slug":"60-aniversario-de-primavera-silenciosa","status":"publish","type":"post","link":"https:\/\/dlvradio.es\/en\/60-aniversario-de-primavera-silenciosa\/","title":{"rendered":"60 aniversario de\u00a0Primavera Silenciosa"},"content":{"rendered":"<h6><img decoding=\"async\" class=\"alignleft wp-image-10218 size-thumbnail\" src=\"https:\/\/dlvradio.es\/wp-content\/uploads\/2022\/09\/60-aniversario-de-Primavera-Silenciosa-150x150.jpg\" alt=\"\" width=\"150\" height=\"150\" \/>La UE proh\u00edbe el uso de ciertos plaguicidas pero permite su fabricaci\u00f3n y exportaci\u00f3n<\/h6>\n<ul>\n<li>Coincidiendo con el 60 aniversario de la publicaci\u00f3n de Primavera silenciosa, Ecologistas en Acci\u00f3n lanza el informe El doble rasero del mercado europeo de plaguicidas.<\/li>\n<li>Ecologistas en Acci\u00f3n destaca que el estudio muestra la hipocres\u00eda de la UE: se proh\u00edbe el uso de plaguicidas pero se permite su fabricaci\u00f3n y exportaci\u00f3n.<\/li>\n<li>Urge que la UE proh\u00edba la fabricaci\u00f3n y exportaci\u00f3n de plaguicidas no autorizados e impida la comercializaci\u00f3n de los alimentos que los contengan.<\/li>\n<\/ul>\n<p>El 27 de septiembre de 1962 la bi\u00f3loga estadounidense Rachel Carson public\u00f3 Primavera silenciosa, una obra en la que se describen los efectos da\u00f1inos de los plaguicidas para el medioambiente. Su obra fue pionera para el movimiento ecologista y llev\u00f3 a la prohibici\u00f3n de sustancias de elevada peligrosidad como el DDT.<\/p>\n<p>Sin embargo, 60 a\u00f1os despu\u00e9s, el sistema de producci\u00f3n agraria no ha cambiado y las ventas de plaguicidas nunca han sido tan altas como en la actualidad. Para conmemorar la obra de Rachel Carson e incrementar la conciencia de la necesidad de poner un punto y final a los plaguicidas, Ecologistas en Acci\u00f3n publica el informe El doble rasero del mercado europeo de plaguicidas.<\/p>\n<p>En este informe da cuenta de lo que Ecologistas en Acci\u00f3n denomina \u201cla hipocres\u00eda y el doble rasero del mercado europeo de plaguicidas\u201d: al tiempo que proh\u00edbe el uso de plaguicidas en Europa, permite su fabricaci\u00f3n y exportaci\u00f3n a otros territorios.<\/p>\n<p>El Reglamento 1107\/2009 de la UE sobre comercializaci\u00f3n de plaguicidas impide que se autoricen los de mayor peligro para la salud humana y el medioambiente. En la actualidad, hay 450 plaguicidas autorizados a nivel de la UE frente a los 943 no autorizados para su uso. Esta prohibici\u00f3n afecta \u00fanicamente a su uso en la UE, pero no tiene ning\u00fan efecto en lo relativo a su prohibici\u00f3n, por lo que pueden seguir fabric\u00e1ndose en cualquiera de los Estados miembros y venderse a pa\u00edses no pertenecientes a la UE.<\/p>\n<p>De esta forma, los plaguicidas no autorizados en la UE pueden retornar en forma de residuos de plaguicidas a las estanter\u00edas de nuestras tiendas de alimentaci\u00f3n. Y, siempre que se encuentren en cantidades inferiores a sus respectivos l\u00edmites m\u00e1ximos de residuos de plaguicidas, no se generar\u00e1 la alarma de las autoridades de la seguridad alimentaria.<\/p>\n<p><strong>El viaje de ida y vuelta de los plaguicidas<\/strong><\/p>\n<p>En el programa oficial de control de residuos de plaguicidas de alimentos de 2020 realizado por las autoridades espa\u00f1olas se detectaron residuos del plaguicida tiametoxam en una muestra de baya de Goji cultivada en China.<\/p>\n<p>El tiametoxam es un insecticida neonicotinoide no autorizado en la UE desde el a\u00f1o 2018, por ser un peligro para los organismos polinizadores como las abejas.<\/p>\n<p>No resulta posible determinar con seguridad si el insecticida neonicotinoide detectado en una baya de Goji de origen chino comercializada en Espa\u00f1a fue producido en nuestro pa\u00eds. No obstante, el Ministerio para la Transici\u00f3n Ecol\u00f3gica y el Reto Demogr\u00e1fico (MITERD) confirm\u00f3 a Ecologistas en Acci\u00f3n que en 2020 Espa\u00f1a export\u00f3 a China 1.260 kilos del neocotinoide tiametoxam. Esto hace posible la hip\u00f3tesis de que el plaguicida fuese fabricado en Espa\u00f1a.<\/p>\n<p>Adem\u00e1s, el tiametoxam no fue el \u00fanico plaguicida no autorizado que fue exportado por Espa\u00f1a en ese a\u00f1o, los datos del MITERD muestran que se exportaron m\u00e1s de 7 millones de kilos de un total de 32 plaguicidas. Los datos provisionales de 2021 elevan esta cantidad hasta casi 22 millones de kilos para un total de 28 plaguicidas.<\/p>\n<p>Ecologistas en Acci\u00f3n enfatiza que la informaci\u00f3n del MITERD relativa a la exportaci\u00f3n por Espa\u00f1a de plaguicidas no autorizados es parcial, dado que \u00fanicamente hace menci\u00f3n a un n\u00famero reducido de sustancias cuya exportaci\u00f3n debe contar con el consentimiento fundamentado previo del pa\u00eds importador (Convenio de R\u00f3terdam).<\/p>\n<p>En la actualidad, en el Convenio tan solo hay 35 plaguicidas sujetos a consentimiento, por lo que se desconocen las verdaderas cifras del mercado de los plaguicidas. No obstante, seg\u00fan el Ministerio de Hacienda, la cifra del negocio de la exportaci\u00f3n de plaguicidas a pa\u00edses extracomunitarios super\u00f3\u00a0 los 573 millones de euros (573.169.000 \u20ac) en 2020.<\/p>\n<p><strong>Urge que la UE proh\u00edba la fabricaci\u00f3n y exportaci\u00f3n de plaguicidas no autorizados<\/strong><\/p>\n<p>El caso de la detecci\u00f3n de un plaguicida no autorizado en un alimento importado por Espa\u00f1a no es sino uno de los muchos que pueden ser se\u00f1alados. Al mismo tiempo que se proh\u00edbe el uso de un determinado plaguicida se sigue permitiendo su fabricaci\u00f3n, exportaci\u00f3n y su retorno en forma de residuos de plaguicidas.<\/p>\n<p>Koldo Hern\u00e1ndez, portavoz de Ecologistas en Acci\u00f3n, ha declarado: \u201cLa exportaci\u00f3n de plaguicidas prohibidos se traslada a otros pa\u00edses en modelo de producci\u00f3n agr\u00edcola que la UE descarta. Es decir, Europa externaliza las consecuencias adversas para la salud humana y el medioambiente que afectan directamente a los agricultores y agricultoras de los pa\u00edses importadores. Adem\u00e1s, tambi\u00e9n causa de manera indirecta un riesgo a consumidoras y consumidores europeos a trav\u00e9s de la alimentaci\u00f3n. Por todo ello, Ecologistas en Acci\u00f3n insistimos en que urge que la UE tome medidas que proh\u00edban la fabricaci\u00f3n y exportaci\u00f3n de plaguicidas no autorizados, y que se limite la comercializaci\u00f3n de alimentos que contengan estas sustancias, sea cual sea su origen\u201d.<\/p>","protected":false},"excerpt":{"rendered":"<p>La UE proh\u00edbe el uso de ciertos plaguicidas pero permite su fabricaci\u00f3n y exportaci\u00f3n Coincidiendo con el 60 aniversario de la publicaci\u00f3n de Primavera silenciosa, Ecologistas en Acci\u00f3n lanza el informe El doble rasero del mercado europeo de plaguicidas. Ecologistas en Acci\u00f3n destaca que el estudio muestra la hipocres\u00eda de la UE: se proh\u00edbe el [&hellip;]<\/p>\n","protected":false},"author":4,"featured_media":71528,"comment_status":"open","ping_status":"open","sticky":false,"template":"","format":"standard","meta":{"_acf_changed":false,"footnotes":""},"categories":[2711,2465],"tags":[2478],"class_list":["post-71527","post","type-post","status-publish","format-standard","has-post-thumbnail","hentry","category-emergencia-climatica","category-informativos","tag-ecologia"],"acf":[],"yoast_head":"<!-- This site is optimized with the Yoast SEO plugin v27.4 - https:\/\/yoast.com\/product\/yoast-seo-wordpress\/ -->\n<title>60 aniversario de\u00a0Primavera Silenciosa - DLVRADIO<\/title>\n<meta name=\"description\" content=\"La UE proh\u00edbe el uso de ciertos plaguicidas pero permite su fabricaci\u00f3n y exportaci\u00f3n Coincidiendo con el 60 aniversario de la publicaci\u00f3n de Primavera\" \/>\n<meta name=\"robots\" content=\"index, follow, max-snippet:-1, max-image-preview:large, max-video-preview:-1\" \/>\n<link rel=\"canonical\" href=\"https:\/\/dlvradio.es\/en\/60-aniversario-de-primavera-silenciosa\/\" \/>\n<meta property=\"og:locale\" content=\"en_US\" \/>\n<meta property=\"og:type\" content=\"article\" \/>\n<meta property=\"og:title\" content=\"60 aniversario de\u00a0Primavera Silenciosa - DLVRADIO\" \/>\n<meta property=\"og:description\" content=\"La UE proh\u00edbe el uso de ciertos plaguicidas pero permite su fabricaci\u00f3n y exportaci\u00f3n Coincidiendo con el 60 aniversario de la publicaci\u00f3n de Primavera\" \/>\n<meta property=\"og:url\" content=\"https:\/\/dlvradio.es\/en\/60-aniversario-de-primavera-silenciosa\/\" \/>\n<meta property=\"og:site_name\" content=\"DLVRADIO\" \/>\n<meta property=\"article:publisher\" content=\"https:\/\/www.facebook.com\/RadioDLVradio\/\" \/>\n<meta property=\"article:published_time\" content=\"2022-09-29T08:27:04+00:00\" \/>\n<meta property=\"og:image\" content=\"https:\/\/dlvradio.es\/wp-content\/uploads\/2022\/09\/60-aniversario-de-Primavera-Silenciosa.jpg\" \/>\n\t<meta property=\"og:image:width\" content=\"1511\" \/>\n\t<meta property=\"og:image:height\" content=\"1511\" \/>\n\t<meta property=\"og:image:type\" content=\"image\/jpeg\" \/>\n<meta name=\"author\" content=\"DLV RADIO\" \/>\n<meta name=\"twitter:card\" content=\"summary_large_image\" \/>\n<meta name=\"twitter:creator\" content=\"@RadioDlvradio\" \/>\n<meta name=\"twitter:site\" content=\"@RadioDlvradio\" \/>\n<script type=\"application\/ld+json\" class=\"yoast-schema-graph\">{\"@context\":\"https:\\\/\\\/schema.org\",\"@graph\":[{\"@type\":\"Article\",\"@id\":\"https:\\\/\\\/dlvradio.es\\\/60-aniversario-de-primavera-silenciosa\\\/#article\",\"isPartOf\":{\"@id\":\"https:\\\/\\\/dlvradio.es\\\/60-aniversario-de-primavera-silenciosa\\\/\"},\"author\":{\"name\":\"DLV RADIO\",\"@id\":\"https:\\\/\\\/dlvradio.es\\\/#\\\/schema\\\/person\\\/7d533f9f89b13e3a3f2ba7f67d6412de\"},\"headline\":\"60 aniversario de\u00a0Primavera Silenciosa\",\"datePublished\":\"2022-09-29T08:27:04+00:00\",\"mainEntityOfPage\":{\"@id\":\"https:\\\/\\\/dlvradio.es\\\/60-aniversario-de-primavera-silenciosa\\\/\"},\"wordCount\":940,\"commentCount\":0,\"publisher\":{\"@id\":\"https:\\\/\\\/dlvradio.es\\\/#organization\"},\"image\":{\"@id\":\"https:\\\/\\\/dlvradio.es\\\/60-aniversario-de-primavera-silenciosa\\\/#primaryimage\"},\"thumbnailUrl\":\"https:\\\/\\\/dlvradio.es\\\/wp-content\\\/uploads\\\/2022\\\/09\\\/60-aniversario-de-Primavera-Silenciosa.jpg\",\"keywords\":[\"ecolog\u00eda\"],\"articleSection\":[\"Emergencia clim\u00e1tica\",\"Informativos\"],\"inLanguage\":\"en-US\"},{\"@type\":\"WebPage\",\"@id\":\"https:\\\/\\\/dlvradio.es\\\/60-aniversario-de-primavera-silenciosa\\\/\",\"url\":\"https:\\\/\\\/dlvradio.es\\\/60-aniversario-de-primavera-silenciosa\\\/\",\"name\":\"60 aniversario de\u00a0Primavera Silenciosa - DLVRADIO\",\"isPartOf\":{\"@id\":\"https:\\\/\\\/dlvradio.es\\\/#website\"},\"primaryImageOfPage\":{\"@id\":\"https:\\\/\\\/dlvradio.es\\\/60-aniversario-de-primavera-silenciosa\\\/#primaryimage\"},\"image\":{\"@id\":\"https:\\\/\\\/dlvradio.es\\\/60-aniversario-de-primavera-silenciosa\\\/#primaryimage\"},\"thumbnailUrl\":\"https:\\\/\\\/dlvradio.es\\\/wp-content\\\/uploads\\\/2022\\\/09\\\/60-aniversario-de-Primavera-Silenciosa.jpg\",\"datePublished\":\"2022-09-29T08:27:04+00:00\",\"description\":\"La UE proh\u00edbe el uso de ciertos plaguicidas pero permite su fabricaci\u00f3n y exportaci\u00f3n Coincidiendo con el 60 aniversario de la publicaci\u00f3n de Primavera\",\"breadcrumb\":{\"@id\":\"https:\\\/\\\/dlvradio.es\\\/60-aniversario-de-primavera-silenciosa\\\/#breadcrumb\"},\"inLanguage\":\"en-US\",\"potentialAction\":[{\"@type\":\"ReadAction\",\"target\":[\"https:\\\/\\\/dlvradio.es\\\/60-aniversario-de-primavera-silenciosa\\\/\"]}]},{\"@type\":\"ImageObject\",\"inLanguage\":\"en-US\",\"@id\":\"https:\\\/\\\/dlvradio.es\\\/60-aniversario-de-primavera-silenciosa\\\/#primaryimage\",\"url\":\"https:\\\/\\\/dlvradio.es\\\/wp-content\\\/uploads\\\/2022\\\/09\\\/60-aniversario-de-Primavera-Silenciosa.jpg\",\"contentUrl\":\"https:\\\/\\\/dlvradio.es\\\/wp-content\\\/uploads\\\/2022\\\/09\\\/60-aniversario-de-Primavera-Silenciosa.jpg\",\"width\":1511,\"height\":1511,\"caption\":\"60 aniversario de\u00a0Primavera Silenciosa\"},{\"@type\":\"BreadcrumbList\",\"@id\":\"https:\\\/\\\/dlvradio.es\\\/60-aniversario-de-primavera-silenciosa\\\/#breadcrumb\",\"itemListElement\":[{\"@type\":\"ListItem\",\"position\":1,\"name\":\"Inicio\",\"item\":\"https:\\\/\\\/dlvradio.es\\\/\"},{\"@type\":\"ListItem\",\"position\":2,\"name\":\"60 aniversario de\u00a0Primavera Silenciosa\"}]},{\"@type\":\"WebSite\",\"@id\":\"https:\\\/\\\/dlvradio.es\\\/#website\",\"url\":\"https:\\\/\\\/dlvradio.es\\\/\",\"name\":\"DLVRADIO\",\"description\":\"Somos un medio de comunicaci\u00f3n alternativo a los medios tradicionales\",\"publisher\":{\"@id\":\"https:\\\/\\\/dlvradio.es\\\/#organization\"},\"potentialAction\":[{\"@type\":\"SearchAction\",\"target\":{\"@type\":\"EntryPoint\",\"urlTemplate\":\"https:\\\/\\\/dlvradio.es\\\/?s={search_term_string}\"},\"query-input\":{\"@type\":\"PropertyValueSpecification\",\"valueRequired\":true,\"valueName\":\"search_term_string\"}}],\"inLanguage\":\"en-US\"},{\"@type\":\"Organization\",\"@id\":\"https:\\\/\\\/dlvradio.es\\\/#organization\",\"name\":\"DLVRADIO\",\"url\":\"https:\\\/\\\/dlvradio.es\\\/\",\"logo\":{\"@type\":\"ImageObject\",\"inLanguage\":\"en-US\",\"@id\":\"https:\\\/\\\/dlvradio.es\\\/#\\\/schema\\\/logo\\\/image\\\/\",\"url\":\"\",\"contentUrl\":\"\",\"caption\":\"DLVRADIO\"},\"image\":{\"@id\":\"https:\\\/\\\/dlvradio.es\\\/#\\\/schema\\\/logo\\\/image\\\/\"},\"sameAs\":[\"https:\\\/\\\/www.facebook.com\\\/RadioDLVradio\\\/\",\"https:\\\/\\\/x.com\\\/RadioDlvradio\",\"https:\\\/\\\/www.instagram.com\\\/radiodlvradio\\\/\"]},{\"@type\":\"Person\",\"@id\":\"https:\\\/\\\/dlvradio.es\\\/#\\\/schema\\\/person\\\/7d533f9f89b13e3a3f2ba7f67d6412de\",\"name\":\"DLV RADIO\",\"sameAs\":[\"https:\\\/\\\/dlvradio.es\"]}]}<\/script>\n<!-- \/ Yoast SEO plugin. -->","yoast_head_json":{"title":"60 aniversario de\u00a0Primavera Silenciosa - DLVRADIO","description":"La UE proh\u00edbe el uso de ciertos plaguicidas pero permite su fabricaci\u00f3n y exportaci\u00f3n Coincidiendo con el 60 aniversario de la publicaci\u00f3n de Primavera","robots":{"index":"index","follow":"follow","max-snippet":"max-snippet:-1","max-image-preview":"max-image-preview:large","max-video-preview":"max-video-preview:-1"},"canonical":"https:\/\/dlvradio.es\/en\/60-aniversario-de-primavera-silenciosa\/","og_locale":"en_US","og_type":"article","og_title":"60 aniversario de\u00a0Primavera Silenciosa - DLVRADIO","og_description":"La UE proh\u00edbe el uso de ciertos plaguicidas pero permite su fabricaci\u00f3n y exportaci\u00f3n Coincidiendo con el 60 aniversario de la publicaci\u00f3n de Primavera","og_url":"https:\/\/dlvradio.es\/en\/60-aniversario-de-primavera-silenciosa\/","og_site_name":"DLVRADIO","article_publisher":"https:\/\/www.facebook.com\/RadioDLVradio\/","article_published_time":"2022-09-29T08:27:04+00:00","og_image":[{"width":1511,"height":1511,"url":"https:\/\/dlvradio.es\/wp-content\/uploads\/2022\/09\/60-aniversario-de-Primavera-Silenciosa.jpg","type":"image\/jpeg"}],"author":"DLV RADIO","twitter_card":"summary_large_image","twitter_creator":"@RadioDlvradio","twitter_site":"@RadioDlvradio","schema":{"@context":"https:\/\/schema.org","@graph":[{"@type":"Article","@id":"https:\/\/dlvradio.es\/60-aniversario-de-primavera-silenciosa\/#article","isPartOf":{"@id":"https:\/\/dlvradio.es\/60-aniversario-de-primavera-silenciosa\/"},"author":{"name":"DLV RADIO","@id":"https:\/\/dlvradio.es\/#\/schema\/person\/7d533f9f89b13e3a3f2ba7f67d6412de"},"headline":"60 aniversario de\u00a0Primavera Silenciosa","datePublished":"2022-09-29T08:27:04+00:00","mainEntityOfPage":{"@id":"https:\/\/dlvradio.es\/60-aniversario-de-primavera-silenciosa\/"},"wordCount":940,"commentCount":0,"publisher":{"@id":"https:\/\/dlvradio.es\/#organization"},"image":{"@id":"https:\/\/dlvradio.es\/60-aniversario-de-primavera-silenciosa\/#primaryimage"},"thumbnailUrl":"https:\/\/dlvradio.es\/wp-content\/uploads\/2022\/09\/60-aniversario-de-Primavera-Silenciosa.jpg","keywords":["ecolog\u00eda"],"articleSection":["Emergencia clim\u00e1tica","Informativos"],"inLanguage":"en-US"},{"@type":"WebPage","@id":"https:\/\/dlvradio.es\/60-aniversario-de-primavera-silenciosa\/","url":"https:\/\/dlvradio.es\/60-aniversario-de-primavera-silenciosa\/","name":"60 aniversario de\u00a0Primavera Silenciosa - DLVRADIO","isPartOf":{"@id":"https:\/\/dlvradio.es\/#website"},"primaryImageOfPage":{"@id":"https:\/\/dlvradio.es\/60-aniversario-de-primavera-silenciosa\/#primaryimage"},"image":{"@id":"https:\/\/dlvradio.es\/60-aniversario-de-primavera-silenciosa\/#primaryimage"},"thumbnailUrl":"https:\/\/dlvradio.es\/wp-content\/uploads\/2022\/09\/60-aniversario-de-Primavera-Silenciosa.jpg","datePublished":"2022-09-29T08:27:04+00:00","description":"La UE proh\u00edbe el uso de ciertos plaguicidas pero permite su fabricaci\u00f3n y exportaci\u00f3n Coincidiendo con el 60 aniversario de la publicaci\u00f3n de Primavera","breadcrumb":{"@id":"https:\/\/dlvradio.es\/60-aniversario-de-primavera-silenciosa\/#breadcrumb"},"inLanguage":"en-US","potentialAction":[{"@type":"ReadAction","target":["https:\/\/dlvradio.es\/60-aniversario-de-primavera-silenciosa\/"]}]},{"@type":"ImageObject","inLanguage":"en-US","@id":"https:\/\/dlvradio.es\/60-aniversario-de-primavera-silenciosa\/#primaryimage","url":"https:\/\/dlvradio.es\/wp-content\/uploads\/2022\/09\/60-aniversario-de-Primavera-Silenciosa.jpg","contentUrl":"https:\/\/dlvradio.es\/wp-content\/uploads\/2022\/09\/60-aniversario-de-Primavera-Silenciosa.jpg","width":1511,"height":1511,"caption":"60 aniversario de\u00a0Primavera Silenciosa"},{"@type":"BreadcrumbList","@id":"https:\/\/dlvradio.es\/60-aniversario-de-primavera-silenciosa\/#breadcrumb","itemListElement":[{"@type":"ListItem","position":1,"name":"Inicio","item":"https:\/\/dlvradio.es\/"},{"@type":"ListItem","position":2,"name":"60 aniversario de\u00a0Primavera Silenciosa"}]},{"@type":"WebSite","@id":"https:\/\/dlvradio.es\/#website","url":"https:\/\/dlvradio.es\/","name":"DLVRADIO","description":"We are an alternative media to traditional media","publisher":{"@id":"https:\/\/dlvradio.es\/#organization"},"potentialAction":[{"@type":"SearchAction","target":{"@type":"EntryPoint","urlTemplate":"https:\/\/dlvradio.es\/?s={search_term_string}"},"query-input":{"@type":"PropertyValueSpecification","valueRequired":true,"valueName":"search_term_string"}}],"inLanguage":"en-US"},{"@type":"Organization","@id":"https:\/\/dlvradio.es\/#organization","name":"DLVRADIO","url":"https:\/\/dlvradio.es\/","logo":{"@type":"ImageObject","inLanguage":"en-US","@id":"https:\/\/dlvradio.es\/#\/schema\/logo\/image\/","url":"","contentUrl":"","caption":"DLVRADIO"},"image":{"@id":"https:\/\/dlvradio.es\/#\/schema\/logo\/image\/"},"sameAs":["https:\/\/www.facebook.com\/RadioDLVradio\/","https:\/\/x.com\/RadioDlvradio","https:\/\/www.instagram.com\/radiodlvradio\/"]},{"@type":"Person","@id":"https:\/\/dlvradio.es\/#\/schema\/person\/7d533f9f89b13e3a3f2ba7f67d6412de","name":"DLV RADIO","sameAs":["https:\/\/dlvradio.es"]}]}},"_links":{"self":[{"href":"https:\/\/dlvradio.es\/en\/wp-json\/wp\/v2\/posts\/71527","targetHints":{"allow":["GET"]}}],"collection":[{"href":"https:\/\/dlvradio.es\/en\/wp-json\/wp\/v2\/posts"}],"about":[{"href":"https:\/\/dlvradio.es\/en\/wp-json\/wp\/v2\/types\/post"}],"author":[{"embeddable":true,"href":"https:\/\/dlvradio.es\/en\/wp-json\/wp\/v2\/users\/4"}],"replies":[{"embeddable":true,"href":"https:\/\/dlvradio.es\/en\/wp-json\/wp\/v2\/comments?post=71527"}],"version-history":[{"count":0,"href":"https:\/\/dlvradio.es\/en\/wp-json\/wp\/v2\/posts\/71527\/revisions"}],"wp:featuredmedia":[{"embeddable":true,"href":"https:\/\/dlvradio.es\/en\/wp-json\/wp\/v2\/media\/71528"}],"wp:attachment":[{"href":"https:\/\/dlvradio.es\/en\/wp-json\/wp\/v2\/media?parent=71527"}],"wp:term":[{"taxonomy":"category","embeddable":true,"href":"https:\/\/dlvradio.es\/en\/wp-json\/wp\/v2\/categories?post=71527"},{"taxonomy":"post_tag","embeddable":true,"href":"https:\/\/dlvradio.es\/en\/wp-json\/wp\/v2\/tags?post=71527"}],"curies":[{"name":"wp","href":"https:\/\/api.w.org\/{rel}","templated":true}]}}