{"id":71643,"date":"2022-11-21T08:30:00","date_gmt":"2022-11-21T07:30:00","guid":{"rendered":"https:\/\/dlvradio.es\/la-cop27-alcanza-un-acuerdo-final-in-extremis-que-consigue-salvar-las-perdidas-y-los-danos\/"},"modified":"2022-11-21T08:30:00","modified_gmt":"2022-11-21T07:30:00","slug":"la-cop27-alcanza-un-acuerdo-final-in-extremis-que-consigue-salvar-las-perdidas-y-los-danos","status":"publish","type":"post","link":"https:\/\/dlvradio.es\/en\/la-cop27-alcanza-un-acuerdo-final-in-extremis-que-consigue-salvar-las-perdidas-y-los-danos\/","title":{"rendered":"COP27 reaches final agreement in extremis that manages to save loss and damage"},"content":{"rendered":"<h6><strong><img decoding=\"async\" class=\"alignleft wp-image-10585 size-thumbnail\" src=\"https:\/\/dlvradio.es\/wp-content\/uploads\/2022\/11\/La-COP27-alcanza-un-acuerdo-final-in-extremis-que-consigue-salvar-las-perdidas-y-los-danos-150x150.jpg\" alt=\"\" width=\"150\" height=\"150\" \/>COP27 reaches final agreement in extremis that manages to save loss and damage<\/strong><\/h6>\n<ul>\n<li>After an agonizing end to the negotiations, the international community recognizes the need to create a fund for the losses and damages suffered by the most vulnerable countries in the face of climate change.<\/li>\n<li>Civil society gets its demand heard and demands that the committee for the design of this fund have the participation of the social platforms present in the negotiations.<\/li>\n<li>Regarding mitigation, the final text does not have any progress with respect to the COP26 in Glasgow, which is why Ecologists in Action points out that it is unacceptable that a year has been lost in the fight against the climate emergency.<\/li>\n<li>Financing for adaptation is the package that has gone the most unnoticed, where the results have no progress and are unable to determine a roadmap to double the financing objectives agreed in Glasgow.<\/li>\n<\/ul>\n<p>COP27 was planned as a summit of trust and the implementation \u2013 or launch \u2013 of the Paris Agreements and the Glasgow Pact. However, for two weeks the negotiations have been complex: without a clear facilitation role of the Egyptian Presidency, with hardly any drafts that advanced the status of the discussions, and with information about blockages and very different points of view on relevant aspects.<\/p>\n<p>So much so that, in the last 24 hours of the negotiations and already in stoppage time, the EU has even raised the possibility of a no-deal and abandoning the summit before accepting that the ambition of 1 &#039;5 \u00baC. It also seemed impossible for the US to give in to the creation of the loss and damage fund. However, the Parties have managed to save an agreement that, according to Ecologists in Action, \u201cincludes the demand of civil society to create such a fund \u2013 aimed at the most vulnerable countries in the face of climate change \u2013 but has quite worrying elements to advance the climate struggle that, in addition, widens the gap between the global North and South.\u201d<\/p>\n<p><strong>This is Ecologistas en Acci\u00f3n&#039;s assessment of the most notable points of the final agreement:<\/strong><\/p>\n<ol>\n<li>Loss and damage fund. Although throughout the negotiations none of the proposals on the table seemed to satisfy the different countries, the final wording of the agreement has managed to include this fund\u2014demanded by civil society for more than a year\u2014as well as other financial mechanisms. The countries that have historically contributed the most to the increase in emissions are the ones that must nourish this economic fund. A decision that has been made despite pressure from some countries like the United States that have tried to block it.<\/li>\n<\/ol>\n<p>Despite the approval of these mechanisms, it should be noted that the polarization and slowness of the discussions has prevented progress in the methodology and in the design of next steps for their rapid implementation. The final text contemplates the creation of a transition committee that will have to clearly define the process for financing the fund and the criteria for selecting projects that could benefit from that financing.<\/p>\n<p>The numerous actions held during COP27 by civil society have contributed to unblocking this agreement that was expected to be complex or impossible after listening to the words of representatives of many of the countries of the global North.<\/p>\n<p>For Javier Andaluz, spokesperson for Ecologistas en Acci\u00f3n, \u201cthis has been bittersweet news. Although this tool will allow us to meet the demands of the most vulnerable countries, it also leaves the transitional committee to define the fund with tasks that should have been completed at this summit. Environmental organizations, indigenous, gender and youth platforms demand that we be taken into account in the design of the next steps.\u201d<\/p>\n<ol start=\"2\">\n<li>Mitigation. The measures on reducing emissions are undoubtedly the most disadvantaged of this agreement. The Egyptian Presidency has not shown interest in moving forward in this regard; In fact, it has limited itself to repeating what was already agreed in Glasgow and has not presented any progress to discuss. For the environmental organization, this represents the loss of a year of work and shows the inability of the COPs to include the obligation to adhere to the latest IPCC reports.<\/li>\n<\/ol>\n<p>Likewise, during these two weeks in Egypt, the opposition of many countries to taking additional measures to confront the climate emergency has been clear. Public statements and proposals for new texts have shown attempts by some Parties to relax emissions reduction measures or avoid any mention of the 1.5\u00baC target.<\/p>\n<p>As already happened in Glasgow, the inclusion of a mention of the need to abandon fossil fuels has been a major stumbling block. At COP26 last year, it was possible to include this mention, although only in recommendation mode and without mentioning all fossil fuels: \u201cincrease your efforts to abandon inefficient coal subsidies.\u201d On this occasion, the wording has been left intact, which means that no steps forward are taken in a crucial decade to defossilize our economies.<\/p>\n<p>Once again, all these debates have distracted and prevented consensus on a stronger text that would allow progress towards the end of all fossil fuels and a development model based on the destruction of the planet, facilitating access to renewable technologies for the majority. of the planet that is affected by an energy, ecological and social crisis.<\/p>\n<p>Furthermore, COP27 has shown itself incapable, once again, of ruling out false solutions such as nuclear energy (an energy that is too expensive, dangerous and radioactive) by including the mention of \u201cenergy with low emissions\u201d at the same level as renewable energy.<\/p>\n<p>Sharm el Sheikh&#039;s lack of ambition shows the enormous price of reaching consensus agreements in negotiations. It also reflects the power of the big oil countries, which avoid at all costs mentioning the necessary disappearance of all fossil fuels from the economies before the end of the century.<\/p>\n<p>Irene Rubiera, spokesperson for Ecologistas en Acci\u00f3n, stated: \u201cCountries in the global North \u2013 such as the EU or the US \u2013 have to increase their ambition to reduce emissions, while developing countries with emerging economies cannot evade their responsibility to &quot;when it comes to promoting an energy transition that does not repeat the same mistakes made by the global North.&quot;<\/p>\n<ol start=\"3\">\n<li>Adaptation and financing. Ecologists in Action wants to remind countries that \u201cit is difficult to have credibility in fulfilling financing promises when they have not yet been able to mobilize the goal of the 100 billion dollars committed to the Green Climate Fund.\u201d For the environmental organization, agreeing to create an adaptation fund is a great step but it must be guaranteed that the financing is new, additional and sufficient.<\/li>\n<\/ol>\n<p>In the midst of all the COP27 negotiations, the inability of countries to set a new financing figure for said Green Climate Fund has gone unnoticed. What&#039;s more, for the first time mention of private financing such as Bloomberg Philanthropies appears in the final documents of a summit.<\/p>\n<p>Marta Garc\u00eda Pallar\u00e9s, spokesperson for Ecologistas en Acci\u00f3n, has pointed out that \u201cthe incorporation of private financing sets a bad precedent in international agreements; it is the countries that should be represented in these negotiations and not the corporations. Furthermore, countries have the legislative capacity to establish sufficient fiscal measures so that these companies\u2014largely responsible for the emergency\u2014pay for the damages caused.\u201d<\/p>\n<p>On the other hand, the final documents do not include a clear roadmap to guarantee the doubling of the financing commitments agreed in Glasgow, and leaves it to the mere voluntariness of the countries to ensure that this objective is met in the coming years.<\/p>\n<p>Regarding progress within the adaptation package, the Sharm el Sheikh Climate Summit has managed to stabilize the work program on the global adaptation goal. This mechanism establishes the next steps in the matter, which will give continuity to the Glasgow mandate and should reach conclusions at the next summit to be held in Dubai.<\/p>\n<ol start=\"4\">\n<li>Human rights. One of the most serious points of the final decision of this COP27 is the lack of agreement on the presence of human rights in the drafting. For Ecologistas en Acci\u00f3n, this lack of direct mentions only affects the problem of not understanding the climate crisis as a human rights crisis.<\/li>\n<\/ol>\n<p>On the other hand, the demand for human rights has been central to the civil society agenda of a COP chaired by the totalitarian government of Abdelfatah El-Sisi. The slogan \u201cwithout human rights there is no climate justice\u201d as well as the demand for amnesty for political prisoners has been the protagonist of a large part of the actions, along with others on the demand for a fund for losses and damages, the increase in ambition in mitigation or the demand for climate justice.<\/p>\n<p>Marta Garc\u00eda Pallar\u00e9s added: \u201cWe denounce the repression exercised by the Egyptian Government against activists, political dissidents and journalists, before the COP and also during the summit. The Egyptian Commission for Rights and Freedoms has estimated that more than 800 people have been detained since the beginning of October to date, with a spike in the number of arrests since November 11 due to an alleged call for protests in the country. We ask the international community and the UN to condemn these actions and demand that the host country release the political prisoners.\u201d<\/p>\n<p>Como balance general de la Cumbre del Clima que acaba de cerrarse en Sharm el-Sheij, Javier Andaluz ha declarado: \u00abLa Presidencia egipcia se ha mostrado incapaz de dar avances significativos en una COP que era trascendental. La ruptura de la confianza entre los pa\u00edses se ha hecho evidente, agrandando las diferencias entre los pa\u00edses y poniendo en jaque un proceso que se basa en su mera voluntariedad. Hoy m\u00e1s que nunca queda claro lo lejos que est\u00e1n los gobiernos de asumir las indicaciones cient\u00edficas y responder a la justicia clim\u00e1tica. La sociedad civil es la que ha estado a la altura del reto, mientras los pa\u00edses siguen jugando a la geopol\u00edtica en estas cumbres\u00bb.<\/p>","protected":false},"excerpt":{"rendered":"<p>La COP27 alcanza un acuerdo final in extremis que consigue salvar las p\u00e9rdidas y los da\u00f1os Tras un final ag\u00f3nico de las negociaciones, la comunidad internacional reconoce la necesidad de crear un fondo para las p\u00e9rdidas y los da\u00f1os que sufren los pa\u00edses m\u00e1s vulnerables ante el cambio clim\u00e1tico. La sociedad civil consigue que se [&hellip;]<\/p>\n","protected":false},"author":4,"featured_media":71644,"comment_status":"open","ping_status":"open","sticky":false,"template":"","format":"standard","meta":{"_acf_changed":false,"footnotes":""},"categories":[2711,2465,2593],"tags":[2478,2507],"class_list":["post-71643","post","type-post","status-publish","format-standard","has-post-thumbnail","hentry","category-emergencia-climatica","category-informativos","category-internacional","tag-ecologia","tag-internacional"],"acf":[],"yoast_head":"<!-- This site is optimized with the Yoast SEO plugin v27.4 - https:\/\/yoast.com\/product\/yoast-seo-wordpress\/ -->\n<title>La COP27 alcanza un acuerdo final\u00a0in extremis\u00a0que consigue salvar las p\u00e9rdidas y los da\u00f1os - DLVRADIO<\/title>\n<meta name=\"description\" content=\"La COP27 alcanza un acuerdo final in extremis que consigue salvar las p\u00e9rdidas y los da\u00f1os Tras un final ag\u00f3nico de las negociaciones, la comunidad\" \/>\n<meta name=\"robots\" content=\"index, follow, max-snippet:-1, max-image-preview:large, max-video-preview:-1\" \/>\n<link rel=\"canonical\" href=\"https:\/\/dlvradio.es\/en\/la-cop27-alcanza-un-acuerdo-final-in-extremis-que-consigue-salvar-las-perdidas-y-los-danos\/\" \/>\n<meta property=\"og:locale\" content=\"en_US\" \/>\n<meta property=\"og:type\" content=\"article\" \/>\n<meta property=\"og:title\" content=\"La COP27 alcanza un acuerdo final\u00a0in extremis\u00a0que consigue salvar las p\u00e9rdidas y los da\u00f1os - DLVRADIO\" \/>\n<meta property=\"og:description\" content=\"La COP27 alcanza un acuerdo final in extremis que consigue salvar las p\u00e9rdidas y los da\u00f1os Tras un final ag\u00f3nico de las negociaciones, la comunidad\" \/>\n<meta property=\"og:url\" content=\"https:\/\/dlvradio.es\/en\/la-cop27-alcanza-un-acuerdo-final-in-extremis-que-consigue-salvar-las-perdidas-y-los-danos\/\" \/>\n<meta property=\"og:site_name\" content=\"DLVRADIO\" \/>\n<meta property=\"article:publisher\" content=\"https:\/\/www.facebook.com\/RadioDLVradio\/\" \/>\n<meta property=\"article:published_time\" content=\"2022-11-21T07:30:00+00:00\" \/>\n<meta property=\"og:image\" content=\"https:\/\/dlvradio.es\/wp-content\/uploads\/2022\/11\/La-COP27-alcanza-un-acuerdo-final-in-extremis-que-consigue-salvar-las-perdidas-y-los-danos.jpg\" \/>\n\t<meta property=\"og:image:width\" content=\"1511\" \/>\n\t<meta property=\"og:image:height\" content=\"1511\" \/>\n\t<meta property=\"og:image:type\" content=\"image\/jpeg\" \/>\n<meta name=\"author\" content=\"DLV RADIO\" \/>\n<meta name=\"twitter:card\" content=\"summary_large_image\" \/>\n<meta name=\"twitter:creator\" content=\"@RadioDlvradio\" \/>\n<meta name=\"twitter:site\" content=\"@RadioDlvradio\" \/>\n<script type=\"application\/ld+json\" class=\"yoast-schema-graph\">{\"@context\":\"https:\\\/\\\/schema.org\",\"@graph\":[{\"@type\":\"Article\",\"@id\":\"https:\\\/\\\/dlvradio.es\\\/la-cop27-alcanza-un-acuerdo-final-in-extremis-que-consigue-salvar-las-perdidas-y-los-danos\\\/#article\",\"isPartOf\":{\"@id\":\"https:\\\/\\\/dlvradio.es\\\/la-cop27-alcanza-un-acuerdo-final-in-extremis-que-consigue-salvar-las-perdidas-y-los-danos\\\/\"},\"author\":{\"name\":\"DLV RADIO\",\"@id\":\"https:\\\/\\\/dlvradio.es\\\/#\\\/schema\\\/person\\\/7d533f9f89b13e3a3f2ba7f67d6412de\"},\"headline\":\"La COP27 alcanza un acuerdo final\u00a0in extremis\u00a0que consigue salvar las p\u00e9rdidas y los da\u00f1os\",\"datePublished\":\"2022-11-21T07:30:00+00:00\",\"mainEntityOfPage\":{\"@id\":\"https:\\\/\\\/dlvradio.es\\\/la-cop27-alcanza-un-acuerdo-final-in-extremis-que-consigue-salvar-las-perdidas-y-los-danos\\\/\"},\"wordCount\":1965,\"commentCount\":0,\"publisher\":{\"@id\":\"https:\\\/\\\/dlvradio.es\\\/#organization\"},\"image\":{\"@id\":\"https:\\\/\\\/dlvradio.es\\\/la-cop27-alcanza-un-acuerdo-final-in-extremis-que-consigue-salvar-las-perdidas-y-los-danos\\\/#primaryimage\"},\"thumbnailUrl\":\"https:\\\/\\\/dlvradio.es\\\/wp-content\\\/uploads\\\/2022\\\/11\\\/La-COP27-alcanza-un-acuerdo-final-in-extremis-que-consigue-salvar-las-perdidas-y-los-danos.jpg\",\"keywords\":[\"ecolog\u00eda\",\"internacional\"],\"articleSection\":[\"Emergencia clim\u00e1tica\",\"Informativos\",\"Internacional\"],\"inLanguage\":\"en-US\"},{\"@type\":\"WebPage\",\"@id\":\"https:\\\/\\\/dlvradio.es\\\/la-cop27-alcanza-un-acuerdo-final-in-extremis-que-consigue-salvar-las-perdidas-y-los-danos\\\/\",\"url\":\"https:\\\/\\\/dlvradio.es\\\/la-cop27-alcanza-un-acuerdo-final-in-extremis-que-consigue-salvar-las-perdidas-y-los-danos\\\/\",\"name\":\"La COP27 alcanza un acuerdo final\u00a0in extremis\u00a0que consigue salvar las p\u00e9rdidas y los da\u00f1os - DLVRADIO\",\"isPartOf\":{\"@id\":\"https:\\\/\\\/dlvradio.es\\\/#website\"},\"primaryImageOfPage\":{\"@id\":\"https:\\\/\\\/dlvradio.es\\\/la-cop27-alcanza-un-acuerdo-final-in-extremis-que-consigue-salvar-las-perdidas-y-los-danos\\\/#primaryimage\"},\"image\":{\"@id\":\"https:\\\/\\\/dlvradio.es\\\/la-cop27-alcanza-un-acuerdo-final-in-extremis-que-consigue-salvar-las-perdidas-y-los-danos\\\/#primaryimage\"},\"thumbnailUrl\":\"https:\\\/\\\/dlvradio.es\\\/wp-content\\\/uploads\\\/2022\\\/11\\\/La-COP27-alcanza-un-acuerdo-final-in-extremis-que-consigue-salvar-las-perdidas-y-los-danos.jpg\",\"datePublished\":\"2022-11-21T07:30:00+00:00\",\"description\":\"La COP27 alcanza un acuerdo final in extremis que consigue salvar las p\u00e9rdidas y los da\u00f1os Tras un final ag\u00f3nico de las negociaciones, la comunidad\",\"breadcrumb\":{\"@id\":\"https:\\\/\\\/dlvradio.es\\\/la-cop27-alcanza-un-acuerdo-final-in-extremis-que-consigue-salvar-las-perdidas-y-los-danos\\\/#breadcrumb\"},\"inLanguage\":\"en-US\",\"potentialAction\":[{\"@type\":\"ReadAction\",\"target\":[\"https:\\\/\\\/dlvradio.es\\\/la-cop27-alcanza-un-acuerdo-final-in-extremis-que-consigue-salvar-las-perdidas-y-los-danos\\\/\"]}]},{\"@type\":\"ImageObject\",\"inLanguage\":\"en-US\",\"@id\":\"https:\\\/\\\/dlvradio.es\\\/la-cop27-alcanza-un-acuerdo-final-in-extremis-que-consigue-salvar-las-perdidas-y-los-danos\\\/#primaryimage\",\"url\":\"https:\\\/\\\/dlvradio.es\\\/wp-content\\\/uploads\\\/2022\\\/11\\\/La-COP27-alcanza-un-acuerdo-final-in-extremis-que-consigue-salvar-las-perdidas-y-los-danos.jpg\",\"contentUrl\":\"https:\\\/\\\/dlvradio.es\\\/wp-content\\\/uploads\\\/2022\\\/11\\\/La-COP27-alcanza-un-acuerdo-final-in-extremis-que-consigue-salvar-las-perdidas-y-los-danos.jpg\",\"width\":1511,\"height\":1511,\"caption\":\"La COP27 alcanza un acuerdo final\u00a0in extremis\u00a0que consigue salvar las p\u00e9rdidas y los da\u00f1os\"},{\"@type\":\"BreadcrumbList\",\"@id\":\"https:\\\/\\\/dlvradio.es\\\/la-cop27-alcanza-un-acuerdo-final-in-extremis-que-consigue-salvar-las-perdidas-y-los-danos\\\/#breadcrumb\",\"itemListElement\":[{\"@type\":\"ListItem\",\"position\":1,\"name\":\"Inicio\",\"item\":\"https:\\\/\\\/dlvradio.es\\\/\"},{\"@type\":\"ListItem\",\"position\":2,\"name\":\"La COP27 alcanza un acuerdo final\u00a0in extremis\u00a0que consigue salvar las p\u00e9rdidas y los da\u00f1os\"}]},{\"@type\":\"WebSite\",\"@id\":\"https:\\\/\\\/dlvradio.es\\\/#website\",\"url\":\"https:\\\/\\\/dlvradio.es\\\/\",\"name\":\"DLVRADIO\",\"description\":\"Somos un medio de comunicaci\u00f3n alternativo a los medios tradicionales\",\"publisher\":{\"@id\":\"https:\\\/\\\/dlvradio.es\\\/#organization\"},\"potentialAction\":[{\"@type\":\"SearchAction\",\"target\":{\"@type\":\"EntryPoint\",\"urlTemplate\":\"https:\\\/\\\/dlvradio.es\\\/?s={search_term_string}\"},\"query-input\":{\"@type\":\"PropertyValueSpecification\",\"valueRequired\":true,\"valueName\":\"search_term_string\"}}],\"inLanguage\":\"en-US\"},{\"@type\":\"Organization\",\"@id\":\"https:\\\/\\\/dlvradio.es\\\/#organization\",\"name\":\"DLVRADIO\",\"url\":\"https:\\\/\\\/dlvradio.es\\\/\",\"logo\":{\"@type\":\"ImageObject\",\"inLanguage\":\"en-US\",\"@id\":\"https:\\\/\\\/dlvradio.es\\\/#\\\/schema\\\/logo\\\/image\\\/\",\"url\":\"\",\"contentUrl\":\"\",\"caption\":\"DLVRADIO\"},\"image\":{\"@id\":\"https:\\\/\\\/dlvradio.es\\\/#\\\/schema\\\/logo\\\/image\\\/\"},\"sameAs\":[\"https:\\\/\\\/www.facebook.com\\\/RadioDLVradio\\\/\",\"https:\\\/\\\/x.com\\\/RadioDlvradio\",\"https:\\\/\\\/www.instagram.com\\\/radiodlvradio\\\/\"]},{\"@type\":\"Person\",\"@id\":\"https:\\\/\\\/dlvradio.es\\\/#\\\/schema\\\/person\\\/7d533f9f89b13e3a3f2ba7f67d6412de\",\"name\":\"DLV RADIO\",\"sameAs\":[\"https:\\\/\\\/dlvradio.es\"]}]}<\/script>\n<!-- \/ Yoast SEO plugin. -->","yoast_head_json":{"title":"COP27 reaches final agreement in extremis that manages to save loss and damage - DLVRADIO","description":"COP27 reaches a final agreement in extremis that manages to save the losses and damages After an agonizing end to the negotiations, the community","robots":{"index":"index","follow":"follow","max-snippet":"max-snippet:-1","max-image-preview":"max-image-preview:large","max-video-preview":"max-video-preview:-1"},"canonical":"https:\/\/dlvradio.es\/en\/la-cop27-alcanza-un-acuerdo-final-in-extremis-que-consigue-salvar-las-perdidas-y-los-danos\/","og_locale":"en_US","og_type":"article","og_title":"La COP27 alcanza un acuerdo final\u00a0in extremis\u00a0que consigue salvar las p\u00e9rdidas y los da\u00f1os - DLVRADIO","og_description":"La COP27 alcanza un acuerdo final in extremis que consigue salvar las p\u00e9rdidas y los da\u00f1os Tras un final ag\u00f3nico de las negociaciones, la comunidad","og_url":"https:\/\/dlvradio.es\/en\/la-cop27-alcanza-un-acuerdo-final-in-extremis-que-consigue-salvar-las-perdidas-y-los-danos\/","og_site_name":"DLVRADIO","article_publisher":"https:\/\/www.facebook.com\/RadioDLVradio\/","article_published_time":"2022-11-21T07:30:00+00:00","og_image":[{"width":1511,"height":1511,"url":"https:\/\/dlvradio.es\/wp-content\/uploads\/2022\/11\/La-COP27-alcanza-un-acuerdo-final-in-extremis-que-consigue-salvar-las-perdidas-y-los-danos.jpg","type":"image\/jpeg"}],"author":"DLV RADIO","twitter_card":"summary_large_image","twitter_creator":"@RadioDlvradio","twitter_site":"@RadioDlvradio","schema":{"@context":"https:\/\/schema.org","@graph":[{"@type":"Article","@id":"https:\/\/dlvradio.es\/la-cop27-alcanza-un-acuerdo-final-in-extremis-que-consigue-salvar-las-perdidas-y-los-danos\/#article","isPartOf":{"@id":"https:\/\/dlvradio.es\/la-cop27-alcanza-un-acuerdo-final-in-extremis-que-consigue-salvar-las-perdidas-y-los-danos\/"},"author":{"name":"DLV RADIO","@id":"https:\/\/dlvradio.es\/#\/schema\/person\/7d533f9f89b13e3a3f2ba7f67d6412de"},"headline":"La COP27 alcanza un acuerdo final\u00a0in extremis\u00a0que consigue salvar las p\u00e9rdidas y los da\u00f1os","datePublished":"2022-11-21T07:30:00+00:00","mainEntityOfPage":{"@id":"https:\/\/dlvradio.es\/la-cop27-alcanza-un-acuerdo-final-in-extremis-que-consigue-salvar-las-perdidas-y-los-danos\/"},"wordCount":1965,"commentCount":0,"publisher":{"@id":"https:\/\/dlvradio.es\/#organization"},"image":{"@id":"https:\/\/dlvradio.es\/la-cop27-alcanza-un-acuerdo-final-in-extremis-que-consigue-salvar-las-perdidas-y-los-danos\/#primaryimage"},"thumbnailUrl":"https:\/\/dlvradio.es\/wp-content\/uploads\/2022\/11\/La-COP27-alcanza-un-acuerdo-final-in-extremis-que-consigue-salvar-las-perdidas-y-los-danos.jpg","keywords":["ecolog\u00eda","internacional"],"articleSection":["Emergencia clim\u00e1tica","Informativos","Internacional"],"inLanguage":"en-US"},{"@type":"WebPage","@id":"https:\/\/dlvradio.es\/la-cop27-alcanza-un-acuerdo-final-in-extremis-que-consigue-salvar-las-perdidas-y-los-danos\/","url":"https:\/\/dlvradio.es\/la-cop27-alcanza-un-acuerdo-final-in-extremis-que-consigue-salvar-las-perdidas-y-los-danos\/","name":"COP27 reaches final agreement in extremis that manages to save loss and damage - DLVRADIO","isPartOf":{"@id":"https:\/\/dlvradio.es\/#website"},"primaryImageOfPage":{"@id":"https:\/\/dlvradio.es\/la-cop27-alcanza-un-acuerdo-final-in-extremis-que-consigue-salvar-las-perdidas-y-los-danos\/#primaryimage"},"image":{"@id":"https:\/\/dlvradio.es\/la-cop27-alcanza-un-acuerdo-final-in-extremis-que-consigue-salvar-las-perdidas-y-los-danos\/#primaryimage"},"thumbnailUrl":"https:\/\/dlvradio.es\/wp-content\/uploads\/2022\/11\/La-COP27-alcanza-un-acuerdo-final-in-extremis-que-consigue-salvar-las-perdidas-y-los-danos.jpg","datePublished":"2022-11-21T07:30:00+00:00","description":"COP27 reaches a final agreement in extremis that manages to save the losses and damages After an agonizing end to the negotiations, the community","breadcrumb":{"@id":"https:\/\/dlvradio.es\/la-cop27-alcanza-un-acuerdo-final-in-extremis-que-consigue-salvar-las-perdidas-y-los-danos\/#breadcrumb"},"inLanguage":"en-US","potentialAction":[{"@type":"ReadAction","target":["https:\/\/dlvradio.es\/la-cop27-alcanza-un-acuerdo-final-in-extremis-que-consigue-salvar-las-perdidas-y-los-danos\/"]}]},{"@type":"ImageObject","inLanguage":"en-US","@id":"https:\/\/dlvradio.es\/la-cop27-alcanza-un-acuerdo-final-in-extremis-que-consigue-salvar-las-perdidas-y-los-danos\/#primaryimage","url":"https:\/\/dlvradio.es\/wp-content\/uploads\/2022\/11\/La-COP27-alcanza-un-acuerdo-final-in-extremis-que-consigue-salvar-las-perdidas-y-los-danos.jpg","contentUrl":"https:\/\/dlvradio.es\/wp-content\/uploads\/2022\/11\/La-COP27-alcanza-un-acuerdo-final-in-extremis-que-consigue-salvar-las-perdidas-y-los-danos.jpg","width":1511,"height":1511,"caption":"La COP27 alcanza un acuerdo final\u00a0in extremis\u00a0que consigue salvar las p\u00e9rdidas y los da\u00f1os"},{"@type":"BreadcrumbList","@id":"https:\/\/dlvradio.es\/la-cop27-alcanza-un-acuerdo-final-in-extremis-que-consigue-salvar-las-perdidas-y-los-danos\/#breadcrumb","itemListElement":[{"@type":"ListItem","position":1,"name":"Inicio","item":"https:\/\/dlvradio.es\/"},{"@type":"ListItem","position":2,"name":"La COP27 alcanza un acuerdo final\u00a0in extremis\u00a0que consigue salvar las p\u00e9rdidas y los da\u00f1os"}]},{"@type":"WebSite","@id":"https:\/\/dlvradio.es\/#website","url":"https:\/\/dlvradio.es\/","name":"DLVRADIO","description":"We are an alternative media to traditional media","publisher":{"@id":"https:\/\/dlvradio.es\/#organization"},"potentialAction":[{"@type":"SearchAction","target":{"@type":"EntryPoint","urlTemplate":"https:\/\/dlvradio.es\/?s={search_term_string}"},"query-input":{"@type":"PropertyValueSpecification","valueRequired":true,"valueName":"search_term_string"}}],"inLanguage":"en-US"},{"@type":"Organization","@id":"https:\/\/dlvradio.es\/#organization","name":"DLVRADIO","url":"https:\/\/dlvradio.es\/","logo":{"@type":"ImageObject","inLanguage":"en-US","@id":"https:\/\/dlvradio.es\/#\/schema\/logo\/image\/","url":"","contentUrl":"","caption":"DLVRADIO"},"image":{"@id":"https:\/\/dlvradio.es\/#\/schema\/logo\/image\/"},"sameAs":["https:\/\/www.facebook.com\/RadioDLVradio\/","https:\/\/x.com\/RadioDlvradio","https:\/\/www.instagram.com\/radiodlvradio\/"]},{"@type":"Person","@id":"https:\/\/dlvradio.es\/#\/schema\/person\/7d533f9f89b13e3a3f2ba7f67d6412de","name":"DLV RADIO","sameAs":["https:\/\/dlvradio.es"]}]}},"_links":{"self":[{"href":"https:\/\/dlvradio.es\/en\/wp-json\/wp\/v2\/posts\/71643","targetHints":{"allow":["GET"]}}],"collection":[{"href":"https:\/\/dlvradio.es\/en\/wp-json\/wp\/v2\/posts"}],"about":[{"href":"https:\/\/dlvradio.es\/en\/wp-json\/wp\/v2\/types\/post"}],"author":[{"embeddable":true,"href":"https:\/\/dlvradio.es\/en\/wp-json\/wp\/v2\/users\/4"}],"replies":[{"embeddable":true,"href":"https:\/\/dlvradio.es\/en\/wp-json\/wp\/v2\/comments?post=71643"}],"version-history":[{"count":0,"href":"https:\/\/dlvradio.es\/en\/wp-json\/wp\/v2\/posts\/71643\/revisions"}],"wp:featuredmedia":[{"embeddable":true,"href":"https:\/\/dlvradio.es\/en\/wp-json\/wp\/v2\/media\/71644"}],"wp:attachment":[{"href":"https:\/\/dlvradio.es\/en\/wp-json\/wp\/v2\/media?parent=71643"}],"wp:term":[{"taxonomy":"category","embeddable":true,"href":"https:\/\/dlvradio.es\/en\/wp-json\/wp\/v2\/categories?post=71643"},{"taxonomy":"post_tag","embeddable":true,"href":"https:\/\/dlvradio.es\/en\/wp-json\/wp\/v2\/tags?post=71643"}],"curies":[{"name":"wp","href":"https:\/\/api.w.org\/{rel}","templated":true}]}}