{"id":71704,"date":"2022-12-28T16:14:35","date_gmt":"2022-12-28T15:14:35","guid":{"rendered":"https:\/\/dlvradio.es\/balance-ambiental-de-2022-la-guerra-en-europa-evidencia-la-crisis-sistemica-actual\/"},"modified":"2022-12-28T16:14:35","modified_gmt":"2022-12-28T15:14:35","slug":"balance-ambiental-de-2022-la-guerra-en-europa-evidencia-la-crisis-sistemica-actual","status":"publish","type":"post","link":"https:\/\/dlvradio.es\/en\/balance-ambiental-de-2022-la-guerra-en-europa-evidencia-la-crisis-sistemica-actual\/","title":{"rendered":"<strong>Balance ambiental de 2022: la guerra en Europa evidencia la crisis sist\u00e9mica actual<\/strong>"},"content":{"rendered":"<h6><strong><img decoding=\"async\" class=\"alignleft wp-image-7747 size-thumbnail\" src=\"https:\/\/dlvradio.es\/wp-content\/uploads\/2021\/10\/ecoloverdnatu-150x150.jpg\" alt=\"\" width=\"150\" height=\"150\" \/>Balance ambiental de 2022: la guerra en Europa evidencia la crisis sist\u00e9mica actual<\/strong><\/h6>\n<ul>\n<li>Ecologistas en Acci\u00f3n hace balance de un a\u00f1o marcado por la guerra de Ucrania y pone el \u00e9nfasis en que el alza en el precio de la energ\u00eda precede al comienzo de la guerra: su impulso tiene m\u00e1s relaci\u00f3n con elementos estructurales de la crisis sist\u00e9mica que vivimos.<\/li>\n<li>La organizaci\u00f3n ecologista apuesta por la adopci\u00f3n urgente de pol\u00edticas radicales para minimizar el avance hacia los peores escenarios sociales, clim\u00e1ticos y ecosist\u00e9micos.<\/li>\n<\/ul>\n<p>El a\u00f1o 2022 ha transcurrido enmarcado en un contexto de reducci\u00f3n en la disponibilidad de materiales y energ\u00eda, donde quienes m\u00e1s est\u00e1n sufriendo sus consecuencias son las clases populares. La guerra de Ucrania ha evidenciado una situaci\u00f3n de crisis de suministros que, sin embargo, ya exist\u00eda antes de la invasi\u00f3n rusa.<\/p>\n<p>Ante tal situaci\u00f3n, Ecologistas en Acci\u00f3n vuelve a incidir en que resulta imprescindible reducir la dependencia de esos recursos, aunque la transici\u00f3n hacia este escenario no sea sencilla, como se\u00f1al\u00f3, junto a Amigos de la Tierra, Greenpeace, SEO\/BirdLife y WWF, en una bater\u00eda de diez propuestas a desarrollar frente a la vulnerabilidad social y a la emergencia ecol\u00f3gica.<\/p>\n<p>Contra la barbarie de la guerra, durante la celebraci\u00f3n de la Cumbre de la OTAN en la capital madrile\u00f1a, a finales de julio m\u00e1s de cincuenta activistas de diferentes territorios del Estado espa\u00f1ol convirtieron la Escuela de Guerra de Madrid en una Escuela de Paz, mediante una acci\u00f3n directa no violenta, para exigir la salida de los se\u00f1ores de la guerra de nuestro pa\u00eds y la reducci\u00f3n (hasta su eliminaci\u00f3n) del gasto militar, entre otras demandas. Desarma Madrid, red de la que forma parte Ecologistas en Acci\u00f3n, y la organizaci\u00f3n estatal Alternativa Antimilitarista-MOC organizaron dicha protesta.<\/p>\n<p>Ante la situaci\u00f3n de vulnerabilidad, la organizaci\u00f3n ecologista ha exigido poner fin a los combustibles f\u00f3siles y nucleares que la UE pretende vender como energ\u00eda verde. Un ejemplo claro lo encontramos en la apuesta por ampliar las infraestructuras gasistas como el MidCat para el gas natural. Este gasoducto es innecesario y solo conseguir\u00e1 acelerar la crisis clim\u00e1tica, motivo por el cual la campa\u00f1a estival 2022 del velero Diosa Maat iz\u00f3 las velas liderando una Marea contra el gas con el objetivo de impulsar en todos los ayuntamientos la declaraci\u00f3n de Municipios Libres de Gas.<\/p>\n<p>Mientras las familias espa\u00f1olas se han apretado el cintur\u00f3n para pagar las facturas de la luz y llenar la cesta de la compra, entidades de reconocido prestigio social y cient\u00edfico, como el Real Jard\u00edn Bot\u00e1nico de Madrid y el CSIC, asocian su nombre al de algunas de las multinacionales m\u00e1s contaminantes del mundo, como Hyundai, empresa patrocinadora de Naturaleza encendida. Ecologistas en Acci\u00f3n ha recalcado que el derroche energ\u00e9tico que supone un espect\u00e1culo de luces de este calado es, adem\u00e1s de innecesario, \u00e9tica y ecol\u00f3gicamente inaceptable en el actual contexto de emergencia clim\u00e1tica y pobreza energ\u00e9tica.<\/p>\n<p>La crisis energ\u00e9tica ha acelerado dos problemas ambientales relacionados: la falta de planificaci\u00f3n de proyectos renovables y los proyectos mineros. Frente al primer problema, Ecologistas en Acci\u00f3n ha defendido la necesidad de que el desarrollo renovable sea compatible con la defensa de la biodiversidad. Frente a la miner\u00eda, Ecologistas en Acci\u00f3n ha presentado este a\u00f1o el informe Reciclaje de Metales como alternativa a la miner\u00eda extractiva.<\/p>\n<p>Tambi\u00e9n particip\u00f3 en octubre en la organizaci\u00f3n del Contrasal\u00f3n Minero con motivo del Sal\u00f3n Internacional de la Miner\u00eda en Sevilla, para denunciar y alertar de que el impulso de este sector supone apoyar la devastaci\u00f3n ecol\u00f3gica, omitir el derecho de los pueblos a decidir sobre sus propios territorios y mantener la extracci\u00f3n y el uso desmedido de recursos naturales.<\/p>\n<p>A su vez, Ecologistas en Acci\u00f3n ha recurrido ante el Tribunal Supremo la Hoja de Ruta para la gesti\u00f3n sostenible de las Materias Primas Minerales aprobada por el Gobierno el pasado mes de agosto, con el objetivo de alertar de que la nueva ley de minas que impulsa el Ministerio para la Transici\u00f3n Ecol\u00f3gica viene dictada por el lobby minero.<\/p>\n<p>Desde mayo de 2021, la Ley de Cambio Clim\u00e1tico obliga a todas las ciudades de m\u00e1s de 50.000 habitantes a poner en marcha su Zona de Bajas Emisiones (ZBE) antes de 2023. Ecologistas en Acci\u00f3n ha elaborado este a\u00f1o la gu\u00eda Las Zonas de Bajas Emisiones para orientar y facilitar la acci\u00f3n de los grupos de activistas locales, y los equipos municipales, con criterios clim\u00e1ticos y de calidad del aire en ciudades medias, porque otro a\u00f1o m\u00e1s las ciudades espa\u00f1olas vuelven a suspender en contaminaci\u00f3n por ozono, como se recoge en el informe La contaminaci\u00f3n por ozono en el Estado espa\u00f1ol en 2022.<\/p>\n<p>En materia de agua se ha denunciado la contaminaci\u00f3n por nitratos en el abastecimiento de 197 municipios recogidos en el informe Estudios del contenido de nitratos en las aguas de consumo humano. El origen apunta a la proliferaci\u00f3n de ganader\u00eda industrial intensiva y el uso masivo de abonos en la agricultura, sectores directamente relacionados con la situaci\u00f3n cr\u00edtica que atraviesan enclaves tan singulares e importantes como Do\u00f1ana o el Mar Menor. La crisis h\u00eddrica tambi\u00e9n est\u00e1 profundamente acentuada por un volumen de regad\u00edo en Espa\u00f1a, que tiene un consumo superior al que las reservas h\u00eddricas \u2014superficiales y subterr\u00e1neas\u2014 son capaces de sostener.<\/p>\n<p>Esta realidad contaminada trasciende al medio marino y terrestre. Ecologistas en Acci\u00f3n ha ampliado su informe Plaguicidas Disruptores Endocrinos en Alimentos, incluyendo los no autorizados por Europa y los que se contempla ser sustituidos por las autoridades. Los alimentos espa\u00f1oles conten\u00edan restos de 125 plaguicidas diferentes: 57 disruptores, 64 no autorizados y 13 candidatos a su sustituci\u00f3n.<\/p>\n<p>En el balance de 2022 resulta imposible olvidar la lucha contra la contaminaci\u00f3n en el medio marino: Ecologistas en Acci\u00f3n ha recogido 760 kilos de basura, principalmente pl\u00e1sticos, durante su campa\u00f1a anual Limpiemos el mar. Como parte positiva, se termina 2022 con la aprobaci\u00f3n del Real Decreto de Residuos en el \u00faltimo Consejo de Ministros del a\u00f1o, que ha sido rectificado para preservar el esp\u00edritu de la Ley de Residuos e impedir que la industria del usar y tirar, representada en Ecoembes, se autoeval\u00fae en el cumplimiento de los objetivos. En consecuencia, se apuesta por una hoja de ruta s\u00f3lida y transparente para la llegada del Sistema de Dep\u00f3sito de envases de bebidas, con el que se lograr\u00eda poner fin a los 35 millones de envases de bebidas que cada d\u00eda contaminan el entorno y da\u00f1an la salud de las personas<\/p>\n<p>Siguiendo con la defensa de ecosistemas marinos, se ha publicado un a\u00f1o m\u00e1s el Informe Banderas Negras. Adem\u00e1s, se ha comprobado con decepci\u00f3n que las negociaciones a puerta cerrada en el Consejo de la UE hacen imposible ver el fin de la sobrepesca para 2023. Siempre ser\u00e1 m\u00e1s f\u00e1cil prevenir una crisis que afrontar sus consecuencias y, como muestra de ello, en noviembre se estren\u00f3 el documental Alegr\u00eda, en conmemoraci\u00f3n del 20\u00ba aniversario del desastre del Prestige, una producci\u00f3n de Ecoloxistas en Acci\u00f3n y URCO productions.<\/p>\n<p>La conservaci\u00f3n de la naturaleza y de la biodiversidad ha seguido siendo la gran crisis silenciada y obviada, algo que, como advierte la comunidad cient\u00edfica, pone en grave situaci\u00f3n de riesgo a la humanidad. La inacci\u00f3n del Gobierno ha sido sistem\u00e1ticamente denunciada por Ecologistas en Acci\u00f3n. Resulta especialmente inadmisible el retraso y la falta de ambici\u00f3n del Plan Estrat\u00e9gico del Patrimonio Natural y la Biodiversidad que no incorpora dentro de los objetivos a los principales impulsores de destrucci\u00f3n de la biodiversidad.<\/p>\n<p>En el plano internacional, la COP15 sobre biodiversidad se ha visto reducida a otra oportunidad perdida para frenar la p\u00e9rdida de biodiversidad. El Marco Global aprobado se queda a mitad de camino en la mayor\u00eda de sus Metas, y aunque permitir\u00e1 continuar avanzando puede impedir que se cumpla la visi\u00f3n de \u201cvivir en armon\u00eda con la naturaleza en 2050\u201d. Adem\u00e1s, queda la parte m\u00e1s importante y no siempre la m\u00e1s frecuente: cumplir lo acordado.<\/p>\n<p>Tambi\u00e9n ha vuelto a ser una oportunidad perdida la COP27 sobre cambio clim\u00e1tico celebrada en Egipto, donde Ecologistas en Acci\u00f3n, junto a otras organizaciones de la sociedad civil, alz\u00f3 su voz para exigir derechos humanos y justicia clim\u00e1tica. Tras alcanzar un acuerdo final in extremis, se consigui\u00f3 que la comunidad internacional reconociera la necesidad de crear un fondo para las p\u00e9rdidas y los da\u00f1os que sufren los pa\u00edses m\u00e1s vulnerables ante el cambio clim\u00e1tico. A pesar de ello, Ecologistas en Acci\u00f3n considera inadmisible haber perdido un a\u00f1o en cuanto a la adopci\u00f3n de medidas para la mitigaci\u00f3n frente a la emergencia clim\u00e1tica, pues el texto final no recoge avance alguno respecto a la COP26 en Glasgow.<\/p>\n<p>Para terminar con buen sabor de boca este balance de 2022, Ecologistas en Acci\u00f3n hace menci\u00f3n a la presi\u00f3n de las organizaciones civiles que dan sus frutos. Es el caso de la salida de Espa\u00f1a del Tratado de la Carta de la Energ\u00eda y el bloqueo hist\u00f3rico que ha sufrido el tratado en su totalidad: el Parlamento Europeo ha pedido su salida en bloque.<\/p>\n<p>Entre las luchas para defender nuestros territorios, la organizaci\u00f3n ecologista se felicita porque todos nuestros argumentos han sido recogidos de forma contundente en la sentencia del Tribunal Supremo por el caso de Valdeca\u00f1as: la urbanizaci\u00f3n es ilegal de principio a fin y deber\u00e1 demolerse por completo, aunque el Tribunal Constitucional haya accedido de manera muy cuestionable a revisar dicha sentencia. Ecologistas en Acci\u00f3n ha recordado que no es justicia si no es igual para todas las personas y si el poder judicial se hace c\u00f3mplice de quienes desde posiciones de poder acosan y criminalizan a los colectivos ecologistas que defienden la legalidad, como en este caso o en tantos otros.<\/p>\n<p>Como cierre a su balance, Ecologistas en Acci\u00f3n reitera que todas sus acciones est\u00e1n orientadas a exigir una transici\u00f3n ecol\u00f3gica con justicia social. Sara Acu\u00f1a, coordinadora de la organizaci\u00f3n, ha declarado: \u201cEsto pasa por una redistribuci\u00f3n de la riqueza real con pol\u00edticas radicales, como las expropiaciones, las rentas b\u00e1sicas y m\u00e1ximas, o el desv\u00edo del gasto militar para fines socioambientales. Tambi\u00e9n pasa por proteger la biodiversidad y por luchar contra el cambio clim\u00e1tico. En definitiva, pasa por caminar hacia la soberan\u00eda social mediante la articulaci\u00f3n de alternativas al capitalismo para la satisfacci\u00f3n de las necesidades humanas dentro de los l\u00edmites del planeta. Todo esto requiere decrecimiento y el fomento de energ\u00eda realmente renovable\u201d.<\/p>\n<p>Un cambio de modelo es imprescindible pero tambi\u00e9n es posible si sabemos c\u00f3mo hacerlo. Por eso Ecologistas en Acci\u00f3n ha ofrecido varias claves para disfrutar de unas fiestas felices, al tiempo que se contribuye a dar respuesta a la crisis sist\u00e9mica. Las mismas claves que se invitan a adoptar durante todo el a\u00f1o para contribuir de forma activa a hacer revoluci\u00f3n por una transici\u00f3n ecosocial justa y sostenible.<\/p>\n<p>\u00abEs de una Ecol\u00f3gica Aplastante pensar que juntas podemos hacer mucho m\u00e1s: \u00a1As\u00f3ciate!\u00bb, concluye Acu\u00f1a.<\/p>","protected":false},"excerpt":{"rendered":"<p>Balance ambiental de 2022: la guerra en Europa evidencia la crisis sist\u00e9mica actual Ecologistas en Acci\u00f3n hace balance de un a\u00f1o marcado por la guerra de Ucrania y pone el \u00e9nfasis en que el alza en el precio de la energ\u00eda precede al comienzo de la guerra: su impulso tiene m\u00e1s relaci\u00f3n con elementos estructurales [&hellip;]<\/p>\n","protected":false},"author":4,"featured_media":70811,"comment_status":"open","ping_status":"open","sticky":false,"template":"","format":"standard","meta":{"_acf_changed":false,"footnotes":""},"categories":[2711,2465],"tags":[2478,2507],"class_list":["post-71704","post","type-post","status-publish","format-standard","has-post-thumbnail","hentry","category-emergencia-climatica","category-informativos","tag-ecologia","tag-internacional"],"acf":[],"yoast_head":"<!-- This site is optimized with the Yoast SEO plugin v27.4 - https:\/\/yoast.com\/product\/yoast-seo-wordpress\/ -->\n<title>Balance ambiental de 2022: la guerra en Europa evidencia la crisis sist\u00e9mica actual - DLVRADIO<\/title>\n<meta name=\"description\" content=\"Balance ambiental de 2022: la guerra en Europa evidencia la crisis sist\u00e9mica actual Ecologistas en Acci\u00f3n hace balance de un a\u00f1o marcado por la guerra de\" \/>\n<meta name=\"robots\" content=\"index, follow, max-snippet:-1, max-image-preview:large, max-video-preview:-1\" \/>\n<link rel=\"canonical\" href=\"https:\/\/dlvradio.es\/en\/balance-ambiental-de-2022-la-guerra-en-europa-evidencia-la-crisis-sistemica-actual\/\" \/>\n<meta property=\"og:locale\" content=\"en_US\" \/>\n<meta property=\"og:type\" content=\"article\" \/>\n<meta property=\"og:title\" content=\"Balance ambiental de 2022: la guerra en Europa evidencia la crisis sist\u00e9mica actual - DLVRADIO\" \/>\n<meta property=\"og:description\" content=\"Balance ambiental de 2022: la guerra en Europa evidencia la crisis sist\u00e9mica actual Ecologistas en Acci\u00f3n hace balance de un a\u00f1o marcado por la guerra de\" \/>\n<meta property=\"og:url\" content=\"https:\/\/dlvradio.es\/en\/balance-ambiental-de-2022-la-guerra-en-europa-evidencia-la-crisis-sistemica-actual\/\" \/>\n<meta property=\"og:site_name\" content=\"DLVRADIO\" \/>\n<meta property=\"article:publisher\" content=\"https:\/\/www.facebook.com\/RadioDLVradio\/\" \/>\n<meta property=\"article:published_time\" content=\"2022-12-28T15:14:35+00:00\" \/>\n<meta property=\"og:image\" content=\"https:\/\/dlvradio.es\/wp-content\/uploads\/2021\/10\/ecoloverdnatu.jpg\" \/>\n\t<meta property=\"og:image:width\" content=\"1511\" \/>\n\t<meta property=\"og:image:height\" content=\"1511\" \/>\n\t<meta property=\"og:image:type\" content=\"image\/jpeg\" \/>\n<meta name=\"author\" content=\"DLV RADIO\" \/>\n<meta name=\"twitter:card\" content=\"summary_large_image\" \/>\n<meta name=\"twitter:creator\" content=\"@RadioDlvradio\" \/>\n<meta name=\"twitter:site\" content=\"@RadioDlvradio\" \/>\n<script type=\"application\/ld+json\" class=\"yoast-schema-graph\">{\"@context\":\"https:\\\/\\\/schema.org\",\"@graph\":[{\"@type\":\"Article\",\"@id\":\"https:\\\/\\\/dlvradio.es\\\/balance-ambiental-de-2022-la-guerra-en-europa-evidencia-la-crisis-sistemica-actual\\\/#article\",\"isPartOf\":{\"@id\":\"https:\\\/\\\/dlvradio.es\\\/balance-ambiental-de-2022-la-guerra-en-europa-evidencia-la-crisis-sistemica-actual\\\/\"},\"author\":{\"name\":\"DLV RADIO\",\"@id\":\"https:\\\/\\\/dlvradio.es\\\/#\\\/schema\\\/person\\\/7d533f9f89b13e3a3f2ba7f67d6412de\"},\"headline\":\"Balance ambiental de 2022: la guerra en Europa evidencia la crisis sist\u00e9mica actual\",\"datePublished\":\"2022-12-28T15:14:35+00:00\",\"mainEntityOfPage\":{\"@id\":\"https:\\\/\\\/dlvradio.es\\\/balance-ambiental-de-2022-la-guerra-en-europa-evidencia-la-crisis-sistemica-actual\\\/\"},\"wordCount\":1986,\"commentCount\":0,\"publisher\":{\"@id\":\"https:\\\/\\\/dlvradio.es\\\/#organization\"},\"image\":{\"@id\":\"https:\\\/\\\/dlvradio.es\\\/balance-ambiental-de-2022-la-guerra-en-europa-evidencia-la-crisis-sistemica-actual\\\/#primaryimage\"},\"thumbnailUrl\":\"https:\\\/\\\/dlvradio.es\\\/wp-content\\\/uploads\\\/2021\\\/10\\\/ecoloverdnatu.jpg\",\"keywords\":[\"ecolog\u00eda\",\"internacional\"],\"articleSection\":[\"Emergencia clim\u00e1tica\",\"Informativos\"],\"inLanguage\":\"en-US\"},{\"@type\":\"WebPage\",\"@id\":\"https:\\\/\\\/dlvradio.es\\\/balance-ambiental-de-2022-la-guerra-en-europa-evidencia-la-crisis-sistemica-actual\\\/\",\"url\":\"https:\\\/\\\/dlvradio.es\\\/balance-ambiental-de-2022-la-guerra-en-europa-evidencia-la-crisis-sistemica-actual\\\/\",\"name\":\"Balance ambiental de 2022: la guerra en Europa evidencia la crisis sist\u00e9mica actual - DLVRADIO\",\"isPartOf\":{\"@id\":\"https:\\\/\\\/dlvradio.es\\\/#website\"},\"primaryImageOfPage\":{\"@id\":\"https:\\\/\\\/dlvradio.es\\\/balance-ambiental-de-2022-la-guerra-en-europa-evidencia-la-crisis-sistemica-actual\\\/#primaryimage\"},\"image\":{\"@id\":\"https:\\\/\\\/dlvradio.es\\\/balance-ambiental-de-2022-la-guerra-en-europa-evidencia-la-crisis-sistemica-actual\\\/#primaryimage\"},\"thumbnailUrl\":\"https:\\\/\\\/dlvradio.es\\\/wp-content\\\/uploads\\\/2021\\\/10\\\/ecoloverdnatu.jpg\",\"datePublished\":\"2022-12-28T15:14:35+00:00\",\"description\":\"Balance ambiental de 2022: la guerra en Europa evidencia la crisis sist\u00e9mica actual Ecologistas en Acci\u00f3n hace balance de un a\u00f1o marcado por la guerra de\",\"breadcrumb\":{\"@id\":\"https:\\\/\\\/dlvradio.es\\\/balance-ambiental-de-2022-la-guerra-en-europa-evidencia-la-crisis-sistemica-actual\\\/#breadcrumb\"},\"inLanguage\":\"en-US\",\"potentialAction\":[{\"@type\":\"ReadAction\",\"target\":[\"https:\\\/\\\/dlvradio.es\\\/balance-ambiental-de-2022-la-guerra-en-europa-evidencia-la-crisis-sistemica-actual\\\/\"]}]},{\"@type\":\"ImageObject\",\"inLanguage\":\"en-US\",\"@id\":\"https:\\\/\\\/dlvradio.es\\\/balance-ambiental-de-2022-la-guerra-en-europa-evidencia-la-crisis-sistemica-actual\\\/#primaryimage\",\"url\":\"https:\\\/\\\/dlvradio.es\\\/wp-content\\\/uploads\\\/2021\\\/10\\\/ecoloverdnatu.jpg\",\"contentUrl\":\"https:\\\/\\\/dlvradio.es\\\/wp-content\\\/uploads\\\/2021\\\/10\\\/ecoloverdnatu.jpg\",\"width\":1511,\"height\":1511,\"caption\":\"ecoloverdnatu\"},{\"@type\":\"BreadcrumbList\",\"@id\":\"https:\\\/\\\/dlvradio.es\\\/balance-ambiental-de-2022-la-guerra-en-europa-evidencia-la-crisis-sistemica-actual\\\/#breadcrumb\",\"itemListElement\":[{\"@type\":\"ListItem\",\"position\":1,\"name\":\"Inicio\",\"item\":\"https:\\\/\\\/dlvradio.es\\\/\"},{\"@type\":\"ListItem\",\"position\":2,\"name\":\"Balance ambiental de 2022: la guerra en Europa evidencia la crisis sist\u00e9mica actual\"}]},{\"@type\":\"WebSite\",\"@id\":\"https:\\\/\\\/dlvradio.es\\\/#website\",\"url\":\"https:\\\/\\\/dlvradio.es\\\/\",\"name\":\"DLVRADIO\",\"description\":\"Somos un medio de comunicaci\u00f3n alternativo a los medios tradicionales\",\"publisher\":{\"@id\":\"https:\\\/\\\/dlvradio.es\\\/#organization\"},\"potentialAction\":[{\"@type\":\"SearchAction\",\"target\":{\"@type\":\"EntryPoint\",\"urlTemplate\":\"https:\\\/\\\/dlvradio.es\\\/?s={search_term_string}\"},\"query-input\":{\"@type\":\"PropertyValueSpecification\",\"valueRequired\":true,\"valueName\":\"search_term_string\"}}],\"inLanguage\":\"en-US\"},{\"@type\":\"Organization\",\"@id\":\"https:\\\/\\\/dlvradio.es\\\/#organization\",\"name\":\"DLVRADIO\",\"url\":\"https:\\\/\\\/dlvradio.es\\\/\",\"logo\":{\"@type\":\"ImageObject\",\"inLanguage\":\"en-US\",\"@id\":\"https:\\\/\\\/dlvradio.es\\\/#\\\/schema\\\/logo\\\/image\\\/\",\"url\":\"\",\"contentUrl\":\"\",\"caption\":\"DLVRADIO\"},\"image\":{\"@id\":\"https:\\\/\\\/dlvradio.es\\\/#\\\/schema\\\/logo\\\/image\\\/\"},\"sameAs\":[\"https:\\\/\\\/www.facebook.com\\\/RadioDLVradio\\\/\",\"https:\\\/\\\/x.com\\\/RadioDlvradio\",\"https:\\\/\\\/www.instagram.com\\\/radiodlvradio\\\/\"]},{\"@type\":\"Person\",\"@id\":\"https:\\\/\\\/dlvradio.es\\\/#\\\/schema\\\/person\\\/7d533f9f89b13e3a3f2ba7f67d6412de\",\"name\":\"DLV RADIO\",\"sameAs\":[\"https:\\\/\\\/dlvradio.es\"]}]}<\/script>\n<!-- \/ Yoast SEO plugin. -->","yoast_head_json":{"title":"Balance ambiental de 2022: la guerra en Europa evidencia la crisis sist\u00e9mica actual - DLVRADIO","description":"Balance ambiental de 2022: la guerra en Europa evidencia la crisis sist\u00e9mica actual Ecologistas en Acci\u00f3n hace balance de un a\u00f1o marcado por la guerra de","robots":{"index":"index","follow":"follow","max-snippet":"max-snippet:-1","max-image-preview":"max-image-preview:large","max-video-preview":"max-video-preview:-1"},"canonical":"https:\/\/dlvradio.es\/en\/balance-ambiental-de-2022-la-guerra-en-europa-evidencia-la-crisis-sistemica-actual\/","og_locale":"en_US","og_type":"article","og_title":"Balance ambiental de 2022: la guerra en Europa evidencia la crisis sist\u00e9mica actual - DLVRADIO","og_description":"Balance ambiental de 2022: la guerra en Europa evidencia la crisis sist\u00e9mica actual Ecologistas en Acci\u00f3n hace balance de un a\u00f1o marcado por la guerra de","og_url":"https:\/\/dlvradio.es\/en\/balance-ambiental-de-2022-la-guerra-en-europa-evidencia-la-crisis-sistemica-actual\/","og_site_name":"DLVRADIO","article_publisher":"https:\/\/www.facebook.com\/RadioDLVradio\/","article_published_time":"2022-12-28T15:14:35+00:00","og_image":[{"width":1511,"height":1511,"url":"https:\/\/dlvradio.es\/wp-content\/uploads\/2021\/10\/ecoloverdnatu.jpg","type":"image\/jpeg"}],"author":"DLV RADIO","twitter_card":"summary_large_image","twitter_creator":"@RadioDlvradio","twitter_site":"@RadioDlvradio","schema":{"@context":"https:\/\/schema.org","@graph":[{"@type":"Article","@id":"https:\/\/dlvradio.es\/balance-ambiental-de-2022-la-guerra-en-europa-evidencia-la-crisis-sistemica-actual\/#article","isPartOf":{"@id":"https:\/\/dlvradio.es\/balance-ambiental-de-2022-la-guerra-en-europa-evidencia-la-crisis-sistemica-actual\/"},"author":{"name":"DLV RADIO","@id":"https:\/\/dlvradio.es\/#\/schema\/person\/7d533f9f89b13e3a3f2ba7f67d6412de"},"headline":"Balance ambiental de 2022: la guerra en Europa evidencia la crisis sist\u00e9mica actual","datePublished":"2022-12-28T15:14:35+00:00","mainEntityOfPage":{"@id":"https:\/\/dlvradio.es\/balance-ambiental-de-2022-la-guerra-en-europa-evidencia-la-crisis-sistemica-actual\/"},"wordCount":1986,"commentCount":0,"publisher":{"@id":"https:\/\/dlvradio.es\/#organization"},"image":{"@id":"https:\/\/dlvradio.es\/balance-ambiental-de-2022-la-guerra-en-europa-evidencia-la-crisis-sistemica-actual\/#primaryimage"},"thumbnailUrl":"https:\/\/dlvradio.es\/wp-content\/uploads\/2021\/10\/ecoloverdnatu.jpg","keywords":["ecolog\u00eda","internacional"],"articleSection":["Emergencia clim\u00e1tica","Informativos"],"inLanguage":"en-US"},{"@type":"WebPage","@id":"https:\/\/dlvradio.es\/balance-ambiental-de-2022-la-guerra-en-europa-evidencia-la-crisis-sistemica-actual\/","url":"https:\/\/dlvradio.es\/balance-ambiental-de-2022-la-guerra-en-europa-evidencia-la-crisis-sistemica-actual\/","name":"Balance ambiental de 2022: la guerra en Europa evidencia la crisis sist\u00e9mica actual - DLVRADIO","isPartOf":{"@id":"https:\/\/dlvradio.es\/#website"},"primaryImageOfPage":{"@id":"https:\/\/dlvradio.es\/balance-ambiental-de-2022-la-guerra-en-europa-evidencia-la-crisis-sistemica-actual\/#primaryimage"},"image":{"@id":"https:\/\/dlvradio.es\/balance-ambiental-de-2022-la-guerra-en-europa-evidencia-la-crisis-sistemica-actual\/#primaryimage"},"thumbnailUrl":"https:\/\/dlvradio.es\/wp-content\/uploads\/2021\/10\/ecoloverdnatu.jpg","datePublished":"2022-12-28T15:14:35+00:00","description":"Balance ambiental de 2022: la guerra en Europa evidencia la crisis sist\u00e9mica actual Ecologistas en Acci\u00f3n hace balance de un a\u00f1o marcado por la guerra de","breadcrumb":{"@id":"https:\/\/dlvradio.es\/balance-ambiental-de-2022-la-guerra-en-europa-evidencia-la-crisis-sistemica-actual\/#breadcrumb"},"inLanguage":"en-US","potentialAction":[{"@type":"ReadAction","target":["https:\/\/dlvradio.es\/balance-ambiental-de-2022-la-guerra-en-europa-evidencia-la-crisis-sistemica-actual\/"]}]},{"@type":"ImageObject","inLanguage":"en-US","@id":"https:\/\/dlvradio.es\/balance-ambiental-de-2022-la-guerra-en-europa-evidencia-la-crisis-sistemica-actual\/#primaryimage","url":"https:\/\/dlvradio.es\/wp-content\/uploads\/2021\/10\/ecoloverdnatu.jpg","contentUrl":"https:\/\/dlvradio.es\/wp-content\/uploads\/2021\/10\/ecoloverdnatu.jpg","width":1511,"height":1511,"caption":"ecoloverdnatu"},{"@type":"BreadcrumbList","@id":"https:\/\/dlvradio.es\/balance-ambiental-de-2022-la-guerra-en-europa-evidencia-la-crisis-sistemica-actual\/#breadcrumb","itemListElement":[{"@type":"ListItem","position":1,"name":"Inicio","item":"https:\/\/dlvradio.es\/"},{"@type":"ListItem","position":2,"name":"Balance ambiental de 2022: la guerra en Europa evidencia la crisis sist\u00e9mica actual"}]},{"@type":"WebSite","@id":"https:\/\/dlvradio.es\/#website","url":"https:\/\/dlvradio.es\/","name":"DLVRADIO","description":"We are an alternative media to traditional media","publisher":{"@id":"https:\/\/dlvradio.es\/#organization"},"potentialAction":[{"@type":"SearchAction","target":{"@type":"EntryPoint","urlTemplate":"https:\/\/dlvradio.es\/?s={search_term_string}"},"query-input":{"@type":"PropertyValueSpecification","valueRequired":true,"valueName":"search_term_string"}}],"inLanguage":"en-US"},{"@type":"Organization","@id":"https:\/\/dlvradio.es\/#organization","name":"DLVRADIO","url":"https:\/\/dlvradio.es\/","logo":{"@type":"ImageObject","inLanguage":"en-US","@id":"https:\/\/dlvradio.es\/#\/schema\/logo\/image\/","url":"","contentUrl":"","caption":"DLVRADIO"},"image":{"@id":"https:\/\/dlvradio.es\/#\/schema\/logo\/image\/"},"sameAs":["https:\/\/www.facebook.com\/RadioDLVradio\/","https:\/\/x.com\/RadioDlvradio","https:\/\/www.instagram.com\/radiodlvradio\/"]},{"@type":"Person","@id":"https:\/\/dlvradio.es\/#\/schema\/person\/7d533f9f89b13e3a3f2ba7f67d6412de","name":"DLV RADIO","sameAs":["https:\/\/dlvradio.es"]}]}},"_links":{"self":[{"href":"https:\/\/dlvradio.es\/en\/wp-json\/wp\/v2\/posts\/71704","targetHints":{"allow":["GET"]}}],"collection":[{"href":"https:\/\/dlvradio.es\/en\/wp-json\/wp\/v2\/posts"}],"about":[{"href":"https:\/\/dlvradio.es\/en\/wp-json\/wp\/v2\/types\/post"}],"author":[{"embeddable":true,"href":"https:\/\/dlvradio.es\/en\/wp-json\/wp\/v2\/users\/4"}],"replies":[{"embeddable":true,"href":"https:\/\/dlvradio.es\/en\/wp-json\/wp\/v2\/comments?post=71704"}],"version-history":[{"count":0,"href":"https:\/\/dlvradio.es\/en\/wp-json\/wp\/v2\/posts\/71704\/revisions"}],"wp:featuredmedia":[{"embeddable":true,"href":"https:\/\/dlvradio.es\/en\/wp-json\/wp\/v2\/media\/70811"}],"wp:attachment":[{"href":"https:\/\/dlvradio.es\/en\/wp-json\/wp\/v2\/media?parent=71704"}],"wp:term":[{"taxonomy":"category","embeddable":true,"href":"https:\/\/dlvradio.es\/en\/wp-json\/wp\/v2\/categories?post=71704"},{"taxonomy":"post_tag","embeddable":true,"href":"https:\/\/dlvradio.es\/en\/wp-json\/wp\/v2\/tags?post=71704"}],"curies":[{"name":"wp","href":"https:\/\/api.w.org\/{rel}","templated":true}]}}