{"id":71780,"date":"2023-02-13T10:59:39","date_gmt":"2023-02-13T09:59:39","guid":{"rendered":"https:\/\/dlvradio.es\/dia-mundial-de-la-radio-gracias-por-escucharnos\/"},"modified":"2023-02-13T10:59:39","modified_gmt":"2023-02-13T09:59:39","slug":"dia-mundial-de-la-radio-gracias-por-escucharnos","status":"publish","type":"post","link":"https:\/\/dlvradio.es\/en\/dia-mundial-de-la-radio-gracias-por-escucharnos\/","title":{"rendered":"D\u00eda mundial de la radio, gracias por escucharnos"},"content":{"rendered":"<p><img decoding=\"async\" class=\"alignleft wp-image-8494 size-thumbnail\" src=\"https:\/\/dlvradio.es\/wp-content\/uploads\/2022\/01\/cropped-Diseno-sin-titulo-1-150x150.png\" alt=\"\" width=\"150\" height=\"150\" \/>Hoy como d\u00eda mundial de la radio queremos daros las gracias a todas y todos los que hac\u00e9is posible que sigamos estando aqu\u00ed por las redes. No somos una radio al uso, pero si se nos puede escuchar gracias a la tecnolog\u00eda que est\u00e1 avanzando cada d\u00eda m\u00e1s, y nos permite que nos escuch\u00e9is ya no en una aparato de radio al uso, sino en el smartphone, movil, coche, televisor\u2026 es otro estilo de radio de la de sus inicios, pero no dejamos de tener esa necesidad de dar a conocer al mundo esas noticias, que muchas veces en los grandes medios de comunicaci\u00f3n tienen solo una peque\u00f1a rese\u00f1a, eso en el mejor de los casos, porque otras muchas ni siquiera aparecen. Nosotros intentamos darles voz de una manera modesta como es nuestro medio, pero no menos importante que los grandes medios de la comunicaci\u00f3n.<\/p>\n<p>Esperamos que sig\u00e1is escuch\u00e1ndonos cada d\u00eda un poquito m\u00e1s e ir ampliando nuestra oferta de comunicaci\u00f3n.<\/p>\n<p>Gracias por seguirnos.<\/p>","protected":false},"excerpt":{"rendered":"<p>Hoy como d\u00eda mundial de la radio queremos daros las gracias a todas y todos los que hac\u00e9is posible que sigamos estando aqu\u00ed por las redes. No somos una radio al uso, pero si se nos puede escuchar gracias a la tecnolog\u00eda que est\u00e1 avanzando cada d\u00eda m\u00e1s, y nos permite que nos escuch\u00e9is ya [&hellip;]<\/p>\n","protected":false},"author":4,"featured_media":71781,"comment_status":"open","ping_status":"open","sticky":false,"template":"","format":"standard","meta":{"_acf_changed":false,"footnotes":""},"categories":[2465],"tags":[2466,2507],"class_list":["post-71780","post","type-post","status-publish","format-standard","has-post-thumbnail","hentry","category-informativos","tag-espana","tag-internacional"],"acf":[],"yoast_head":"<!-- This site is optimized with the Yoast SEO plugin v27.4 - https:\/\/yoast.com\/product\/yoast-seo-wordpress\/ -->\n<title>D\u00eda mundial de la radio, gracias por escucharnos - DLVRADIO<\/title>\n<meta name=\"description\" content=\"Hoy como d\u00eda mundial de la radio queremos daros las gracias a todas y todos los que hac\u00e9is posible que sigamos estando aqu\u00ed por las redes. No somos una\" \/>\n<meta name=\"robots\" content=\"index, follow, max-snippet:-1, max-image-preview:large, max-video-preview:-1\" \/>\n<link rel=\"canonical\" href=\"https:\/\/dlvradio.es\/en\/dia-mundial-de-la-radio-gracias-por-escucharnos\/\" \/>\n<meta property=\"og:locale\" content=\"en_US\" \/>\n<meta property=\"og:type\" content=\"article\" \/>\n<meta property=\"og:title\" content=\"D\u00eda mundial de la radio, gracias por escucharnos - DLVRADIO\" \/>\n<meta property=\"og:description\" content=\"Hoy como d\u00eda mundial de la radio queremos daros las gracias a todas y todos los que hac\u00e9is posible que sigamos estando aqu\u00ed por las redes. No somos una\" \/>\n<meta property=\"og:url\" content=\"https:\/\/dlvradio.es\/en\/dia-mundial-de-la-radio-gracias-por-escucharnos\/\" \/>\n<meta property=\"og:site_name\" content=\"DLVRADIO\" \/>\n<meta property=\"article:publisher\" content=\"https:\/\/www.facebook.com\/RadioDLVradio\/\" \/>\n<meta property=\"article:published_time\" content=\"2023-02-13T09:59:39+00:00\" \/>\n<meta property=\"og:image\" content=\"https:\/\/dlvradio.es\/wp-content\/uploads\/2023\/02\/cropped-Diseno-sin-titulo-1.png\" \/>\n\t<meta property=\"og:image:width\" content=\"512\" \/>\n\t<meta property=\"og:image:height\" content=\"512\" \/>\n\t<meta property=\"og:image:type\" content=\"image\/png\" \/>\n<meta name=\"author\" content=\"DLV RADIO\" \/>\n<meta name=\"twitter:card\" content=\"summary_large_image\" \/>\n<meta name=\"twitter:creator\" content=\"@RadioDlvradio\" \/>\n<meta name=\"twitter:site\" content=\"@RadioDlvradio\" \/>\n<script type=\"application\/ld+json\" class=\"yoast-schema-graph\">{\"@context\":\"https:\\\/\\\/schema.org\",\"@graph\":[{\"@type\":\"Article\",\"@id\":\"https:\\\/\\\/dlvradio.es\\\/dia-mundial-de-la-radio-gracias-por-escucharnos\\\/#article\",\"isPartOf\":{\"@id\":\"https:\\\/\\\/dlvradio.es\\\/dia-mundial-de-la-radio-gracias-por-escucharnos\\\/\"},\"author\":{\"name\":\"DLV RADIO\",\"@id\":\"https:\\\/\\\/dlvradio.es\\\/#\\\/schema\\\/person\\\/7d533f9f89b13e3a3f2ba7f67d6412de\"},\"headline\":\"D\u00eda mundial de la radio, gracias por escucharnos\",\"datePublished\":\"2023-02-13T09:59:39+00:00\",\"mainEntityOfPage\":{\"@id\":\"https:\\\/\\\/dlvradio.es\\\/dia-mundial-de-la-radio-gracias-por-escucharnos\\\/\"},\"wordCount\":188,\"commentCount\":0,\"publisher\":{\"@id\":\"https:\\\/\\\/dlvradio.es\\\/#organization\"},\"image\":{\"@id\":\"https:\\\/\\\/dlvradio.es\\\/dia-mundial-de-la-radio-gracias-por-escucharnos\\\/#primaryimage\"},\"thumbnailUrl\":\"https:\\\/\\\/dlvradio.es\\\/wp-content\\\/uploads\\\/2023\\\/02\\\/cropped-Diseno-sin-titulo-1.png\",\"keywords\":[\"Espa\u00f1a\",\"internacional\"],\"articleSection\":[\"Informativos\"],\"inLanguage\":\"en-US\"},{\"@type\":\"WebPage\",\"@id\":\"https:\\\/\\\/dlvradio.es\\\/dia-mundial-de-la-radio-gracias-por-escucharnos\\\/\",\"url\":\"https:\\\/\\\/dlvradio.es\\\/dia-mundial-de-la-radio-gracias-por-escucharnos\\\/\",\"name\":\"D\u00eda mundial de la radio, gracias por escucharnos - DLVRADIO\",\"isPartOf\":{\"@id\":\"https:\\\/\\\/dlvradio.es\\\/#website\"},\"primaryImageOfPage\":{\"@id\":\"https:\\\/\\\/dlvradio.es\\\/dia-mundial-de-la-radio-gracias-por-escucharnos\\\/#primaryimage\"},\"image\":{\"@id\":\"https:\\\/\\\/dlvradio.es\\\/dia-mundial-de-la-radio-gracias-por-escucharnos\\\/#primaryimage\"},\"thumbnailUrl\":\"https:\\\/\\\/dlvradio.es\\\/wp-content\\\/uploads\\\/2023\\\/02\\\/cropped-Diseno-sin-titulo-1.png\",\"datePublished\":\"2023-02-13T09:59:39+00:00\",\"description\":\"Hoy como d\u00eda mundial de la radio queremos daros las gracias a todas y todos los que hac\u00e9is posible que sigamos estando aqu\u00ed por las redes. No somos una\",\"breadcrumb\":{\"@id\":\"https:\\\/\\\/dlvradio.es\\\/dia-mundial-de-la-radio-gracias-por-escucharnos\\\/#breadcrumb\"},\"inLanguage\":\"en-US\",\"potentialAction\":[{\"@type\":\"ReadAction\",\"target\":[\"https:\\\/\\\/dlvradio.es\\\/dia-mundial-de-la-radio-gracias-por-escucharnos\\\/\"]}]},{\"@type\":\"ImageObject\",\"inLanguage\":\"en-US\",\"@id\":\"https:\\\/\\\/dlvradio.es\\\/dia-mundial-de-la-radio-gracias-por-escucharnos\\\/#primaryimage\",\"url\":\"https:\\\/\\\/dlvradio.es\\\/wp-content\\\/uploads\\\/2023\\\/02\\\/cropped-Diseno-sin-titulo-1.png\",\"contentUrl\":\"https:\\\/\\\/dlvradio.es\\\/wp-content\\\/uploads\\\/2023\\\/02\\\/cropped-Diseno-sin-titulo-1.png\",\"width\":512,\"height\":512,\"caption\":\"cropped-Diseno-sin-titulo-1.png\"},{\"@type\":\"BreadcrumbList\",\"@id\":\"https:\\\/\\\/dlvradio.es\\\/dia-mundial-de-la-radio-gracias-por-escucharnos\\\/#breadcrumb\",\"itemListElement\":[{\"@type\":\"ListItem\",\"position\":1,\"name\":\"Inicio\",\"item\":\"https:\\\/\\\/dlvradio.es\\\/\"},{\"@type\":\"ListItem\",\"position\":2,\"name\":\"D\u00eda mundial de la radio, gracias por escucharnos\"}]},{\"@type\":\"WebSite\",\"@id\":\"https:\\\/\\\/dlvradio.es\\\/#website\",\"url\":\"https:\\\/\\\/dlvradio.es\\\/\",\"name\":\"DLVRADIO\",\"description\":\"Somos un medio de comunicaci\u00f3n alternativo a los medios tradicionales\",\"publisher\":{\"@id\":\"https:\\\/\\\/dlvradio.es\\\/#organization\"},\"potentialAction\":[{\"@type\":\"SearchAction\",\"target\":{\"@type\":\"EntryPoint\",\"urlTemplate\":\"https:\\\/\\\/dlvradio.es\\\/?s={search_term_string}\"},\"query-input\":{\"@type\":\"PropertyValueSpecification\",\"valueRequired\":true,\"valueName\":\"search_term_string\"}}],\"inLanguage\":\"en-US\"},{\"@type\":\"Organization\",\"@id\":\"https:\\\/\\\/dlvradio.es\\\/#organization\",\"name\":\"DLVRADIO\",\"url\":\"https:\\\/\\\/dlvradio.es\\\/\",\"logo\":{\"@type\":\"ImageObject\",\"inLanguage\":\"en-US\",\"@id\":\"https:\\\/\\\/dlvradio.es\\\/#\\\/schema\\\/logo\\\/image\\\/\",\"url\":\"\",\"contentUrl\":\"\",\"caption\":\"DLVRADIO\"},\"image\":{\"@id\":\"https:\\\/\\\/dlvradio.es\\\/#\\\/schema\\\/logo\\\/image\\\/\"},\"sameAs\":[\"https:\\\/\\\/www.facebook.com\\\/RadioDLVradio\\\/\",\"https:\\\/\\\/x.com\\\/RadioDlvradio\",\"https:\\\/\\\/www.instagram.com\\\/radiodlvradio\\\/\"]},{\"@type\":\"Person\",\"@id\":\"https:\\\/\\\/dlvradio.es\\\/#\\\/schema\\\/person\\\/7d533f9f89b13e3a3f2ba7f67d6412de\",\"name\":\"DLV RADIO\",\"sameAs\":[\"https:\\\/\\\/dlvradio.es\"]}]}<\/script>\n<!-- \/ Yoast SEO plugin. -->","yoast_head_json":{"title":"D\u00eda mundial de la radio, gracias por escucharnos - DLVRADIO","description":"Hoy como d\u00eda mundial de la radio queremos daros las gracias a todas y todos los que hac\u00e9is posible que sigamos estando aqu\u00ed por las redes. No somos una","robots":{"index":"index","follow":"follow","max-snippet":"max-snippet:-1","max-image-preview":"max-image-preview:large","max-video-preview":"max-video-preview:-1"},"canonical":"https:\/\/dlvradio.es\/en\/dia-mundial-de-la-radio-gracias-por-escucharnos\/","og_locale":"en_US","og_type":"article","og_title":"D\u00eda mundial de la radio, gracias por escucharnos - DLVRADIO","og_description":"Hoy como d\u00eda mundial de la radio queremos daros las gracias a todas y todos los que hac\u00e9is posible que sigamos estando aqu\u00ed por las redes. No somos una","og_url":"https:\/\/dlvradio.es\/en\/dia-mundial-de-la-radio-gracias-por-escucharnos\/","og_site_name":"DLVRADIO","article_publisher":"https:\/\/www.facebook.com\/RadioDLVradio\/","article_published_time":"2023-02-13T09:59:39+00:00","og_image":[{"width":512,"height":512,"url":"https:\/\/dlvradio.es\/wp-content\/uploads\/2023\/02\/cropped-Diseno-sin-titulo-1.png","type":"image\/png"}],"author":"DLV RADIO","twitter_card":"summary_large_image","twitter_creator":"@RadioDlvradio","twitter_site":"@RadioDlvradio","schema":{"@context":"https:\/\/schema.org","@graph":[{"@type":"Article","@id":"https:\/\/dlvradio.es\/dia-mundial-de-la-radio-gracias-por-escucharnos\/#article","isPartOf":{"@id":"https:\/\/dlvradio.es\/dia-mundial-de-la-radio-gracias-por-escucharnos\/"},"author":{"name":"DLV RADIO","@id":"https:\/\/dlvradio.es\/#\/schema\/person\/7d533f9f89b13e3a3f2ba7f67d6412de"},"headline":"D\u00eda mundial de la radio, gracias por escucharnos","datePublished":"2023-02-13T09:59:39+00:00","mainEntityOfPage":{"@id":"https:\/\/dlvradio.es\/dia-mundial-de-la-radio-gracias-por-escucharnos\/"},"wordCount":188,"commentCount":0,"publisher":{"@id":"https:\/\/dlvradio.es\/#organization"},"image":{"@id":"https:\/\/dlvradio.es\/dia-mundial-de-la-radio-gracias-por-escucharnos\/#primaryimage"},"thumbnailUrl":"https:\/\/dlvradio.es\/wp-content\/uploads\/2023\/02\/cropped-Diseno-sin-titulo-1.png","keywords":["Espa\u00f1a","internacional"],"articleSection":["Informativos"],"inLanguage":"en-US"},{"@type":"WebPage","@id":"https:\/\/dlvradio.es\/dia-mundial-de-la-radio-gracias-por-escucharnos\/","url":"https:\/\/dlvradio.es\/dia-mundial-de-la-radio-gracias-por-escucharnos\/","name":"D\u00eda mundial de la radio, gracias por escucharnos - DLVRADIO","isPartOf":{"@id":"https:\/\/dlvradio.es\/#website"},"primaryImageOfPage":{"@id":"https:\/\/dlvradio.es\/dia-mundial-de-la-radio-gracias-por-escucharnos\/#primaryimage"},"image":{"@id":"https:\/\/dlvradio.es\/dia-mundial-de-la-radio-gracias-por-escucharnos\/#primaryimage"},"thumbnailUrl":"https:\/\/dlvradio.es\/wp-content\/uploads\/2023\/02\/cropped-Diseno-sin-titulo-1.png","datePublished":"2023-02-13T09:59:39+00:00","description":"Hoy como d\u00eda mundial de la radio queremos daros las gracias a todas y todos los que hac\u00e9is posible que sigamos estando aqu\u00ed por las redes. No somos una","breadcrumb":{"@id":"https:\/\/dlvradio.es\/dia-mundial-de-la-radio-gracias-por-escucharnos\/#breadcrumb"},"inLanguage":"en-US","potentialAction":[{"@type":"ReadAction","target":["https:\/\/dlvradio.es\/dia-mundial-de-la-radio-gracias-por-escucharnos\/"]}]},{"@type":"ImageObject","inLanguage":"en-US","@id":"https:\/\/dlvradio.es\/dia-mundial-de-la-radio-gracias-por-escucharnos\/#primaryimage","url":"https:\/\/dlvradio.es\/wp-content\/uploads\/2023\/02\/cropped-Diseno-sin-titulo-1.png","contentUrl":"https:\/\/dlvradio.es\/wp-content\/uploads\/2023\/02\/cropped-Diseno-sin-titulo-1.png","width":512,"height":512,"caption":"cropped-Diseno-sin-titulo-1.png"},{"@type":"BreadcrumbList","@id":"https:\/\/dlvradio.es\/dia-mundial-de-la-radio-gracias-por-escucharnos\/#breadcrumb","itemListElement":[{"@type":"ListItem","position":1,"name":"Inicio","item":"https:\/\/dlvradio.es\/"},{"@type":"ListItem","position":2,"name":"D\u00eda mundial de la radio, gracias por escucharnos"}]},{"@type":"WebSite","@id":"https:\/\/dlvradio.es\/#website","url":"https:\/\/dlvradio.es\/","name":"DLVRADIO","description":"We are an alternative media to traditional media","publisher":{"@id":"https:\/\/dlvradio.es\/#organization"},"potentialAction":[{"@type":"SearchAction","target":{"@type":"EntryPoint","urlTemplate":"https:\/\/dlvradio.es\/?s={search_term_string}"},"query-input":{"@type":"PropertyValueSpecification","valueRequired":true,"valueName":"search_term_string"}}],"inLanguage":"en-US"},{"@type":"Organization","@id":"https:\/\/dlvradio.es\/#organization","name":"DLVRADIO","url":"https:\/\/dlvradio.es\/","logo":{"@type":"ImageObject","inLanguage":"en-US","@id":"https:\/\/dlvradio.es\/#\/schema\/logo\/image\/","url":"","contentUrl":"","caption":"DLVRADIO"},"image":{"@id":"https:\/\/dlvradio.es\/#\/schema\/logo\/image\/"},"sameAs":["https:\/\/www.facebook.com\/RadioDLVradio\/","https:\/\/x.com\/RadioDlvradio","https:\/\/www.instagram.com\/radiodlvradio\/"]},{"@type":"Person","@id":"https:\/\/dlvradio.es\/#\/schema\/person\/7d533f9f89b13e3a3f2ba7f67d6412de","name":"DLV RADIO","sameAs":["https:\/\/dlvradio.es"]}]}},"_links":{"self":[{"href":"https:\/\/dlvradio.es\/en\/wp-json\/wp\/v2\/posts\/71780","targetHints":{"allow":["GET"]}}],"collection":[{"href":"https:\/\/dlvradio.es\/en\/wp-json\/wp\/v2\/posts"}],"about":[{"href":"https:\/\/dlvradio.es\/en\/wp-json\/wp\/v2\/types\/post"}],"author":[{"embeddable":true,"href":"https:\/\/dlvradio.es\/en\/wp-json\/wp\/v2\/users\/4"}],"replies":[{"embeddable":true,"href":"https:\/\/dlvradio.es\/en\/wp-json\/wp\/v2\/comments?post=71780"}],"version-history":[{"count":0,"href":"https:\/\/dlvradio.es\/en\/wp-json\/wp\/v2\/posts\/71780\/revisions"}],"wp:featuredmedia":[{"embeddable":true,"href":"https:\/\/dlvradio.es\/en\/wp-json\/wp\/v2\/media\/71781"}],"wp:attachment":[{"href":"https:\/\/dlvradio.es\/en\/wp-json\/wp\/v2\/media?parent=71780"}],"wp:term":[{"taxonomy":"category","embeddable":true,"href":"https:\/\/dlvradio.es\/en\/wp-json\/wp\/v2\/categories?post=71780"},{"taxonomy":"post_tag","embeddable":true,"href":"https:\/\/dlvradio.es\/en\/wp-json\/wp\/v2\/tags?post=71780"}],"curies":[{"name":"wp","href":"https:\/\/api.w.org\/{rel}","templated":true}]}}