{"id":71808,"date":"2023-02-26T13:24:10","date_gmt":"2023-02-26T12:24:10","guid":{"rendered":"https:\/\/dlvradio.es\/en-lescola-con-nuria-151\/"},"modified":"2023-02-26T13:24:10","modified_gmt":"2023-02-26T12:24:10","slug":"en-lescola-con-nuria-151","status":"publish","type":"post","link":"https:\/\/dlvradio.es\/en\/en-lescola-con-nuria-151\/","title":{"rendered":"At L&#039;Escola with N\u00faria, 151"},"content":{"rendered":"<iframe src=\"https:\/\/www.ivoox.com\/player_ej_103684616_6_1.html?c1=0ebeb7\" width=\"100%\" height=\"200\" frameborder=\"0\" allowfullscreen=\"\" scrolling=\"no\" loading=\"lazy\"><\/iframe>\n\n\n<h6><img decoding=\"async\" class=\"alignleft wp-image-7754 size-thumbnail\" src=\"https:\/\/dlvradio.es\/copia\/wp-content\/uploads\/2021\/10\/LEscola-nu-150x150.jpg\" alt=\"\" width=\"150\" height=\"150\" \/>This week in the L&#039;Escola magazine our colleague N\u00faria interviews Silvia Carrasco, president of Feministes de Catalunya, who is co-author of the book <strong>Kidnapped coeducation<\/strong>, tells us among other things about the boycotts they are suffering. We have already been at war in Ukraine for a year and what we have left, who benefits most from this situation? On this occasion we are going to talk about what is known as the \u201ctitoberni\u201d, corruption and prostitution everywhere. Do you know any meteorsensitives, we will explain everything to you. We close with <strong>The rat<\/strong> of the week.<\/h6>","protected":false},"excerpt":{"rendered":"<p>Esta semana en el magaz\u00edn de L\u2019Escola nuestra compa\u00f1era N\u00faria entrevista a Silvia carrasco, presidenta de Feministes de Catalunya, que es coautora del libro La coeducaci\u00f3n secuestrada, nos comenta entre otras cosas los boicots que est\u00e1n sufriendo. Ya llevamos un a\u00f1o de guerra en Ucrania y lo que nos queda, \u00bfa qui\u00e9n beneficia m\u00e1s esta [&hellip;]<\/p>\n","protected":false},"author":4,"featured_media":70815,"comment_status":"open","ping_status":"open","sticky":false,"template":"","format":"standard","meta":{"_acf_changed":false,"footnotes":""},"categories":[2560],"tags":[2495,2507,2473],"class_list":["post-71808","post","type-post","status-publish","format-standard","has-post-thumbnail","hentry","category-en-lescola-con-nuria","tag-entrevistas","tag-internacional","tag-noticias"],"acf":[],"yoast_head":"<!-- This site is optimized with the Yoast SEO plugin v27.4 - https:\/\/yoast.com\/product\/yoast-seo-wordpress\/ -->\n<title>En L&#039;Escola con N\u00faria, 151 - DLVRADIO<\/title>\n<meta name=\"description\" content=\"Esta semana en el magaz\u00edn de L\u2019Escola nuestra compa\u00f1era N\u00faria entrevista a Silvia carrasco, presidenta de Feministes de Catalunya, que es coautora del\" \/>\n<meta name=\"robots\" content=\"index, follow, max-snippet:-1, max-image-preview:large, max-video-preview:-1\" \/>\n<link rel=\"canonical\" href=\"https:\/\/dlvradio.es\/en\/en-lescola-con-nuria-151\/\" \/>\n<meta property=\"og:locale\" content=\"en_US\" \/>\n<meta property=\"og:type\" content=\"article\" \/>\n<meta property=\"og:title\" content=\"En L&#039;Escola con N\u00faria, 151 - DLVRADIO\" \/>\n<meta property=\"og:description\" content=\"Esta semana en el magaz\u00edn de L\u2019Escola nuestra compa\u00f1era N\u00faria entrevista a Silvia carrasco, presidenta de Feministes de Catalunya, que es coautora del\" \/>\n<meta property=\"og:url\" content=\"https:\/\/dlvradio.es\/en\/en-lescola-con-nuria-151\/\" \/>\n<meta property=\"og:site_name\" content=\"DLVRADIO\" \/>\n<meta property=\"article:publisher\" content=\"https:\/\/www.facebook.com\/RadioDLVradio\/\" \/>\n<meta property=\"article:published_time\" content=\"2023-02-26T12:24:10+00:00\" \/>\n<meta property=\"og:image\" content=\"https:\/\/dlvradio.es\/wp-content\/uploads\/2021\/10\/LEscola-nu.jpg\" \/>\n\t<meta property=\"og:image:width\" content=\"1511\" \/>\n\t<meta property=\"og:image:height\" content=\"1511\" \/>\n\t<meta property=\"og:image:type\" content=\"image\/jpeg\" \/>\n<meta name=\"author\" content=\"DLV RADIO\" \/>\n<meta name=\"twitter:card\" content=\"summary_large_image\" \/>\n<meta name=\"twitter:creator\" content=\"@RadioDlvradio\" \/>\n<meta name=\"twitter:site\" content=\"@RadioDlvradio\" \/>\n<script type=\"application\/ld+json\" class=\"yoast-schema-graph\">{\"@context\":\"https:\\\/\\\/schema.org\",\"@graph\":[{\"@type\":\"Article\",\"@id\":\"https:\\\/\\\/dlvradio.es\\\/en-lescola-con-nuria-151\\\/#article\",\"isPartOf\":{\"@id\":\"https:\\\/\\\/dlvradio.es\\\/en-lescola-con-nuria-151\\\/\"},\"author\":{\"name\":\"DLV RADIO\",\"@id\":\"https:\\\/\\\/dlvradio.es\\\/#\\\/schema\\\/person\\\/7d533f9f89b13e3a3f2ba7f67d6412de\"},\"headline\":\"En L&#8217;Escola con N\u00faria, 151\",\"datePublished\":\"2023-02-26T12:24:10+00:00\",\"mainEntityOfPage\":{\"@id\":\"https:\\\/\\\/dlvradio.es\\\/en-lescola-con-nuria-151\\\/\"},\"wordCount\":105,\"commentCount\":0,\"publisher\":{\"@id\":\"https:\\\/\\\/dlvradio.es\\\/#organization\"},\"image\":{\"@id\":\"https:\\\/\\\/dlvradio.es\\\/en-lescola-con-nuria-151\\\/#primaryimage\"},\"thumbnailUrl\":\"https:\\\/\\\/dlvradio.es\\\/wp-content\\\/uploads\\\/2021\\\/10\\\/LEscola-nu.jpg\",\"keywords\":[\"Entrevistas\",\"internacional\",\"noticias\"],\"articleSection\":[\"En L'Escola con N\u00faria\"],\"inLanguage\":\"en-US\"},{\"@type\":\"WebPage\",\"@id\":\"https:\\\/\\\/dlvradio.es\\\/en-lescola-con-nuria-151\\\/\",\"url\":\"https:\\\/\\\/dlvradio.es\\\/en-lescola-con-nuria-151\\\/\",\"name\":\"En L'Escola con N\u00faria, 151 - DLVRADIO\",\"isPartOf\":{\"@id\":\"https:\\\/\\\/dlvradio.es\\\/#website\"},\"primaryImageOfPage\":{\"@id\":\"https:\\\/\\\/dlvradio.es\\\/en-lescola-con-nuria-151\\\/#primaryimage\"},\"image\":{\"@id\":\"https:\\\/\\\/dlvradio.es\\\/en-lescola-con-nuria-151\\\/#primaryimage\"},\"thumbnailUrl\":\"https:\\\/\\\/dlvradio.es\\\/wp-content\\\/uploads\\\/2021\\\/10\\\/LEscola-nu.jpg\",\"datePublished\":\"2023-02-26T12:24:10+00:00\",\"description\":\"Esta semana en el magaz\u00edn de L\u2019Escola nuestra compa\u00f1era N\u00faria entrevista a Silvia carrasco, presidenta de Feministes de Catalunya, que es coautora del\",\"breadcrumb\":{\"@id\":\"https:\\\/\\\/dlvradio.es\\\/en-lescola-con-nuria-151\\\/#breadcrumb\"},\"inLanguage\":\"en-US\",\"potentialAction\":[{\"@type\":\"ReadAction\",\"target\":[\"https:\\\/\\\/dlvradio.es\\\/en-lescola-con-nuria-151\\\/\"]}]},{\"@type\":\"ImageObject\",\"inLanguage\":\"en-US\",\"@id\":\"https:\\\/\\\/dlvradio.es\\\/en-lescola-con-nuria-151\\\/#primaryimage\",\"url\":\"https:\\\/\\\/dlvradio.es\\\/wp-content\\\/uploads\\\/2021\\\/10\\\/LEscola-nu.jpg\",\"contentUrl\":\"https:\\\/\\\/dlvradio.es\\\/wp-content\\\/uploads\\\/2021\\\/10\\\/LEscola-nu.jpg\",\"width\":1511,\"height\":1511,\"caption\":\"L'Escola nu\"},{\"@type\":\"BreadcrumbList\",\"@id\":\"https:\\\/\\\/dlvradio.es\\\/en-lescola-con-nuria-151\\\/#breadcrumb\",\"itemListElement\":[{\"@type\":\"ListItem\",\"position\":1,\"name\":\"Inicio\",\"item\":\"https:\\\/\\\/dlvradio.es\\\/\"},{\"@type\":\"ListItem\",\"position\":2,\"name\":\"En L&#8217;Escola con N\u00faria, 151\"}]},{\"@type\":\"WebSite\",\"@id\":\"https:\\\/\\\/dlvradio.es\\\/#website\",\"url\":\"https:\\\/\\\/dlvradio.es\\\/\",\"name\":\"DLVRADIO\",\"description\":\"Somos un medio de comunicaci\u00f3n alternativo a los medios tradicionales\",\"publisher\":{\"@id\":\"https:\\\/\\\/dlvradio.es\\\/#organization\"},\"potentialAction\":[{\"@type\":\"SearchAction\",\"target\":{\"@type\":\"EntryPoint\",\"urlTemplate\":\"https:\\\/\\\/dlvradio.es\\\/?s={search_term_string}\"},\"query-input\":{\"@type\":\"PropertyValueSpecification\",\"valueRequired\":true,\"valueName\":\"search_term_string\"}}],\"inLanguage\":\"en-US\"},{\"@type\":\"Organization\",\"@id\":\"https:\\\/\\\/dlvradio.es\\\/#organization\",\"name\":\"DLVRADIO\",\"url\":\"https:\\\/\\\/dlvradio.es\\\/\",\"logo\":{\"@type\":\"ImageObject\",\"inLanguage\":\"en-US\",\"@id\":\"https:\\\/\\\/dlvradio.es\\\/#\\\/schema\\\/logo\\\/image\\\/\",\"url\":\"\",\"contentUrl\":\"\",\"caption\":\"DLVRADIO\"},\"image\":{\"@id\":\"https:\\\/\\\/dlvradio.es\\\/#\\\/schema\\\/logo\\\/image\\\/\"},\"sameAs\":[\"https:\\\/\\\/www.facebook.com\\\/RadioDLVradio\\\/\",\"https:\\\/\\\/x.com\\\/RadioDlvradio\",\"https:\\\/\\\/www.instagram.com\\\/radiodlvradio\\\/\"]},{\"@type\":\"Person\",\"@id\":\"https:\\\/\\\/dlvradio.es\\\/#\\\/schema\\\/person\\\/7d533f9f89b13e3a3f2ba7f67d6412de\",\"name\":\"DLV RADIO\",\"sameAs\":[\"https:\\\/\\\/dlvradio.es\"]}]}<\/script>\n<!-- \/ Yoast SEO plugin. -->","yoast_head_json":{"title":"On L'Escola with N\u00faria, 151 - DLVRADIO","description":"This week in the L&#039;Escola magazine our colleague N\u00faria interviews Silvia Carrasco, president of Feministes de Catalunya, who is co-author of the","robots":{"index":"index","follow":"follow","max-snippet":"max-snippet:-1","max-image-preview":"max-image-preview:large","max-video-preview":"max-video-preview:-1"},"canonical":"https:\/\/dlvradio.es\/en\/en-lescola-con-nuria-151\/","og_locale":"en_US","og_type":"article","og_title":"En L'Escola con N\u00faria, 151 - DLVRADIO","og_description":"Esta semana en el magaz\u00edn de L\u2019Escola nuestra compa\u00f1era N\u00faria entrevista a Silvia carrasco, presidenta de Feministes de Catalunya, que es coautora del","og_url":"https:\/\/dlvradio.es\/en\/en-lescola-con-nuria-151\/","og_site_name":"DLVRADIO","article_publisher":"https:\/\/www.facebook.com\/RadioDLVradio\/","article_published_time":"2023-02-26T12:24:10+00:00","og_image":[{"width":1511,"height":1511,"url":"https:\/\/dlvradio.es\/wp-content\/uploads\/2021\/10\/LEscola-nu.jpg","type":"image\/jpeg"}],"author":"DLV RADIO","twitter_card":"summary_large_image","twitter_creator":"@RadioDlvradio","twitter_site":"@RadioDlvradio","schema":{"@context":"https:\/\/schema.org","@graph":[{"@type":"Article","@id":"https:\/\/dlvradio.es\/en-lescola-con-nuria-151\/#article","isPartOf":{"@id":"https:\/\/dlvradio.es\/en-lescola-con-nuria-151\/"},"author":{"name":"DLV RADIO","@id":"https:\/\/dlvradio.es\/#\/schema\/person\/7d533f9f89b13e3a3f2ba7f67d6412de"},"headline":"En L&#8217;Escola con N\u00faria, 151","datePublished":"2023-02-26T12:24:10+00:00","mainEntityOfPage":{"@id":"https:\/\/dlvradio.es\/en-lescola-con-nuria-151\/"},"wordCount":105,"commentCount":0,"publisher":{"@id":"https:\/\/dlvradio.es\/#organization"},"image":{"@id":"https:\/\/dlvradio.es\/en-lescola-con-nuria-151\/#primaryimage"},"thumbnailUrl":"https:\/\/dlvradio.es\/wp-content\/uploads\/2021\/10\/LEscola-nu.jpg","keywords":["Entrevistas","internacional","noticias"],"articleSection":["En L'Escola con N\u00faria"],"inLanguage":"en-US"},{"@type":"WebPage","@id":"https:\/\/dlvradio.es\/en-lescola-con-nuria-151\/","url":"https:\/\/dlvradio.es\/en-lescola-con-nuria-151\/","name":"On L'Escola with N\u00faria, 151 - DLVRADIO","isPartOf":{"@id":"https:\/\/dlvradio.es\/#website"},"primaryImageOfPage":{"@id":"https:\/\/dlvradio.es\/en-lescola-con-nuria-151\/#primaryimage"},"image":{"@id":"https:\/\/dlvradio.es\/en-lescola-con-nuria-151\/#primaryimage"},"thumbnailUrl":"https:\/\/dlvradio.es\/wp-content\/uploads\/2021\/10\/LEscola-nu.jpg","datePublished":"2023-02-26T12:24:10+00:00","description":"This week in the L&#039;Escola magazine our colleague N\u00faria interviews Silvia Carrasco, president of Feministes de Catalunya, who is co-author of the","breadcrumb":{"@id":"https:\/\/dlvradio.es\/en-lescola-con-nuria-151\/#breadcrumb"},"inLanguage":"en-US","potentialAction":[{"@type":"ReadAction","target":["https:\/\/dlvradio.es\/en-lescola-con-nuria-151\/"]}]},{"@type":"ImageObject","inLanguage":"en-US","@id":"https:\/\/dlvradio.es\/en-lescola-con-nuria-151\/#primaryimage","url":"https:\/\/dlvradio.es\/wp-content\/uploads\/2021\/10\/LEscola-nu.jpg","contentUrl":"https:\/\/dlvradio.es\/wp-content\/uploads\/2021\/10\/LEscola-nu.jpg","width":1511,"height":1511,"caption":"L'Escola nu"},{"@type":"BreadcrumbList","@id":"https:\/\/dlvradio.es\/en-lescola-con-nuria-151\/#breadcrumb","itemListElement":[{"@type":"ListItem","position":1,"name":"Inicio","item":"https:\/\/dlvradio.es\/"},{"@type":"ListItem","position":2,"name":"En L&#8217;Escola con N\u00faria, 151"}]},{"@type":"WebSite","@id":"https:\/\/dlvradio.es\/#website","url":"https:\/\/dlvradio.es\/","name":"DLVRADIO","description":"We are an alternative media to traditional media","publisher":{"@id":"https:\/\/dlvradio.es\/#organization"},"potentialAction":[{"@type":"SearchAction","target":{"@type":"EntryPoint","urlTemplate":"https:\/\/dlvradio.es\/?s={search_term_string}"},"query-input":{"@type":"PropertyValueSpecification","valueRequired":true,"valueName":"search_term_string"}}],"inLanguage":"en-US"},{"@type":"Organization","@id":"https:\/\/dlvradio.es\/#organization","name":"DLVRADIO","url":"https:\/\/dlvradio.es\/","logo":{"@type":"ImageObject","inLanguage":"en-US","@id":"https:\/\/dlvradio.es\/#\/schema\/logo\/image\/","url":"","contentUrl":"","caption":"DLVRADIO"},"image":{"@id":"https:\/\/dlvradio.es\/#\/schema\/logo\/image\/"},"sameAs":["https:\/\/www.facebook.com\/RadioDLVradio\/","https:\/\/x.com\/RadioDlvradio","https:\/\/www.instagram.com\/radiodlvradio\/"]},{"@type":"Person","@id":"https:\/\/dlvradio.es\/#\/schema\/person\/7d533f9f89b13e3a3f2ba7f67d6412de","name":"DLV RADIO","sameAs":["https:\/\/dlvradio.es"]}]}},"_links":{"self":[{"href":"https:\/\/dlvradio.es\/en\/wp-json\/wp\/v2\/posts\/71808","targetHints":{"allow":["GET"]}}],"collection":[{"href":"https:\/\/dlvradio.es\/en\/wp-json\/wp\/v2\/posts"}],"about":[{"href":"https:\/\/dlvradio.es\/en\/wp-json\/wp\/v2\/types\/post"}],"author":[{"embeddable":true,"href":"https:\/\/dlvradio.es\/en\/wp-json\/wp\/v2\/users\/4"}],"replies":[{"embeddable":true,"href":"https:\/\/dlvradio.es\/en\/wp-json\/wp\/v2\/comments?post=71808"}],"version-history":[{"count":0,"href":"https:\/\/dlvradio.es\/en\/wp-json\/wp\/v2\/posts\/71808\/revisions"}],"wp:featuredmedia":[{"embeddable":true,"href":"https:\/\/dlvradio.es\/en\/wp-json\/wp\/v2\/media\/70815"}],"wp:attachment":[{"href":"https:\/\/dlvradio.es\/en\/wp-json\/wp\/v2\/media?parent=71808"}],"wp:term":[{"taxonomy":"category","embeddable":true,"href":"https:\/\/dlvradio.es\/en\/wp-json\/wp\/v2\/categories?post=71808"},{"taxonomy":"post_tag","embeddable":true,"href":"https:\/\/dlvradio.es\/en\/wp-json\/wp\/v2\/tags?post=71808"}],"curies":[{"name":"wp","href":"https:\/\/api.w.org\/{rel}","templated":true}]}}