{"id":71952,"date":"2023-05-21T21:12:52","date_gmt":"2023-05-21T19:12:52","guid":{"rendered":"https:\/\/dlvradio.es\/en-lescola-con-nuria-161\/"},"modified":"2023-05-21T21:12:52","modified_gmt":"2023-05-21T19:12:52","slug":"en-lescola-con-nuria-161","status":"publish","type":"post","link":"https:\/\/dlvradio.es\/en\/en-lescola-con-nuria-161\/","title":{"rendered":"At L&#039;Escola with N\u00faria, 161"},"content":{"rendered":"<iframe src=\"https:\/\/www.ivoox.com\/player_ej_108670006_6_1.html?c1=0ebeb7\" width=\"100%\" height=\"200\" frameborder=\"0\" allowfullscreen=\"\" scrolling=\"no\" loading=\"lazy\"><\/iframe>\n\n\n<p><img decoding=\"async\" class=\"alignleft wp-image-7754 size-thumbnail\" src=\"https:\/\/dlvradio.es\/copia\/wp-content\/uploads\/2021\/10\/LEscola-nu-150x150.jpg\" alt=\"\" width=\"150\" height=\"150\" \/>En el programa de esta semana de en L\u2019Escola con N\u00faria, nuestra presentadora y directora del programa, entrevista a Lidia Falcon candidata del Partido Feminista de Espa\u00f1a al Ayuntamiento y la Comunidad de Madrid. Hacemos un repaso a las diferentes encuestas sobre las elecciones del 28M, elecciones auton\u00f3micas en casi toda Espa\u00f1a y municipales en toda Espa\u00f1a. Os contamos en qu\u00e9 consisten las reuniones del Club Bildelberg y el G7, como no dirigen a sus intereses que est\u00e1n siempre al margen de lo que la mayor\u00eda de los gobiernos digan. Os dejamos la cr\u00edtica salvaje en la feria Feira do Libro Antigo de Galicia, alguna persona deja sus cr\u00edticas escritas en bol\u00edgrafo rojo en las primeras p\u00e1ginas. Cerramos con ElRata de la semana, est\u00e1 si cabe a una m\u00e1s rata.<\/p>","protected":false},"excerpt":{"rendered":"<p>En el programa de esta semana de en L\u2019Escola con N\u00faria, nuestra presentadora y directora del programa, entrevista a Lidia Falcon candidata del Partido Feminista de Espa\u00f1a al Ayuntamiento y la Comunidad de Madrid. Hacemos un repaso a las diferentes encuestas sobre las elecciones del 28M, elecciones auton\u00f3micas en casi toda Espa\u00f1a y municipales en [&hellip;]<\/p>\n","protected":false},"author":4,"featured_media":70815,"comment_status":"open","ping_status":"open","sticky":false,"template":"","format":"standard","meta":{"_acf_changed":false,"footnotes":""},"categories":[2560,2470],"tags":[2495,2471,2473],"class_list":["post-71952","post","type-post","status-publish","format-standard","has-post-thumbnail","hentry","category-en-lescola-con-nuria","category-feminismo","tag-entrevistas","tag-feminismo","tag-noticias"],"acf":[],"yoast_head":"<!-- This site is optimized with the Yoast SEO plugin v27.4 - https:\/\/yoast.com\/product\/yoast-seo-wordpress\/ -->\n<title>En L&#039;Escola con N\u00faria, 161 - DLVRADIO<\/title>\n<meta name=\"description\" content=\"En el programa de esta semana de en L\u2019Escola con N\u00faria, nuestra presentadora y directora del programa, entrevista a Lidia Falcon candidata del Partido\" \/>\n<meta name=\"robots\" content=\"index, follow, max-snippet:-1, max-image-preview:large, max-video-preview:-1\" \/>\n<link rel=\"canonical\" href=\"https:\/\/dlvradio.es\/en\/en-lescola-con-nuria-161\/\" \/>\n<meta property=\"og:locale\" content=\"en_US\" \/>\n<meta property=\"og:type\" content=\"article\" \/>\n<meta property=\"og:title\" content=\"En L&#039;Escola con N\u00faria, 161 - DLVRADIO\" \/>\n<meta property=\"og:description\" content=\"En el programa de esta semana de en L\u2019Escola con N\u00faria, nuestra presentadora y directora del programa, entrevista a Lidia Falcon candidata del Partido\" \/>\n<meta property=\"og:url\" content=\"https:\/\/dlvradio.es\/en\/en-lescola-con-nuria-161\/\" \/>\n<meta property=\"og:site_name\" content=\"DLVRADIO\" \/>\n<meta property=\"article:publisher\" content=\"https:\/\/www.facebook.com\/RadioDLVradio\/\" \/>\n<meta property=\"article:published_time\" content=\"2023-05-21T19:12:52+00:00\" \/>\n<meta property=\"og:image\" content=\"https:\/\/dlvradio.es\/wp-content\/uploads\/2021\/10\/LEscola-nu.jpg\" \/>\n\t<meta property=\"og:image:width\" content=\"1511\" \/>\n\t<meta property=\"og:image:height\" content=\"1511\" \/>\n\t<meta property=\"og:image:type\" content=\"image\/jpeg\" \/>\n<meta name=\"author\" content=\"DLV RADIO\" \/>\n<meta name=\"twitter:card\" content=\"summary_large_image\" \/>\n<meta name=\"twitter:creator\" content=\"@RadioDlvradio\" \/>\n<meta name=\"twitter:site\" content=\"@RadioDlvradio\" \/>\n<script type=\"application\/ld+json\" class=\"yoast-schema-graph\">{\"@context\":\"https:\\\/\\\/schema.org\",\"@graph\":[{\"@type\":\"Article\",\"@id\":\"https:\\\/\\\/dlvradio.es\\\/en-lescola-con-nuria-161\\\/#article\",\"isPartOf\":{\"@id\":\"https:\\\/\\\/dlvradio.es\\\/en-lescola-con-nuria-161\\\/\"},\"author\":{\"name\":\"DLV RADIO\",\"@id\":\"https:\\\/\\\/dlvradio.es\\\/#\\\/schema\\\/person\\\/7d533f9f89b13e3a3f2ba7f67d6412de\"},\"headline\":\"En L&#8217;Escola con N\u00faria, 161\",\"datePublished\":\"2023-05-21T19:12:52+00:00\",\"mainEntityOfPage\":{\"@id\":\"https:\\\/\\\/dlvradio.es\\\/en-lescola-con-nuria-161\\\/\"},\"wordCount\":149,\"commentCount\":0,\"publisher\":{\"@id\":\"https:\\\/\\\/dlvradio.es\\\/#organization\"},\"image\":{\"@id\":\"https:\\\/\\\/dlvradio.es\\\/en-lescola-con-nuria-161\\\/#primaryimage\"},\"thumbnailUrl\":\"https:\\\/\\\/dlvradio.es\\\/wp-content\\\/uploads\\\/2021\\\/10\\\/LEscola-nu.jpg\",\"keywords\":[\"Entrevistas\",\"feminismo\",\"noticias\"],\"articleSection\":[\"En L'Escola con N\u00faria\",\"Feminismo\"],\"inLanguage\":\"en-US\"},{\"@type\":\"WebPage\",\"@id\":\"https:\\\/\\\/dlvradio.es\\\/en-lescola-con-nuria-161\\\/\",\"url\":\"https:\\\/\\\/dlvradio.es\\\/en-lescola-con-nuria-161\\\/\",\"name\":\"En L'Escola con N\u00faria, 161 - DLVRADIO\",\"isPartOf\":{\"@id\":\"https:\\\/\\\/dlvradio.es\\\/#website\"},\"primaryImageOfPage\":{\"@id\":\"https:\\\/\\\/dlvradio.es\\\/en-lescola-con-nuria-161\\\/#primaryimage\"},\"image\":{\"@id\":\"https:\\\/\\\/dlvradio.es\\\/en-lescola-con-nuria-161\\\/#primaryimage\"},\"thumbnailUrl\":\"https:\\\/\\\/dlvradio.es\\\/wp-content\\\/uploads\\\/2021\\\/10\\\/LEscola-nu.jpg\",\"datePublished\":\"2023-05-21T19:12:52+00:00\",\"description\":\"En el programa de esta semana de en L\u2019Escola con N\u00faria, nuestra presentadora y directora del programa, entrevista a Lidia Falcon candidata del Partido\",\"breadcrumb\":{\"@id\":\"https:\\\/\\\/dlvradio.es\\\/en-lescola-con-nuria-161\\\/#breadcrumb\"},\"inLanguage\":\"en-US\",\"potentialAction\":[{\"@type\":\"ReadAction\",\"target\":[\"https:\\\/\\\/dlvradio.es\\\/en-lescola-con-nuria-161\\\/\"]}]},{\"@type\":\"ImageObject\",\"inLanguage\":\"en-US\",\"@id\":\"https:\\\/\\\/dlvradio.es\\\/en-lescola-con-nuria-161\\\/#primaryimage\",\"url\":\"https:\\\/\\\/dlvradio.es\\\/wp-content\\\/uploads\\\/2021\\\/10\\\/LEscola-nu.jpg\",\"contentUrl\":\"https:\\\/\\\/dlvradio.es\\\/wp-content\\\/uploads\\\/2021\\\/10\\\/LEscola-nu.jpg\",\"width\":1511,\"height\":1511,\"caption\":\"L'Escola nu\"},{\"@type\":\"BreadcrumbList\",\"@id\":\"https:\\\/\\\/dlvradio.es\\\/en-lescola-con-nuria-161\\\/#breadcrumb\",\"itemListElement\":[{\"@type\":\"ListItem\",\"position\":1,\"name\":\"Inicio\",\"item\":\"https:\\\/\\\/dlvradio.es\\\/\"},{\"@type\":\"ListItem\",\"position\":2,\"name\":\"En L&#8217;Escola con N\u00faria, 161\"}]},{\"@type\":\"WebSite\",\"@id\":\"https:\\\/\\\/dlvradio.es\\\/#website\",\"url\":\"https:\\\/\\\/dlvradio.es\\\/\",\"name\":\"DLVRADIO\",\"description\":\"Somos un medio de comunicaci\u00f3n alternativo a los medios tradicionales\",\"publisher\":{\"@id\":\"https:\\\/\\\/dlvradio.es\\\/#organization\"},\"potentialAction\":[{\"@type\":\"SearchAction\",\"target\":{\"@type\":\"EntryPoint\",\"urlTemplate\":\"https:\\\/\\\/dlvradio.es\\\/?s={search_term_string}\"},\"query-input\":{\"@type\":\"PropertyValueSpecification\",\"valueRequired\":true,\"valueName\":\"search_term_string\"}}],\"inLanguage\":\"en-US\"},{\"@type\":\"Organization\",\"@id\":\"https:\\\/\\\/dlvradio.es\\\/#organization\",\"name\":\"DLVRADIO\",\"url\":\"https:\\\/\\\/dlvradio.es\\\/\",\"logo\":{\"@type\":\"ImageObject\",\"inLanguage\":\"en-US\",\"@id\":\"https:\\\/\\\/dlvradio.es\\\/#\\\/schema\\\/logo\\\/image\\\/\",\"url\":\"\",\"contentUrl\":\"\",\"caption\":\"DLVRADIO\"},\"image\":{\"@id\":\"https:\\\/\\\/dlvradio.es\\\/#\\\/schema\\\/logo\\\/image\\\/\"},\"sameAs\":[\"https:\\\/\\\/www.facebook.com\\\/RadioDLVradio\\\/\",\"https:\\\/\\\/x.com\\\/RadioDlvradio\",\"https:\\\/\\\/www.instagram.com\\\/radiodlvradio\\\/\"]},{\"@type\":\"Person\",\"@id\":\"https:\\\/\\\/dlvradio.es\\\/#\\\/schema\\\/person\\\/7d533f9f89b13e3a3f2ba7f67d6412de\",\"name\":\"DLV RADIO\",\"sameAs\":[\"https:\\\/\\\/dlvradio.es\"]}]}<\/script>\n<!-- \/ Yoast SEO plugin. -->","yoast_head_json":{"title":"En L'Escola con N\u00faria, 161 - DLVRADIO","description":"En el programa de esta semana de en L\u2019Escola con N\u00faria, nuestra presentadora y directora del programa, entrevista a Lidia Falcon candidata del Partido","robots":{"index":"index","follow":"follow","max-snippet":"max-snippet:-1","max-image-preview":"max-image-preview:large","max-video-preview":"max-video-preview:-1"},"canonical":"https:\/\/dlvradio.es\/en\/en-lescola-con-nuria-161\/","og_locale":"en_US","og_type":"article","og_title":"En L'Escola con N\u00faria, 161 - DLVRADIO","og_description":"En el programa de esta semana de en L\u2019Escola con N\u00faria, nuestra presentadora y directora del programa, entrevista a Lidia Falcon candidata del Partido","og_url":"https:\/\/dlvradio.es\/en\/en-lescola-con-nuria-161\/","og_site_name":"DLVRADIO","article_publisher":"https:\/\/www.facebook.com\/RadioDLVradio\/","article_published_time":"2023-05-21T19:12:52+00:00","og_image":[{"width":1511,"height":1511,"url":"https:\/\/dlvradio.es\/wp-content\/uploads\/2021\/10\/LEscola-nu.jpg","type":"image\/jpeg"}],"author":"DLV RADIO","twitter_card":"summary_large_image","twitter_creator":"@RadioDlvradio","twitter_site":"@RadioDlvradio","schema":{"@context":"https:\/\/schema.org","@graph":[{"@type":"Article","@id":"https:\/\/dlvradio.es\/en-lescola-con-nuria-161\/#article","isPartOf":{"@id":"https:\/\/dlvradio.es\/en-lescola-con-nuria-161\/"},"author":{"name":"DLV RADIO","@id":"https:\/\/dlvradio.es\/#\/schema\/person\/7d533f9f89b13e3a3f2ba7f67d6412de"},"headline":"En L&#8217;Escola con N\u00faria, 161","datePublished":"2023-05-21T19:12:52+00:00","mainEntityOfPage":{"@id":"https:\/\/dlvradio.es\/en-lescola-con-nuria-161\/"},"wordCount":149,"commentCount":0,"publisher":{"@id":"https:\/\/dlvradio.es\/#organization"},"image":{"@id":"https:\/\/dlvradio.es\/en-lescola-con-nuria-161\/#primaryimage"},"thumbnailUrl":"https:\/\/dlvradio.es\/wp-content\/uploads\/2021\/10\/LEscola-nu.jpg","keywords":["Entrevistas","feminismo","noticias"],"articleSection":["En L'Escola con N\u00faria","Feminismo"],"inLanguage":"en-US"},{"@type":"WebPage","@id":"https:\/\/dlvradio.es\/en-lescola-con-nuria-161\/","url":"https:\/\/dlvradio.es\/en-lescola-con-nuria-161\/","name":"En L'Escola con N\u00faria, 161 - DLVRADIO","isPartOf":{"@id":"https:\/\/dlvradio.es\/#website"},"primaryImageOfPage":{"@id":"https:\/\/dlvradio.es\/en-lescola-con-nuria-161\/#primaryimage"},"image":{"@id":"https:\/\/dlvradio.es\/en-lescola-con-nuria-161\/#primaryimage"},"thumbnailUrl":"https:\/\/dlvradio.es\/wp-content\/uploads\/2021\/10\/LEscola-nu.jpg","datePublished":"2023-05-21T19:12:52+00:00","description":"En el programa de esta semana de en L\u2019Escola con N\u00faria, nuestra presentadora y directora del programa, entrevista a Lidia Falcon candidata del Partido","breadcrumb":{"@id":"https:\/\/dlvradio.es\/en-lescola-con-nuria-161\/#breadcrumb"},"inLanguage":"en-US","potentialAction":[{"@type":"ReadAction","target":["https:\/\/dlvradio.es\/en-lescola-con-nuria-161\/"]}]},{"@type":"ImageObject","inLanguage":"en-US","@id":"https:\/\/dlvradio.es\/en-lescola-con-nuria-161\/#primaryimage","url":"https:\/\/dlvradio.es\/wp-content\/uploads\/2021\/10\/LEscola-nu.jpg","contentUrl":"https:\/\/dlvradio.es\/wp-content\/uploads\/2021\/10\/LEscola-nu.jpg","width":1511,"height":1511,"caption":"L'Escola nu"},{"@type":"BreadcrumbList","@id":"https:\/\/dlvradio.es\/en-lescola-con-nuria-161\/#breadcrumb","itemListElement":[{"@type":"ListItem","position":1,"name":"Inicio","item":"https:\/\/dlvradio.es\/"},{"@type":"ListItem","position":2,"name":"En L&#8217;Escola con N\u00faria, 161"}]},{"@type":"WebSite","@id":"https:\/\/dlvradio.es\/#website","url":"https:\/\/dlvradio.es\/","name":"DLVRADIO","description":"We are an alternative media to traditional media","publisher":{"@id":"https:\/\/dlvradio.es\/#organization"},"potentialAction":[{"@type":"SearchAction","target":{"@type":"EntryPoint","urlTemplate":"https:\/\/dlvradio.es\/?s={search_term_string}"},"query-input":{"@type":"PropertyValueSpecification","valueRequired":true,"valueName":"search_term_string"}}],"inLanguage":"en-US"},{"@type":"Organization","@id":"https:\/\/dlvradio.es\/#organization","name":"DLVRADIO","url":"https:\/\/dlvradio.es\/","logo":{"@type":"ImageObject","inLanguage":"en-US","@id":"https:\/\/dlvradio.es\/#\/schema\/logo\/image\/","url":"","contentUrl":"","caption":"DLVRADIO"},"image":{"@id":"https:\/\/dlvradio.es\/#\/schema\/logo\/image\/"},"sameAs":["https:\/\/www.facebook.com\/RadioDLVradio\/","https:\/\/x.com\/RadioDlvradio","https:\/\/www.instagram.com\/radiodlvradio\/"]},{"@type":"Person","@id":"https:\/\/dlvradio.es\/#\/schema\/person\/7d533f9f89b13e3a3f2ba7f67d6412de","name":"DLV RADIO","sameAs":["https:\/\/dlvradio.es"]}]}},"_links":{"self":[{"href":"https:\/\/dlvradio.es\/en\/wp-json\/wp\/v2\/posts\/71952","targetHints":{"allow":["GET"]}}],"collection":[{"href":"https:\/\/dlvradio.es\/en\/wp-json\/wp\/v2\/posts"}],"about":[{"href":"https:\/\/dlvradio.es\/en\/wp-json\/wp\/v2\/types\/post"}],"author":[{"embeddable":true,"href":"https:\/\/dlvradio.es\/en\/wp-json\/wp\/v2\/users\/4"}],"replies":[{"embeddable":true,"href":"https:\/\/dlvradio.es\/en\/wp-json\/wp\/v2\/comments?post=71952"}],"version-history":[{"count":0,"href":"https:\/\/dlvradio.es\/en\/wp-json\/wp\/v2\/posts\/71952\/revisions"}],"wp:featuredmedia":[{"embeddable":true,"href":"https:\/\/dlvradio.es\/en\/wp-json\/wp\/v2\/media\/70815"}],"wp:attachment":[{"href":"https:\/\/dlvradio.es\/en\/wp-json\/wp\/v2\/media?parent=71952"}],"wp:term":[{"taxonomy":"category","embeddable":true,"href":"https:\/\/dlvradio.es\/en\/wp-json\/wp\/v2\/categories?post=71952"},{"taxonomy":"post_tag","embeddable":true,"href":"https:\/\/dlvradio.es\/en\/wp-json\/wp\/v2\/tags?post=71952"}],"curies":[{"name":"wp","href":"https:\/\/api.w.org\/{rel}","templated":true}]}}