{"id":72104,"date":"2023-07-18T23:00:11","date_gmt":"2023-07-18T21:00:11","guid":{"rendered":"https:\/\/dlvradio.es\/ante-las-elecciones-generales-del-23j\/"},"modified":"2023-07-18T23:00:11","modified_gmt":"2023-07-18T21:00:11","slug":"ante-las-elecciones-generales-del-23j","status":"publish","type":"post","link":"https:\/\/dlvradio.es\/en\/ante-las-elecciones-generales-del-23j\/","title":{"rendered":"In view of the general elections on June 23rd"},"content":{"rendered":"<iframe src=\"https:\/\/www.ivoox.com\/player_ej_112693695_6_1.html?c1=0ebeb7\" width=\"100%\" height=\"200\" frameborder=\"0\" allowfullscreen=\"\" scrolling=\"no\" loading=\"lazy\"><\/iframe>\n\n\n<h6><strong><img decoding=\"async\" class=\"alignleft wp-image-11706 size-thumbnail\" src=\"https:\/\/dlvradio.es\/copia\/wp-content\/uploads\/2023\/07\/DLVRADIO.ES-8-150x150.png\" alt=\"\" width=\"150\" height=\"150\" \/>El movimiento clim\u00e1tico se une frente al negacionismo y pide m\u00e1s democracia ante la emergencia clim\u00e1tica<\/strong><\/h6>\n<ul>\n<li>Colectivos, organizaciones, personalidades cient\u00edficas y ciudadanos se unen para rechazar los programas electorales negacionistas y denunciar su objetivo de bloquear la transici\u00f3n ecol\u00f3gica necesaria.<\/li>\n<li>El movimiento demanda una gobernanza m\u00e1s democr\u00e1tica ante la emergencia clim\u00e1tica, basada en el conocimiento cient\u00edfico y la participaci\u00f3n ciudadana.<\/li>\n<li>\u201cLa pr\u00f3xima legislatura ser\u00e1 crucial para frenar los peores impactos del cambio clim\u00e1tico, en las pol\u00edticas clim\u00e1ticas hay que seguir avanzando y no podemos permitirnos ni un paso atr\u00e1s\u201d, alertan.<\/li>\n<\/ul>\n<p>Con el lema \u00abel negacionismo es tan peligroso para el clima como para la democracia\u00bb, el movimiento Democracia por el Clima recuerda sus demandas en el manifiesto \u00abAmpliar la democracia para hacer frente a la emergencia clim\u00e1tica\u201d. Las organizaciones destacan que en estas elecciones hay muchas diferencias entre las propuestas de cada partido, desde los que proponen medidas m\u00e1s en l\u00ednea con la ciencia, los que proponen paralizar la acci\u00f3n clim\u00e1tica, hasta los que proponen ir marcha atr\u00e1s: contra la ciencia y la democracia. Y hacen un llamamiento a luchar y a votar por el planeta y por las personas, recalcando que, en un escenario de extrema emergencia clim\u00e1tica, no hay tiempo para cuatro a\u00f1os de pol\u00edticas negacionistas y retardistas que tergiversan o ignoran las recomendaciones de la comunidad cient\u00edfica internacional.<\/p>\n<p>A menos de una semana para las elecciones generales, decenas de colectivos sociales, organizaciones ecologistas, representantes de la comunidad cient\u00edfica y representantes de la Asamblea Ciudadana por el Clima se unen para hacer un llamamiento a las urnas y a la movilizaci\u00f3n ciudadana en contra del negacionismo clim\u00e1tico. El Gobierno resultante de estas elecciones deber\u00e1 cumplir con el Acuerdo de Par\u00eds y limitar la subida de la temperatura global a 1,5\u00baC. El movimiento clim\u00e1tico reclama a todos los partidos pol\u00edticos un compromiso democr\u00e1tico claro con los objetivos de descarbonizaci\u00f3n fijados por estos acuerdos internacionales en 2015 y con las recomendaciones m\u00e1s recientes de la comunidad cient\u00edfica internacional formuladas en el sexto informe del IPCC en 2022.<\/p>\n<p><strong>No se puede negar la evidencia cient\u00edfica de la crisis clim\u00e1tica<\/strong><\/p>\n<p>Los colectivos reunidos recuerdan que se atraviesa un momento cr\u00edtico y que, en el contexto europeo, Espa\u00f1a es uno de los pa\u00edses m\u00e1s vulnerables a la emergencia clim\u00e1tica, con veranos cada vez m\u00e1s largos, olas de calor cada vez m\u00e1s frecuentes y el aumento de la mortalidad que conllevan. El conjunto del territorio est\u00e1 expuesto a la desertificaci\u00f3n en un 75% de su superficie. En este contexto, la crisis clim\u00e1tica debe estar en el centro del debate electoral y de la democracia, porque se trata, como expres\u00f3 el secretario general de la ONU, de \u00abun c\u00f3digo rojo\u00bb de alerta para la supervivencia de la humanidad. Todos los colectivos reunidos exigen que la ciencia se reconozca como fuente de informaci\u00f3n y an\u00e1lisis de escenarios para la toma de decisi\u00f3n p\u00fablica.\u00a0 La comunidad cient\u00edfica internacional recomienda enfrentar esta crisis que afecta a la supervivencia colectiva, teniendo en cuenta un criterio de justicia clim\u00e1tica, porque no todas las personas ni todos los pa\u00edses la sufren de la misma forma, especialmente los grupos y territorios m\u00e1s vulnerabilizados, las mujeres, la infancia y los colectivos con diversidad.\u00a0 En el Estado espa\u00f1ol la situaci\u00f3n cada vez es m\u00e1s cr\u00edtica, se aceleran las se\u00f1ales de alarma (aumento de r\u00e9cords de temperatura) y los desastres asociados (m\u00e1s de 11.000 muertes en Espa\u00f1a por las olas de calor en 2022).<\/p>\n<p>Ya no hay tiempo para negacionismos, ni para retardismos, ni para deslegitimar las recomendaciones de la comunidad cient\u00edfica internacional formuladas en el \u00faltimo informe del IPCC. Los colectivos afirman de manera un\u00e1nime que \u201cla crisis clim\u00e1tica ya est\u00e1 aqu\u00ed y se deben tomar medidas valientes y ambiciosas para afrontarla. No nos podemos permitir un Gobierno que vaya en contra de la evidencia cient\u00edfica. Necesitamos acelerar la acci\u00f3n clim\u00e1tica ya\u201d.<\/p>\n<h6><strong>M\u00e1s acci\u00f3n clim\u00e1tica basada en la ciencia, m\u00e1s democracia, m\u00e1s participaci\u00f3n ciudadana<\/strong><\/h6>\n<p>Se hace urgente construir un espacio m\u00e1s democr\u00e1tico y m\u00e1s participativo para proteger una transici\u00f3n justa contra los vaivenes partidistas, las controversias retardistas y las pol\u00e9micas negacionistas que buscan malintencionadamente el bloqueo de las medidas relativas a la transformaci\u00f3n ecol\u00f3gica profunda de la sociedad. Como ha recomendado el Consejo de Europa, la participaci\u00f3n de la ciudadan\u00eda y la sociedad civil en la acci\u00f3n clim\u00e1tica institucional es una herramienta clave para luchar contra el negacionismo clim\u00e1tico y la polarizaci\u00f3n.<\/p>\n<p>Una gobernanza m\u00e1s democr\u00e1tica y m\u00e1s participativa para hacer frente a la extrema emergencia clim\u00e1tica se funda en la incorporaci\u00f3n de la ciudadan\u00eda y de todos los actores implicados en la toma de decisiones p\u00fablicas. Para ello, Democracia por el Clima reclama reforzar todos los mecanismos de participaci\u00f3n ya existentes, como el Consejo Nacional del Clima y los actuales instrumentos de participaci\u00f3n en planes y proyectos nacionales, regionales y locales. La formaci\u00f3n y puesta en marcha del Comit\u00e9 de Personas Expertas de Cambio Clim\u00e1tico, previsto por la ley aprobada en 2021, deber\u00eda ser una de las prioridades para el gobierno que salga de las urnas.<\/p>\n<p>El movimiento clim\u00e1tico tambi\u00e9n exige avanzar en una democracia ambiental fundada en la participaci\u00f3n de la ciudadan\u00eda, en la direcci\u00f3n que inici\u00f3 en 2022 la Asamblea Ciudadana por el Clima, que elabor\u00f3 172 medidas que han demostrado estar a la altura de las recomendaciones de la ciencia y de los actores sociales. En toda Europa se est\u00e1n elaborando procesos de participaci\u00f3n institucionalizada de la ciudadan\u00eda en la acci\u00f3n ambiental para construir la aceptabilidad social, la equidad y la perdurabilidad de las profundas reformas que tenemos que emprender para hacer frente a la crisis clim\u00e1tica.<\/p>\n<p>Un 84% de la poblaci\u00f3n espa\u00f1ola considera que la crisis clim\u00e1tica es la mayor amenaza actual y que los gobiernos no act\u00faan lo suficiente. De hecho, el Estado espa\u00f1ol tiene que hacer todav\u00eda un mayor esfuerzo, pese al impulso de las renovables, para alcanzar el objetivo de un 55% de reducci\u00f3n de emisiones de GEI para 2030 marcado por la Uni\u00f3n Europea. El Gobierno que saldr\u00e1 de las urnas el 23 J tendr\u00e1 que actuar en esta direcci\u00f3n porque la realidad de la crisis clim\u00e1tica no se puede derogar.<\/p>\n<p>En definitiva, todas las organizaciones exigen que se afronte la crisis clim\u00e1tica de una forma m\u00e1s justa, m\u00e1s r\u00e1pida, m\u00e1s participativa y m\u00e1s democr\u00e1tica, y que se ponga fin a la inversi\u00f3n en combustibles f\u00f3siles. Para ello, declaran, \u201ces necesario un Gobierno que est\u00e9 a la altura: hay que seguir acelerando, no podemos permitirnos ni un paso atr\u00e1s\u201d, y por eso piden que se vote por el planeta y las personas, y hacen un llamamiento a la movilizaci\u00f3n frente a la emergencia ecol\u00f3gica.<\/p>\n<p><strong>Listado de movimientos que apoyan esta iniciativa:<\/strong><\/p>\n<p>Amigos de la Tierra; Asamblea C\u00edvica por el Clima; Campa\u00f1a Emergencia clim\u00e1tica y elecciones: M\u00e1s Tren Mejor Clima; Ecologistas en Acci\u00f3n; Greenpeace; Juventud por el Clima\u2013Fridays for Future Espa\u00f1a; Marea Deliberativa; Oxfam Interm\u00f3n; Plataforma por un Nuevo Modelo Energ\u00e9tico; Rebeli\u00f3n Cient\u00edfica; Rebeli\u00f3n por el Clima M\u00e1laga; SEO\/BirdLife y WWF.<\/p>\n<p><strong>Participantes en la rueda de prensa:<\/strong><\/p>\n<ol>\n<li>Nuria Borda de la Asociaci\u00f3n de la Asamblea C\u00edvica por el Clima<\/li>\n<li>Alberto Coronel de Rebeli\u00f3n Cient\u00edfica y miembro de Ecologistas en Acci\u00f3n<\/li>\n<li>Sof\u00eda Fern\u00e1ndez de Fridays for Future &#8211; Juventud por el Clima<\/li>\n<li>Mar\u00eda Roca de Campa\u00f1a Emergencia clim\u00e1tica y elecciones: M\u00e1s Tren Mejor Clima<\/li>\n<li>Asunci\u00f3n Ruiz de SEO\/BirdLife<\/li>\n<li>Eva Salda\u00f1a de Greenpeace<\/li>\n<li>Norman Mart\u00edn Casas de Oxfam<\/li>\n<li>Fernando Valladares del CSIC<\/li>\n<\/ol>","protected":false},"excerpt":{"rendered":"<p>El movimiento clim\u00e1tico se une frente al negacionismo y pide m\u00e1s democracia ante la emergencia clim\u00e1tica Colectivos, organizaciones, personalidades cient\u00edficas y ciudadanos se unen para rechazar los programas electorales negacionistas y denunciar su objetivo de bloquear la transici\u00f3n ecol\u00f3gica necesaria. El movimiento demanda una gobernanza m\u00e1s democr\u00e1tica ante la emergencia clim\u00e1tica, basada en el conocimiento [&hellip;]<\/p>\n","protected":false},"author":4,"featured_media":72105,"comment_status":"open","ping_status":"open","sticky":false,"template":"","format":"standard","meta":{"_acf_changed":false,"footnotes":""},"categories":[2711,2465],"tags":[2478,2466],"class_list":["post-72104","post","type-post","status-publish","format-standard","has-post-thumbnail","hentry","category-emergencia-climatica","category-informativos","tag-ecologia","tag-espana"],"acf":[],"yoast_head":"<!-- This site is optimized with the Yoast SEO plugin v27.4 - https:\/\/yoast.com\/product\/yoast-seo-wordpress\/ -->\n<title>Ante las elecciones generales del 23J - DLVRADIO<\/title>\n<meta name=\"description\" content=\"El movimiento clim\u00e1tico se une frente al negacionismo y pide m\u00e1s democracia ante la emergencia clim\u00e1tica Colectivos, organizaciones, personalidades\" \/>\n<meta name=\"robots\" content=\"index, follow, max-snippet:-1, max-image-preview:large, max-video-preview:-1\" \/>\n<link rel=\"canonical\" href=\"https:\/\/dlvradio.es\/en\/ante-las-elecciones-generales-del-23j\/\" \/>\n<meta property=\"og:locale\" content=\"en_US\" \/>\n<meta property=\"og:type\" content=\"article\" \/>\n<meta property=\"og:title\" content=\"Ante las elecciones generales del 23J - DLVRADIO\" \/>\n<meta property=\"og:description\" content=\"El movimiento clim\u00e1tico se une frente al negacionismo y pide m\u00e1s democracia ante la emergencia clim\u00e1tica Colectivos, organizaciones, personalidades\" \/>\n<meta property=\"og:url\" content=\"https:\/\/dlvradio.es\/en\/ante-las-elecciones-generales-del-23j\/\" \/>\n<meta property=\"og:site_name\" content=\"DLVRADIO\" \/>\n<meta property=\"article:publisher\" content=\"https:\/\/www.facebook.com\/RadioDLVradio\/\" \/>\n<meta property=\"article:published_time\" content=\"2023-07-18T21:00:11+00:00\" \/>\n<meta property=\"og:image\" content=\"https:\/\/dlvradio.es\/wp-content\/uploads\/2023\/07\/DLVRADIO.ES-8.png\" \/>\n\t<meta property=\"og:image:width\" content=\"1500\" \/>\n\t<meta property=\"og:image:height\" content=\"1500\" \/>\n\t<meta property=\"og:image:type\" content=\"image\/png\" \/>\n<meta name=\"author\" content=\"DLV RADIO\" \/>\n<meta name=\"twitter:card\" content=\"summary_large_image\" \/>\n<meta name=\"twitter:creator\" content=\"@RadioDlvradio\" \/>\n<meta name=\"twitter:site\" content=\"@RadioDlvradio\" \/>\n<script type=\"application\/ld+json\" class=\"yoast-schema-graph\">{\"@context\":\"https:\\\/\\\/schema.org\",\"@graph\":[{\"@type\":\"Article\",\"@id\":\"https:\\\/\\\/dlvradio.es\\\/ante-las-elecciones-generales-del-23j\\\/#article\",\"isPartOf\":{\"@id\":\"https:\\\/\\\/dlvradio.es\\\/ante-las-elecciones-generales-del-23j\\\/\"},\"author\":{\"name\":\"DLV RADIO\",\"@id\":\"https:\\\/\\\/dlvradio.es\\\/#\\\/schema\\\/person\\\/7d533f9f89b13e3a3f2ba7f67d6412de\"},\"headline\":\"Ante las elecciones generales del 23J\",\"datePublished\":\"2023-07-18T21:00:11+00:00\",\"mainEntityOfPage\":{\"@id\":\"https:\\\/\\\/dlvradio.es\\\/ante-las-elecciones-generales-del-23j\\\/\"},\"wordCount\":1380,\"commentCount\":0,\"publisher\":{\"@id\":\"https:\\\/\\\/dlvradio.es\\\/#organization\"},\"image\":{\"@id\":\"https:\\\/\\\/dlvradio.es\\\/ante-las-elecciones-generales-del-23j\\\/#primaryimage\"},\"thumbnailUrl\":\"https:\\\/\\\/dlvradio.es\\\/wp-content\\\/uploads\\\/2023\\\/07\\\/DLVRADIO.ES-8.png\",\"keywords\":[\"ecolog\u00eda\",\"Espa\u00f1a\"],\"articleSection\":[\"Emergencia clim\u00e1tica\",\"Informativos\"],\"inLanguage\":\"en-US\"},{\"@type\":\"WebPage\",\"@id\":\"https:\\\/\\\/dlvradio.es\\\/ante-las-elecciones-generales-del-23j\\\/\",\"url\":\"https:\\\/\\\/dlvradio.es\\\/ante-las-elecciones-generales-del-23j\\\/\",\"name\":\"Ante las elecciones generales del 23J - DLVRADIO\",\"isPartOf\":{\"@id\":\"https:\\\/\\\/dlvradio.es\\\/#website\"},\"primaryImageOfPage\":{\"@id\":\"https:\\\/\\\/dlvradio.es\\\/ante-las-elecciones-generales-del-23j\\\/#primaryimage\"},\"image\":{\"@id\":\"https:\\\/\\\/dlvradio.es\\\/ante-las-elecciones-generales-del-23j\\\/#primaryimage\"},\"thumbnailUrl\":\"https:\\\/\\\/dlvradio.es\\\/wp-content\\\/uploads\\\/2023\\\/07\\\/DLVRADIO.ES-8.png\",\"datePublished\":\"2023-07-18T21:00:11+00:00\",\"description\":\"El movimiento clim\u00e1tico se une frente al negacionismo y pide m\u00e1s democracia ante la emergencia clim\u00e1tica Colectivos, organizaciones, personalidades\",\"breadcrumb\":{\"@id\":\"https:\\\/\\\/dlvradio.es\\\/ante-las-elecciones-generales-del-23j\\\/#breadcrumb\"},\"inLanguage\":\"en-US\",\"potentialAction\":[{\"@type\":\"ReadAction\",\"target\":[\"https:\\\/\\\/dlvradio.es\\\/ante-las-elecciones-generales-del-23j\\\/\"]}]},{\"@type\":\"ImageObject\",\"inLanguage\":\"en-US\",\"@id\":\"https:\\\/\\\/dlvradio.es\\\/ante-las-elecciones-generales-del-23j\\\/#primaryimage\",\"url\":\"https:\\\/\\\/dlvradio.es\\\/wp-content\\\/uploads\\\/2023\\\/07\\\/DLVRADIO.ES-8.png\",\"contentUrl\":\"https:\\\/\\\/dlvradio.es\\\/wp-content\\\/uploads\\\/2023\\\/07\\\/DLVRADIO.ES-8.png\",\"width\":1500,\"height\":1500,\"caption\":\"DLVRADIO.ES (8)\"},{\"@type\":\"BreadcrumbList\",\"@id\":\"https:\\\/\\\/dlvradio.es\\\/ante-las-elecciones-generales-del-23j\\\/#breadcrumb\",\"itemListElement\":[{\"@type\":\"ListItem\",\"position\":1,\"name\":\"Inicio\",\"item\":\"https:\\\/\\\/dlvradio.es\\\/\"},{\"@type\":\"ListItem\",\"position\":2,\"name\":\"Ante las elecciones generales del 23J\"}]},{\"@type\":\"WebSite\",\"@id\":\"https:\\\/\\\/dlvradio.es\\\/#website\",\"url\":\"https:\\\/\\\/dlvradio.es\\\/\",\"name\":\"DLVRADIO\",\"description\":\"Somos un medio de comunicaci\u00f3n alternativo a los medios tradicionales\",\"publisher\":{\"@id\":\"https:\\\/\\\/dlvradio.es\\\/#organization\"},\"potentialAction\":[{\"@type\":\"SearchAction\",\"target\":{\"@type\":\"EntryPoint\",\"urlTemplate\":\"https:\\\/\\\/dlvradio.es\\\/?s={search_term_string}\"},\"query-input\":{\"@type\":\"PropertyValueSpecification\",\"valueRequired\":true,\"valueName\":\"search_term_string\"}}],\"inLanguage\":\"en-US\"},{\"@type\":\"Organization\",\"@id\":\"https:\\\/\\\/dlvradio.es\\\/#organization\",\"name\":\"DLVRADIO\",\"url\":\"https:\\\/\\\/dlvradio.es\\\/\",\"logo\":{\"@type\":\"ImageObject\",\"inLanguage\":\"en-US\",\"@id\":\"https:\\\/\\\/dlvradio.es\\\/#\\\/schema\\\/logo\\\/image\\\/\",\"url\":\"\",\"contentUrl\":\"\",\"caption\":\"DLVRADIO\"},\"image\":{\"@id\":\"https:\\\/\\\/dlvradio.es\\\/#\\\/schema\\\/logo\\\/image\\\/\"},\"sameAs\":[\"https:\\\/\\\/www.facebook.com\\\/RadioDLVradio\\\/\",\"https:\\\/\\\/x.com\\\/RadioDlvradio\",\"https:\\\/\\\/www.instagram.com\\\/radiodlvradio\\\/\"]},{\"@type\":\"Person\",\"@id\":\"https:\\\/\\\/dlvradio.es\\\/#\\\/schema\\\/person\\\/7d533f9f89b13e3a3f2ba7f67d6412de\",\"name\":\"DLV RADIO\",\"sameAs\":[\"https:\\\/\\\/dlvradio.es\"]}]}<\/script>\n<!-- \/ Yoast SEO plugin. -->","yoast_head_json":{"title":"Ante las elecciones generales del 23J - DLVRADIO","description":"El movimiento clim\u00e1tico se une frente al negacionismo y pide m\u00e1s democracia ante la emergencia clim\u00e1tica Colectivos, organizaciones, personalidades","robots":{"index":"index","follow":"follow","max-snippet":"max-snippet:-1","max-image-preview":"max-image-preview:large","max-video-preview":"max-video-preview:-1"},"canonical":"https:\/\/dlvradio.es\/en\/ante-las-elecciones-generales-del-23j\/","og_locale":"en_US","og_type":"article","og_title":"Ante las elecciones generales del 23J - DLVRADIO","og_description":"El movimiento clim\u00e1tico se une frente al negacionismo y pide m\u00e1s democracia ante la emergencia clim\u00e1tica Colectivos, organizaciones, personalidades","og_url":"https:\/\/dlvradio.es\/en\/ante-las-elecciones-generales-del-23j\/","og_site_name":"DLVRADIO","article_publisher":"https:\/\/www.facebook.com\/RadioDLVradio\/","article_published_time":"2023-07-18T21:00:11+00:00","og_image":[{"width":1500,"height":1500,"url":"https:\/\/dlvradio.es\/wp-content\/uploads\/2023\/07\/DLVRADIO.ES-8.png","type":"image\/png"}],"author":"DLV RADIO","twitter_card":"summary_large_image","twitter_creator":"@RadioDlvradio","twitter_site":"@RadioDlvradio","schema":{"@context":"https:\/\/schema.org","@graph":[{"@type":"Article","@id":"https:\/\/dlvradio.es\/ante-las-elecciones-generales-del-23j\/#article","isPartOf":{"@id":"https:\/\/dlvradio.es\/ante-las-elecciones-generales-del-23j\/"},"author":{"name":"DLV RADIO","@id":"https:\/\/dlvradio.es\/#\/schema\/person\/7d533f9f89b13e3a3f2ba7f67d6412de"},"headline":"Ante las elecciones generales del 23J","datePublished":"2023-07-18T21:00:11+00:00","mainEntityOfPage":{"@id":"https:\/\/dlvradio.es\/ante-las-elecciones-generales-del-23j\/"},"wordCount":1380,"commentCount":0,"publisher":{"@id":"https:\/\/dlvradio.es\/#organization"},"image":{"@id":"https:\/\/dlvradio.es\/ante-las-elecciones-generales-del-23j\/#primaryimage"},"thumbnailUrl":"https:\/\/dlvradio.es\/wp-content\/uploads\/2023\/07\/DLVRADIO.ES-8.png","keywords":["ecolog\u00eda","Espa\u00f1a"],"articleSection":["Emergencia clim\u00e1tica","Informativos"],"inLanguage":"en-US"},{"@type":"WebPage","@id":"https:\/\/dlvradio.es\/ante-las-elecciones-generales-del-23j\/","url":"https:\/\/dlvradio.es\/ante-las-elecciones-generales-del-23j\/","name":"Ante las elecciones generales del 23J - DLVRADIO","isPartOf":{"@id":"https:\/\/dlvradio.es\/#website"},"primaryImageOfPage":{"@id":"https:\/\/dlvradio.es\/ante-las-elecciones-generales-del-23j\/#primaryimage"},"image":{"@id":"https:\/\/dlvradio.es\/ante-las-elecciones-generales-del-23j\/#primaryimage"},"thumbnailUrl":"https:\/\/dlvradio.es\/wp-content\/uploads\/2023\/07\/DLVRADIO.ES-8.png","datePublished":"2023-07-18T21:00:11+00:00","description":"El movimiento clim\u00e1tico se une frente al negacionismo y pide m\u00e1s democracia ante la emergencia clim\u00e1tica Colectivos, organizaciones, personalidades","breadcrumb":{"@id":"https:\/\/dlvradio.es\/ante-las-elecciones-generales-del-23j\/#breadcrumb"},"inLanguage":"en-US","potentialAction":[{"@type":"ReadAction","target":["https:\/\/dlvradio.es\/ante-las-elecciones-generales-del-23j\/"]}]},{"@type":"ImageObject","inLanguage":"en-US","@id":"https:\/\/dlvradio.es\/ante-las-elecciones-generales-del-23j\/#primaryimage","url":"https:\/\/dlvradio.es\/wp-content\/uploads\/2023\/07\/DLVRADIO.ES-8.png","contentUrl":"https:\/\/dlvradio.es\/wp-content\/uploads\/2023\/07\/DLVRADIO.ES-8.png","width":1500,"height":1500,"caption":"DLVRADIO.ES (8)"},{"@type":"BreadcrumbList","@id":"https:\/\/dlvradio.es\/ante-las-elecciones-generales-del-23j\/#breadcrumb","itemListElement":[{"@type":"ListItem","position":1,"name":"Inicio","item":"https:\/\/dlvradio.es\/"},{"@type":"ListItem","position":2,"name":"Ante las elecciones generales del 23J"}]},{"@type":"WebSite","@id":"https:\/\/dlvradio.es\/#website","url":"https:\/\/dlvradio.es\/","name":"DLVRADIO","description":"We are an alternative media to traditional media","publisher":{"@id":"https:\/\/dlvradio.es\/#organization"},"potentialAction":[{"@type":"SearchAction","target":{"@type":"EntryPoint","urlTemplate":"https:\/\/dlvradio.es\/?s={search_term_string}"},"query-input":{"@type":"PropertyValueSpecification","valueRequired":true,"valueName":"search_term_string"}}],"inLanguage":"en-US"},{"@type":"Organization","@id":"https:\/\/dlvradio.es\/#organization","name":"DLVRADIO","url":"https:\/\/dlvradio.es\/","logo":{"@type":"ImageObject","inLanguage":"en-US","@id":"https:\/\/dlvradio.es\/#\/schema\/logo\/image\/","url":"","contentUrl":"","caption":"DLVRADIO"},"image":{"@id":"https:\/\/dlvradio.es\/#\/schema\/logo\/image\/"},"sameAs":["https:\/\/www.facebook.com\/RadioDLVradio\/","https:\/\/x.com\/RadioDlvradio","https:\/\/www.instagram.com\/radiodlvradio\/"]},{"@type":"Person","@id":"https:\/\/dlvradio.es\/#\/schema\/person\/7d533f9f89b13e3a3f2ba7f67d6412de","name":"DLV RADIO","sameAs":["https:\/\/dlvradio.es"]}]}},"_links":{"self":[{"href":"https:\/\/dlvradio.es\/en\/wp-json\/wp\/v2\/posts\/72104","targetHints":{"allow":["GET"]}}],"collection":[{"href":"https:\/\/dlvradio.es\/en\/wp-json\/wp\/v2\/posts"}],"about":[{"href":"https:\/\/dlvradio.es\/en\/wp-json\/wp\/v2\/types\/post"}],"author":[{"embeddable":true,"href":"https:\/\/dlvradio.es\/en\/wp-json\/wp\/v2\/users\/4"}],"replies":[{"embeddable":true,"href":"https:\/\/dlvradio.es\/en\/wp-json\/wp\/v2\/comments?post=72104"}],"version-history":[{"count":0,"href":"https:\/\/dlvradio.es\/en\/wp-json\/wp\/v2\/posts\/72104\/revisions"}],"wp:featuredmedia":[{"embeddable":true,"href":"https:\/\/dlvradio.es\/en\/wp-json\/wp\/v2\/media\/72105"}],"wp:attachment":[{"href":"https:\/\/dlvradio.es\/en\/wp-json\/wp\/v2\/media?parent=72104"}],"wp:term":[{"taxonomy":"category","embeddable":true,"href":"https:\/\/dlvradio.es\/en\/wp-json\/wp\/v2\/categories?post=72104"},{"taxonomy":"post_tag","embeddable":true,"href":"https:\/\/dlvradio.es\/en\/wp-json\/wp\/v2\/tags?post=72104"}],"curies":[{"name":"wp","href":"https:\/\/api.w.org\/{rel}","templated":true}]}}