{"id":72110,"date":"2023-07-20T11:29:39","date_gmt":"2023-07-20T09:29:39","guid":{"rendered":"https:\/\/dlvradio.es\/ecomarcha-2023-se-ha-sumado-a-diversas-luchas-vecinales-locales\/"},"modified":"2023-07-20T11:29:39","modified_gmt":"2023-07-20T09:29:39","slug":"ecomarcha-2023-se-ha-sumado-a-diversas-luchas-vecinales-locales","status":"publish","type":"post","link":"https:\/\/dlvradio.es\/en\/ecomarcha-2023-se-ha-sumado-a-diversas-luchas-vecinales-locales\/","title":{"rendered":"Ecomarcha 2023 has joined various local neighborhood struggles"},"content":{"rendered":"<h6><strong><img decoding=\"async\" class=\"alignleft wp-image-11715 size-thumbnail\" src=\"https:\/\/dlvradio.es\/copia\/wp-content\/uploads\/2023\/07\/DLVRADIO.ES_-3-150x150.png\" alt=\"\" width=\"150\" height=\"150\" \/>Defensa del tren, visita a una queser\u00eda artesanal o denuncia del campo de tiro militar del Teleno: la Ecomarcha cumple una semana<\/strong><\/h6>\n<ul>\n<li>A su paso por las provincias de Valladolid, Zamora y Le\u00f3n, la Ecomarcha 2023 se ha sumado a diversas luchas vecinales locales como la defensa del carril bici en la capital vallisoletana o la recuperaci\u00f3n de rutas ferroviarias hist\u00f3ricas como la V\u00eda de la Plata.<\/li>\n<li>Ayer, mi\u00e9rcoles 19 de julio, el pelot\u00f3n ecologista realiz\u00f3 una charla-coloquio con la Asociaci\u00f3n Teleno Libre, que denuncia las consecuencias medioambientales y sociales del campo de tiro militar en el monte leon\u00e9s.<\/li>\n<li>El pr\u00f3ximo s\u00e1bado, en Cistierna (Le\u00f3n), se presentar\u00e1 el documental \u201cEl tren del olvido\u201d, un cortometraje documental sobre el tren de la FEVE y sus pasajeros habituales.<\/li>\n<\/ul>\n<p>Valladolid, Medina del Rioseco, Villaf\u00e1fila, Alija del Infantado y Priaranza de la Valduerna. Estas son las cinco paradas que la Ecomarcha, la ruta ciclista de Ecologistas en Acci\u00f3n ha realizado hasta la fecha, desde que arranc\u00f3 el pasado s\u00e1bado 15 de julio. Ese d\u00eda el pelot\u00f3n ecologista se sum\u00f3 a una bici cr\u00edtica que consigui\u00f3 reunir a m\u00e1s de 500 personas para manifestarse contra la supresi\u00f3n de carriles bici y bus que plantea el nuevo equipo de gobierno del PP y VOX.<\/p>\n<p>Bajo el lema \u201cS\u00fabete a la movilidad sostenible\u201d, el pelot\u00f3n de m\u00e1s de 60 personas lleg\u00f3 a Medina de Rioseco en su segunda jornada. Previamente se realiz\u00f3 una parada en las Cortas de Blas, queser\u00eda artesanal familiar y granja escuela, para conocer la problem\u00e1tica de implantaci\u00f3n de macrorenovables en la comarca de Montes Torozos de la mano de la plataforma SOS Torozos.<\/p>\n<p>El martes 18 las bicicletas de Ecologistas en Acci\u00f3n llegaron a Alija del Infantado, recorriendo una parte de la v\u00eda verde de la Ruta de la Plata y denunciando en Benavente el abandono de esta importante v\u00eda de comunicaci\u00f3n desmantelada a finales del siglo pasado.<\/p>\n<p>A su paso, ayer, por Priaranza de la Valduerna, la Ecomarcha fue acogida por la Asociaci\u00f3n Teleno Libre y la cooperativa Productos del Teleno. All\u00ed se particip\u00f3 en una charla-coloquio en la que se dieron a conocer los problemas que acarrea para la zona el campo de tiro militar del Teleno. Un campo que desde hace m\u00e1s de 40 a\u00f1os supone un peligro y una molestia para la comarca por las detonaciones, destrozos y enormes incendios, que contaminan sus aguas, comprometen su forma de vida, su tranquilidad y convierte sus montes en un peligroso vertedero incontrolable de municiones por detonar.<\/p>\n<p>Ecologistas en Acci\u00f3n reiter\u00f3 en Priaranza de la Valduerna su compromiso por la paz y su antimilitarismo, declarando que \u201cen un planeta colmado de amenazas a la vida, la guerra sigue suponiendo el mayor fracaso de la especie humana como tal\u201d.<\/p>\n<p>A lo largo del d\u00eda de hoy el pelot\u00f3n ecologista se dirige hacia Carrizo de la Ribera, con parada en la estaci\u00f3n de tren de Astorga para reivindicar, de nuevo, un ferrocarril digno y sostenible, as\u00ed como la recuperaci\u00f3n de la V\u00eda de la Plata como elemento vertebrador del territorio. Por la tarde, junto a la Plataforma de Afectados por la Construcci\u00f3n de los Pantanos de La Rial y Los Morales y el Ayuntamiento, se har\u00e1n una visita con el vecindario de Carrizo a los valles que se pretenden anegar para regad\u00edo. La jornada terminar\u00e1 con una exposici\u00f3n y charla sobre esta problem\u00e1tica en la Casa de la Cultura.<\/p>\n<p><strong>Pr\u00f3ximos pasos<\/strong><\/p>\n<p>A partir de ma\u00f1ana, el pelot\u00f3n ecologista concluir\u00e1 su paso por la provincia de Le\u00f3n. El s\u00e1bado, en Cistierna, se despedir\u00e1 de esta provincia con la presentaci\u00f3n del documental \u201cEl tren del olvido\u201d en el Museo Ferroviario de Cistierna, un cortometraje documental en torno al m\u00edtico Tren de la Robla, cuya v\u00eda acompa\u00f1ar\u00e1 al grupo el resto del viaje hasta Bilbao. Para los pr\u00f3ximos d\u00edas, la agenda ciclista est\u00e1 completa y se puede consultar en la p\u00e1gina web de Ecologistas en Acci\u00f3n.<\/p>\n<p>Lucas Barrero, coordinador de Ecomarcha 2023 y portavoz de Ecologistas en Acci\u00f3n, ha declarado: \u201cToda marcha sobre ruedas. Estamos sorprendidos con la acogida que estamos teniendo desde la bicifestaci\u00f3n de Valladolid y en los pueblos por los que circulamos y en los que estamos conociendo sus problem\u00e1ticas socioambientales. Agradecemos a vecinas y vecinos de los diferentes municipios su hospitalidad y su implicaci\u00f3n en luchas locales, porque son todo un ejemplo para nosotras\u201d.<\/p>\n<a href=\"https:\/\/dlvradio.es\/copia\/wp-content\/uploads\/2023\/07\/Fichas-Ecomarcha-2023.pdf\" class=\"pdfemb-viewer\" style=\"\" data-width=\"max\" data-height=\"max\" data-toolbar=\"bottom\" data-toolbar-fixed=\"off\">Fichas-Ecomarcha-2023<\/a>","protected":false},"excerpt":{"rendered":"<p>Defensa del tren, visita a una queser\u00eda artesanal o denuncia del campo de tiro militar del Teleno: la Ecomarcha cumple una semana A su paso por las provincias de Valladolid, Zamora y Le\u00f3n, la Ecomarcha 2023 se ha sumado a diversas luchas vecinales locales como la defensa del carril bici en la capital vallisoletana o [&hellip;]<\/p>\n","protected":false},"author":4,"featured_media":72111,"comment_status":"open","ping_status":"open","sticky":false,"template":"","format":"standard","meta":{"_acf_changed":false,"footnotes":""},"categories":[2711,2465],"tags":[2478,2466],"class_list":["post-72110","post","type-post","status-publish","format-standard","has-post-thumbnail","hentry","category-emergencia-climatica","category-informativos","tag-ecologia","tag-espana"],"acf":[],"yoast_head":"<!-- This site is optimized with the Yoast SEO plugin v27.4 - https:\/\/yoast.com\/product\/yoast-seo-wordpress\/ -->\n<title>Ecomarcha 2023 se ha sumado a diversas luchas vecinales locales - DLVRADIO<\/title>\n<meta name=\"description\" content=\"Defensa del tren, visita a una queser\u00eda artesanal o denuncia del campo de tiro militar del Teleno: la Ecomarcha cumple una semana A su paso por las\" \/>\n<meta name=\"robots\" content=\"index, follow, max-snippet:-1, max-image-preview:large, max-video-preview:-1\" \/>\n<link rel=\"canonical\" href=\"https:\/\/dlvradio.es\/en\/ecomarcha-2023-se-ha-sumado-a-diversas-luchas-vecinales-locales\/\" \/>\n<meta property=\"og:locale\" content=\"en_US\" \/>\n<meta property=\"og:type\" content=\"article\" \/>\n<meta property=\"og:title\" content=\"Ecomarcha 2023 se ha sumado a diversas luchas vecinales locales - DLVRADIO\" \/>\n<meta property=\"og:description\" content=\"Defensa del tren, visita a una queser\u00eda artesanal o denuncia del campo de tiro militar del Teleno: la Ecomarcha cumple una semana A su paso por las\" \/>\n<meta property=\"og:url\" content=\"https:\/\/dlvradio.es\/en\/ecomarcha-2023-se-ha-sumado-a-diversas-luchas-vecinales-locales\/\" \/>\n<meta property=\"og:site_name\" content=\"DLVRADIO\" \/>\n<meta property=\"article:publisher\" content=\"https:\/\/www.facebook.com\/RadioDLVradio\/\" \/>\n<meta property=\"article:published_time\" content=\"2023-07-20T09:29:39+00:00\" \/>\n<meta property=\"og:image\" content=\"https:\/\/dlvradio.es\/wp-content\/uploads\/2023\/07\/DLVRADIO.ES_-3-1024x1024.png\" \/>\n\t<meta property=\"og:image:width\" content=\"1024\" \/>\n\t<meta property=\"og:image:height\" content=\"1024\" \/>\n\t<meta property=\"og:image:type\" content=\"image\/png\" \/>\n<meta name=\"author\" content=\"DLV RADIO\" \/>\n<meta name=\"twitter:card\" content=\"summary_large_image\" \/>\n<meta name=\"twitter:creator\" content=\"@RadioDlvradio\" \/>\n<meta name=\"twitter:site\" content=\"@RadioDlvradio\" \/>\n<script type=\"application\/ld+json\" class=\"yoast-schema-graph\">{\"@context\":\"https:\\\/\\\/schema.org\",\"@graph\":[{\"@type\":\"Article\",\"@id\":\"https:\\\/\\\/dlvradio.es\\\/ecomarcha-2023-se-ha-sumado-a-diversas-luchas-vecinales-locales\\\/#article\",\"isPartOf\":{\"@id\":\"https:\\\/\\\/dlvradio.es\\\/ecomarcha-2023-se-ha-sumado-a-diversas-luchas-vecinales-locales\\\/\"},\"author\":{\"name\":\"DLV RADIO\",\"@id\":\"https:\\\/\\\/dlvradio.es\\\/#\\\/schema\\\/person\\\/7d533f9f89b13e3a3f2ba7f67d6412de\"},\"headline\":\"Ecomarcha 2023 se ha sumado a diversas luchas vecinales locales\",\"datePublished\":\"2023-07-20T09:29:39+00:00\",\"mainEntityOfPage\":{\"@id\":\"https:\\\/\\\/dlvradio.es\\\/ecomarcha-2023-se-ha-sumado-a-diversas-luchas-vecinales-locales\\\/\"},\"wordCount\":793,\"commentCount\":0,\"publisher\":{\"@id\":\"https:\\\/\\\/dlvradio.es\\\/#organization\"},\"image\":{\"@id\":\"https:\\\/\\\/dlvradio.es\\\/ecomarcha-2023-se-ha-sumado-a-diversas-luchas-vecinales-locales\\\/#primaryimage\"},\"thumbnailUrl\":\"https:\\\/\\\/dlvradio.es\\\/wp-content\\\/uploads\\\/2023\\\/07\\\/DLVRADIO.ES_-3.png\",\"keywords\":[\"ecolog\u00eda\",\"Espa\u00f1a\"],\"articleSection\":[\"Emergencia clim\u00e1tica\",\"Informativos\"],\"inLanguage\":\"en-US\"},{\"@type\":\"WebPage\",\"@id\":\"https:\\\/\\\/dlvradio.es\\\/ecomarcha-2023-se-ha-sumado-a-diversas-luchas-vecinales-locales\\\/\",\"url\":\"https:\\\/\\\/dlvradio.es\\\/ecomarcha-2023-se-ha-sumado-a-diversas-luchas-vecinales-locales\\\/\",\"name\":\"Ecomarcha 2023 se ha sumado a diversas luchas vecinales locales - DLVRADIO\",\"isPartOf\":{\"@id\":\"https:\\\/\\\/dlvradio.es\\\/#website\"},\"primaryImageOfPage\":{\"@id\":\"https:\\\/\\\/dlvradio.es\\\/ecomarcha-2023-se-ha-sumado-a-diversas-luchas-vecinales-locales\\\/#primaryimage\"},\"image\":{\"@id\":\"https:\\\/\\\/dlvradio.es\\\/ecomarcha-2023-se-ha-sumado-a-diversas-luchas-vecinales-locales\\\/#primaryimage\"},\"thumbnailUrl\":\"https:\\\/\\\/dlvradio.es\\\/wp-content\\\/uploads\\\/2023\\\/07\\\/DLVRADIO.ES_-3.png\",\"datePublished\":\"2023-07-20T09:29:39+00:00\",\"description\":\"Defensa del tren, visita a una queser\u00eda artesanal o denuncia del campo de tiro militar del Teleno: la Ecomarcha cumple una semana A su paso por las\",\"breadcrumb\":{\"@id\":\"https:\\\/\\\/dlvradio.es\\\/ecomarcha-2023-se-ha-sumado-a-diversas-luchas-vecinales-locales\\\/#breadcrumb\"},\"inLanguage\":\"en-US\",\"potentialAction\":[{\"@type\":\"ReadAction\",\"target\":[\"https:\\\/\\\/dlvradio.es\\\/ecomarcha-2023-se-ha-sumado-a-diversas-luchas-vecinales-locales\\\/\"]}]},{\"@type\":\"ImageObject\",\"inLanguage\":\"en-US\",\"@id\":\"https:\\\/\\\/dlvradio.es\\\/ecomarcha-2023-se-ha-sumado-a-diversas-luchas-vecinales-locales\\\/#primaryimage\",\"url\":\"https:\\\/\\\/dlvradio.es\\\/wp-content\\\/uploads\\\/2023\\\/07\\\/DLVRADIO.ES_-3.png\",\"contentUrl\":\"https:\\\/\\\/dlvradio.es\\\/wp-content\\\/uploads\\\/2023\\\/07\\\/DLVRADIO.ES_-3.png\",\"width\":1500,\"height\":1500,\"caption\":\"DLVRADIO.ES\"},{\"@type\":\"BreadcrumbList\",\"@id\":\"https:\\\/\\\/dlvradio.es\\\/ecomarcha-2023-se-ha-sumado-a-diversas-luchas-vecinales-locales\\\/#breadcrumb\",\"itemListElement\":[{\"@type\":\"ListItem\",\"position\":1,\"name\":\"Inicio\",\"item\":\"https:\\\/\\\/dlvradio.es\\\/\"},{\"@type\":\"ListItem\",\"position\":2,\"name\":\"Ecomarcha 2023 se ha sumado a diversas luchas vecinales locales\"}]},{\"@type\":\"WebSite\",\"@id\":\"https:\\\/\\\/dlvradio.es\\\/#website\",\"url\":\"https:\\\/\\\/dlvradio.es\\\/\",\"name\":\"DLVRADIO\",\"description\":\"Somos un medio de comunicaci\u00f3n alternativo a los medios tradicionales\",\"publisher\":{\"@id\":\"https:\\\/\\\/dlvradio.es\\\/#organization\"},\"potentialAction\":[{\"@type\":\"SearchAction\",\"target\":{\"@type\":\"EntryPoint\",\"urlTemplate\":\"https:\\\/\\\/dlvradio.es\\\/?s={search_term_string}\"},\"query-input\":{\"@type\":\"PropertyValueSpecification\",\"valueRequired\":true,\"valueName\":\"search_term_string\"}}],\"inLanguage\":\"en-US\"},{\"@type\":\"Organization\",\"@id\":\"https:\\\/\\\/dlvradio.es\\\/#organization\",\"name\":\"DLVRADIO\",\"url\":\"https:\\\/\\\/dlvradio.es\\\/\",\"logo\":{\"@type\":\"ImageObject\",\"inLanguage\":\"en-US\",\"@id\":\"https:\\\/\\\/dlvradio.es\\\/#\\\/schema\\\/logo\\\/image\\\/\",\"url\":\"\",\"contentUrl\":\"\",\"caption\":\"DLVRADIO\"},\"image\":{\"@id\":\"https:\\\/\\\/dlvradio.es\\\/#\\\/schema\\\/logo\\\/image\\\/\"},\"sameAs\":[\"https:\\\/\\\/www.facebook.com\\\/RadioDLVradio\\\/\",\"https:\\\/\\\/x.com\\\/RadioDlvradio\",\"https:\\\/\\\/www.instagram.com\\\/radiodlvradio\\\/\"]},{\"@type\":\"Person\",\"@id\":\"https:\\\/\\\/dlvradio.es\\\/#\\\/schema\\\/person\\\/7d533f9f89b13e3a3f2ba7f67d6412de\",\"name\":\"DLV RADIO\",\"sameAs\":[\"https:\\\/\\\/dlvradio.es\"]}]}<\/script>\n<!-- \/ Yoast SEO plugin. -->","yoast_head_json":{"title":"Ecomarcha 2023 se ha sumado a diversas luchas vecinales locales - DLVRADIO","description":"Defensa del tren, visita a una queser\u00eda artesanal o denuncia del campo de tiro militar del Teleno: la Ecomarcha cumple una semana A su paso por las","robots":{"index":"index","follow":"follow","max-snippet":"max-snippet:-1","max-image-preview":"max-image-preview:large","max-video-preview":"max-video-preview:-1"},"canonical":"https:\/\/dlvradio.es\/en\/ecomarcha-2023-se-ha-sumado-a-diversas-luchas-vecinales-locales\/","og_locale":"en_US","og_type":"article","og_title":"Ecomarcha 2023 se ha sumado a diversas luchas vecinales locales - DLVRADIO","og_description":"Defensa del tren, visita a una queser\u00eda artesanal o denuncia del campo de tiro militar del Teleno: la Ecomarcha cumple una semana A su paso por las","og_url":"https:\/\/dlvradio.es\/en\/ecomarcha-2023-se-ha-sumado-a-diversas-luchas-vecinales-locales\/","og_site_name":"DLVRADIO","article_publisher":"https:\/\/www.facebook.com\/RadioDLVradio\/","article_published_time":"2023-07-20T09:29:39+00:00","og_image":[{"width":1024,"height":1024,"url":"https:\/\/dlvradio.es\/wp-content\/uploads\/2023\/07\/DLVRADIO.ES_-3-1024x1024.png","type":"image\/png"}],"author":"DLV RADIO","twitter_card":"summary_large_image","twitter_creator":"@RadioDlvradio","twitter_site":"@RadioDlvradio","schema":{"@context":"https:\/\/schema.org","@graph":[{"@type":"Article","@id":"https:\/\/dlvradio.es\/ecomarcha-2023-se-ha-sumado-a-diversas-luchas-vecinales-locales\/#article","isPartOf":{"@id":"https:\/\/dlvradio.es\/ecomarcha-2023-se-ha-sumado-a-diversas-luchas-vecinales-locales\/"},"author":{"name":"DLV RADIO","@id":"https:\/\/dlvradio.es\/#\/schema\/person\/7d533f9f89b13e3a3f2ba7f67d6412de"},"headline":"Ecomarcha 2023 se ha sumado a diversas luchas vecinales locales","datePublished":"2023-07-20T09:29:39+00:00","mainEntityOfPage":{"@id":"https:\/\/dlvradio.es\/ecomarcha-2023-se-ha-sumado-a-diversas-luchas-vecinales-locales\/"},"wordCount":793,"commentCount":0,"publisher":{"@id":"https:\/\/dlvradio.es\/#organization"},"image":{"@id":"https:\/\/dlvradio.es\/ecomarcha-2023-se-ha-sumado-a-diversas-luchas-vecinales-locales\/#primaryimage"},"thumbnailUrl":"https:\/\/dlvradio.es\/wp-content\/uploads\/2023\/07\/DLVRADIO.ES_-3.png","keywords":["ecolog\u00eda","Espa\u00f1a"],"articleSection":["Emergencia clim\u00e1tica","Informativos"],"inLanguage":"en-US"},{"@type":"WebPage","@id":"https:\/\/dlvradio.es\/ecomarcha-2023-se-ha-sumado-a-diversas-luchas-vecinales-locales\/","url":"https:\/\/dlvradio.es\/ecomarcha-2023-se-ha-sumado-a-diversas-luchas-vecinales-locales\/","name":"Ecomarcha 2023 se ha sumado a diversas luchas vecinales locales - DLVRADIO","isPartOf":{"@id":"https:\/\/dlvradio.es\/#website"},"primaryImageOfPage":{"@id":"https:\/\/dlvradio.es\/ecomarcha-2023-se-ha-sumado-a-diversas-luchas-vecinales-locales\/#primaryimage"},"image":{"@id":"https:\/\/dlvradio.es\/ecomarcha-2023-se-ha-sumado-a-diversas-luchas-vecinales-locales\/#primaryimage"},"thumbnailUrl":"https:\/\/dlvradio.es\/wp-content\/uploads\/2023\/07\/DLVRADIO.ES_-3.png","datePublished":"2023-07-20T09:29:39+00:00","description":"Defensa del tren, visita a una queser\u00eda artesanal o denuncia del campo de tiro militar del Teleno: la Ecomarcha cumple una semana A su paso por las","breadcrumb":{"@id":"https:\/\/dlvradio.es\/ecomarcha-2023-se-ha-sumado-a-diversas-luchas-vecinales-locales\/#breadcrumb"},"inLanguage":"en-US","potentialAction":[{"@type":"ReadAction","target":["https:\/\/dlvradio.es\/ecomarcha-2023-se-ha-sumado-a-diversas-luchas-vecinales-locales\/"]}]},{"@type":"ImageObject","inLanguage":"en-US","@id":"https:\/\/dlvradio.es\/ecomarcha-2023-se-ha-sumado-a-diversas-luchas-vecinales-locales\/#primaryimage","url":"https:\/\/dlvradio.es\/wp-content\/uploads\/2023\/07\/DLVRADIO.ES_-3.png","contentUrl":"https:\/\/dlvradio.es\/wp-content\/uploads\/2023\/07\/DLVRADIO.ES_-3.png","width":1500,"height":1500,"caption":"DLVRADIO.ES"},{"@type":"BreadcrumbList","@id":"https:\/\/dlvradio.es\/ecomarcha-2023-se-ha-sumado-a-diversas-luchas-vecinales-locales\/#breadcrumb","itemListElement":[{"@type":"ListItem","position":1,"name":"Inicio","item":"https:\/\/dlvradio.es\/"},{"@type":"ListItem","position":2,"name":"Ecomarcha 2023 se ha sumado a diversas luchas vecinales locales"}]},{"@type":"WebSite","@id":"https:\/\/dlvradio.es\/#website","url":"https:\/\/dlvradio.es\/","name":"DLVRADIO","description":"We are an alternative media to traditional media","publisher":{"@id":"https:\/\/dlvradio.es\/#organization"},"potentialAction":[{"@type":"SearchAction","target":{"@type":"EntryPoint","urlTemplate":"https:\/\/dlvradio.es\/?s={search_term_string}"},"query-input":{"@type":"PropertyValueSpecification","valueRequired":true,"valueName":"search_term_string"}}],"inLanguage":"en-US"},{"@type":"Organization","@id":"https:\/\/dlvradio.es\/#organization","name":"DLVRADIO","url":"https:\/\/dlvradio.es\/","logo":{"@type":"ImageObject","inLanguage":"en-US","@id":"https:\/\/dlvradio.es\/#\/schema\/logo\/image\/","url":"","contentUrl":"","caption":"DLVRADIO"},"image":{"@id":"https:\/\/dlvradio.es\/#\/schema\/logo\/image\/"},"sameAs":["https:\/\/www.facebook.com\/RadioDLVradio\/","https:\/\/x.com\/RadioDlvradio","https:\/\/www.instagram.com\/radiodlvradio\/"]},{"@type":"Person","@id":"https:\/\/dlvradio.es\/#\/schema\/person\/7d533f9f89b13e3a3f2ba7f67d6412de","name":"DLV RADIO","sameAs":["https:\/\/dlvradio.es"]}]}},"_links":{"self":[{"href":"https:\/\/dlvradio.es\/en\/wp-json\/wp\/v2\/posts\/72110","targetHints":{"allow":["GET"]}}],"collection":[{"href":"https:\/\/dlvradio.es\/en\/wp-json\/wp\/v2\/posts"}],"about":[{"href":"https:\/\/dlvradio.es\/en\/wp-json\/wp\/v2\/types\/post"}],"author":[{"embeddable":true,"href":"https:\/\/dlvradio.es\/en\/wp-json\/wp\/v2\/users\/4"}],"replies":[{"embeddable":true,"href":"https:\/\/dlvradio.es\/en\/wp-json\/wp\/v2\/comments?post=72110"}],"version-history":[{"count":0,"href":"https:\/\/dlvradio.es\/en\/wp-json\/wp\/v2\/posts\/72110\/revisions"}],"wp:featuredmedia":[{"embeddable":true,"href":"https:\/\/dlvradio.es\/en\/wp-json\/wp\/v2\/media\/72111"}],"wp:attachment":[{"href":"https:\/\/dlvradio.es\/en\/wp-json\/wp\/v2\/media?parent=72110"}],"wp:term":[{"taxonomy":"category","embeddable":true,"href":"https:\/\/dlvradio.es\/en\/wp-json\/wp\/v2\/categories?post=72110"},{"taxonomy":"post_tag","embeddable":true,"href":"https:\/\/dlvradio.es\/en\/wp-json\/wp\/v2\/tags?post=72110"}],"curies":[{"name":"wp","href":"https:\/\/api.w.org\/{rel}","templated":true}]}}