{"id":72113,"date":"2023-07-21T11:36:22","date_gmt":"2023-07-21T09:36:22","guid":{"rendered":"https:\/\/dlvradio.es\/en-directo-especial-elecciones-generales-23j\/"},"modified":"2023-07-21T11:36:22","modified_gmt":"2023-07-21T09:36:22","slug":"en-directo-especial-elecciones-generales-23j","status":"publish","type":"post","link":"https:\/\/dlvradio.es\/en\/en-directo-especial-elecciones-generales-23j\/","title":{"rendered":"Live Special general elections #23j"},"content":{"rendered":"<p><img decoding=\"async\" class=\"alignleft wp-image-11718 size-thumbnail\" src=\"https:\/\/dlvradio.es\/copia\/wp-content\/uploads\/2023\/07\/en-Directo-1180-\u00d7-1180-px-150x150.png\" alt=\"\" width=\"150\" height=\"150\" \/>On Sunday, July 23, from 7:55 p.m. live, we will tell you minute by minute, everything that is happening in these elections. The first exit polls, the evolution of the electoral count, in different parts of Spain. We will connect with political groups so that they can leave us their impressions, with our leading political scientist the Pink Rabbit, we will have different collaborators, regular collaborators and the occasional surprise in our virtual studio.<\/p>\n<p>As always you can follow us from our website, YouTube channel, DLVRADIO application, online radio and all our social networks. You can leave your comments and questions in the chat that we always enable on YouTube. All of this moderated and presented by our colleague Nuria Gonz\u00e1lez.<\/p>\n<p>We are waiting for you as always.<\/p>\n<p><iframe title=\"Special general elections #23j\" width=\"800\" height=\"450\" src=\"https:\/\/www.youtube.com\/embed\/aYB7AaWr9Ww?feature=oembed\" frameborder=\"0\" allow=\"accelerometer; autoplay; clipboard-write; encrypted-media; gyroscope; picture-in-picture; web-share\" referrerpolicy=\"strict-origin-when-cross-origin\" allowfullscreen><\/iframe><\/p>","protected":false},"excerpt":{"rendered":"<p>El domingo 23 de julio desde las 19:55 h en directo os iremos contando el minuto a minuto, todo lo que est\u00e1 transcurriendo en estas elecciones. Los primeros sondeos a pie de urna, la evoluci\u00f3n del recuento electoral, en diferentes puntos de Espa\u00f1a. Conectaremos con formaciones pol\u00edticas para que nos dejen sus impresiones, con nuestro [&hellip;]<\/p>\n","protected":false},"author":4,"featured_media":72114,"comment_status":"open","ping_status":"open","sticky":false,"template":"","format":"standard","meta":{"_acf_changed":false,"footnotes":""},"categories":[2766,2465],"tags":[2501,2466],"class_list":["post-72113","post","type-post","status-publish","format-standard","has-post-thumbnail","hentry","category-el-decreto","category-informativos","tag-elecciones","tag-espana"],"acf":[],"yoast_head":"<!-- This site is optimized with the Yoast SEO plugin v27.4 - https:\/\/yoast.com\/product\/yoast-seo-wordpress\/ -->\n<title>En directo Especial elecciones generales #23j - DLVRADIO<\/title>\n<meta name=\"description\" content=\"El domingo 23 de julio desde las 19:55 h en directo os iremos contando el minuto a minuto, todo lo que est\u00e1 transcurriendo en estas elecciones. Los\" \/>\n<meta name=\"robots\" content=\"index, follow, max-snippet:-1, max-image-preview:large, max-video-preview:-1\" \/>\n<link rel=\"canonical\" href=\"https:\/\/dlvradio.es\/en\/en-directo-especial-elecciones-generales-23j\/\" \/>\n<meta property=\"og:locale\" content=\"en_US\" \/>\n<meta property=\"og:type\" content=\"article\" \/>\n<meta property=\"og:title\" content=\"En directo Especial elecciones generales #23j - DLVRADIO\" \/>\n<meta property=\"og:description\" content=\"El domingo 23 de julio desde las 19:55 h en directo os iremos contando el minuto a minuto, todo lo que est\u00e1 transcurriendo en estas elecciones. Los\" \/>\n<meta property=\"og:url\" content=\"https:\/\/dlvradio.es\/en\/en-directo-especial-elecciones-generales-23j\/\" \/>\n<meta property=\"og:site_name\" content=\"DLVRADIO\" \/>\n<meta property=\"article:publisher\" content=\"https:\/\/www.facebook.com\/RadioDLVradio\/\" \/>\n<meta property=\"article:published_time\" content=\"2023-07-21T09:36:22+00:00\" \/>\n<meta property=\"og:image\" content=\"https:\/\/dlvradio.es\/wp-content\/uploads\/2023\/07\/en-Directo-1180-\u00d7-1180-px.png\" \/>\n\t<meta property=\"og:image:width\" content=\"1180\" \/>\n\t<meta property=\"og:image:height\" content=\"1180\" \/>\n\t<meta property=\"og:image:type\" content=\"image\/png\" \/>\n<meta name=\"author\" content=\"DLV RADIO\" \/>\n<meta name=\"twitter:card\" content=\"summary_large_image\" \/>\n<meta name=\"twitter:creator\" content=\"@RadioDlvradio\" \/>\n<meta name=\"twitter:site\" content=\"@RadioDlvradio\" \/>\n<script type=\"application\/ld+json\" class=\"yoast-schema-graph\">{\"@context\":\"https:\\\/\\\/schema.org\",\"@graph\":[{\"@type\":\"Article\",\"@id\":\"https:\\\/\\\/dlvradio.es\\\/en-directo-especial-elecciones-generales-23j\\\/#article\",\"isPartOf\":{\"@id\":\"https:\\\/\\\/dlvradio.es\\\/en-directo-especial-elecciones-generales-23j\\\/\"},\"author\":{\"name\":\"DLV RADIO\",\"@id\":\"https:\\\/\\\/dlvradio.es\\\/#\\\/schema\\\/person\\\/7d533f9f89b13e3a3f2ba7f67d6412de\"},\"headline\":\"En directo Especial elecciones generales #23j\",\"datePublished\":\"2023-07-21T09:36:22+00:00\",\"mainEntityOfPage\":{\"@id\":\"https:\\\/\\\/dlvradio.es\\\/en-directo-especial-elecciones-generales-23j\\\/\"},\"wordCount\":152,\"commentCount\":0,\"publisher\":{\"@id\":\"https:\\\/\\\/dlvradio.es\\\/#organization\"},\"image\":{\"@id\":\"https:\\\/\\\/dlvradio.es\\\/en-directo-especial-elecciones-generales-23j\\\/#primaryimage\"},\"thumbnailUrl\":\"https:\\\/\\\/dlvradio.es\\\/wp-content\\\/uploads\\\/2023\\\/07\\\/en-Directo-1180-\u00d7-1180-px.png\",\"keywords\":[\"Elecciones\",\"Espa\u00f1a\"],\"articleSection\":[\"El Decreto\",\"Informativos\"],\"inLanguage\":\"en-US\"},{\"@type\":\"WebPage\",\"@id\":\"https:\\\/\\\/dlvradio.es\\\/en-directo-especial-elecciones-generales-23j\\\/\",\"url\":\"https:\\\/\\\/dlvradio.es\\\/en-directo-especial-elecciones-generales-23j\\\/\",\"name\":\"En directo Especial elecciones generales #23j - DLVRADIO\",\"isPartOf\":{\"@id\":\"https:\\\/\\\/dlvradio.es\\\/#website\"},\"primaryImageOfPage\":{\"@id\":\"https:\\\/\\\/dlvradio.es\\\/en-directo-especial-elecciones-generales-23j\\\/#primaryimage\"},\"image\":{\"@id\":\"https:\\\/\\\/dlvradio.es\\\/en-directo-especial-elecciones-generales-23j\\\/#primaryimage\"},\"thumbnailUrl\":\"https:\\\/\\\/dlvradio.es\\\/wp-content\\\/uploads\\\/2023\\\/07\\\/en-Directo-1180-\u00d7-1180-px.png\",\"datePublished\":\"2023-07-21T09:36:22+00:00\",\"description\":\"El domingo 23 de julio desde las 19:55 h en directo os iremos contando el minuto a minuto, todo lo que est\u00e1 transcurriendo en estas elecciones. Los\",\"breadcrumb\":{\"@id\":\"https:\\\/\\\/dlvradio.es\\\/en-directo-especial-elecciones-generales-23j\\\/#breadcrumb\"},\"inLanguage\":\"en-US\",\"potentialAction\":[{\"@type\":\"ReadAction\",\"target\":[\"https:\\\/\\\/dlvradio.es\\\/en-directo-especial-elecciones-generales-23j\\\/\"]}]},{\"@type\":\"ImageObject\",\"inLanguage\":\"en-US\",\"@id\":\"https:\\\/\\\/dlvradio.es\\\/en-directo-especial-elecciones-generales-23j\\\/#primaryimage\",\"url\":\"https:\\\/\\\/dlvradio.es\\\/wp-content\\\/uploads\\\/2023\\\/07\\\/en-Directo-1180-\u00d7-1180-px.png\",\"contentUrl\":\"https:\\\/\\\/dlvradio.es\\\/wp-content\\\/uploads\\\/2023\\\/07\\\/en-Directo-1180-\u00d7-1180-px.png\",\"width\":1180,\"height\":1180,\"caption\":\"en Directo (1180\u00a0\u00d7\u00a01180\u00a0px)\"},{\"@type\":\"BreadcrumbList\",\"@id\":\"https:\\\/\\\/dlvradio.es\\\/en-directo-especial-elecciones-generales-23j\\\/#breadcrumb\",\"itemListElement\":[{\"@type\":\"ListItem\",\"position\":1,\"name\":\"Inicio\",\"item\":\"https:\\\/\\\/dlvradio.es\\\/\"},{\"@type\":\"ListItem\",\"position\":2,\"name\":\"En directo Especial elecciones generales #23j\"}]},{\"@type\":\"WebSite\",\"@id\":\"https:\\\/\\\/dlvradio.es\\\/#website\",\"url\":\"https:\\\/\\\/dlvradio.es\\\/\",\"name\":\"DLVRADIO\",\"description\":\"Somos un medio de comunicaci\u00f3n alternativo a los medios tradicionales\",\"publisher\":{\"@id\":\"https:\\\/\\\/dlvradio.es\\\/#organization\"},\"potentialAction\":[{\"@type\":\"SearchAction\",\"target\":{\"@type\":\"EntryPoint\",\"urlTemplate\":\"https:\\\/\\\/dlvradio.es\\\/?s={search_term_string}\"},\"query-input\":{\"@type\":\"PropertyValueSpecification\",\"valueRequired\":true,\"valueName\":\"search_term_string\"}}],\"inLanguage\":\"en-US\"},{\"@type\":\"Organization\",\"@id\":\"https:\\\/\\\/dlvradio.es\\\/#organization\",\"name\":\"DLVRADIO\",\"url\":\"https:\\\/\\\/dlvradio.es\\\/\",\"logo\":{\"@type\":\"ImageObject\",\"inLanguage\":\"en-US\",\"@id\":\"https:\\\/\\\/dlvradio.es\\\/#\\\/schema\\\/logo\\\/image\\\/\",\"url\":\"\",\"contentUrl\":\"\",\"caption\":\"DLVRADIO\"},\"image\":{\"@id\":\"https:\\\/\\\/dlvradio.es\\\/#\\\/schema\\\/logo\\\/image\\\/\"},\"sameAs\":[\"https:\\\/\\\/www.facebook.com\\\/RadioDLVradio\\\/\",\"https:\\\/\\\/x.com\\\/RadioDlvradio\",\"https:\\\/\\\/www.instagram.com\\\/radiodlvradio\\\/\"]},{\"@type\":\"Person\",\"@id\":\"https:\\\/\\\/dlvradio.es\\\/#\\\/schema\\\/person\\\/7d533f9f89b13e3a3f2ba7f67d6412de\",\"name\":\"DLV RADIO\",\"sameAs\":[\"https:\\\/\\\/dlvradio.es\"]}]}<\/script>\n<!-- \/ Yoast SEO plugin. -->","yoast_head_json":{"title":"Live Special general elections #23j - DLVRADIO","description":"On Sunday, July 23, from 7:55 p.m. live, we will tell you minute by minute, everything that is happening in these elections. The","robots":{"index":"index","follow":"follow","max-snippet":"max-snippet:-1","max-image-preview":"max-image-preview:large","max-video-preview":"max-video-preview:-1"},"canonical":"https:\/\/dlvradio.es\/en\/en-directo-especial-elecciones-generales-23j\/","og_locale":"en_US","og_type":"article","og_title":"En directo Especial elecciones generales #23j - DLVRADIO","og_description":"El domingo 23 de julio desde las 19:55 h en directo os iremos contando el minuto a minuto, todo lo que est\u00e1 transcurriendo en estas elecciones. Los","og_url":"https:\/\/dlvradio.es\/en\/en-directo-especial-elecciones-generales-23j\/","og_site_name":"DLVRADIO","article_publisher":"https:\/\/www.facebook.com\/RadioDLVradio\/","article_published_time":"2023-07-21T09:36:22+00:00","og_image":[{"width":1180,"height":1180,"url":"https:\/\/dlvradio.es\/wp-content\/uploads\/2023\/07\/en-Directo-1180-\u00d7-1180-px.png","type":"image\/png"}],"author":"DLV RADIO","twitter_card":"summary_large_image","twitter_creator":"@RadioDlvradio","twitter_site":"@RadioDlvradio","schema":{"@context":"https:\/\/schema.org","@graph":[{"@type":"Article","@id":"https:\/\/dlvradio.es\/en-directo-especial-elecciones-generales-23j\/#article","isPartOf":{"@id":"https:\/\/dlvradio.es\/en-directo-especial-elecciones-generales-23j\/"},"author":{"name":"DLV RADIO","@id":"https:\/\/dlvradio.es\/#\/schema\/person\/7d533f9f89b13e3a3f2ba7f67d6412de"},"headline":"En directo Especial elecciones generales #23j","datePublished":"2023-07-21T09:36:22+00:00","mainEntityOfPage":{"@id":"https:\/\/dlvradio.es\/en-directo-especial-elecciones-generales-23j\/"},"wordCount":152,"commentCount":0,"publisher":{"@id":"https:\/\/dlvradio.es\/#organization"},"image":{"@id":"https:\/\/dlvradio.es\/en-directo-especial-elecciones-generales-23j\/#primaryimage"},"thumbnailUrl":"https:\/\/dlvradio.es\/wp-content\/uploads\/2023\/07\/en-Directo-1180-\u00d7-1180-px.png","keywords":["Elecciones","Espa\u00f1a"],"articleSection":["El Decreto","Informativos"],"inLanguage":"en-US"},{"@type":"WebPage","@id":"https:\/\/dlvradio.es\/en-directo-especial-elecciones-generales-23j\/","url":"https:\/\/dlvradio.es\/en-directo-especial-elecciones-generales-23j\/","name":"Live Special general elections #23j - DLVRADIO","isPartOf":{"@id":"https:\/\/dlvradio.es\/#website"},"primaryImageOfPage":{"@id":"https:\/\/dlvradio.es\/en-directo-especial-elecciones-generales-23j\/#primaryimage"},"image":{"@id":"https:\/\/dlvradio.es\/en-directo-especial-elecciones-generales-23j\/#primaryimage"},"thumbnailUrl":"https:\/\/dlvradio.es\/wp-content\/uploads\/2023\/07\/en-Directo-1180-\u00d7-1180-px.png","datePublished":"2023-07-21T09:36:22+00:00","description":"On Sunday, July 23, from 7:55 p.m. live, we will tell you minute by minute, everything that is happening in these elections. The","breadcrumb":{"@id":"https:\/\/dlvradio.es\/en-directo-especial-elecciones-generales-23j\/#breadcrumb"},"inLanguage":"en-US","potentialAction":[{"@type":"ReadAction","target":["https:\/\/dlvradio.es\/en-directo-especial-elecciones-generales-23j\/"]}]},{"@type":"ImageObject","inLanguage":"en-US","@id":"https:\/\/dlvradio.es\/en-directo-especial-elecciones-generales-23j\/#primaryimage","url":"https:\/\/dlvradio.es\/wp-content\/uploads\/2023\/07\/en-Directo-1180-\u00d7-1180-px.png","contentUrl":"https:\/\/dlvradio.es\/wp-content\/uploads\/2023\/07\/en-Directo-1180-\u00d7-1180-px.png","width":1180,"height":1180,"caption":"en Directo (1180\u00a0\u00d7\u00a01180\u00a0px)"},{"@type":"BreadcrumbList","@id":"https:\/\/dlvradio.es\/en-directo-especial-elecciones-generales-23j\/#breadcrumb","itemListElement":[{"@type":"ListItem","position":1,"name":"Inicio","item":"https:\/\/dlvradio.es\/"},{"@type":"ListItem","position":2,"name":"En directo Especial elecciones generales #23j"}]},{"@type":"WebSite","@id":"https:\/\/dlvradio.es\/#website","url":"https:\/\/dlvradio.es\/","name":"DLVRADIO","description":"We are an alternative media to traditional media","publisher":{"@id":"https:\/\/dlvradio.es\/#organization"},"potentialAction":[{"@type":"SearchAction","target":{"@type":"EntryPoint","urlTemplate":"https:\/\/dlvradio.es\/?s={search_term_string}"},"query-input":{"@type":"PropertyValueSpecification","valueRequired":true,"valueName":"search_term_string"}}],"inLanguage":"en-US"},{"@type":"Organization","@id":"https:\/\/dlvradio.es\/#organization","name":"DLVRADIO","url":"https:\/\/dlvradio.es\/","logo":{"@type":"ImageObject","inLanguage":"en-US","@id":"https:\/\/dlvradio.es\/#\/schema\/logo\/image\/","url":"","contentUrl":"","caption":"DLVRADIO"},"image":{"@id":"https:\/\/dlvradio.es\/#\/schema\/logo\/image\/"},"sameAs":["https:\/\/www.facebook.com\/RadioDLVradio\/","https:\/\/x.com\/RadioDlvradio","https:\/\/www.instagram.com\/radiodlvradio\/"]},{"@type":"Person","@id":"https:\/\/dlvradio.es\/#\/schema\/person\/7d533f9f89b13e3a3f2ba7f67d6412de","name":"DLV RADIO","sameAs":["https:\/\/dlvradio.es"]}]}},"_links":{"self":[{"href":"https:\/\/dlvradio.es\/en\/wp-json\/wp\/v2\/posts\/72113","targetHints":{"allow":["GET"]}}],"collection":[{"href":"https:\/\/dlvradio.es\/en\/wp-json\/wp\/v2\/posts"}],"about":[{"href":"https:\/\/dlvradio.es\/en\/wp-json\/wp\/v2\/types\/post"}],"author":[{"embeddable":true,"href":"https:\/\/dlvradio.es\/en\/wp-json\/wp\/v2\/users\/4"}],"replies":[{"embeddable":true,"href":"https:\/\/dlvradio.es\/en\/wp-json\/wp\/v2\/comments?post=72113"}],"version-history":[{"count":0,"href":"https:\/\/dlvradio.es\/en\/wp-json\/wp\/v2\/posts\/72113\/revisions"}],"wp:featuredmedia":[{"embeddable":true,"href":"https:\/\/dlvradio.es\/en\/wp-json\/wp\/v2\/media\/72114"}],"wp:attachment":[{"href":"https:\/\/dlvradio.es\/en\/wp-json\/wp\/v2\/media?parent=72113"}],"wp:term":[{"taxonomy":"category","embeddable":true,"href":"https:\/\/dlvradio.es\/en\/wp-json\/wp\/v2\/categories?post=72113"},{"taxonomy":"post_tag","embeddable":true,"href":"https:\/\/dlvradio.es\/en\/wp-json\/wp\/v2\/tags?post=72113"}],"curies":[{"name":"wp","href":"https:\/\/api.w.org\/{rel}","templated":true}]}}