{"id":72120,"date":"2023-07-25T12:06:11","date_gmt":"2023-07-25T10:06:11","guid":{"rendered":"https:\/\/dlvradio.es\/rueda-prensa-posterior-consejo-de-ministros-y-ministras-25-julio-2023\/"},"modified":"2023-07-25T12:06:11","modified_gmt":"2023-07-25T10:06:11","slug":"rueda-prensa-posterior-consejo-de-ministros-y-ministras-25-julio-2023","status":"publish","type":"post","link":"https:\/\/dlvradio.es\/en\/rueda-prensa-posterior-consejo-de-ministros-y-ministras-25-julio-2023\/","title":{"rendered":"Rueda prensa posterior Consejo de Ministros y Ministras 25 julio 2023"},"content":{"rendered":"<iframe src=\"https:\/\/www.ivoox.com\/player_ej_113079935_6_1.html?c1=0ebeb7\" width=\"100%\" height=\"200\" frameborder=\"0\" allowfullscreen=\"\" scrolling=\"no\" loading=\"lazy\"><\/iframe>\n\n\n<p><img decoding=\"async\" class=\"alignleft wp-image-11733 size-thumbnail\" src=\"https:\/\/dlvradio.es\/wp-content\/uploads\/2023\/07\/DLVRADIO.ES_-4-150x150.png\" alt=\"\" width=\"150\" height=\"150\" \/>Os dejamos la rueda de prensa de la ministra de Pol\u00edtica Territorial y portavoz del Gobierno en funciones, <strong>Isabel Rodriguez<\/strong>, que ha comparecido para explicar los acuerdos que han tenido lugar en el Consejo de Ministras y Ministros en funciones.<\/p>\n<p>Se va a regular m\u00e1s de 17.000 plazas de sanitarios, para as\u00ed aumentar las plazas disponibles en sanidad, esto har\u00e1 que aumenten el numero de plazas en especialidades tan necesarias.<\/p>\n<p>Subvenciones para la defensa de los Derechos humanos y contra el racismo, xenofobia\u2026<\/p>\n<p>Informe del desarrollo sostenible en Espa\u00f1a, se valora los avances que se han producido en Espa\u00f1a, destacan los derechos de acceso a la vivienda, la mejora de los pensionistas\u2026<\/p>\n<p>Acuerdo ministerio de cultura, se crea el real patronato de Galer\u00edas Reales.<\/p>","protected":false},"excerpt":{"rendered":"<p>Os dejamos la rueda de prensa de la ministra de Pol\u00edtica Territorial y portavoz del Gobierno en funciones, Isabel Rodr\u00edguez, que ha comparecido para explicar los acuerdos que han tenido lugar en el Consejo de Ministras y Ministros en funciones. Se va a regular m\u00e1s de 17.000 plazas de sanitarios, para as\u00ed aumentar las plazas [&hellip;]<\/p>\n","protected":false},"author":4,"featured_media":72121,"comment_status":"open","ping_status":"open","sticky":false,"template":"","format":"standard","meta":{"_acf_changed":false,"footnotes":""},"categories":[2465],"tags":[2584],"class_list":["post-72120","post","type-post","status-publish","format-standard","has-post-thumbnail","hentry","category-informativos","tag-gobierno-espana"],"acf":[],"yoast_head":"<!-- This site is optimized with the Yoast SEO plugin v27.4 - https:\/\/yoast.com\/product\/yoast-seo-wordpress\/ -->\n<title>Rueda prensa posterior Consejo de Ministros y Ministras 25 julio 2023 - DLVRADIO<\/title>\n<meta name=\"description\" content=\"Os dejamos la rueda de prensa de la ministra de Pol\u00edtica Territorial y portavoz del Gobierno en funciones, Isabel Rodr\u00edguez, que ha comparecido para\" \/>\n<meta name=\"robots\" content=\"index, follow, max-snippet:-1, max-image-preview:large, max-video-preview:-1\" \/>\n<link rel=\"canonical\" href=\"https:\/\/dlvradio.es\/en\/rueda-prensa-posterior-consejo-de-ministros-y-ministras-25-julio-2023\/\" \/>\n<meta property=\"og:locale\" content=\"en_US\" \/>\n<meta property=\"og:type\" content=\"article\" \/>\n<meta property=\"og:title\" content=\"Rueda prensa posterior Consejo de Ministros y Ministras 25 julio 2023 - DLVRADIO\" \/>\n<meta property=\"og:description\" content=\"Os dejamos la rueda de prensa de la ministra de Pol\u00edtica Territorial y portavoz del Gobierno en funciones, Isabel Rodr\u00edguez, que ha comparecido para\" \/>\n<meta property=\"og:url\" content=\"https:\/\/dlvradio.es\/en\/rueda-prensa-posterior-consejo-de-ministros-y-ministras-25-julio-2023\/\" \/>\n<meta property=\"og:site_name\" content=\"DLVRADIO\" \/>\n<meta property=\"article:publisher\" content=\"https:\/\/www.facebook.com\/RadioDLVradio\/\" \/>\n<meta property=\"article:published_time\" content=\"2023-07-25T10:06:11+00:00\" \/>\n<meta property=\"og:image\" content=\"https:\/\/dlvradio.es\/wp-content\/uploads\/2023\/07\/DLVRADIO.ES_-4.png\" \/>\n\t<meta property=\"og:image:width\" content=\"1500\" \/>\n\t<meta property=\"og:image:height\" content=\"1500\" \/>\n\t<meta property=\"og:image:type\" content=\"image\/png\" \/>\n<meta name=\"author\" content=\"DLV RADIO\" \/>\n<meta name=\"twitter:card\" content=\"summary_large_image\" \/>\n<meta name=\"twitter:creator\" content=\"@RadioDlvradio\" \/>\n<meta name=\"twitter:site\" content=\"@RadioDlvradio\" \/>\n<script type=\"application\/ld+json\" class=\"yoast-schema-graph\">{\"@context\":\"https:\\\/\\\/schema.org\",\"@graph\":[{\"@type\":\"Article\",\"@id\":\"https:\\\/\\\/dlvradio.es\\\/rueda-prensa-posterior-consejo-de-ministros-y-ministras-25-julio-2023\\\/#article\",\"isPartOf\":{\"@id\":\"https:\\\/\\\/dlvradio.es\\\/rueda-prensa-posterior-consejo-de-ministros-y-ministras-25-julio-2023\\\/\"},\"author\":{\"name\":\"DLV RADIO\",\"@id\":\"https:\\\/\\\/dlvradio.es\\\/#\\\/schema\\\/person\\\/7d533f9f89b13e3a3f2ba7f67d6412de\"},\"headline\":\"Rueda prensa posterior Consejo de Ministros y Ministras 25 julio 2023\",\"datePublished\":\"2023-07-25T10:06:11+00:00\",\"mainEntityOfPage\":{\"@id\":\"https:\\\/\\\/dlvradio.es\\\/rueda-prensa-posterior-consejo-de-ministros-y-ministras-25-julio-2023\\\/\"},\"wordCount\":138,\"commentCount\":0,\"publisher\":{\"@id\":\"https:\\\/\\\/dlvradio.es\\\/#organization\"},\"image\":{\"@id\":\"https:\\\/\\\/dlvradio.es\\\/rueda-prensa-posterior-consejo-de-ministros-y-ministras-25-julio-2023\\\/#primaryimage\"},\"thumbnailUrl\":\"https:\\\/\\\/dlvradio.es\\\/wp-content\\\/uploads\\\/2023\\\/07\\\/DLVRADIO.ES_-4.png\",\"keywords\":[\"gobierno espa\u00f1a\"],\"articleSection\":[\"Informativos\"],\"inLanguage\":\"en-US\"},{\"@type\":\"WebPage\",\"@id\":\"https:\\\/\\\/dlvradio.es\\\/rueda-prensa-posterior-consejo-de-ministros-y-ministras-25-julio-2023\\\/\",\"url\":\"https:\\\/\\\/dlvradio.es\\\/rueda-prensa-posterior-consejo-de-ministros-y-ministras-25-julio-2023\\\/\",\"name\":\"Rueda prensa posterior Consejo de Ministros y Ministras 25 julio 2023 - DLVRADIO\",\"isPartOf\":{\"@id\":\"https:\\\/\\\/dlvradio.es\\\/#website\"},\"primaryImageOfPage\":{\"@id\":\"https:\\\/\\\/dlvradio.es\\\/rueda-prensa-posterior-consejo-de-ministros-y-ministras-25-julio-2023\\\/#primaryimage\"},\"image\":{\"@id\":\"https:\\\/\\\/dlvradio.es\\\/rueda-prensa-posterior-consejo-de-ministros-y-ministras-25-julio-2023\\\/#primaryimage\"},\"thumbnailUrl\":\"https:\\\/\\\/dlvradio.es\\\/wp-content\\\/uploads\\\/2023\\\/07\\\/DLVRADIO.ES_-4.png\",\"datePublished\":\"2023-07-25T10:06:11+00:00\",\"description\":\"Os dejamos la rueda de prensa de la ministra de Pol\u00edtica Territorial y portavoz del Gobierno en funciones, Isabel Rodr\u00edguez, que ha comparecido para\",\"breadcrumb\":{\"@id\":\"https:\\\/\\\/dlvradio.es\\\/rueda-prensa-posterior-consejo-de-ministros-y-ministras-25-julio-2023\\\/#breadcrumb\"},\"inLanguage\":\"en-US\",\"potentialAction\":[{\"@type\":\"ReadAction\",\"target\":[\"https:\\\/\\\/dlvradio.es\\\/rueda-prensa-posterior-consejo-de-ministros-y-ministras-25-julio-2023\\\/\"]}]},{\"@type\":\"ImageObject\",\"inLanguage\":\"en-US\",\"@id\":\"https:\\\/\\\/dlvradio.es\\\/rueda-prensa-posterior-consejo-de-ministros-y-ministras-25-julio-2023\\\/#primaryimage\",\"url\":\"https:\\\/\\\/dlvradio.es\\\/wp-content\\\/uploads\\\/2023\\\/07\\\/DLVRADIO.ES_-4.png\",\"contentUrl\":\"https:\\\/\\\/dlvradio.es\\\/wp-content\\\/uploads\\\/2023\\\/07\\\/DLVRADIO.ES_-4.png\",\"width\":1500,\"height\":1500,\"caption\":\"DLVRADIO.ES\"},{\"@type\":\"BreadcrumbList\",\"@id\":\"https:\\\/\\\/dlvradio.es\\\/rueda-prensa-posterior-consejo-de-ministros-y-ministras-25-julio-2023\\\/#breadcrumb\",\"itemListElement\":[{\"@type\":\"ListItem\",\"position\":1,\"name\":\"Inicio\",\"item\":\"https:\\\/\\\/dlvradio.es\\\/\"},{\"@type\":\"ListItem\",\"position\":2,\"name\":\"Rueda prensa posterior Consejo de Ministros y Ministras 25 julio 2023\"}]},{\"@type\":\"WebSite\",\"@id\":\"https:\\\/\\\/dlvradio.es\\\/#website\",\"url\":\"https:\\\/\\\/dlvradio.es\\\/\",\"name\":\"DLVRADIO\",\"description\":\"Somos un medio de comunicaci\u00f3n alternativo a los medios tradicionales\",\"publisher\":{\"@id\":\"https:\\\/\\\/dlvradio.es\\\/#organization\"},\"potentialAction\":[{\"@type\":\"SearchAction\",\"target\":{\"@type\":\"EntryPoint\",\"urlTemplate\":\"https:\\\/\\\/dlvradio.es\\\/?s={search_term_string}\"},\"query-input\":{\"@type\":\"PropertyValueSpecification\",\"valueRequired\":true,\"valueName\":\"search_term_string\"}}],\"inLanguage\":\"en-US\"},{\"@type\":\"Organization\",\"@id\":\"https:\\\/\\\/dlvradio.es\\\/#organization\",\"name\":\"DLVRADIO\",\"url\":\"https:\\\/\\\/dlvradio.es\\\/\",\"logo\":{\"@type\":\"ImageObject\",\"inLanguage\":\"en-US\",\"@id\":\"https:\\\/\\\/dlvradio.es\\\/#\\\/schema\\\/logo\\\/image\\\/\",\"url\":\"\",\"contentUrl\":\"\",\"caption\":\"DLVRADIO\"},\"image\":{\"@id\":\"https:\\\/\\\/dlvradio.es\\\/#\\\/schema\\\/logo\\\/image\\\/\"},\"sameAs\":[\"https:\\\/\\\/www.facebook.com\\\/RadioDLVradio\\\/\",\"https:\\\/\\\/x.com\\\/RadioDlvradio\",\"https:\\\/\\\/www.instagram.com\\\/radiodlvradio\\\/\"]},{\"@type\":\"Person\",\"@id\":\"https:\\\/\\\/dlvradio.es\\\/#\\\/schema\\\/person\\\/7d533f9f89b13e3a3f2ba7f67d6412de\",\"name\":\"DLV RADIO\",\"sameAs\":[\"https:\\\/\\\/dlvradio.es\"]}]}<\/script>\n<!-- \/ Yoast SEO plugin. -->","yoast_head_json":{"title":"Rueda prensa posterior Consejo de Ministros y Ministras 25 julio 2023 - DLVRADIO","description":"Os dejamos la rueda de prensa de la ministra de Pol\u00edtica Territorial y portavoz del Gobierno en funciones, Isabel Rodr\u00edguez, que ha comparecido para","robots":{"index":"index","follow":"follow","max-snippet":"max-snippet:-1","max-image-preview":"max-image-preview:large","max-video-preview":"max-video-preview:-1"},"canonical":"https:\/\/dlvradio.es\/en\/rueda-prensa-posterior-consejo-de-ministros-y-ministras-25-julio-2023\/","og_locale":"en_US","og_type":"article","og_title":"Rueda prensa posterior Consejo de Ministros y Ministras 25 julio 2023 - DLVRADIO","og_description":"Os dejamos la rueda de prensa de la ministra de Pol\u00edtica Territorial y portavoz del Gobierno en funciones, Isabel Rodr\u00edguez, que ha comparecido para","og_url":"https:\/\/dlvradio.es\/en\/rueda-prensa-posterior-consejo-de-ministros-y-ministras-25-julio-2023\/","og_site_name":"DLVRADIO","article_publisher":"https:\/\/www.facebook.com\/RadioDLVradio\/","article_published_time":"2023-07-25T10:06:11+00:00","og_image":[{"width":1500,"height":1500,"url":"https:\/\/dlvradio.es\/wp-content\/uploads\/2023\/07\/DLVRADIO.ES_-4.png","type":"image\/png"}],"author":"DLV RADIO","twitter_card":"summary_large_image","twitter_creator":"@RadioDlvradio","twitter_site":"@RadioDlvradio","schema":{"@context":"https:\/\/schema.org","@graph":[{"@type":"Article","@id":"https:\/\/dlvradio.es\/rueda-prensa-posterior-consejo-de-ministros-y-ministras-25-julio-2023\/#article","isPartOf":{"@id":"https:\/\/dlvradio.es\/rueda-prensa-posterior-consejo-de-ministros-y-ministras-25-julio-2023\/"},"author":{"name":"DLV RADIO","@id":"https:\/\/dlvradio.es\/#\/schema\/person\/7d533f9f89b13e3a3f2ba7f67d6412de"},"headline":"Rueda prensa posterior Consejo de Ministros y Ministras 25 julio 2023","datePublished":"2023-07-25T10:06:11+00:00","mainEntityOfPage":{"@id":"https:\/\/dlvradio.es\/rueda-prensa-posterior-consejo-de-ministros-y-ministras-25-julio-2023\/"},"wordCount":138,"commentCount":0,"publisher":{"@id":"https:\/\/dlvradio.es\/#organization"},"image":{"@id":"https:\/\/dlvradio.es\/rueda-prensa-posterior-consejo-de-ministros-y-ministras-25-julio-2023\/#primaryimage"},"thumbnailUrl":"https:\/\/dlvradio.es\/wp-content\/uploads\/2023\/07\/DLVRADIO.ES_-4.png","keywords":["gobierno espa\u00f1a"],"articleSection":["Informativos"],"inLanguage":"en-US"},{"@type":"WebPage","@id":"https:\/\/dlvradio.es\/rueda-prensa-posterior-consejo-de-ministros-y-ministras-25-julio-2023\/","url":"https:\/\/dlvradio.es\/rueda-prensa-posterior-consejo-de-ministros-y-ministras-25-julio-2023\/","name":"Rueda prensa posterior Consejo de Ministros y Ministras 25 julio 2023 - DLVRADIO","isPartOf":{"@id":"https:\/\/dlvradio.es\/#website"},"primaryImageOfPage":{"@id":"https:\/\/dlvradio.es\/rueda-prensa-posterior-consejo-de-ministros-y-ministras-25-julio-2023\/#primaryimage"},"image":{"@id":"https:\/\/dlvradio.es\/rueda-prensa-posterior-consejo-de-ministros-y-ministras-25-julio-2023\/#primaryimage"},"thumbnailUrl":"https:\/\/dlvradio.es\/wp-content\/uploads\/2023\/07\/DLVRADIO.ES_-4.png","datePublished":"2023-07-25T10:06:11+00:00","description":"Os dejamos la rueda de prensa de la ministra de Pol\u00edtica Territorial y portavoz del Gobierno en funciones, Isabel Rodr\u00edguez, que ha comparecido para","breadcrumb":{"@id":"https:\/\/dlvradio.es\/rueda-prensa-posterior-consejo-de-ministros-y-ministras-25-julio-2023\/#breadcrumb"},"inLanguage":"en-US","potentialAction":[{"@type":"ReadAction","target":["https:\/\/dlvradio.es\/rueda-prensa-posterior-consejo-de-ministros-y-ministras-25-julio-2023\/"]}]},{"@type":"ImageObject","inLanguage":"en-US","@id":"https:\/\/dlvradio.es\/rueda-prensa-posterior-consejo-de-ministros-y-ministras-25-julio-2023\/#primaryimage","url":"https:\/\/dlvradio.es\/wp-content\/uploads\/2023\/07\/DLVRADIO.ES_-4.png","contentUrl":"https:\/\/dlvradio.es\/wp-content\/uploads\/2023\/07\/DLVRADIO.ES_-4.png","width":1500,"height":1500,"caption":"DLVRADIO.ES"},{"@type":"BreadcrumbList","@id":"https:\/\/dlvradio.es\/rueda-prensa-posterior-consejo-de-ministros-y-ministras-25-julio-2023\/#breadcrumb","itemListElement":[{"@type":"ListItem","position":1,"name":"Inicio","item":"https:\/\/dlvradio.es\/"},{"@type":"ListItem","position":2,"name":"Rueda prensa posterior Consejo de Ministros y Ministras 25 julio 2023"}]},{"@type":"WebSite","@id":"https:\/\/dlvradio.es\/#website","url":"https:\/\/dlvradio.es\/","name":"DLVRADIO","description":"We are an alternative media to traditional media","publisher":{"@id":"https:\/\/dlvradio.es\/#organization"},"potentialAction":[{"@type":"SearchAction","target":{"@type":"EntryPoint","urlTemplate":"https:\/\/dlvradio.es\/?s={search_term_string}"},"query-input":{"@type":"PropertyValueSpecification","valueRequired":true,"valueName":"search_term_string"}}],"inLanguage":"en-US"},{"@type":"Organization","@id":"https:\/\/dlvradio.es\/#organization","name":"DLVRADIO","url":"https:\/\/dlvradio.es\/","logo":{"@type":"ImageObject","inLanguage":"en-US","@id":"https:\/\/dlvradio.es\/#\/schema\/logo\/image\/","url":"","contentUrl":"","caption":"DLVRADIO"},"image":{"@id":"https:\/\/dlvradio.es\/#\/schema\/logo\/image\/"},"sameAs":["https:\/\/www.facebook.com\/RadioDLVradio\/","https:\/\/x.com\/RadioDlvradio","https:\/\/www.instagram.com\/radiodlvradio\/"]},{"@type":"Person","@id":"https:\/\/dlvradio.es\/#\/schema\/person\/7d533f9f89b13e3a3f2ba7f67d6412de","name":"DLV RADIO","sameAs":["https:\/\/dlvradio.es"]}]}},"_links":{"self":[{"href":"https:\/\/dlvradio.es\/en\/wp-json\/wp\/v2\/posts\/72120","targetHints":{"allow":["GET"]}}],"collection":[{"href":"https:\/\/dlvradio.es\/en\/wp-json\/wp\/v2\/posts"}],"about":[{"href":"https:\/\/dlvradio.es\/en\/wp-json\/wp\/v2\/types\/post"}],"author":[{"embeddable":true,"href":"https:\/\/dlvradio.es\/en\/wp-json\/wp\/v2\/users\/4"}],"replies":[{"embeddable":true,"href":"https:\/\/dlvradio.es\/en\/wp-json\/wp\/v2\/comments?post=72120"}],"version-history":[{"count":0,"href":"https:\/\/dlvradio.es\/en\/wp-json\/wp\/v2\/posts\/72120\/revisions"}],"wp:featuredmedia":[{"embeddable":true,"href":"https:\/\/dlvradio.es\/en\/wp-json\/wp\/v2\/media\/72121"}],"wp:attachment":[{"href":"https:\/\/dlvradio.es\/en\/wp-json\/wp\/v2\/media?parent=72120"}],"wp:term":[{"taxonomy":"category","embeddable":true,"href":"https:\/\/dlvradio.es\/en\/wp-json\/wp\/v2\/categories?post=72120"},{"taxonomy":"post_tag","embeddable":true,"href":"https:\/\/dlvradio.es\/en\/wp-json\/wp\/v2\/tags?post=72120"}],"curies":[{"name":"wp","href":"https:\/\/api.w.org\/{rel}","templated":true}]}}