{"id":72122,"date":"2023-07-25T18:20:37","date_gmt":"2023-07-25T16:20:37","guid":{"rendered":"https:\/\/dlvradio.es\/la-cara-de-la-mala-gente-de-los-vientres-de-alquiler\/"},"modified":"2023-07-25T18:20:37","modified_gmt":"2023-07-25T16:20:37","slug":"la-cara-de-la-mala-gente-de-los-vientres-de-alquiler","status":"publish","type":"post","link":"https:\/\/dlvradio.es\/en\/la-cara-de-la-mala-gente-de-los-vientres-de-alquiler\/","title":{"rendered":"La cara de la Mala Gente de los Vientres de Alquiler"},"content":{"rendered":"<p><img decoding=\"async\" class=\"alignleft wp-image-11736 size-thumbnail\" src=\"https:\/\/dlvradio.es\/wp-content\/uploads\/2023\/07\/DLVRADIO.ES_-5-150x150.png\" alt=\"\" width=\"150\" height=\"150\" \/>Os dejamos la segunda parte de la Concentraci\u00f3n que tuvo lugar contra los Vientres de Alquiler en Bilbao (Vizcaya), frente al congreso en el que se est\u00e1 celebrando este fin de semana a favor gestaci\u00f3n subrogada organizado por varias entidades, que se dedican al negocio de la compraventa de beb\u00e9s. Las im\u00e1genes que pod\u00e9is apreciar ahora son de la salida del congreso de algunos de sus participantes que salieron por donde estaban las manifestantes, se dedicaron hacer fotograf\u00edas de las participantes en la protesta y a increparlas, incluso uno de los individuos que sal\u00eda de dicho congreso hizo gestos hacia las que protestaban, evidentemente al ver que iban hacia \u00e9l, actu\u00f3 como act\u00faan los valientes sali\u00f3 corriendo como podr\u00e9is apreciar en las fotograf\u00edas.<\/p>\n<p><iframe title=\"La cara de la Mala Gente de los Vientres de Alquiler\" width=\"800\" height=\"450\" src=\"https:\/\/www.youtube.com\/embed\/bMMAcZCT39s?feature=oembed\" frameborder=\"0\" allow=\"accelerometer; autoplay; clipboard-write; encrypted-media; gyroscope; picture-in-picture; web-share\" referrerpolicy=\"strict-origin-when-cross-origin\" allowfullscreen><\/iframe><\/p>","protected":false},"excerpt":{"rendered":"<p>Os dejamos la segunda parte de la Concentraci\u00f3n que tuvo lugar contra los Vientres de Alquiler en Bilbao (Vizcaya), frente al congreso en el que se est\u00e1 celebrando este fin de semana a favor gestaci\u00f3n subrogada organizado por varias entidades, que se dedican al negocio de la compraventa de beb\u00e9s. Las im\u00e1genes que pod\u00e9is apreciar [&hellip;]<\/p>\n","protected":false},"author":4,"featured_media":72123,"comment_status":"open","ping_status":"open","sticky":false,"template":"","format":"standard","meta":{"_acf_changed":false,"footnotes":""},"categories":[2470,2465],"tags":[2466,2471,2566],"class_list":["post-72122","post","type-post","status-publish","format-standard","has-post-thumbnail","hentry","category-feminismo","category-informativos","tag-espana","tag-feminismo","tag-leyes"],"acf":[],"yoast_head":"<!-- This site is optimized with the Yoast SEO plugin v27.4 - https:\/\/yoast.com\/product\/yoast-seo-wordpress\/ -->\n<title>La cara de la Mala Gente de los Vientres de Alquiler - DLVRADIO<\/title>\n<meta name=\"description\" content=\"Os dejamos la segunda parte de la Concentraci\u00f3n que tuvo lugar contra los Vientres de Alquiler en Bilbao (Vizcaya), frente al congreso en el que se est\u00e1\" \/>\n<meta name=\"robots\" content=\"index, follow, max-snippet:-1, max-image-preview:large, max-video-preview:-1\" \/>\n<link rel=\"canonical\" href=\"https:\/\/dlvradio.es\/en\/la-cara-de-la-mala-gente-de-los-vientres-de-alquiler\/\" \/>\n<meta property=\"og:locale\" content=\"en_US\" \/>\n<meta property=\"og:type\" content=\"article\" \/>\n<meta property=\"og:title\" content=\"La cara de la Mala Gente de los Vientres de Alquiler - DLVRADIO\" \/>\n<meta property=\"og:description\" content=\"Os dejamos la segunda parte de la Concentraci\u00f3n que tuvo lugar contra los Vientres de Alquiler en Bilbao (Vizcaya), frente al congreso en el que se est\u00e1\" \/>\n<meta property=\"og:url\" content=\"https:\/\/dlvradio.es\/en\/la-cara-de-la-mala-gente-de-los-vientres-de-alquiler\/\" \/>\n<meta property=\"og:site_name\" content=\"DLVRADIO\" \/>\n<meta property=\"article:publisher\" content=\"https:\/\/www.facebook.com\/RadioDLVradio\/\" \/>\n<meta property=\"article:published_time\" content=\"2023-07-25T16:20:37+00:00\" \/>\n<meta property=\"og:image\" content=\"https:\/\/dlvradio.es\/wp-content\/uploads\/2023\/07\/DLVRADIO.ES_-5.png\" \/>\n\t<meta property=\"og:image:width\" content=\"1500\" \/>\n\t<meta property=\"og:image:height\" content=\"1500\" \/>\n\t<meta property=\"og:image:type\" content=\"image\/png\" \/>\n<meta name=\"author\" content=\"DLV RADIO\" \/>\n<meta name=\"twitter:card\" content=\"summary_large_image\" \/>\n<meta name=\"twitter:creator\" content=\"@RadioDlvradio\" \/>\n<meta name=\"twitter:site\" content=\"@RadioDlvradio\" \/>\n<script type=\"application\/ld+json\" class=\"yoast-schema-graph\">{\"@context\":\"https:\\\/\\\/schema.org\",\"@graph\":[{\"@type\":\"Article\",\"@id\":\"https:\\\/\\\/dlvradio.es\\\/la-cara-de-la-mala-gente-de-los-vientres-de-alquiler\\\/#article\",\"isPartOf\":{\"@id\":\"https:\\\/\\\/dlvradio.es\\\/la-cara-de-la-mala-gente-de-los-vientres-de-alquiler\\\/\"},\"author\":{\"name\":\"DLV RADIO\",\"@id\":\"https:\\\/\\\/dlvradio.es\\\/#\\\/schema\\\/person\\\/7d533f9f89b13e3a3f2ba7f67d6412de\"},\"headline\":\"La cara de la Mala Gente de los Vientres de Alquiler\",\"datePublished\":\"2023-07-25T16:20:37+00:00\",\"mainEntityOfPage\":{\"@id\":\"https:\\\/\\\/dlvradio.es\\\/la-cara-de-la-mala-gente-de-los-vientres-de-alquiler\\\/\"},\"wordCount\":151,\"commentCount\":0,\"publisher\":{\"@id\":\"https:\\\/\\\/dlvradio.es\\\/#organization\"},\"image\":{\"@id\":\"https:\\\/\\\/dlvradio.es\\\/la-cara-de-la-mala-gente-de-los-vientres-de-alquiler\\\/#primaryimage\"},\"thumbnailUrl\":\"https:\\\/\\\/dlvradio.es\\\/wp-content\\\/uploads\\\/2023\\\/07\\\/DLVRADIO.ES_-5.png\",\"keywords\":[\"Espa\u00f1a\",\"feminismo\",\"leyes\"],\"articleSection\":[\"Feminismo\",\"Informativos\"],\"inLanguage\":\"en-US\"},{\"@type\":\"WebPage\",\"@id\":\"https:\\\/\\\/dlvradio.es\\\/la-cara-de-la-mala-gente-de-los-vientres-de-alquiler\\\/\",\"url\":\"https:\\\/\\\/dlvradio.es\\\/la-cara-de-la-mala-gente-de-los-vientres-de-alquiler\\\/\",\"name\":\"La cara de la Mala Gente de los Vientres de Alquiler - DLVRADIO\",\"isPartOf\":{\"@id\":\"https:\\\/\\\/dlvradio.es\\\/#website\"},\"primaryImageOfPage\":{\"@id\":\"https:\\\/\\\/dlvradio.es\\\/la-cara-de-la-mala-gente-de-los-vientres-de-alquiler\\\/#primaryimage\"},\"image\":{\"@id\":\"https:\\\/\\\/dlvradio.es\\\/la-cara-de-la-mala-gente-de-los-vientres-de-alquiler\\\/#primaryimage\"},\"thumbnailUrl\":\"https:\\\/\\\/dlvradio.es\\\/wp-content\\\/uploads\\\/2023\\\/07\\\/DLVRADIO.ES_-5.png\",\"datePublished\":\"2023-07-25T16:20:37+00:00\",\"description\":\"Os dejamos la segunda parte de la Concentraci\u00f3n que tuvo lugar contra los Vientres de Alquiler en Bilbao (Vizcaya), frente al congreso en el que se est\u00e1\",\"breadcrumb\":{\"@id\":\"https:\\\/\\\/dlvradio.es\\\/la-cara-de-la-mala-gente-de-los-vientres-de-alquiler\\\/#breadcrumb\"},\"inLanguage\":\"en-US\",\"potentialAction\":[{\"@type\":\"ReadAction\",\"target\":[\"https:\\\/\\\/dlvradio.es\\\/la-cara-de-la-mala-gente-de-los-vientres-de-alquiler\\\/\"]}]},{\"@type\":\"ImageObject\",\"inLanguage\":\"en-US\",\"@id\":\"https:\\\/\\\/dlvradio.es\\\/la-cara-de-la-mala-gente-de-los-vientres-de-alquiler\\\/#primaryimage\",\"url\":\"https:\\\/\\\/dlvradio.es\\\/wp-content\\\/uploads\\\/2023\\\/07\\\/DLVRADIO.ES_-5.png\",\"contentUrl\":\"https:\\\/\\\/dlvradio.es\\\/wp-content\\\/uploads\\\/2023\\\/07\\\/DLVRADIO.ES_-5.png\",\"width\":1500,\"height\":1500,\"caption\":\"DLVRADIO.ES\"},{\"@type\":\"BreadcrumbList\",\"@id\":\"https:\\\/\\\/dlvradio.es\\\/la-cara-de-la-mala-gente-de-los-vientres-de-alquiler\\\/#breadcrumb\",\"itemListElement\":[{\"@type\":\"ListItem\",\"position\":1,\"name\":\"Inicio\",\"item\":\"https:\\\/\\\/dlvradio.es\\\/\"},{\"@type\":\"ListItem\",\"position\":2,\"name\":\"La cara de la Mala Gente de los Vientres de Alquiler\"}]},{\"@type\":\"WebSite\",\"@id\":\"https:\\\/\\\/dlvradio.es\\\/#website\",\"url\":\"https:\\\/\\\/dlvradio.es\\\/\",\"name\":\"DLVRADIO\",\"description\":\"Somos un medio de comunicaci\u00f3n alternativo a los medios tradicionales\",\"publisher\":{\"@id\":\"https:\\\/\\\/dlvradio.es\\\/#organization\"},\"potentialAction\":[{\"@type\":\"SearchAction\",\"target\":{\"@type\":\"EntryPoint\",\"urlTemplate\":\"https:\\\/\\\/dlvradio.es\\\/?s={search_term_string}\"},\"query-input\":{\"@type\":\"PropertyValueSpecification\",\"valueRequired\":true,\"valueName\":\"search_term_string\"}}],\"inLanguage\":\"en-US\"},{\"@type\":\"Organization\",\"@id\":\"https:\\\/\\\/dlvradio.es\\\/#organization\",\"name\":\"DLVRADIO\",\"url\":\"https:\\\/\\\/dlvradio.es\\\/\",\"logo\":{\"@type\":\"ImageObject\",\"inLanguage\":\"en-US\",\"@id\":\"https:\\\/\\\/dlvradio.es\\\/#\\\/schema\\\/logo\\\/image\\\/\",\"url\":\"\",\"contentUrl\":\"\",\"caption\":\"DLVRADIO\"},\"image\":{\"@id\":\"https:\\\/\\\/dlvradio.es\\\/#\\\/schema\\\/logo\\\/image\\\/\"},\"sameAs\":[\"https:\\\/\\\/www.facebook.com\\\/RadioDLVradio\\\/\",\"https:\\\/\\\/x.com\\\/RadioDlvradio\",\"https:\\\/\\\/www.instagram.com\\\/radiodlvradio\\\/\"]},{\"@type\":\"Person\",\"@id\":\"https:\\\/\\\/dlvradio.es\\\/#\\\/schema\\\/person\\\/7d533f9f89b13e3a3f2ba7f67d6412de\",\"name\":\"DLV RADIO\",\"sameAs\":[\"https:\\\/\\\/dlvradio.es\"]}]}<\/script>\n<!-- \/ Yoast SEO plugin. -->","yoast_head_json":{"title":"La cara de la Mala Gente de los Vientres de Alquiler - DLVRADIO","description":"Os dejamos la segunda parte de la Concentraci\u00f3n que tuvo lugar contra los Vientres de Alquiler en Bilbao (Vizcaya), frente al congreso en el que se est\u00e1","robots":{"index":"index","follow":"follow","max-snippet":"max-snippet:-1","max-image-preview":"max-image-preview:large","max-video-preview":"max-video-preview:-1"},"canonical":"https:\/\/dlvradio.es\/en\/la-cara-de-la-mala-gente-de-los-vientres-de-alquiler\/","og_locale":"en_US","og_type":"article","og_title":"La cara de la Mala Gente de los Vientres de Alquiler - DLVRADIO","og_description":"Os dejamos la segunda parte de la Concentraci\u00f3n que tuvo lugar contra los Vientres de Alquiler en Bilbao (Vizcaya), frente al congreso en el que se est\u00e1","og_url":"https:\/\/dlvradio.es\/en\/la-cara-de-la-mala-gente-de-los-vientres-de-alquiler\/","og_site_name":"DLVRADIO","article_publisher":"https:\/\/www.facebook.com\/RadioDLVradio\/","article_published_time":"2023-07-25T16:20:37+00:00","og_image":[{"width":1500,"height":1500,"url":"https:\/\/dlvradio.es\/wp-content\/uploads\/2023\/07\/DLVRADIO.ES_-5.png","type":"image\/png"}],"author":"DLV RADIO","twitter_card":"summary_large_image","twitter_creator":"@RadioDlvradio","twitter_site":"@RadioDlvradio","schema":{"@context":"https:\/\/schema.org","@graph":[{"@type":"Article","@id":"https:\/\/dlvradio.es\/la-cara-de-la-mala-gente-de-los-vientres-de-alquiler\/#article","isPartOf":{"@id":"https:\/\/dlvradio.es\/la-cara-de-la-mala-gente-de-los-vientres-de-alquiler\/"},"author":{"name":"DLV RADIO","@id":"https:\/\/dlvradio.es\/#\/schema\/person\/7d533f9f89b13e3a3f2ba7f67d6412de"},"headline":"La cara de la Mala Gente de los Vientres de Alquiler","datePublished":"2023-07-25T16:20:37+00:00","mainEntityOfPage":{"@id":"https:\/\/dlvradio.es\/la-cara-de-la-mala-gente-de-los-vientres-de-alquiler\/"},"wordCount":151,"commentCount":0,"publisher":{"@id":"https:\/\/dlvradio.es\/#organization"},"image":{"@id":"https:\/\/dlvradio.es\/la-cara-de-la-mala-gente-de-los-vientres-de-alquiler\/#primaryimage"},"thumbnailUrl":"https:\/\/dlvradio.es\/wp-content\/uploads\/2023\/07\/DLVRADIO.ES_-5.png","keywords":["Espa\u00f1a","feminismo","leyes"],"articleSection":["Feminismo","Informativos"],"inLanguage":"en-US"},{"@type":"WebPage","@id":"https:\/\/dlvradio.es\/la-cara-de-la-mala-gente-de-los-vientres-de-alquiler\/","url":"https:\/\/dlvradio.es\/la-cara-de-la-mala-gente-de-los-vientres-de-alquiler\/","name":"La cara de la Mala Gente de los Vientres de Alquiler - DLVRADIO","isPartOf":{"@id":"https:\/\/dlvradio.es\/#website"},"primaryImageOfPage":{"@id":"https:\/\/dlvradio.es\/la-cara-de-la-mala-gente-de-los-vientres-de-alquiler\/#primaryimage"},"image":{"@id":"https:\/\/dlvradio.es\/la-cara-de-la-mala-gente-de-los-vientres-de-alquiler\/#primaryimage"},"thumbnailUrl":"https:\/\/dlvradio.es\/wp-content\/uploads\/2023\/07\/DLVRADIO.ES_-5.png","datePublished":"2023-07-25T16:20:37+00:00","description":"Os dejamos la segunda parte de la Concentraci\u00f3n que tuvo lugar contra los Vientres de Alquiler en Bilbao (Vizcaya), frente al congreso en el que se est\u00e1","breadcrumb":{"@id":"https:\/\/dlvradio.es\/la-cara-de-la-mala-gente-de-los-vientres-de-alquiler\/#breadcrumb"},"inLanguage":"en-US","potentialAction":[{"@type":"ReadAction","target":["https:\/\/dlvradio.es\/la-cara-de-la-mala-gente-de-los-vientres-de-alquiler\/"]}]},{"@type":"ImageObject","inLanguage":"en-US","@id":"https:\/\/dlvradio.es\/la-cara-de-la-mala-gente-de-los-vientres-de-alquiler\/#primaryimage","url":"https:\/\/dlvradio.es\/wp-content\/uploads\/2023\/07\/DLVRADIO.ES_-5.png","contentUrl":"https:\/\/dlvradio.es\/wp-content\/uploads\/2023\/07\/DLVRADIO.ES_-5.png","width":1500,"height":1500,"caption":"DLVRADIO.ES"},{"@type":"BreadcrumbList","@id":"https:\/\/dlvradio.es\/la-cara-de-la-mala-gente-de-los-vientres-de-alquiler\/#breadcrumb","itemListElement":[{"@type":"ListItem","position":1,"name":"Inicio","item":"https:\/\/dlvradio.es\/"},{"@type":"ListItem","position":2,"name":"La cara de la Mala Gente de los Vientres de Alquiler"}]},{"@type":"WebSite","@id":"https:\/\/dlvradio.es\/#website","url":"https:\/\/dlvradio.es\/","name":"DLVRADIO","description":"We are an alternative media to traditional media","publisher":{"@id":"https:\/\/dlvradio.es\/#organization"},"potentialAction":[{"@type":"SearchAction","target":{"@type":"EntryPoint","urlTemplate":"https:\/\/dlvradio.es\/?s={search_term_string}"},"query-input":{"@type":"PropertyValueSpecification","valueRequired":true,"valueName":"search_term_string"}}],"inLanguage":"en-US"},{"@type":"Organization","@id":"https:\/\/dlvradio.es\/#organization","name":"DLVRADIO","url":"https:\/\/dlvradio.es\/","logo":{"@type":"ImageObject","inLanguage":"en-US","@id":"https:\/\/dlvradio.es\/#\/schema\/logo\/image\/","url":"","contentUrl":"","caption":"DLVRADIO"},"image":{"@id":"https:\/\/dlvradio.es\/#\/schema\/logo\/image\/"},"sameAs":["https:\/\/www.facebook.com\/RadioDLVradio\/","https:\/\/x.com\/RadioDlvradio","https:\/\/www.instagram.com\/radiodlvradio\/"]},{"@type":"Person","@id":"https:\/\/dlvradio.es\/#\/schema\/person\/7d533f9f89b13e3a3f2ba7f67d6412de","name":"DLV RADIO","sameAs":["https:\/\/dlvradio.es"]}]}},"_links":{"self":[{"href":"https:\/\/dlvradio.es\/en\/wp-json\/wp\/v2\/posts\/72122","targetHints":{"allow":["GET"]}}],"collection":[{"href":"https:\/\/dlvradio.es\/en\/wp-json\/wp\/v2\/posts"}],"about":[{"href":"https:\/\/dlvradio.es\/en\/wp-json\/wp\/v2\/types\/post"}],"author":[{"embeddable":true,"href":"https:\/\/dlvradio.es\/en\/wp-json\/wp\/v2\/users\/4"}],"replies":[{"embeddable":true,"href":"https:\/\/dlvradio.es\/en\/wp-json\/wp\/v2\/comments?post=72122"}],"version-history":[{"count":0,"href":"https:\/\/dlvradio.es\/en\/wp-json\/wp\/v2\/posts\/72122\/revisions"}],"wp:featuredmedia":[{"embeddable":true,"href":"https:\/\/dlvradio.es\/en\/wp-json\/wp\/v2\/media\/72123"}],"wp:attachment":[{"href":"https:\/\/dlvradio.es\/en\/wp-json\/wp\/v2\/media?parent=72122"}],"wp:term":[{"taxonomy":"category","embeddable":true,"href":"https:\/\/dlvradio.es\/en\/wp-json\/wp\/v2\/categories?post=72122"},{"taxonomy":"post_tag","embeddable":true,"href":"https:\/\/dlvradio.es\/en\/wp-json\/wp\/v2\/tags?post=72122"}],"curies":[{"name":"wp","href":"https:\/\/api.w.org\/{rel}","templated":true}]}}