{"id":72135,"date":"2023-08-01T18:46:20","date_gmt":"2023-08-01T16:46:20","guid":{"rendered":"https:\/\/dlvradio.es\/finaliza-la-ecomarcha-2023-en-barakaldo-con-un-cierre-festivo-y-reivindicativo\/"},"modified":"2023-08-01T18:46:20","modified_gmt":"2023-08-01T16:46:20","slug":"finaliza-la-ecomarcha-2023-en-barakaldo-con-un-cierre-festivo-y-reivindicativo","status":"publish","type":"post","link":"https:\/\/dlvradio.es\/en\/finaliza-la-ecomarcha-2023-en-barakaldo-con-un-cierre-festivo-y-reivindicativo\/","title":{"rendered":"The Ecomarcha 2023 ends in Barakaldo with a festive and protest closing"},"content":{"rendered":"<h6><strong><img decoding=\"async\" class=\"alignleft wp-image-11715 size-thumbnail\" src=\"https:\/\/dlvradio.es\/wp-content\/uploads\/2023\/07\/DLVRADIO.ES_-3-150x150.png\" alt=\"\" width=\"150\" height=\"150\" \/>The Ecomarcha 2023 ends in Barakaldo with a festive and protest closing<\/strong><\/h6>\n<ul>\n<li>Las acciones de denuncia ambiental y reivindicativas de una movilidad sostenible fueron las protagonistas en el recorrido por el \u00e1rea metropolitana de Bilbao.<\/li>\n<li>El pelot\u00f3n ecologista se despidi\u00f3 de manera festiva en Barakaldo, tras m\u00e1s de 700 kil\u00f3metros pedaleando por las luchas ambientales de Castilla y Le\u00f3n, Cantabria y Euskadi.<\/li>\n<li>Ecologistas en Acci\u00f3n hace un balance muy positivo de la duod\u00e9cima edici\u00f3n de la ruta ciclista, en la que se ha puesto de manifiesto lo mucho que queda por avanzar hacia un cambio de modelo de movilidad.<\/li>\n<\/ul>\n<p>El pasado s\u00e1bado 29 de julio, una concentraci\u00f3n frente a la estaci\u00f3n de tren de La Concordia en el centro de Bilbao puso fin al programa de reivindicaciones que, durante dos semanas, ha estado llevando a golpe de pedal el grupo de m\u00e1s de un centenar de personas que han participado en la Ecomarcha 2023.<\/p>\n<p>La estaci\u00f3n t\u00e9rmino de la l\u00ednea Le\u00f3n-Bilbao, que el grupo ha seguido en su \u00faltima semana de recorrido, fue el lugar elegido para concentrarse por \u00faltima vez y pedir, bajo el lema \u201cS\u00fabete a la movilidad sostenible\u201d, una apuesta por la mejora de la movilidad ciclista y ferroviaria. La entrega de firmas dentro de la campa\u00f1a \u201cBicis al tren\u201d, que aboga por la mejora del acceso de bicicletas en los ferrocarriles de FEVE y RENFE, puso punto y final a la concentraci\u00f3n.<\/p>\n<p>Previamente, el pelot\u00f3n ciclista de Ecologistas en Acci\u00f3n hab\u00eda recorrido las localidades de la margen izquierda de la r\u00eda del Nervi\u00f3n Barakaldo \u2014Sestao y Portugalete\u2014 para llegar al emblem\u00e1tico Puente Colgante por el cual cruzaron hasta Getxo. Desde all\u00ed, pasando por Leioa y Erandio, llegaron a la capital vizca\u00edna donde realizaron una bicicletada festiva por las principales arterias de la ciudad.<\/p>\n<p>Una vez concluida dicha bicicleteada, se celebr\u00f3 una comida de confraternizaci\u00f3n en la sede de Ekologistak Martxan en el casco viejo bilba\u00edno, y la fiesta continu\u00f3 por las calles de la capital y del barrio de Retuerto en Barakaldo donde se alojaban los participantes de la Ecomarcha en sus dos \u00faltimas noches.<\/p>\n<p>En la jornada previa del viernes 28, que parti\u00f3 de Balmaseda, se realiz\u00f3 una concentraci\u00f3n frente a la planta de Petronor en Muskiz. Ah\u00ed se denunci\u00f3 la contaminaci\u00f3n atmosf\u00e9rica y del agua que produce la central, el riesgo que supone para el vecindario y\u00a0 la ocupaci\u00f3n ilegal del dominio p\u00fablico que realiza desde hace a\u00f1os. Desde Muskiz se contin\u00fao camino por un c\u00f3modo bidegorri (carril-bici) hasta Barakaldo, donde se realiz\u00f3 una bicicletada por las calles del centro de la ciudad que culmin\u00f3 con una concentraci\u00f3n en la Herriko Plaza donde fueron recibidos por la concejala de medio ambiente.<\/p>\n<p><strong>Balance final muy positivo<\/strong><\/p>\n<p>Al terminar la marcha, las personas participantes valoraron la experiencia como muy exitosa. Fueron catorce d\u00edas de pedaleo en los que se recorrieron m\u00e1s de 700 kil\u00f3metros, y en los que se pudieron visitar una gran variedad de problem\u00e1ticas ambientales.<\/p>\n<p>Siguiendo el eje de la movilidad sostenible \u2014que trazaron v\u00edas ya clausuradas como el \u201ctren burra\u201d, la v\u00eda de la Plata, el Santander-Mediterr\u00e1neo u otras en uso pero con m\u00faltiples deficiencias como la del tren de la Robla\u2014el pelot\u00f3n disfrut\u00f3 de los valores ambientales del recorrido en las lagunas de Villaf\u00e1fila y en la monta\u00f1a palentina. Tambi\u00e9n conoci\u00f3 luchas hist\u00f3ricas olvidadas, como la del campo de tiro del Teleno, acompa\u00f1\u00f3 plataformas en defensa de diversos territorios amenazados y celebr\u00f3 victorias ecologistas, como el cierre de la incineradora de madera de G\u00fce\u00f1es y Zalla.<\/p>\n<p>La denuncia del modelo despilfarrador del transporte a\u00e9reo en Le\u00f3n o de la tiran\u00eda del AVE, que no deja dinero para las l\u00edneas convencionales en el sur de Cantabria, se intercalaron con acciones que reivindicaron la vuelta de los trenes nocturnos en Reinosa o la mejora de la accesibilidad de las bicicletas en los trenes para mejorar la intermodalidad en la jornada final en Bilbao.<\/p>\n<p>La movilidad urbana tambi\u00e9n estuvo presente en las bicicletadas de Valladolid, Le\u00f3n, Barakaldo y \u00e1rea metropolitana de Bilbao, donde se dio apoyo a un modelo basado en la movilidad activa y el transporte p\u00fablico frente al veh\u00edculo motorizado, a la que algunos gobiernos retr\u00f3grados quieren volver en determinados ayuntamientos.<\/p>\n<p><strong>Reivindicar (y sufrir) la movilidad tambi\u00e9n en la vuelta a casa<\/strong><\/p>\n<p>Una de las conclusiones de la Ecomarcha 2023 es lo mucho que queda por hacer para alcanzar un modelo de movilidad sostenible, socialmente justa y vertebradora del territorio. Es algo que se comprob\u00f3 con algunas experiencias durante la ruta ciclista pero tambi\u00e9n al regreso a sus hogares de sus integrantes.<\/p>\n<p>Las personas que decidieron deshacer el camino pedaleado en el tren de la Robla desde Bilbao hacia Le\u00f3n sufrieron graves retrasos y tuvieron que ser trasladadas a autobuses y taxis debido a\u00a0 un accidente en el caso del s\u00e1bado 29 y a una aver\u00eda al d\u00eda siguiente. Para Ecologistas en Acci\u00f3n, esta fue una toma de conciencia del mal estado de algunas l\u00edneas modestas de ferrocarril del Estado, precisamente las que dan servicio a la denominada \u201cEspa\u00f1a vaciada\u201d.<\/p>\n<p>Lucas Barrero, coordinador de la Ecomarcha 2023 y portavoz de la organizaci\u00f3n ecologista, lo vivi\u00f3 en sus propias carnes: \u201cMi camino de vuelta a la sierra de la Aracena (Huelva) fue una aut\u00e9ntica odisea de m\u00e1s de 24 horas, en la que tuve que tomar un autob\u00fas, un tren, un coche compartido, y culminar el trayecto en veh\u00edculo privado. Se trata de un ejemplo puntual que da una idea de las dificultades que d\u00eda a d\u00eda viven muchas personas para realizar sus desplazamientos, mientras se derrochan escandalosas sumas de dinero en infraestructuras innecesarias y da\u00f1inas para el medio ambiente\u201d.<\/p>\n<p>Por todo ello, m\u00e1s all\u00e1 del \u00e9xito de la Ecomarcha 2023, Ecologistas en Acci\u00f3n manifiesta su intenci\u00f3n de seguir exigiendo un cambio de modelo de movilidad bajo el lema \u201cS\u00fabete a la movilidad sostenible\u201d.<\/p>\n<p><iframe title=\"Ecomarcha 2023\" width=\"800\" height=\"450\" src=\"https:\/\/www.youtube.com\/embed\/videoseries?list=PLaaaeMs1Tuk-piMZA_-VfU0tPibCW1wbk\" frameborder=\"0\" allow=\"accelerometer; autoplay; clipboard-write; encrypted-media; gyroscope; picture-in-picture; web-share\" referrerpolicy=\"strict-origin-when-cross-origin\" allowfullscreen><\/iframe><\/p>","protected":false},"excerpt":{"rendered":"<p>Finaliza la Ecomarcha 2023 en Barakaldo con un cierre festivo y reivindicativo Las acciones de denuncia ambiental y reivindicativas de una movilidad sostenible fueron las protagonistas en el recorrido por el \u00e1rea metropolitana de Bilbao. El pelot\u00f3n ecologista se despidi\u00f3 de manera festiva en Barakaldo, tras m\u00e1s de 700 kil\u00f3metros pedaleando por las luchas ambientales [&hellip;]<\/p>\n","protected":false},"author":4,"featured_media":72111,"comment_status":"open","ping_status":"open","sticky":false,"template":"","format":"standard","meta":{"_acf_changed":false,"footnotes":""},"categories":[2711,2465],"tags":[2478,2466],"class_list":["post-72135","post","type-post","status-publish","format-standard","has-post-thumbnail","hentry","category-emergencia-climatica","category-informativos","tag-ecologia","tag-espana"],"acf":[],"yoast_head":"<!-- This site is optimized with the Yoast SEO plugin v27.4 - https:\/\/yoast.com\/product\/yoast-seo-wordpress\/ -->\n<title>Finaliza la Ecomarcha 2023 en Barakaldo con un cierre festivo y reivindicativo - DLVRADIO<\/title>\n<meta name=\"description\" content=\"Finaliza la Ecomarcha 2023 en Barakaldo con un cierre festivo y reivindicativo Las acciones de denuncia ambiental y reivindicativas de una movilidad\" \/>\n<meta name=\"robots\" content=\"index, follow, max-snippet:-1, max-image-preview:large, max-video-preview:-1\" \/>\n<link rel=\"canonical\" href=\"https:\/\/dlvradio.es\/en\/finaliza-la-ecomarcha-2023-en-barakaldo-con-un-cierre-festivo-y-reivindicativo\/\" \/>\n<meta property=\"og:locale\" content=\"en_US\" \/>\n<meta property=\"og:type\" content=\"article\" \/>\n<meta property=\"og:title\" content=\"Finaliza la Ecomarcha 2023 en Barakaldo con un cierre festivo y reivindicativo - DLVRADIO\" \/>\n<meta property=\"og:description\" content=\"Finaliza la Ecomarcha 2023 en Barakaldo con un cierre festivo y reivindicativo Las acciones de denuncia ambiental y reivindicativas de una movilidad\" \/>\n<meta property=\"og:url\" content=\"https:\/\/dlvradio.es\/en\/finaliza-la-ecomarcha-2023-en-barakaldo-con-un-cierre-festivo-y-reivindicativo\/\" \/>\n<meta property=\"og:site_name\" content=\"DLVRADIO\" \/>\n<meta property=\"article:publisher\" content=\"https:\/\/www.facebook.com\/RadioDLVradio\/\" \/>\n<meta property=\"article:published_time\" content=\"2023-08-01T16:46:20+00:00\" \/>\n<meta property=\"og:image\" content=\"https:\/\/dlvradio.es\/wp-content\/uploads\/2023\/07\/DLVRADIO.ES_-3-1024x1024.png\" \/>\n\t<meta property=\"og:image:width\" content=\"1024\" \/>\n\t<meta property=\"og:image:height\" content=\"1024\" \/>\n\t<meta property=\"og:image:type\" content=\"image\/png\" \/>\n<meta name=\"author\" content=\"DLV RADIO\" \/>\n<meta name=\"twitter:card\" content=\"summary_large_image\" \/>\n<meta name=\"twitter:creator\" content=\"@RadioDlvradio\" \/>\n<meta name=\"twitter:site\" content=\"@RadioDlvradio\" \/>\n<script type=\"application\/ld+json\" class=\"yoast-schema-graph\">{\"@context\":\"https:\\\/\\\/schema.org\",\"@graph\":[{\"@type\":\"Article\",\"@id\":\"https:\\\/\\\/dlvradio.es\\\/finaliza-la-ecomarcha-2023-en-barakaldo-con-un-cierre-festivo-y-reivindicativo\\\/#article\",\"isPartOf\":{\"@id\":\"https:\\\/\\\/dlvradio.es\\\/finaliza-la-ecomarcha-2023-en-barakaldo-con-un-cierre-festivo-y-reivindicativo\\\/\"},\"author\":{\"name\":\"DLV RADIO\",\"@id\":\"https:\\\/\\\/dlvradio.es\\\/#\\\/schema\\\/person\\\/7d533f9f89b13e3a3f2ba7f67d6412de\"},\"headline\":\"Finaliza la Ecomarcha 2023 en Barakaldo con un cierre festivo y reivindicativo\",\"datePublished\":\"2023-08-01T16:46:20+00:00\",\"mainEntityOfPage\":{\"@id\":\"https:\\\/\\\/dlvradio.es\\\/finaliza-la-ecomarcha-2023-en-barakaldo-con-un-cierre-festivo-y-reivindicativo\\\/\"},\"wordCount\":1064,\"commentCount\":0,\"publisher\":{\"@id\":\"https:\\\/\\\/dlvradio.es\\\/#organization\"},\"image\":{\"@id\":\"https:\\\/\\\/dlvradio.es\\\/finaliza-la-ecomarcha-2023-en-barakaldo-con-un-cierre-festivo-y-reivindicativo\\\/#primaryimage\"},\"thumbnailUrl\":\"https:\\\/\\\/dlvradio.es\\\/wp-content\\\/uploads\\\/2023\\\/07\\\/DLVRADIO.ES_-3.png\",\"keywords\":[\"ecolog\u00eda\",\"Espa\u00f1a\"],\"articleSection\":[\"Emergencia clim\u00e1tica\",\"Informativos\"],\"inLanguage\":\"en-US\"},{\"@type\":\"WebPage\",\"@id\":\"https:\\\/\\\/dlvradio.es\\\/finaliza-la-ecomarcha-2023-en-barakaldo-con-un-cierre-festivo-y-reivindicativo\\\/\",\"url\":\"https:\\\/\\\/dlvradio.es\\\/finaliza-la-ecomarcha-2023-en-barakaldo-con-un-cierre-festivo-y-reivindicativo\\\/\",\"name\":\"Finaliza la Ecomarcha 2023 en Barakaldo con un cierre festivo y reivindicativo - DLVRADIO\",\"isPartOf\":{\"@id\":\"https:\\\/\\\/dlvradio.es\\\/#website\"},\"primaryImageOfPage\":{\"@id\":\"https:\\\/\\\/dlvradio.es\\\/finaliza-la-ecomarcha-2023-en-barakaldo-con-un-cierre-festivo-y-reivindicativo\\\/#primaryimage\"},\"image\":{\"@id\":\"https:\\\/\\\/dlvradio.es\\\/finaliza-la-ecomarcha-2023-en-barakaldo-con-un-cierre-festivo-y-reivindicativo\\\/#primaryimage\"},\"thumbnailUrl\":\"https:\\\/\\\/dlvradio.es\\\/wp-content\\\/uploads\\\/2023\\\/07\\\/DLVRADIO.ES_-3.png\",\"datePublished\":\"2023-08-01T16:46:20+00:00\",\"description\":\"Finaliza la Ecomarcha 2023 en Barakaldo con un cierre festivo y reivindicativo Las acciones de denuncia ambiental y reivindicativas de una movilidad\",\"breadcrumb\":{\"@id\":\"https:\\\/\\\/dlvradio.es\\\/finaliza-la-ecomarcha-2023-en-barakaldo-con-un-cierre-festivo-y-reivindicativo\\\/#breadcrumb\"},\"inLanguage\":\"en-US\",\"potentialAction\":[{\"@type\":\"ReadAction\",\"target\":[\"https:\\\/\\\/dlvradio.es\\\/finaliza-la-ecomarcha-2023-en-barakaldo-con-un-cierre-festivo-y-reivindicativo\\\/\"]}]},{\"@type\":\"ImageObject\",\"inLanguage\":\"en-US\",\"@id\":\"https:\\\/\\\/dlvradio.es\\\/finaliza-la-ecomarcha-2023-en-barakaldo-con-un-cierre-festivo-y-reivindicativo\\\/#primaryimage\",\"url\":\"https:\\\/\\\/dlvradio.es\\\/wp-content\\\/uploads\\\/2023\\\/07\\\/DLVRADIO.ES_-3.png\",\"contentUrl\":\"https:\\\/\\\/dlvradio.es\\\/wp-content\\\/uploads\\\/2023\\\/07\\\/DLVRADIO.ES_-3.png\",\"width\":1500,\"height\":1500,\"caption\":\"DLVRADIO.ES\"},{\"@type\":\"BreadcrumbList\",\"@id\":\"https:\\\/\\\/dlvradio.es\\\/finaliza-la-ecomarcha-2023-en-barakaldo-con-un-cierre-festivo-y-reivindicativo\\\/#breadcrumb\",\"itemListElement\":[{\"@type\":\"ListItem\",\"position\":1,\"name\":\"Inicio\",\"item\":\"https:\\\/\\\/dlvradio.es\\\/\"},{\"@type\":\"ListItem\",\"position\":2,\"name\":\"Finaliza la Ecomarcha 2023 en Barakaldo con un cierre festivo y reivindicativo\"}]},{\"@type\":\"WebSite\",\"@id\":\"https:\\\/\\\/dlvradio.es\\\/#website\",\"url\":\"https:\\\/\\\/dlvradio.es\\\/\",\"name\":\"DLVRADIO\",\"description\":\"Somos un medio de comunicaci\u00f3n alternativo a los medios tradicionales\",\"publisher\":{\"@id\":\"https:\\\/\\\/dlvradio.es\\\/#organization\"},\"potentialAction\":[{\"@type\":\"SearchAction\",\"target\":{\"@type\":\"EntryPoint\",\"urlTemplate\":\"https:\\\/\\\/dlvradio.es\\\/?s={search_term_string}\"},\"query-input\":{\"@type\":\"PropertyValueSpecification\",\"valueRequired\":true,\"valueName\":\"search_term_string\"}}],\"inLanguage\":\"en-US\"},{\"@type\":\"Organization\",\"@id\":\"https:\\\/\\\/dlvradio.es\\\/#organization\",\"name\":\"DLVRADIO\",\"url\":\"https:\\\/\\\/dlvradio.es\\\/\",\"logo\":{\"@type\":\"ImageObject\",\"inLanguage\":\"en-US\",\"@id\":\"https:\\\/\\\/dlvradio.es\\\/#\\\/schema\\\/logo\\\/image\\\/\",\"url\":\"\",\"contentUrl\":\"\",\"caption\":\"DLVRADIO\"},\"image\":{\"@id\":\"https:\\\/\\\/dlvradio.es\\\/#\\\/schema\\\/logo\\\/image\\\/\"},\"sameAs\":[\"https:\\\/\\\/www.facebook.com\\\/RadioDLVradio\\\/\",\"https:\\\/\\\/x.com\\\/RadioDlvradio\",\"https:\\\/\\\/www.instagram.com\\\/radiodlvradio\\\/\"]},{\"@type\":\"Person\",\"@id\":\"https:\\\/\\\/dlvradio.es\\\/#\\\/schema\\\/person\\\/7d533f9f89b13e3a3f2ba7f67d6412de\",\"name\":\"DLV RADIO\",\"sameAs\":[\"https:\\\/\\\/dlvradio.es\"]}]}<\/script>\n<!-- \/ Yoast SEO plugin. -->","yoast_head_json":{"title":"Finaliza la Ecomarcha 2023 en Barakaldo con un cierre festivo y reivindicativo - DLVRADIO","description":"Finaliza la Ecomarcha 2023 en Barakaldo con un cierre festivo y reivindicativo Las acciones de denuncia ambiental y reivindicativas de una movilidad","robots":{"index":"index","follow":"follow","max-snippet":"max-snippet:-1","max-image-preview":"max-image-preview:large","max-video-preview":"max-video-preview:-1"},"canonical":"https:\/\/dlvradio.es\/en\/finaliza-la-ecomarcha-2023-en-barakaldo-con-un-cierre-festivo-y-reivindicativo\/","og_locale":"en_US","og_type":"article","og_title":"Finaliza la Ecomarcha 2023 en Barakaldo con un cierre festivo y reivindicativo - DLVRADIO","og_description":"Finaliza la Ecomarcha 2023 en Barakaldo con un cierre festivo y reivindicativo Las acciones de denuncia ambiental y reivindicativas de una movilidad","og_url":"https:\/\/dlvradio.es\/en\/finaliza-la-ecomarcha-2023-en-barakaldo-con-un-cierre-festivo-y-reivindicativo\/","og_site_name":"DLVRADIO","article_publisher":"https:\/\/www.facebook.com\/RadioDLVradio\/","article_published_time":"2023-08-01T16:46:20+00:00","og_image":[{"width":1024,"height":1024,"url":"https:\/\/dlvradio.es\/wp-content\/uploads\/2023\/07\/DLVRADIO.ES_-3-1024x1024.png","type":"image\/png"}],"author":"DLV RADIO","twitter_card":"summary_large_image","twitter_creator":"@RadioDlvradio","twitter_site":"@RadioDlvradio","schema":{"@context":"https:\/\/schema.org","@graph":[{"@type":"Article","@id":"https:\/\/dlvradio.es\/finaliza-la-ecomarcha-2023-en-barakaldo-con-un-cierre-festivo-y-reivindicativo\/#article","isPartOf":{"@id":"https:\/\/dlvradio.es\/finaliza-la-ecomarcha-2023-en-barakaldo-con-un-cierre-festivo-y-reivindicativo\/"},"author":{"name":"DLV RADIO","@id":"https:\/\/dlvradio.es\/#\/schema\/person\/7d533f9f89b13e3a3f2ba7f67d6412de"},"headline":"Finaliza la Ecomarcha 2023 en Barakaldo con un cierre festivo y reivindicativo","datePublished":"2023-08-01T16:46:20+00:00","mainEntityOfPage":{"@id":"https:\/\/dlvradio.es\/finaliza-la-ecomarcha-2023-en-barakaldo-con-un-cierre-festivo-y-reivindicativo\/"},"wordCount":1064,"commentCount":0,"publisher":{"@id":"https:\/\/dlvradio.es\/#organization"},"image":{"@id":"https:\/\/dlvradio.es\/finaliza-la-ecomarcha-2023-en-barakaldo-con-un-cierre-festivo-y-reivindicativo\/#primaryimage"},"thumbnailUrl":"https:\/\/dlvradio.es\/wp-content\/uploads\/2023\/07\/DLVRADIO.ES_-3.png","keywords":["ecolog\u00eda","Espa\u00f1a"],"articleSection":["Emergencia clim\u00e1tica","Informativos"],"inLanguage":"en-US"},{"@type":"WebPage","@id":"https:\/\/dlvradio.es\/finaliza-la-ecomarcha-2023-en-barakaldo-con-un-cierre-festivo-y-reivindicativo\/","url":"https:\/\/dlvradio.es\/finaliza-la-ecomarcha-2023-en-barakaldo-con-un-cierre-festivo-y-reivindicativo\/","name":"Finaliza la Ecomarcha 2023 en Barakaldo con un cierre festivo y reivindicativo - DLVRADIO","isPartOf":{"@id":"https:\/\/dlvradio.es\/#website"},"primaryImageOfPage":{"@id":"https:\/\/dlvradio.es\/finaliza-la-ecomarcha-2023-en-barakaldo-con-un-cierre-festivo-y-reivindicativo\/#primaryimage"},"image":{"@id":"https:\/\/dlvradio.es\/finaliza-la-ecomarcha-2023-en-barakaldo-con-un-cierre-festivo-y-reivindicativo\/#primaryimage"},"thumbnailUrl":"https:\/\/dlvradio.es\/wp-content\/uploads\/2023\/07\/DLVRADIO.ES_-3.png","datePublished":"2023-08-01T16:46:20+00:00","description":"Finaliza la Ecomarcha 2023 en Barakaldo con un cierre festivo y reivindicativo Las acciones de denuncia ambiental y reivindicativas de una movilidad","breadcrumb":{"@id":"https:\/\/dlvradio.es\/finaliza-la-ecomarcha-2023-en-barakaldo-con-un-cierre-festivo-y-reivindicativo\/#breadcrumb"},"inLanguage":"en-US","potentialAction":[{"@type":"ReadAction","target":["https:\/\/dlvradio.es\/finaliza-la-ecomarcha-2023-en-barakaldo-con-un-cierre-festivo-y-reivindicativo\/"]}]},{"@type":"ImageObject","inLanguage":"en-US","@id":"https:\/\/dlvradio.es\/finaliza-la-ecomarcha-2023-en-barakaldo-con-un-cierre-festivo-y-reivindicativo\/#primaryimage","url":"https:\/\/dlvradio.es\/wp-content\/uploads\/2023\/07\/DLVRADIO.ES_-3.png","contentUrl":"https:\/\/dlvradio.es\/wp-content\/uploads\/2023\/07\/DLVRADIO.ES_-3.png","width":1500,"height":1500,"caption":"DLVRADIO.ES"},{"@type":"BreadcrumbList","@id":"https:\/\/dlvradio.es\/finaliza-la-ecomarcha-2023-en-barakaldo-con-un-cierre-festivo-y-reivindicativo\/#breadcrumb","itemListElement":[{"@type":"ListItem","position":1,"name":"Inicio","item":"https:\/\/dlvradio.es\/"},{"@type":"ListItem","position":2,"name":"Finaliza la Ecomarcha 2023 en Barakaldo con un cierre festivo y reivindicativo"}]},{"@type":"WebSite","@id":"https:\/\/dlvradio.es\/#website","url":"https:\/\/dlvradio.es\/","name":"DLVRADIO","description":"We are an alternative media to traditional media","publisher":{"@id":"https:\/\/dlvradio.es\/#organization"},"potentialAction":[{"@type":"SearchAction","target":{"@type":"EntryPoint","urlTemplate":"https:\/\/dlvradio.es\/?s={search_term_string}"},"query-input":{"@type":"PropertyValueSpecification","valueRequired":true,"valueName":"search_term_string"}}],"inLanguage":"en-US"},{"@type":"Organization","@id":"https:\/\/dlvradio.es\/#organization","name":"DLVRADIO","url":"https:\/\/dlvradio.es\/","logo":{"@type":"ImageObject","inLanguage":"en-US","@id":"https:\/\/dlvradio.es\/#\/schema\/logo\/image\/","url":"","contentUrl":"","caption":"DLVRADIO"},"image":{"@id":"https:\/\/dlvradio.es\/#\/schema\/logo\/image\/"},"sameAs":["https:\/\/www.facebook.com\/RadioDLVradio\/","https:\/\/x.com\/RadioDlvradio","https:\/\/www.instagram.com\/radiodlvradio\/"]},{"@type":"Person","@id":"https:\/\/dlvradio.es\/#\/schema\/person\/7d533f9f89b13e3a3f2ba7f67d6412de","name":"DLV RADIO","sameAs":["https:\/\/dlvradio.es"]}]}},"_links":{"self":[{"href":"https:\/\/dlvradio.es\/en\/wp-json\/wp\/v2\/posts\/72135","targetHints":{"allow":["GET"]}}],"collection":[{"href":"https:\/\/dlvradio.es\/en\/wp-json\/wp\/v2\/posts"}],"about":[{"href":"https:\/\/dlvradio.es\/en\/wp-json\/wp\/v2\/types\/post"}],"author":[{"embeddable":true,"href":"https:\/\/dlvradio.es\/en\/wp-json\/wp\/v2\/users\/4"}],"replies":[{"embeddable":true,"href":"https:\/\/dlvradio.es\/en\/wp-json\/wp\/v2\/comments?post=72135"}],"version-history":[{"count":0,"href":"https:\/\/dlvradio.es\/en\/wp-json\/wp\/v2\/posts\/72135\/revisions"}],"wp:featuredmedia":[{"embeddable":true,"href":"https:\/\/dlvradio.es\/en\/wp-json\/wp\/v2\/media\/72111"}],"wp:attachment":[{"href":"https:\/\/dlvradio.es\/en\/wp-json\/wp\/v2\/media?parent=72135"}],"wp:term":[{"taxonomy":"category","embeddable":true,"href":"https:\/\/dlvradio.es\/en\/wp-json\/wp\/v2\/categories?post=72135"},{"taxonomy":"post_tag","embeddable":true,"href":"https:\/\/dlvradio.es\/en\/wp-json\/wp\/v2\/tags?post=72135"}],"curies":[{"name":"wp","href":"https:\/\/api.w.org\/{rel}","templated":true}]}}