{"id":72244,"date":"2023-10-03T11:08:25","date_gmt":"2023-10-03T09:08:25","guid":{"rendered":"https:\/\/dlvradio.es\/datos-de-paro-y-afiliacion-a-la-seguridad-social-septiembre-2023\/"},"modified":"2023-10-03T11:08:25","modified_gmt":"2023-10-03T09:08:25","slug":"datos-de-paro-y-afiliacion-a-la-seguridad-social-septiembre-2023","status":"publish","type":"post","link":"https:\/\/dlvradio.es\/en\/datos-de-paro-y-afiliacion-a-la-seguridad-social-septiembre-2023\/","title":{"rendered":"Datos de paro y afiliaci\u00f3n a la Seguridad Social septiembre 2023"},"content":{"rendered":"<iframe src=\"https:\/\/www.ivoox.com\/player_ej_117039941_6_1.html?c1=0ebeb7\" width=\"100%\" height=\"200\" frameborder=\"0\" allowfullscreen=\"\" scrolling=\"no\" loading=\"lazy\"><\/iframe>\n\n\n<p><img decoding=\"async\" class=\"alignleft wp-image-12004 size-thumbnail\" src=\"https:\/\/dlvradio.es\/wp-content\/uploads\/2023\/10\/www.dlvradio.es_-2-150x150.png\" alt=\"\" width=\"150\" height=\"150\" \/>Os dejamos la intervenci\u00f3n de los secretarios de Estado de Empleo y Econom\u00eda Social, <strong>Joaquin Perez Rey<\/strong>, and Social Security and Pensions, <strong>Borja Suarez<\/strong>, que han presentado los datos de paro registrado y de afiliaci\u00f3n a la Seguridad Social correspondientes al mes de septiembre.<\/p>\n<p>En este mes de septiembre se ha producido de aumento de nuevos trabajadores con 18.300 personas y de parados con 19.768 personas. En cuanto a los nuevos desempleados son datos bastante similares al a\u00f1o pasado. Este mes de septiembre es un mes en el cual aumenta el desempleo consecuencia de la finalizaci\u00f3n de los contratos de servicios, consecuencia del final del verano. Es un paro localizado sobre todo en la zona de Andaluc\u00eda, una comunidad con un sector tur\u00edstico importante.<\/p>\n<p>En estos momentos son 2.722.468 personas en desempleo los que hay en Espa\u00f1a.<\/p>","protected":false},"excerpt":{"rendered":"<p>Os dejamos la intervenci\u00f3n de los secretarios de Estado de Empleo y Econom\u00eda Social, Joaqu\u00edn P\u00e9rez Rey, y de Seguridad Social y Pensiones, Borja Su\u00e1rez, que han presentado los datos de paro registrado y de afiliaci\u00f3n a la Seguridad Social correspondientes al mes de septiembre. En este mes de septiembre se ha producido de aumento [&hellip;]<\/p>\n","protected":false},"author":4,"featured_media":72245,"comment_status":"open","ping_status":"open","sticky":false,"template":"","format":"standard","meta":{"_acf_changed":false,"footnotes":""},"categories":[2465],"tags":[2466,2577],"class_list":["post-72244","post","type-post","status-publish","format-standard","has-post-thumbnail","hentry","category-informativos","tag-espana","tag-paro"],"acf":[],"yoast_head":"<!-- This site is optimized with the Yoast SEO plugin v27.4 - https:\/\/yoast.com\/product\/yoast-seo-wordpress\/ -->\n<title>Datos de paro y afiliaci\u00f3n a la Seguridad Social septiembre 2023 - DLVRADIO<\/title>\n<meta name=\"description\" content=\"Os dejamos la intervenci\u00f3n de los secretarios de Estado de Empleo y Econom\u00eda Social, Joaqu\u00edn P\u00e9rez Rey, y de Seguridad Social y Pensiones, Borja Su\u00e1rez,\" \/>\n<meta name=\"robots\" content=\"index, follow, max-snippet:-1, max-image-preview:large, max-video-preview:-1\" \/>\n<link rel=\"canonical\" href=\"https:\/\/dlvradio.es\/en\/datos-de-paro-y-afiliacion-a-la-seguridad-social-septiembre-2023\/\" \/>\n<meta property=\"og:locale\" content=\"en_US\" \/>\n<meta property=\"og:type\" content=\"article\" \/>\n<meta property=\"og:title\" content=\"Datos de paro y afiliaci\u00f3n a la Seguridad Social septiembre 2023 - DLVRADIO\" \/>\n<meta property=\"og:description\" content=\"Os dejamos la intervenci\u00f3n de los secretarios de Estado de Empleo y Econom\u00eda Social, Joaqu\u00edn P\u00e9rez Rey, y de Seguridad Social y Pensiones, Borja Su\u00e1rez,\" \/>\n<meta property=\"og:url\" content=\"https:\/\/dlvradio.es\/en\/datos-de-paro-y-afiliacion-a-la-seguridad-social-septiembre-2023\/\" \/>\n<meta property=\"og:site_name\" content=\"DLVRADIO\" \/>\n<meta property=\"article:publisher\" content=\"https:\/\/www.facebook.com\/RadioDLVradio\/\" \/>\n<meta property=\"article:published_time\" content=\"2023-10-03T09:08:25+00:00\" \/>\n<meta property=\"og:image\" content=\"https:\/\/dlvradio.es\/wp-content\/uploads\/2023\/10\/www.dlvradio.es_-2.png\" \/>\n\t<meta property=\"og:image:width\" content=\"1500\" \/>\n\t<meta property=\"og:image:height\" content=\"1500\" \/>\n\t<meta property=\"og:image:type\" content=\"image\/png\" \/>\n<meta name=\"author\" content=\"DLV RADIO\" \/>\n<meta name=\"twitter:card\" content=\"summary_large_image\" \/>\n<meta name=\"twitter:creator\" content=\"@RadioDlvradio\" \/>\n<meta name=\"twitter:site\" content=\"@RadioDlvradio\" \/>\n<script type=\"application\/ld+json\" class=\"yoast-schema-graph\">{\"@context\":\"https:\\\/\\\/schema.org\",\"@graph\":[{\"@type\":\"Article\",\"@id\":\"https:\\\/\\\/dlvradio.es\\\/datos-de-paro-y-afiliacion-a-la-seguridad-social-septiembre-2023\\\/#article\",\"isPartOf\":{\"@id\":\"https:\\\/\\\/dlvradio.es\\\/datos-de-paro-y-afiliacion-a-la-seguridad-social-septiembre-2023\\\/\"},\"author\":{\"name\":\"DLV RADIO\",\"@id\":\"https:\\\/\\\/dlvradio.es\\\/#\\\/schema\\\/person\\\/7d533f9f89b13e3a3f2ba7f67d6412de\"},\"headline\":\"Datos de paro y afiliaci\u00f3n a la Seguridad Social septiembre 2023\",\"datePublished\":\"2023-10-03T09:08:25+00:00\",\"mainEntityOfPage\":{\"@id\":\"https:\\\/\\\/dlvradio.es\\\/datos-de-paro-y-afiliacion-a-la-seguridad-social-septiembre-2023\\\/\"},\"wordCount\":157,\"commentCount\":0,\"publisher\":{\"@id\":\"https:\\\/\\\/dlvradio.es\\\/#organization\"},\"image\":{\"@id\":\"https:\\\/\\\/dlvradio.es\\\/datos-de-paro-y-afiliacion-a-la-seguridad-social-septiembre-2023\\\/#primaryimage\"},\"thumbnailUrl\":\"https:\\\/\\\/dlvradio.es\\\/wp-content\\\/uploads\\\/2023\\\/10\\\/www.dlvradio.es_-2.png\",\"keywords\":[\"Espa\u00f1a\",\"paro\"],\"articleSection\":[\"Informativos\"],\"inLanguage\":\"en-US\"},{\"@type\":\"WebPage\",\"@id\":\"https:\\\/\\\/dlvradio.es\\\/datos-de-paro-y-afiliacion-a-la-seguridad-social-septiembre-2023\\\/\",\"url\":\"https:\\\/\\\/dlvradio.es\\\/datos-de-paro-y-afiliacion-a-la-seguridad-social-septiembre-2023\\\/\",\"name\":\"Datos de paro y afiliaci\u00f3n a la Seguridad Social septiembre 2023 - DLVRADIO\",\"isPartOf\":{\"@id\":\"https:\\\/\\\/dlvradio.es\\\/#website\"},\"primaryImageOfPage\":{\"@id\":\"https:\\\/\\\/dlvradio.es\\\/datos-de-paro-y-afiliacion-a-la-seguridad-social-septiembre-2023\\\/#primaryimage\"},\"image\":{\"@id\":\"https:\\\/\\\/dlvradio.es\\\/datos-de-paro-y-afiliacion-a-la-seguridad-social-septiembre-2023\\\/#primaryimage\"},\"thumbnailUrl\":\"https:\\\/\\\/dlvradio.es\\\/wp-content\\\/uploads\\\/2023\\\/10\\\/www.dlvradio.es_-2.png\",\"datePublished\":\"2023-10-03T09:08:25+00:00\",\"description\":\"Os dejamos la intervenci\u00f3n de los secretarios de Estado de Empleo y Econom\u00eda Social, Joaqu\u00edn P\u00e9rez Rey, y de Seguridad Social y Pensiones, Borja Su\u00e1rez,\",\"breadcrumb\":{\"@id\":\"https:\\\/\\\/dlvradio.es\\\/datos-de-paro-y-afiliacion-a-la-seguridad-social-septiembre-2023\\\/#breadcrumb\"},\"inLanguage\":\"en-US\",\"potentialAction\":[{\"@type\":\"ReadAction\",\"target\":[\"https:\\\/\\\/dlvradio.es\\\/datos-de-paro-y-afiliacion-a-la-seguridad-social-septiembre-2023\\\/\"]}]},{\"@type\":\"ImageObject\",\"inLanguage\":\"en-US\",\"@id\":\"https:\\\/\\\/dlvradio.es\\\/datos-de-paro-y-afiliacion-a-la-seguridad-social-septiembre-2023\\\/#primaryimage\",\"url\":\"https:\\\/\\\/dlvradio.es\\\/wp-content\\\/uploads\\\/2023\\\/10\\\/www.dlvradio.es_-2.png\",\"contentUrl\":\"https:\\\/\\\/dlvradio.es\\\/wp-content\\\/uploads\\\/2023\\\/10\\\/www.dlvradio.es_-2.png\",\"width\":1500,\"height\":1500,\"caption\":\"www.dlvradio.es\"},{\"@type\":\"BreadcrumbList\",\"@id\":\"https:\\\/\\\/dlvradio.es\\\/datos-de-paro-y-afiliacion-a-la-seguridad-social-septiembre-2023\\\/#breadcrumb\",\"itemListElement\":[{\"@type\":\"ListItem\",\"position\":1,\"name\":\"Inicio\",\"item\":\"https:\\\/\\\/dlvradio.es\\\/\"},{\"@type\":\"ListItem\",\"position\":2,\"name\":\"Datos de paro y afiliaci\u00f3n a la Seguridad Social septiembre 2023\"}]},{\"@type\":\"WebSite\",\"@id\":\"https:\\\/\\\/dlvradio.es\\\/#website\",\"url\":\"https:\\\/\\\/dlvradio.es\\\/\",\"name\":\"DLVRADIO\",\"description\":\"Somos un medio de comunicaci\u00f3n alternativo a los medios tradicionales\",\"publisher\":{\"@id\":\"https:\\\/\\\/dlvradio.es\\\/#organization\"},\"potentialAction\":[{\"@type\":\"SearchAction\",\"target\":{\"@type\":\"EntryPoint\",\"urlTemplate\":\"https:\\\/\\\/dlvradio.es\\\/?s={search_term_string}\"},\"query-input\":{\"@type\":\"PropertyValueSpecification\",\"valueRequired\":true,\"valueName\":\"search_term_string\"}}],\"inLanguage\":\"en-US\"},{\"@type\":\"Organization\",\"@id\":\"https:\\\/\\\/dlvradio.es\\\/#organization\",\"name\":\"DLVRADIO\",\"url\":\"https:\\\/\\\/dlvradio.es\\\/\",\"logo\":{\"@type\":\"ImageObject\",\"inLanguage\":\"en-US\",\"@id\":\"https:\\\/\\\/dlvradio.es\\\/#\\\/schema\\\/logo\\\/image\\\/\",\"url\":\"\",\"contentUrl\":\"\",\"caption\":\"DLVRADIO\"},\"image\":{\"@id\":\"https:\\\/\\\/dlvradio.es\\\/#\\\/schema\\\/logo\\\/image\\\/\"},\"sameAs\":[\"https:\\\/\\\/www.facebook.com\\\/RadioDLVradio\\\/\",\"https:\\\/\\\/x.com\\\/RadioDlvradio\",\"https:\\\/\\\/www.instagram.com\\\/radiodlvradio\\\/\"]},{\"@type\":\"Person\",\"@id\":\"https:\\\/\\\/dlvradio.es\\\/#\\\/schema\\\/person\\\/7d533f9f89b13e3a3f2ba7f67d6412de\",\"name\":\"DLV RADIO\",\"sameAs\":[\"https:\\\/\\\/dlvradio.es\"]}]}<\/script>\n<!-- \/ Yoast SEO plugin. -->","yoast_head_json":{"title":"Datos de paro y afiliaci\u00f3n a la Seguridad Social septiembre 2023 - DLVRADIO","description":"Os dejamos la intervenci\u00f3n de los secretarios de Estado de Empleo y Econom\u00eda Social, Joaqu\u00edn P\u00e9rez Rey, y de Seguridad Social y Pensiones, Borja Su\u00e1rez,","robots":{"index":"index","follow":"follow","max-snippet":"max-snippet:-1","max-image-preview":"max-image-preview:large","max-video-preview":"max-video-preview:-1"},"canonical":"https:\/\/dlvradio.es\/en\/datos-de-paro-y-afiliacion-a-la-seguridad-social-septiembre-2023\/","og_locale":"en_US","og_type":"article","og_title":"Datos de paro y afiliaci\u00f3n a la Seguridad Social septiembre 2023 - DLVRADIO","og_description":"Os dejamos la intervenci\u00f3n de los secretarios de Estado de Empleo y Econom\u00eda Social, Joaqu\u00edn P\u00e9rez Rey, y de Seguridad Social y Pensiones, Borja Su\u00e1rez,","og_url":"https:\/\/dlvradio.es\/en\/datos-de-paro-y-afiliacion-a-la-seguridad-social-septiembre-2023\/","og_site_name":"DLVRADIO","article_publisher":"https:\/\/www.facebook.com\/RadioDLVradio\/","article_published_time":"2023-10-03T09:08:25+00:00","og_image":[{"width":1500,"height":1500,"url":"https:\/\/dlvradio.es\/wp-content\/uploads\/2023\/10\/www.dlvradio.es_-2.png","type":"image\/png"}],"author":"DLV RADIO","twitter_card":"summary_large_image","twitter_creator":"@RadioDlvradio","twitter_site":"@RadioDlvradio","schema":{"@context":"https:\/\/schema.org","@graph":[{"@type":"Article","@id":"https:\/\/dlvradio.es\/datos-de-paro-y-afiliacion-a-la-seguridad-social-septiembre-2023\/#article","isPartOf":{"@id":"https:\/\/dlvradio.es\/datos-de-paro-y-afiliacion-a-la-seguridad-social-septiembre-2023\/"},"author":{"name":"DLV RADIO","@id":"https:\/\/dlvradio.es\/#\/schema\/person\/7d533f9f89b13e3a3f2ba7f67d6412de"},"headline":"Datos de paro y afiliaci\u00f3n a la Seguridad Social septiembre 2023","datePublished":"2023-10-03T09:08:25+00:00","mainEntityOfPage":{"@id":"https:\/\/dlvradio.es\/datos-de-paro-y-afiliacion-a-la-seguridad-social-septiembre-2023\/"},"wordCount":157,"commentCount":0,"publisher":{"@id":"https:\/\/dlvradio.es\/#organization"},"image":{"@id":"https:\/\/dlvradio.es\/datos-de-paro-y-afiliacion-a-la-seguridad-social-septiembre-2023\/#primaryimage"},"thumbnailUrl":"https:\/\/dlvradio.es\/wp-content\/uploads\/2023\/10\/www.dlvradio.es_-2.png","keywords":["Espa\u00f1a","paro"],"articleSection":["Informativos"],"inLanguage":"en-US"},{"@type":"WebPage","@id":"https:\/\/dlvradio.es\/datos-de-paro-y-afiliacion-a-la-seguridad-social-septiembre-2023\/","url":"https:\/\/dlvradio.es\/datos-de-paro-y-afiliacion-a-la-seguridad-social-septiembre-2023\/","name":"Datos de paro y afiliaci\u00f3n a la Seguridad Social septiembre 2023 - DLVRADIO","isPartOf":{"@id":"https:\/\/dlvradio.es\/#website"},"primaryImageOfPage":{"@id":"https:\/\/dlvradio.es\/datos-de-paro-y-afiliacion-a-la-seguridad-social-septiembre-2023\/#primaryimage"},"image":{"@id":"https:\/\/dlvradio.es\/datos-de-paro-y-afiliacion-a-la-seguridad-social-septiembre-2023\/#primaryimage"},"thumbnailUrl":"https:\/\/dlvradio.es\/wp-content\/uploads\/2023\/10\/www.dlvradio.es_-2.png","datePublished":"2023-10-03T09:08:25+00:00","description":"Os dejamos la intervenci\u00f3n de los secretarios de Estado de Empleo y Econom\u00eda Social, Joaqu\u00edn P\u00e9rez Rey, y de Seguridad Social y Pensiones, Borja Su\u00e1rez,","breadcrumb":{"@id":"https:\/\/dlvradio.es\/datos-de-paro-y-afiliacion-a-la-seguridad-social-septiembre-2023\/#breadcrumb"},"inLanguage":"en-US","potentialAction":[{"@type":"ReadAction","target":["https:\/\/dlvradio.es\/datos-de-paro-y-afiliacion-a-la-seguridad-social-septiembre-2023\/"]}]},{"@type":"ImageObject","inLanguage":"en-US","@id":"https:\/\/dlvradio.es\/datos-de-paro-y-afiliacion-a-la-seguridad-social-septiembre-2023\/#primaryimage","url":"https:\/\/dlvradio.es\/wp-content\/uploads\/2023\/10\/www.dlvradio.es_-2.png","contentUrl":"https:\/\/dlvradio.es\/wp-content\/uploads\/2023\/10\/www.dlvradio.es_-2.png","width":1500,"height":1500,"caption":"www.dlvradio.es"},{"@type":"BreadcrumbList","@id":"https:\/\/dlvradio.es\/datos-de-paro-y-afiliacion-a-la-seguridad-social-septiembre-2023\/#breadcrumb","itemListElement":[{"@type":"ListItem","position":1,"name":"Inicio","item":"https:\/\/dlvradio.es\/"},{"@type":"ListItem","position":2,"name":"Datos de paro y afiliaci\u00f3n a la Seguridad Social septiembre 2023"}]},{"@type":"WebSite","@id":"https:\/\/dlvradio.es\/#website","url":"https:\/\/dlvradio.es\/","name":"DLVRADIO","description":"We are an alternative media to traditional media","publisher":{"@id":"https:\/\/dlvradio.es\/#organization"},"potentialAction":[{"@type":"SearchAction","target":{"@type":"EntryPoint","urlTemplate":"https:\/\/dlvradio.es\/?s={search_term_string}"},"query-input":{"@type":"PropertyValueSpecification","valueRequired":true,"valueName":"search_term_string"}}],"inLanguage":"en-US"},{"@type":"Organization","@id":"https:\/\/dlvradio.es\/#organization","name":"DLVRADIO","url":"https:\/\/dlvradio.es\/","logo":{"@type":"ImageObject","inLanguage":"en-US","@id":"https:\/\/dlvradio.es\/#\/schema\/logo\/image\/","url":"","contentUrl":"","caption":"DLVRADIO"},"image":{"@id":"https:\/\/dlvradio.es\/#\/schema\/logo\/image\/"},"sameAs":["https:\/\/www.facebook.com\/RadioDLVradio\/","https:\/\/x.com\/RadioDlvradio","https:\/\/www.instagram.com\/radiodlvradio\/"]},{"@type":"Person","@id":"https:\/\/dlvradio.es\/#\/schema\/person\/7d533f9f89b13e3a3f2ba7f67d6412de","name":"DLV RADIO","sameAs":["https:\/\/dlvradio.es"]}]}},"_links":{"self":[{"href":"https:\/\/dlvradio.es\/en\/wp-json\/wp\/v2\/posts\/72244","targetHints":{"allow":["GET"]}}],"collection":[{"href":"https:\/\/dlvradio.es\/en\/wp-json\/wp\/v2\/posts"}],"about":[{"href":"https:\/\/dlvradio.es\/en\/wp-json\/wp\/v2\/types\/post"}],"author":[{"embeddable":true,"href":"https:\/\/dlvradio.es\/en\/wp-json\/wp\/v2\/users\/4"}],"replies":[{"embeddable":true,"href":"https:\/\/dlvradio.es\/en\/wp-json\/wp\/v2\/comments?post=72244"}],"version-history":[{"count":0,"href":"https:\/\/dlvradio.es\/en\/wp-json\/wp\/v2\/posts\/72244\/revisions"}],"wp:featuredmedia":[{"embeddable":true,"href":"https:\/\/dlvradio.es\/en\/wp-json\/wp\/v2\/media\/72245"}],"wp:attachment":[{"href":"https:\/\/dlvradio.es\/en\/wp-json\/wp\/v2\/media?parent=72244"}],"wp:term":[{"taxonomy":"category","embeddable":true,"href":"https:\/\/dlvradio.es\/en\/wp-json\/wp\/v2\/categories?post=72244"},{"taxonomy":"post_tag","embeddable":true,"href":"https:\/\/dlvradio.es\/en\/wp-json\/wp\/v2\/tags?post=72244"}],"curies":[{"name":"wp","href":"https:\/\/api.w.org\/{rel}","templated":true}]}}