{"id":72255,"date":"2023-10-09T18:26:22","date_gmt":"2023-10-09T16:26:22","guid":{"rendered":"https:\/\/dlvradio.es\/el-partido-popular-basa-su-posicion-a-favor-de-desproteger-al-lobo-en-bulos-y-datos-falsos\/"},"modified":"2023-10-09T18:26:22","modified_gmt":"2023-10-09T16:26:22","slug":"el-partido-popular-basa-su-posicion-a-favor-de-desproteger-al-lobo-en-bulos-y-datos-falsos","status":"publish","type":"post","link":"https:\/\/dlvradio.es\/en\/el-partido-popular-basa-su-posicion-a-favor-de-desproteger-al-lobo-en-bulos-y-datos-falsos\/","title":{"rendered":"The Popular Party bases its position in favor of unprotecting the wolf on hoaxes and false data, according to Ecologistas en Acci\u00f3n."},"content":{"rendered":"<p><strong><img decoding=\"async\" class=\"alignleft wp-image-12029 size-thumbnail\" src=\"https:\/\/dlvradio.es\/wp-content\/uploads\/2023\/10\/www.dlvradio.es-4-150x150.png\" alt=\"\" width=\"150\" height=\"150\" \/>El Partido Popular basa su posici\u00f3n a favor de desproteger al lobo en bulos y datos falsos<\/strong><\/p>\n<p>El Partido Popular reuni\u00f3 este viernes en Logro\u00f1o a los Consejeros de Medio Ambiente de las Comunidades Aut\u00f3nomas que gobiernan para analizar la situaci\u00f3n del lobo y reclamar que se reduzca su protecci\u00f3n, bas\u00e1ndose en infundios y datos err\u00f3neos sobre los ataques del lobo a la ganader\u00eda.<\/p>\n<p>Ecologistas en Acci\u00f3n muestra su indignaci\u00f3n ante las declaraciones de la Secretaria General del Partido Popular, Cuca Gamarra, en las que miente en m\u00faltiples ocasiones sobre la situaci\u00f3n del lobo y su protecci\u00f3n.<\/p>\n<p><strong>En las declaraciones realizadas a los medios de comunicaci\u00f3n, Gamarra ha afirmado: <\/strong><\/p>\n<ol>\n<li><strong><em> Que la inclusi\u00f3n del lobo en el Listado de Especies Silvestres en R\u00e9gimen de Protecci\u00f3n Especial (LESPRE) se ha realizado sin ning\u00fan soporte jur\u00eddico ni t\u00e9cnico, sin aval cient\u00edfico, de manera unilateral, e incumpliendo lo establecido en la Directiva H\u00e1bitats.<\/em><\/strong><\/li>\n<\/ol>\n<p>Estas afirmaciones son totalmente falsas, como lo demuestra la existencia de un dictamen del Comit\u00e9 Cient\u00edfico de Flora y Fauna Silvestre que, en febrero de 2020, propuso incluir al lobo en el LESPRE. Dicha inclusi\u00f3n se aprob\u00f3 posteriormente en la Comisi\u00f3n Estatal para el Patrimonio Natural y la Biodiversidad, formada por los directores generales de las Comunidades Aut\u00f3nomas. Adem\u00e1s, la Comisi\u00f3n Europea mostr\u00f3 su apoyo expl\u00edcito a esta protecci\u00f3n en octubre de 2021.<\/p>\n<ol start=\"2\">\n<li><strong><em> Que en 2021 el Ministerio para la Transici\u00f3n Ecol\u00f3gica y el Reto Demogr\u00e1fico retir\u00f3 a las Comunidades Aut\u00f3nomas la gesti\u00f3n del lobo y prohibi\u00f3 su control.<\/em><\/strong><\/li>\n<\/ol>\n<p>La realidad es que la gesti\u00f3n del lobo contin\u00faa siendo competencia de las Comunidades Aut\u00f3nomas, prueba de ello es que la Conferencia Sectorial de Medio Ambiente, en la que participan las Comunidades Aut\u00f3nomas, en julio de 2022 aprob\u00f3 la \u2018Estrategia para la Conservaci\u00f3n y gesti\u00f3n del Lobo (Canis lupus) y su convivencia con las actividades del medio rural\u2019, que regula un sistema de extracci\u00f3n de ejemplares de lobos, siendo las Comunidades Aut\u00f3nomas las encargadas de autorizarlas. Bas\u00e1ndose en dicha estrategia, varios gobiernos regionales han autorizado la realizaci\u00f3n de extracci\u00f3n de ejemplares. Ecologistas en Acci\u00f3n considera que estas extracciones de individuos son innecesarias.<\/p>\n<ol start=\"3\">\n<li><strong><em> Que el lobo ha matado 14.000 reses en el \u00faltimo a\u00f1o y que, solo por eso, seg\u00fan el Partido Popular, ya merece su desprotecci\u00f3n.<\/em><\/strong><\/li>\n<\/ol>\n<p>Es importante se\u00f1alar que vincular la presencia de lobos con la desaparici\u00f3n de la ganader\u00eda es desinformar a la sociedad. Este argumento, adem\u00e1s de malintencionado, es falaz. En primer lugar, todos los diagn\u00f3sticos sobre el impacto socioecon\u00f3mico del lobo en la ganader\u00eda se basan en la atribuci\u00f3n exclusiva de bajas a los lobos, lo cual carece de veracidad debido a la falta de peritajes gen\u00e9ticos que respalden esta afirmaci\u00f3n. Adem\u00e1s, existen pocos ataques atribuidos a perros incontrolados en \u00e1reas con presencia ocasional o estable de lobos.<\/p>\n<p>En segundo lugar, los indicadores socioecon\u00f3micos demuestran que la presencia del lobo no tiene un impacto significativo en la disminuci\u00f3n del ganado ni en la ruina del sector ganadero. En regiones con presencia continua de lobos, como Castilla y Le\u00f3n, la incidencia del lobo representa solo el 0,06% del total de la caba\u00f1a ganadera estimada en 4.589.140 reses en esa regi\u00f3n. Adem\u00e1s, la afectaci\u00f3n econ\u00f3mica atribuida al lobo por el sector primario en Castilla y Le\u00f3n en 2017 fue solo del 0,027% de su renta agraria de producci\u00f3n animal.<\/p>\n<p>En el Principado de Asturias, otra regi\u00f3n con una importante presencia de lobos, los datos oficiales indican una afectaci\u00f3n anual del 0,86% en el conjunto de la caba\u00f1a ganadera, y alrededor del 1,1% en la ganader\u00eda extensiva. Incluso en zonas con poca presencia reproductora de lobos, como \u00c1lava, la incidencia del lobo sobre la caba\u00f1a ganadera fue baja, representando el 0.23% en promedio. Esto demuestra que el lobo no tiene un impacto significativo en el sector ganadero.<\/p>\n<p>Por lo tanto, no se justifica promover la victimizaci\u00f3n del sector ganadero en relaci\u00f3n con el lobo por parte de ciertas organizaciones agroganaderas y del Partido Popular. Adem\u00e1s, cada vez hay m\u00e1s explotaciones ganaderas que optan por la coexistencia con esta especie. En un mundo donde consumidoras y consumidores desempe\u00f1an un papel crucial en la promoci\u00f3n de pr\u00e1cticas responsables, no es aceptable que un partido pol\u00edtico que opta a gobernar el Estado espa\u00f1ol intente imponer un modelo de conservaci\u00f3n de la biodiversidad que supone matar lobos. Los consumidores responsables tienen derecho a conocer la trazabilidad y el origen de los productos que se presentan como sostenibles y respetuosos con el medio ambiente, pero que implican la eliminaci\u00f3n de lobos. La coexistencia real requiere no matar lobos, y cualquier otra acci\u00f3n es enga\u00f1osa y perjudicial para la biodiversidad.<\/p>\n<ol start=\"4\">\n<li><strong><em> Seg\u00fan el Partido Popular, se ha registrado un aumento de 71 manadas de lobo desde el \u00faltimo censo. Es importante destacar que estos datos no pueden ser tratados como un censo nacional v\u00e1lido, ya que no se han recopilado de forma simult\u00e1nea ni con una metodolog\u00eda uniforme. Esta disparidad en la recopilaci\u00f3n de datos podr\u00eda llevar a la inclusi\u00f3n de una misma manada en m\u00faltiples territorios, lo que potencialmente provocar\u00eda una sobreestimaci\u00f3n de la poblaci\u00f3n de lobos.<\/em><\/strong><\/li>\n<\/ol>\n<p>En la actualidad se est\u00e1 desarrollando un nuevo censo nacional empleando una metodolog\u00eda similar a la que se aplic\u00f3 en el anterior de 2012-2014, lo que avalar\u00e1 la comparabilidad de los resultados obtenidos. Se espera que los resultados puedan estar a finales de este a\u00f1o o de 2024. Cualquier actuaci\u00f3n que se emprenda antes de conocer los resultados del censo es una irresponsabilidad manifiesta para un partido que aspira a gobernar Espa\u00f1a.<\/p>\n<p>Mientras tanto, los \u00faltimos trabajos realizados para la Comisi\u00f3n Europea destacan que, a pesar de los esfuerzos de conservaci\u00f3n, algunas poblaciones de lobos todav\u00eda no han alcanzado un estado de conservaci\u00f3n favorable en varios Estados miembros. Entre ellos, se citan a las dos poblaciones de lobos espa\u00f1olas.<\/p>\n<p>Para Ecologistas en Acci\u00f3n es evidente que el Partido Popular est\u00e1 utilizando de nuevo al lobo como moneda de cambio pol\u00edtico a cambio de votos. Votos que en el medio rural puede estar perdiendo debido a su nefasta gesti\u00f3n. El PP pretende recuperar esos apoyos arremetiendo de nuevo contra el lobo, faltando a la verdad y tergiversando la realidad. La ganader\u00eda extensiva sigue teniendo problemas importantes que no son el lobo y que las administraciones auton\u00f3micas no est\u00e1n afrontando.<\/p>\n<p>Por \u00faltimo, la organizaci\u00f3n ecologista se\u00f1ala que la crisis ganadera tambi\u00e9n se est\u00e1 dando en zonas donde no hay lobos, lo que demuestra que se trata de una crisis estructural y no espec\u00edfica por la presencia o no de lobos.<\/p>","protected":false},"excerpt":{"rendered":"<p>El Partido Popular basa su posici\u00f3n a favor de desproteger al lobo en bulos y datos falsos El Partido Popular reuni\u00f3 este viernes en Logro\u00f1o a los Consejeros de Medio Ambiente de las Comunidades Aut\u00f3nomas que gobiernan para analizar la situaci\u00f3n del lobo y reclamar que se reduzca su protecci\u00f3n, bas\u00e1ndose en infundios y datos [&hellip;]<\/p>\n","protected":false},"author":4,"featured_media":72256,"comment_status":"open","ping_status":"open","sticky":false,"template":"","format":"standard","meta":{"_acf_changed":false,"footnotes":""},"categories":[2711,2465],"tags":[2478,2466],"class_list":["post-72255","post","type-post","status-publish","format-standard","has-post-thumbnail","hentry","category-emergencia-climatica","category-informativos","tag-ecologia","tag-espana"],"acf":[],"yoast_head":"<!-- This site is optimized with the Yoast SEO plugin v27.4 - https:\/\/yoast.com\/product\/yoast-seo-wordpress\/ -->\n<title>El Partido Popular basa su posici\u00f3n a favor de desproteger al lobo en bulos y datos falsos, seg\u00fan Ecologistas en Acci\u00f3n. - DLVRADIO<\/title>\n<meta name=\"description\" content=\"El Partido Popular basa su posici\u00f3n a favor de desproteger al lobo en bulos y datos falsos El Partido Popular reuni\u00f3 este viernes en Logro\u00f1o a los\" \/>\n<meta name=\"robots\" content=\"index, follow, max-snippet:-1, max-image-preview:large, max-video-preview:-1\" \/>\n<link rel=\"canonical\" href=\"https:\/\/dlvradio.es\/en\/el-partido-popular-basa-su-posicion-a-favor-de-desproteger-al-lobo-en-bulos-y-datos-falsos\/\" \/>\n<meta property=\"og:locale\" content=\"en_US\" \/>\n<meta property=\"og:type\" content=\"article\" \/>\n<meta property=\"og:title\" content=\"El Partido Popular basa su posici\u00f3n a favor de desproteger al lobo en bulos y datos falsos, seg\u00fan Ecologistas en Acci\u00f3n. - DLVRADIO\" \/>\n<meta property=\"og:description\" content=\"El Partido Popular basa su posici\u00f3n a favor de desproteger al lobo en bulos y datos falsos El Partido Popular reuni\u00f3 este viernes en Logro\u00f1o a los\" \/>\n<meta property=\"og:url\" content=\"https:\/\/dlvradio.es\/en\/el-partido-popular-basa-su-posicion-a-favor-de-desproteger-al-lobo-en-bulos-y-datos-falsos\/\" \/>\n<meta property=\"og:site_name\" content=\"DLVRADIO\" \/>\n<meta property=\"article:publisher\" content=\"https:\/\/www.facebook.com\/RadioDLVradio\/\" \/>\n<meta property=\"article:published_time\" content=\"2023-10-09T16:26:22+00:00\" \/>\n<meta property=\"og:image\" content=\"https:\/\/dlvradio.es\/wp-content\/uploads\/2023\/10\/www.dlvradio.es-4-1024x1024.png\" \/>\n\t<meta property=\"og:image:width\" content=\"1024\" \/>\n\t<meta property=\"og:image:height\" content=\"1024\" \/>\n\t<meta property=\"og:image:type\" content=\"image\/png\" \/>\n<meta name=\"author\" content=\"DLV RADIO\" \/>\n<meta name=\"twitter:card\" content=\"summary_large_image\" \/>\n<meta name=\"twitter:creator\" content=\"@RadioDlvradio\" \/>\n<meta name=\"twitter:site\" content=\"@RadioDlvradio\" \/>\n<script type=\"application\/ld+json\" class=\"yoast-schema-graph\">{\"@context\":\"https:\\\/\\\/schema.org\",\"@graph\":[{\"@type\":\"Article\",\"@id\":\"https:\\\/\\\/dlvradio.es\\\/el-partido-popular-basa-su-posicion-a-favor-de-desproteger-al-lobo-en-bulos-y-datos-falsos\\\/#article\",\"isPartOf\":{\"@id\":\"https:\\\/\\\/dlvradio.es\\\/el-partido-popular-basa-su-posicion-a-favor-de-desproteger-al-lobo-en-bulos-y-datos-falsos\\\/\"},\"author\":{\"name\":\"DLV RADIO\",\"@id\":\"https:\\\/\\\/dlvradio.es\\\/#\\\/schema\\\/person\\\/7d533f9f89b13e3a3f2ba7f67d6412de\"},\"headline\":\"El Partido Popular basa su posici\u00f3n a favor de desproteger al lobo en bulos y datos falsos, seg\u00fan Ecologistas en Acci\u00f3n.\",\"datePublished\":\"2023-10-09T16:26:22+00:00\",\"mainEntityOfPage\":{\"@id\":\"https:\\\/\\\/dlvradio.es\\\/el-partido-popular-basa-su-posicion-a-favor-de-desproteger-al-lobo-en-bulos-y-datos-falsos\\\/\"},\"wordCount\":1207,\"commentCount\":0,\"publisher\":{\"@id\":\"https:\\\/\\\/dlvradio.es\\\/#organization\"},\"image\":{\"@id\":\"https:\\\/\\\/dlvradio.es\\\/el-partido-popular-basa-su-posicion-a-favor-de-desproteger-al-lobo-en-bulos-y-datos-falsos\\\/#primaryimage\"},\"thumbnailUrl\":\"https:\\\/\\\/dlvradio.es\\\/wp-content\\\/uploads\\\/2023\\\/10\\\/www.dlvradio.es-4.png\",\"keywords\":[\"ecolog\u00eda\",\"Espa\u00f1a\"],\"articleSection\":[\"Emergencia clim\u00e1tica\",\"Informativos\"],\"inLanguage\":\"en-US\"},{\"@type\":\"WebPage\",\"@id\":\"https:\\\/\\\/dlvradio.es\\\/el-partido-popular-basa-su-posicion-a-favor-de-desproteger-al-lobo-en-bulos-y-datos-falsos\\\/\",\"url\":\"https:\\\/\\\/dlvradio.es\\\/el-partido-popular-basa-su-posicion-a-favor-de-desproteger-al-lobo-en-bulos-y-datos-falsos\\\/\",\"name\":\"El Partido Popular basa su posici\u00f3n a favor de desproteger al lobo en bulos y datos falsos, seg\u00fan Ecologistas en Acci\u00f3n. - DLVRADIO\",\"isPartOf\":{\"@id\":\"https:\\\/\\\/dlvradio.es\\\/#website\"},\"primaryImageOfPage\":{\"@id\":\"https:\\\/\\\/dlvradio.es\\\/el-partido-popular-basa-su-posicion-a-favor-de-desproteger-al-lobo-en-bulos-y-datos-falsos\\\/#primaryimage\"},\"image\":{\"@id\":\"https:\\\/\\\/dlvradio.es\\\/el-partido-popular-basa-su-posicion-a-favor-de-desproteger-al-lobo-en-bulos-y-datos-falsos\\\/#primaryimage\"},\"thumbnailUrl\":\"https:\\\/\\\/dlvradio.es\\\/wp-content\\\/uploads\\\/2023\\\/10\\\/www.dlvradio.es-4.png\",\"datePublished\":\"2023-10-09T16:26:22+00:00\",\"description\":\"El Partido Popular basa su posici\u00f3n a favor de desproteger al lobo en bulos y datos falsos El Partido Popular reuni\u00f3 este viernes en Logro\u00f1o a los\",\"breadcrumb\":{\"@id\":\"https:\\\/\\\/dlvradio.es\\\/el-partido-popular-basa-su-posicion-a-favor-de-desproteger-al-lobo-en-bulos-y-datos-falsos\\\/#breadcrumb\"},\"inLanguage\":\"en-US\",\"potentialAction\":[{\"@type\":\"ReadAction\",\"target\":[\"https:\\\/\\\/dlvradio.es\\\/el-partido-popular-basa-su-posicion-a-favor-de-desproteger-al-lobo-en-bulos-y-datos-falsos\\\/\"]}]},{\"@type\":\"ImageObject\",\"inLanguage\":\"en-US\",\"@id\":\"https:\\\/\\\/dlvradio.es\\\/el-partido-popular-basa-su-posicion-a-favor-de-desproteger-al-lobo-en-bulos-y-datos-falsos\\\/#primaryimage\",\"url\":\"https:\\\/\\\/dlvradio.es\\\/wp-content\\\/uploads\\\/2023\\\/10\\\/www.dlvradio.es-4.png\",\"contentUrl\":\"https:\\\/\\\/dlvradio.es\\\/wp-content\\\/uploads\\\/2023\\\/10\\\/www.dlvradio.es-4.png\",\"width\":1500,\"height\":1500,\"caption\":\"www.dlvradio.es (4)\"},{\"@type\":\"BreadcrumbList\",\"@id\":\"https:\\\/\\\/dlvradio.es\\\/el-partido-popular-basa-su-posicion-a-favor-de-desproteger-al-lobo-en-bulos-y-datos-falsos\\\/#breadcrumb\",\"itemListElement\":[{\"@type\":\"ListItem\",\"position\":1,\"name\":\"Inicio\",\"item\":\"https:\\\/\\\/dlvradio.es\\\/\"},{\"@type\":\"ListItem\",\"position\":2,\"name\":\"El Partido Popular basa su posici\u00f3n a favor de desproteger al lobo en bulos y datos falsos, seg\u00fan Ecologistas en Acci\u00f3n.\"}]},{\"@type\":\"WebSite\",\"@id\":\"https:\\\/\\\/dlvradio.es\\\/#website\",\"url\":\"https:\\\/\\\/dlvradio.es\\\/\",\"name\":\"DLVRADIO\",\"description\":\"Somos un medio de comunicaci\u00f3n alternativo a los medios tradicionales\",\"publisher\":{\"@id\":\"https:\\\/\\\/dlvradio.es\\\/#organization\"},\"potentialAction\":[{\"@type\":\"SearchAction\",\"target\":{\"@type\":\"EntryPoint\",\"urlTemplate\":\"https:\\\/\\\/dlvradio.es\\\/?s={search_term_string}\"},\"query-input\":{\"@type\":\"PropertyValueSpecification\",\"valueRequired\":true,\"valueName\":\"search_term_string\"}}],\"inLanguage\":\"en-US\"},{\"@type\":\"Organization\",\"@id\":\"https:\\\/\\\/dlvradio.es\\\/#organization\",\"name\":\"DLVRADIO\",\"url\":\"https:\\\/\\\/dlvradio.es\\\/\",\"logo\":{\"@type\":\"ImageObject\",\"inLanguage\":\"en-US\",\"@id\":\"https:\\\/\\\/dlvradio.es\\\/#\\\/schema\\\/logo\\\/image\\\/\",\"url\":\"\",\"contentUrl\":\"\",\"caption\":\"DLVRADIO\"},\"image\":{\"@id\":\"https:\\\/\\\/dlvradio.es\\\/#\\\/schema\\\/logo\\\/image\\\/\"},\"sameAs\":[\"https:\\\/\\\/www.facebook.com\\\/RadioDLVradio\\\/\",\"https:\\\/\\\/x.com\\\/RadioDlvradio\",\"https:\\\/\\\/www.instagram.com\\\/radiodlvradio\\\/\"]},{\"@type\":\"Person\",\"@id\":\"https:\\\/\\\/dlvradio.es\\\/#\\\/schema\\\/person\\\/7d533f9f89b13e3a3f2ba7f67d6412de\",\"name\":\"DLV RADIO\",\"sameAs\":[\"https:\\\/\\\/dlvradio.es\"]}]}<\/script>\n<!-- \/ Yoast SEO plugin. -->","yoast_head_json":{"title":"El Partido Popular basa su posici\u00f3n a favor de desproteger al lobo en bulos y datos falsos, seg\u00fan Ecologistas en Acci\u00f3n. - DLVRADIO","description":"El Partido Popular basa su posici\u00f3n a favor de desproteger al lobo en bulos y datos falsos El Partido Popular reuni\u00f3 este viernes en Logro\u00f1o a los","robots":{"index":"index","follow":"follow","max-snippet":"max-snippet:-1","max-image-preview":"max-image-preview:large","max-video-preview":"max-video-preview:-1"},"canonical":"https:\/\/dlvradio.es\/en\/el-partido-popular-basa-su-posicion-a-favor-de-desproteger-al-lobo-en-bulos-y-datos-falsos\/","og_locale":"en_US","og_type":"article","og_title":"El Partido Popular basa su posici\u00f3n a favor de desproteger al lobo en bulos y datos falsos, seg\u00fan Ecologistas en Acci\u00f3n. - DLVRADIO","og_description":"El Partido Popular basa su posici\u00f3n a favor de desproteger al lobo en bulos y datos falsos El Partido Popular reuni\u00f3 este viernes en Logro\u00f1o a los","og_url":"https:\/\/dlvradio.es\/en\/el-partido-popular-basa-su-posicion-a-favor-de-desproteger-al-lobo-en-bulos-y-datos-falsos\/","og_site_name":"DLVRADIO","article_publisher":"https:\/\/www.facebook.com\/RadioDLVradio\/","article_published_time":"2023-10-09T16:26:22+00:00","og_image":[{"width":1024,"height":1024,"url":"https:\/\/dlvradio.es\/wp-content\/uploads\/2023\/10\/www.dlvradio.es-4-1024x1024.png","type":"image\/png"}],"author":"DLV RADIO","twitter_card":"summary_large_image","twitter_creator":"@RadioDlvradio","twitter_site":"@RadioDlvradio","schema":{"@context":"https:\/\/schema.org","@graph":[{"@type":"Article","@id":"https:\/\/dlvradio.es\/el-partido-popular-basa-su-posicion-a-favor-de-desproteger-al-lobo-en-bulos-y-datos-falsos\/#article","isPartOf":{"@id":"https:\/\/dlvradio.es\/el-partido-popular-basa-su-posicion-a-favor-de-desproteger-al-lobo-en-bulos-y-datos-falsos\/"},"author":{"name":"DLV RADIO","@id":"https:\/\/dlvradio.es\/#\/schema\/person\/7d533f9f89b13e3a3f2ba7f67d6412de"},"headline":"El Partido Popular basa su posici\u00f3n a favor de desproteger al lobo en bulos y datos falsos, seg\u00fan Ecologistas en Acci\u00f3n.","datePublished":"2023-10-09T16:26:22+00:00","mainEntityOfPage":{"@id":"https:\/\/dlvradio.es\/el-partido-popular-basa-su-posicion-a-favor-de-desproteger-al-lobo-en-bulos-y-datos-falsos\/"},"wordCount":1207,"commentCount":0,"publisher":{"@id":"https:\/\/dlvradio.es\/#organization"},"image":{"@id":"https:\/\/dlvradio.es\/el-partido-popular-basa-su-posicion-a-favor-de-desproteger-al-lobo-en-bulos-y-datos-falsos\/#primaryimage"},"thumbnailUrl":"https:\/\/dlvradio.es\/wp-content\/uploads\/2023\/10\/www.dlvradio.es-4.png","keywords":["ecolog\u00eda","Espa\u00f1a"],"articleSection":["Emergencia clim\u00e1tica","Informativos"],"inLanguage":"en-US"},{"@type":"WebPage","@id":"https:\/\/dlvradio.es\/el-partido-popular-basa-su-posicion-a-favor-de-desproteger-al-lobo-en-bulos-y-datos-falsos\/","url":"https:\/\/dlvradio.es\/el-partido-popular-basa-su-posicion-a-favor-de-desproteger-al-lobo-en-bulos-y-datos-falsos\/","name":"El Partido Popular basa su posici\u00f3n a favor de desproteger al lobo en bulos y datos falsos, seg\u00fan Ecologistas en Acci\u00f3n. - DLVRADIO","isPartOf":{"@id":"https:\/\/dlvradio.es\/#website"},"primaryImageOfPage":{"@id":"https:\/\/dlvradio.es\/el-partido-popular-basa-su-posicion-a-favor-de-desproteger-al-lobo-en-bulos-y-datos-falsos\/#primaryimage"},"image":{"@id":"https:\/\/dlvradio.es\/el-partido-popular-basa-su-posicion-a-favor-de-desproteger-al-lobo-en-bulos-y-datos-falsos\/#primaryimage"},"thumbnailUrl":"https:\/\/dlvradio.es\/wp-content\/uploads\/2023\/10\/www.dlvradio.es-4.png","datePublished":"2023-10-09T16:26:22+00:00","description":"El Partido Popular basa su posici\u00f3n a favor de desproteger al lobo en bulos y datos falsos El Partido Popular reuni\u00f3 este viernes en Logro\u00f1o a los","breadcrumb":{"@id":"https:\/\/dlvradio.es\/el-partido-popular-basa-su-posicion-a-favor-de-desproteger-al-lobo-en-bulos-y-datos-falsos\/#breadcrumb"},"inLanguage":"en-US","potentialAction":[{"@type":"ReadAction","target":["https:\/\/dlvradio.es\/el-partido-popular-basa-su-posicion-a-favor-de-desproteger-al-lobo-en-bulos-y-datos-falsos\/"]}]},{"@type":"ImageObject","inLanguage":"en-US","@id":"https:\/\/dlvradio.es\/el-partido-popular-basa-su-posicion-a-favor-de-desproteger-al-lobo-en-bulos-y-datos-falsos\/#primaryimage","url":"https:\/\/dlvradio.es\/wp-content\/uploads\/2023\/10\/www.dlvradio.es-4.png","contentUrl":"https:\/\/dlvradio.es\/wp-content\/uploads\/2023\/10\/www.dlvradio.es-4.png","width":1500,"height":1500,"caption":"www.dlvradio.es (4)"},{"@type":"BreadcrumbList","@id":"https:\/\/dlvradio.es\/el-partido-popular-basa-su-posicion-a-favor-de-desproteger-al-lobo-en-bulos-y-datos-falsos\/#breadcrumb","itemListElement":[{"@type":"ListItem","position":1,"name":"Inicio","item":"https:\/\/dlvradio.es\/"},{"@type":"ListItem","position":2,"name":"El Partido Popular basa su posici\u00f3n a favor de desproteger al lobo en bulos y datos falsos, seg\u00fan Ecologistas en Acci\u00f3n."}]},{"@type":"WebSite","@id":"https:\/\/dlvradio.es\/#website","url":"https:\/\/dlvradio.es\/","name":"DLVRADIO","description":"We are an alternative media to traditional media","publisher":{"@id":"https:\/\/dlvradio.es\/#organization"},"potentialAction":[{"@type":"SearchAction","target":{"@type":"EntryPoint","urlTemplate":"https:\/\/dlvradio.es\/?s={search_term_string}"},"query-input":{"@type":"PropertyValueSpecification","valueRequired":true,"valueName":"search_term_string"}}],"inLanguage":"en-US"},{"@type":"Organization","@id":"https:\/\/dlvradio.es\/#organization","name":"DLVRADIO","url":"https:\/\/dlvradio.es\/","logo":{"@type":"ImageObject","inLanguage":"en-US","@id":"https:\/\/dlvradio.es\/#\/schema\/logo\/image\/","url":"","contentUrl":"","caption":"DLVRADIO"},"image":{"@id":"https:\/\/dlvradio.es\/#\/schema\/logo\/image\/"},"sameAs":["https:\/\/www.facebook.com\/RadioDLVradio\/","https:\/\/x.com\/RadioDlvradio","https:\/\/www.instagram.com\/radiodlvradio\/"]},{"@type":"Person","@id":"https:\/\/dlvradio.es\/#\/schema\/person\/7d533f9f89b13e3a3f2ba7f67d6412de","name":"DLV RADIO","sameAs":["https:\/\/dlvradio.es"]}]}},"_links":{"self":[{"href":"https:\/\/dlvradio.es\/en\/wp-json\/wp\/v2\/posts\/72255","targetHints":{"allow":["GET"]}}],"collection":[{"href":"https:\/\/dlvradio.es\/en\/wp-json\/wp\/v2\/posts"}],"about":[{"href":"https:\/\/dlvradio.es\/en\/wp-json\/wp\/v2\/types\/post"}],"author":[{"embeddable":true,"href":"https:\/\/dlvradio.es\/en\/wp-json\/wp\/v2\/users\/4"}],"replies":[{"embeddable":true,"href":"https:\/\/dlvradio.es\/en\/wp-json\/wp\/v2\/comments?post=72255"}],"version-history":[{"count":0,"href":"https:\/\/dlvradio.es\/en\/wp-json\/wp\/v2\/posts\/72255\/revisions"}],"wp:featuredmedia":[{"embeddable":true,"href":"https:\/\/dlvradio.es\/en\/wp-json\/wp\/v2\/media\/72256"}],"wp:attachment":[{"href":"https:\/\/dlvradio.es\/en\/wp-json\/wp\/v2\/media?parent=72255"}],"wp:term":[{"taxonomy":"category","embeddable":true,"href":"https:\/\/dlvradio.es\/en\/wp-json\/wp\/v2\/categories?post=72255"},{"taxonomy":"post_tag","embeddable":true,"href":"https:\/\/dlvradio.es\/en\/wp-json\/wp\/v2\/tags?post=72255"}],"curies":[{"name":"wp","href":"https:\/\/api.w.org\/{rel}","templated":true}]}}