{"id":72257,"date":"2023-10-10T11:13:50","date_gmt":"2023-10-10T09:13:50","guid":{"rendered":"https:\/\/dlvradio.es\/rueda-de-prensa-posterior-al-consejo-de-ministros-10-10-2023\/"},"modified":"2023-10-10T11:13:50","modified_gmt":"2023-10-10T09:13:50","slug":"rueda-de-prensa-posterior-al-consejo-de-ministros-10-10-2023","status":"publish","type":"post","link":"https:\/\/dlvradio.es\/en\/rueda-de-prensa-posterior-al-consejo-de-ministros-10-10-2023\/","title":{"rendered":"Rueda de prensa posterior al Consejo de Ministros \u2013 10.10.2023"},"content":{"rendered":"<iframe src=\"https:\/\/www.ivoox.com\/player_ej_117488849_6_1.html?c1=0ebeb7\" width=\"100%\" height=\"200\" frameborder=\"0\" allowfullscreen=\"\" scrolling=\"no\" loading=\"lazy\"><\/iframe>\n\n\n<p><img decoding=\"async\" class=\"alignleft wp-image-12034 size-thumbnail\" src=\"https:\/\/dlvradio.es\/wp-content\/uploads\/2023\/10\/www.dlvradio.es-5-150x150.png\" alt=\"\" width=\"150\" height=\"150\" \/>Os dejamos el audio de la rueda posterior al Consejo de Ministros, en la que la ministra portavoz del Gobierno en funciones, <strong>Isabel Rodriguez<\/strong>, comparece junto al ministro de la Presidencia, Relaciones con las Cortes y Memoria Democr\u00e1tica , <strong>Felix Bola\u00f1os<\/strong>, para explicar dichos acuerdos.<\/p>\n<p>El gobierno va a presentar un recurso de inconstitucionalidad contra la Xunta de Galicia por invadir competencias exclusivas del Gobierno de Espa\u00f1a.<\/p>\n<p>Se han firmado seis convenios con Comunidades aut\u00f3nomas entre el Ministerio de Defensa y Educaci\u00f3n, con las comunidades aut\u00f3nomas de Castilla la Mancha, Galicia, Arag\u00f3n, Madrid, Murcia y Castilla y Le\u00f3n. El convenio es para impartir clase de formaci\u00f3n profesional en los centros docentes militares.<\/p>","protected":false},"excerpt":{"rendered":"<p>Os dejamos el audio de la rueda posterior al Consejo de Ministros, en la que la ministra portavoz del Gobierno en funciones, Isabel Rodr\u00edguez, comparece junto al ministro de la Presidencia, Relaciones con las Cortes y Memoria Democr\u00e1tica , F\u00e9lix Bola\u00f1os, para explicar dichos acuerdos. El gobierno va a presentar un recurso de inconstitucionalidad contra [&hellip;]<\/p>\n","protected":false},"author":4,"featured_media":72258,"comment_status":"open","ping_status":"open","sticky":false,"template":"","format":"standard","meta":{"_acf_changed":false,"footnotes":""},"categories":[2465],"tags":[2584],"class_list":["post-72257","post","type-post","status-publish","format-standard","has-post-thumbnail","hentry","category-informativos","tag-gobierno-espana"],"acf":[],"yoast_head":"<!-- This site is optimized with the Yoast SEO plugin v27.4 - https:\/\/yoast.com\/product\/yoast-seo-wordpress\/ -->\n<title>Rueda de prensa posterior al Consejo de Ministros \u2013 10.10.2023 - DLVRADIO<\/title>\n<meta name=\"description\" content=\"Os dejamos el audio de la rueda posterior al Consejo de Ministros, en la que la ministra portavoz del Gobierno en funciones, Isabel Rodr\u00edguez, comparece\" \/>\n<meta name=\"robots\" content=\"index, follow, max-snippet:-1, max-image-preview:large, max-video-preview:-1\" \/>\n<link rel=\"canonical\" href=\"https:\/\/dlvradio.es\/en\/rueda-de-prensa-posterior-al-consejo-de-ministros-10-10-2023\/\" \/>\n<meta property=\"og:locale\" content=\"en_US\" \/>\n<meta property=\"og:type\" content=\"article\" \/>\n<meta property=\"og:title\" content=\"Rueda de prensa posterior al Consejo de Ministros \u2013 10.10.2023 - DLVRADIO\" \/>\n<meta property=\"og:description\" content=\"Os dejamos el audio de la rueda posterior al Consejo de Ministros, en la que la ministra portavoz del Gobierno en funciones, Isabel Rodr\u00edguez, comparece\" \/>\n<meta property=\"og:url\" content=\"https:\/\/dlvradio.es\/en\/rueda-de-prensa-posterior-al-consejo-de-ministros-10-10-2023\/\" \/>\n<meta property=\"og:site_name\" content=\"DLVRADIO\" \/>\n<meta property=\"article:publisher\" content=\"https:\/\/www.facebook.com\/RadioDLVradio\/\" \/>\n<meta property=\"article:published_time\" content=\"2023-10-10T09:13:50+00:00\" \/>\n<meta property=\"og:image\" content=\"https:\/\/dlvradio.es\/wp-content\/uploads\/2023\/10\/www.dlvradio.es-5.png\" \/>\n\t<meta property=\"og:image:width\" content=\"1500\" \/>\n\t<meta property=\"og:image:height\" content=\"1500\" \/>\n\t<meta property=\"og:image:type\" content=\"image\/png\" \/>\n<meta name=\"author\" content=\"DLV RADIO\" \/>\n<meta name=\"twitter:card\" content=\"summary_large_image\" \/>\n<meta name=\"twitter:creator\" content=\"@RadioDlvradio\" \/>\n<meta name=\"twitter:site\" content=\"@RadioDlvradio\" \/>\n<script type=\"application\/ld+json\" class=\"yoast-schema-graph\">{\"@context\":\"https:\\\/\\\/schema.org\",\"@graph\":[{\"@type\":\"Article\",\"@id\":\"https:\\\/\\\/dlvradio.es\\\/rueda-de-prensa-posterior-al-consejo-de-ministros-10-10-2023\\\/#article\",\"isPartOf\":{\"@id\":\"https:\\\/\\\/dlvradio.es\\\/rueda-de-prensa-posterior-al-consejo-de-ministros-10-10-2023\\\/\"},\"author\":{\"name\":\"DLV RADIO\",\"@id\":\"https:\\\/\\\/dlvradio.es\\\/#\\\/schema\\\/person\\\/7d533f9f89b13e3a3f2ba7f67d6412de\"},\"headline\":\"Rueda de prensa posterior al Consejo de Ministros \u2013 10.10.2023\",\"datePublished\":\"2023-10-10T09:13:50+00:00\",\"mainEntityOfPage\":{\"@id\":\"https:\\\/\\\/dlvradio.es\\\/rueda-de-prensa-posterior-al-consejo-de-ministros-10-10-2023\\\/\"},\"wordCount\":130,\"commentCount\":0,\"publisher\":{\"@id\":\"https:\\\/\\\/dlvradio.es\\\/#organization\"},\"image\":{\"@id\":\"https:\\\/\\\/dlvradio.es\\\/rueda-de-prensa-posterior-al-consejo-de-ministros-10-10-2023\\\/#primaryimage\"},\"thumbnailUrl\":\"https:\\\/\\\/dlvradio.es\\\/wp-content\\\/uploads\\\/2023\\\/10\\\/www.dlvradio.es-5.png\",\"keywords\":[\"gobierno espa\u00f1a\"],\"articleSection\":[\"Informativos\"],\"inLanguage\":\"en-US\"},{\"@type\":\"WebPage\",\"@id\":\"https:\\\/\\\/dlvradio.es\\\/rueda-de-prensa-posterior-al-consejo-de-ministros-10-10-2023\\\/\",\"url\":\"https:\\\/\\\/dlvradio.es\\\/rueda-de-prensa-posterior-al-consejo-de-ministros-10-10-2023\\\/\",\"name\":\"Rueda de prensa posterior al Consejo de Ministros \u2013 10.10.2023 - DLVRADIO\",\"isPartOf\":{\"@id\":\"https:\\\/\\\/dlvradio.es\\\/#website\"},\"primaryImageOfPage\":{\"@id\":\"https:\\\/\\\/dlvradio.es\\\/rueda-de-prensa-posterior-al-consejo-de-ministros-10-10-2023\\\/#primaryimage\"},\"image\":{\"@id\":\"https:\\\/\\\/dlvradio.es\\\/rueda-de-prensa-posterior-al-consejo-de-ministros-10-10-2023\\\/#primaryimage\"},\"thumbnailUrl\":\"https:\\\/\\\/dlvradio.es\\\/wp-content\\\/uploads\\\/2023\\\/10\\\/www.dlvradio.es-5.png\",\"datePublished\":\"2023-10-10T09:13:50+00:00\",\"description\":\"Os dejamos el audio de la rueda posterior al Consejo de Ministros, en la que la ministra portavoz del Gobierno en funciones, Isabel Rodr\u00edguez, comparece\",\"breadcrumb\":{\"@id\":\"https:\\\/\\\/dlvradio.es\\\/rueda-de-prensa-posterior-al-consejo-de-ministros-10-10-2023\\\/#breadcrumb\"},\"inLanguage\":\"en-US\",\"potentialAction\":[{\"@type\":\"ReadAction\",\"target\":[\"https:\\\/\\\/dlvradio.es\\\/rueda-de-prensa-posterior-al-consejo-de-ministros-10-10-2023\\\/\"]}]},{\"@type\":\"ImageObject\",\"inLanguage\":\"en-US\",\"@id\":\"https:\\\/\\\/dlvradio.es\\\/rueda-de-prensa-posterior-al-consejo-de-ministros-10-10-2023\\\/#primaryimage\",\"url\":\"https:\\\/\\\/dlvradio.es\\\/wp-content\\\/uploads\\\/2023\\\/10\\\/www.dlvradio.es-5.png\",\"contentUrl\":\"https:\\\/\\\/dlvradio.es\\\/wp-content\\\/uploads\\\/2023\\\/10\\\/www.dlvradio.es-5.png\",\"width\":1500,\"height\":1500,\"caption\":\"www.dlvradio.es (5)\"},{\"@type\":\"BreadcrumbList\",\"@id\":\"https:\\\/\\\/dlvradio.es\\\/rueda-de-prensa-posterior-al-consejo-de-ministros-10-10-2023\\\/#breadcrumb\",\"itemListElement\":[{\"@type\":\"ListItem\",\"position\":1,\"name\":\"Inicio\",\"item\":\"https:\\\/\\\/dlvradio.es\\\/\"},{\"@type\":\"ListItem\",\"position\":2,\"name\":\"Rueda de prensa posterior al Consejo de Ministros \u2013 10.10.2023\"}]},{\"@type\":\"WebSite\",\"@id\":\"https:\\\/\\\/dlvradio.es\\\/#website\",\"url\":\"https:\\\/\\\/dlvradio.es\\\/\",\"name\":\"DLVRADIO\",\"description\":\"Somos un medio de comunicaci\u00f3n alternativo a los medios tradicionales\",\"publisher\":{\"@id\":\"https:\\\/\\\/dlvradio.es\\\/#organization\"},\"potentialAction\":[{\"@type\":\"SearchAction\",\"target\":{\"@type\":\"EntryPoint\",\"urlTemplate\":\"https:\\\/\\\/dlvradio.es\\\/?s={search_term_string}\"},\"query-input\":{\"@type\":\"PropertyValueSpecification\",\"valueRequired\":true,\"valueName\":\"search_term_string\"}}],\"inLanguage\":\"en-US\"},{\"@type\":\"Organization\",\"@id\":\"https:\\\/\\\/dlvradio.es\\\/#organization\",\"name\":\"DLVRADIO\",\"url\":\"https:\\\/\\\/dlvradio.es\\\/\",\"logo\":{\"@type\":\"ImageObject\",\"inLanguage\":\"en-US\",\"@id\":\"https:\\\/\\\/dlvradio.es\\\/#\\\/schema\\\/logo\\\/image\\\/\",\"url\":\"\",\"contentUrl\":\"\",\"caption\":\"DLVRADIO\"},\"image\":{\"@id\":\"https:\\\/\\\/dlvradio.es\\\/#\\\/schema\\\/logo\\\/image\\\/\"},\"sameAs\":[\"https:\\\/\\\/www.facebook.com\\\/RadioDLVradio\\\/\",\"https:\\\/\\\/x.com\\\/RadioDlvradio\",\"https:\\\/\\\/www.instagram.com\\\/radiodlvradio\\\/\"]},{\"@type\":\"Person\",\"@id\":\"https:\\\/\\\/dlvradio.es\\\/#\\\/schema\\\/person\\\/7d533f9f89b13e3a3f2ba7f67d6412de\",\"name\":\"DLV RADIO\",\"sameAs\":[\"https:\\\/\\\/dlvradio.es\"]}]}<\/script>\n<!-- \/ Yoast SEO plugin. -->","yoast_head_json":{"title":"Rueda de prensa posterior al Consejo de Ministros \u2013 10.10.2023 - DLVRADIO","description":"Os dejamos el audio de la rueda posterior al Consejo de Ministros, en la que la ministra portavoz del Gobierno en funciones, Isabel Rodr\u00edguez, comparece","robots":{"index":"index","follow":"follow","max-snippet":"max-snippet:-1","max-image-preview":"max-image-preview:large","max-video-preview":"max-video-preview:-1"},"canonical":"https:\/\/dlvradio.es\/en\/rueda-de-prensa-posterior-al-consejo-de-ministros-10-10-2023\/","og_locale":"en_US","og_type":"article","og_title":"Rueda de prensa posterior al Consejo de Ministros \u2013 10.10.2023 - DLVRADIO","og_description":"Os dejamos el audio de la rueda posterior al Consejo de Ministros, en la que la ministra portavoz del Gobierno en funciones, Isabel Rodr\u00edguez, comparece","og_url":"https:\/\/dlvradio.es\/en\/rueda-de-prensa-posterior-al-consejo-de-ministros-10-10-2023\/","og_site_name":"DLVRADIO","article_publisher":"https:\/\/www.facebook.com\/RadioDLVradio\/","article_published_time":"2023-10-10T09:13:50+00:00","og_image":[{"width":1500,"height":1500,"url":"https:\/\/dlvradio.es\/wp-content\/uploads\/2023\/10\/www.dlvradio.es-5.png","type":"image\/png"}],"author":"DLV RADIO","twitter_card":"summary_large_image","twitter_creator":"@RadioDlvradio","twitter_site":"@RadioDlvradio","schema":{"@context":"https:\/\/schema.org","@graph":[{"@type":"Article","@id":"https:\/\/dlvradio.es\/rueda-de-prensa-posterior-al-consejo-de-ministros-10-10-2023\/#article","isPartOf":{"@id":"https:\/\/dlvradio.es\/rueda-de-prensa-posterior-al-consejo-de-ministros-10-10-2023\/"},"author":{"name":"DLV RADIO","@id":"https:\/\/dlvradio.es\/#\/schema\/person\/7d533f9f89b13e3a3f2ba7f67d6412de"},"headline":"Rueda de prensa posterior al Consejo de Ministros \u2013 10.10.2023","datePublished":"2023-10-10T09:13:50+00:00","mainEntityOfPage":{"@id":"https:\/\/dlvradio.es\/rueda-de-prensa-posterior-al-consejo-de-ministros-10-10-2023\/"},"wordCount":130,"commentCount":0,"publisher":{"@id":"https:\/\/dlvradio.es\/#organization"},"image":{"@id":"https:\/\/dlvradio.es\/rueda-de-prensa-posterior-al-consejo-de-ministros-10-10-2023\/#primaryimage"},"thumbnailUrl":"https:\/\/dlvradio.es\/wp-content\/uploads\/2023\/10\/www.dlvradio.es-5.png","keywords":["gobierno espa\u00f1a"],"articleSection":["Informativos"],"inLanguage":"en-US"},{"@type":"WebPage","@id":"https:\/\/dlvradio.es\/rueda-de-prensa-posterior-al-consejo-de-ministros-10-10-2023\/","url":"https:\/\/dlvradio.es\/rueda-de-prensa-posterior-al-consejo-de-ministros-10-10-2023\/","name":"Rueda de prensa posterior al Consejo de Ministros \u2013 10.10.2023 - DLVRADIO","isPartOf":{"@id":"https:\/\/dlvradio.es\/#website"},"primaryImageOfPage":{"@id":"https:\/\/dlvradio.es\/rueda-de-prensa-posterior-al-consejo-de-ministros-10-10-2023\/#primaryimage"},"image":{"@id":"https:\/\/dlvradio.es\/rueda-de-prensa-posterior-al-consejo-de-ministros-10-10-2023\/#primaryimage"},"thumbnailUrl":"https:\/\/dlvradio.es\/wp-content\/uploads\/2023\/10\/www.dlvradio.es-5.png","datePublished":"2023-10-10T09:13:50+00:00","description":"Os dejamos el audio de la rueda posterior al Consejo de Ministros, en la que la ministra portavoz del Gobierno en funciones, Isabel Rodr\u00edguez, comparece","breadcrumb":{"@id":"https:\/\/dlvradio.es\/rueda-de-prensa-posterior-al-consejo-de-ministros-10-10-2023\/#breadcrumb"},"inLanguage":"en-US","potentialAction":[{"@type":"ReadAction","target":["https:\/\/dlvradio.es\/rueda-de-prensa-posterior-al-consejo-de-ministros-10-10-2023\/"]}]},{"@type":"ImageObject","inLanguage":"en-US","@id":"https:\/\/dlvradio.es\/rueda-de-prensa-posterior-al-consejo-de-ministros-10-10-2023\/#primaryimage","url":"https:\/\/dlvradio.es\/wp-content\/uploads\/2023\/10\/www.dlvradio.es-5.png","contentUrl":"https:\/\/dlvradio.es\/wp-content\/uploads\/2023\/10\/www.dlvradio.es-5.png","width":1500,"height":1500,"caption":"www.dlvradio.es (5)"},{"@type":"BreadcrumbList","@id":"https:\/\/dlvradio.es\/rueda-de-prensa-posterior-al-consejo-de-ministros-10-10-2023\/#breadcrumb","itemListElement":[{"@type":"ListItem","position":1,"name":"Inicio","item":"https:\/\/dlvradio.es\/"},{"@type":"ListItem","position":2,"name":"Rueda de prensa posterior al Consejo de Ministros \u2013 10.10.2023"}]},{"@type":"WebSite","@id":"https:\/\/dlvradio.es\/#website","url":"https:\/\/dlvradio.es\/","name":"DLVRADIO","description":"We are an alternative media to traditional media","publisher":{"@id":"https:\/\/dlvradio.es\/#organization"},"potentialAction":[{"@type":"SearchAction","target":{"@type":"EntryPoint","urlTemplate":"https:\/\/dlvradio.es\/?s={search_term_string}"},"query-input":{"@type":"PropertyValueSpecification","valueRequired":true,"valueName":"search_term_string"}}],"inLanguage":"en-US"},{"@type":"Organization","@id":"https:\/\/dlvradio.es\/#organization","name":"DLVRADIO","url":"https:\/\/dlvradio.es\/","logo":{"@type":"ImageObject","inLanguage":"en-US","@id":"https:\/\/dlvradio.es\/#\/schema\/logo\/image\/","url":"","contentUrl":"","caption":"DLVRADIO"},"image":{"@id":"https:\/\/dlvradio.es\/#\/schema\/logo\/image\/"},"sameAs":["https:\/\/www.facebook.com\/RadioDLVradio\/","https:\/\/x.com\/RadioDlvradio","https:\/\/www.instagram.com\/radiodlvradio\/"]},{"@type":"Person","@id":"https:\/\/dlvradio.es\/#\/schema\/person\/7d533f9f89b13e3a3f2ba7f67d6412de","name":"DLV RADIO","sameAs":["https:\/\/dlvradio.es"]}]}},"_links":{"self":[{"href":"https:\/\/dlvradio.es\/en\/wp-json\/wp\/v2\/posts\/72257","targetHints":{"allow":["GET"]}}],"collection":[{"href":"https:\/\/dlvradio.es\/en\/wp-json\/wp\/v2\/posts"}],"about":[{"href":"https:\/\/dlvradio.es\/en\/wp-json\/wp\/v2\/types\/post"}],"author":[{"embeddable":true,"href":"https:\/\/dlvradio.es\/en\/wp-json\/wp\/v2\/users\/4"}],"replies":[{"embeddable":true,"href":"https:\/\/dlvradio.es\/en\/wp-json\/wp\/v2\/comments?post=72257"}],"version-history":[{"count":0,"href":"https:\/\/dlvradio.es\/en\/wp-json\/wp\/v2\/posts\/72257\/revisions"}],"wp:featuredmedia":[{"embeddable":true,"href":"https:\/\/dlvradio.es\/en\/wp-json\/wp\/v2\/media\/72258"}],"wp:attachment":[{"href":"https:\/\/dlvradio.es\/en\/wp-json\/wp\/v2\/media?parent=72257"}],"wp:term":[{"taxonomy":"category","embeddable":true,"href":"https:\/\/dlvradio.es\/en\/wp-json\/wp\/v2\/categories?post=72257"},{"taxonomy":"post_tag","embeddable":true,"href":"https:\/\/dlvradio.es\/en\/wp-json\/wp\/v2\/tags?post=72257"}],"curies":[{"name":"wp","href":"https:\/\/api.w.org\/{rel}","templated":true}]}}