{"id":72265,"date":"2023-10-17T12:33:22","date_gmt":"2023-10-17T10:33:22","guid":{"rendered":"https:\/\/dlvradio.es\/rueda-de-prensa-posterior-al-consejo-de-ministros-17-10-2023\/"},"modified":"2023-10-17T12:33:22","modified_gmt":"2023-10-17T10:33:22","slug":"rueda-de-prensa-posterior-al-consejo-de-ministros-17-10-2023","status":"publish","type":"post","link":"https:\/\/dlvradio.es\/en\/rueda-de-prensa-posterior-al-consejo-de-ministros-17-10-2023\/","title":{"rendered":"Rueda de prensa posterior al Consejo de Ministros \u2013 17.10.2023"},"content":{"rendered":"<iframe src=\"https:\/\/widget.spreaker.com\/player?episode_id=57269715&#038;theme=light&#038;playlist=false&#038;playlist-continuous=false&#038;chapters-image=true&#038;episode_image_position=right&#038;hide-logo=false&#038;hide-likes=false&#038;hide-comments=false&#038;hide-sharing=false&#038;hide-download=true\" width=\"100%\" height=\"200px\" frameborder=\"0\"><\/iframe>\n\n\n<p><img decoding=\"async\" class=\"alignleft wp-image-12055 size-thumbnail\" src=\"https:\/\/dlvradio.es\/wp-content\/uploads\/2023\/10\/www.dlvradio.es_-8-150x150.png\" alt=\"\" width=\"150\" height=\"150\" \/>Os dejamos el audio de la rueda de prensa posterior al Consejo de Ministros en funciones. En la que la ministra Portavoz en funciones, <strong>Isabel Rodriguez<\/strong>, ha comparecido junto al ministro de Exteriores, <strong>Jose Manuel Albares<\/strong>.<\/p>\n<p>Entre las medidas aprobadas est\u00e1n:<\/p>\n<p>Medidas para flexibilizar las ayudas al campo especialmente al sector hortofrut\u00edcola y vin\u00edcola de Espa\u00f1a. Ayudas de flexibilizaci\u00f3n a las obras que han realizado en las bodegas.<\/p>\n<p>En la pesca se ha aprobado la adaptaci\u00f3n de la normativa estatal a la europea, especialmente a la del nuevo fondo mar\u00edtimo de pesca.<\/p>\n<p>El ministro de exteriores hace un balance de la presidencia de Espa\u00f1a a la mitad ya de su mandato.<\/p>","protected":false},"excerpt":{"rendered":"<p>Os dejamos el audio de la rueda de prensa posterior al Consejo de Ministros en funciones. En la que la ministra Portavoz en funciones, Isabel Rodr\u00edguez, ha comparecido junto al ministro de Exteriores, Jos\u00e9 Manuel Albares. Entre las medidas aprobadas est\u00e1n: Medidas para flexibilizar las ayudas al campo especialmente al sector hortofrut\u00edcola y vin\u00edcola de [&hellip;]<\/p>\n","protected":false},"author":4,"featured_media":72266,"comment_status":"open","ping_status":"open","sticky":false,"template":"","format":"standard","meta":{"_acf_changed":false,"footnotes":""},"categories":[2465],"tags":[2466],"class_list":["post-72265","post","type-post","status-publish","format-standard","has-post-thumbnail","hentry","category-informativos","tag-espana"],"acf":[],"yoast_head":"<!-- This site is optimized with the Yoast SEO plugin v27.4 - https:\/\/yoast.com\/product\/yoast-seo-wordpress\/ -->\n<title>Rueda de prensa posterior al Consejo de Ministros \u2013 17.10.2023 - DLVRADIO<\/title>\n<meta name=\"description\" content=\"Os dejamos el audio de la rueda de prensa posterior al Consejo de Ministros en funciones. En la que la ministra Portavoz en funciones, Isabel Rodr\u00edguez,\" \/>\n<meta name=\"robots\" content=\"index, follow, max-snippet:-1, max-image-preview:large, max-video-preview:-1\" \/>\n<link rel=\"canonical\" href=\"https:\/\/dlvradio.es\/en\/rueda-de-prensa-posterior-al-consejo-de-ministros-17-10-2023\/\" \/>\n<meta property=\"og:locale\" content=\"en_US\" \/>\n<meta property=\"og:type\" content=\"article\" \/>\n<meta property=\"og:title\" content=\"Rueda de prensa posterior al Consejo de Ministros \u2013 17.10.2023 - DLVRADIO\" \/>\n<meta property=\"og:description\" content=\"Os dejamos el audio de la rueda de prensa posterior al Consejo de Ministros en funciones. En la que la ministra Portavoz en funciones, Isabel Rodr\u00edguez,\" \/>\n<meta property=\"og:url\" content=\"https:\/\/dlvradio.es\/en\/rueda-de-prensa-posterior-al-consejo-de-ministros-17-10-2023\/\" \/>\n<meta property=\"og:site_name\" content=\"DLVRADIO\" \/>\n<meta property=\"article:publisher\" content=\"https:\/\/www.facebook.com\/RadioDLVradio\/\" \/>\n<meta property=\"article:published_time\" content=\"2023-10-17T10:33:22+00:00\" \/>\n<meta property=\"og:image\" content=\"https:\/\/dlvradio.es\/wp-content\/uploads\/2023\/10\/www.dlvradio.es_-8.png\" \/>\n\t<meta property=\"og:image:width\" content=\"1500\" \/>\n\t<meta property=\"og:image:height\" content=\"1500\" \/>\n\t<meta property=\"og:image:type\" content=\"image\/png\" \/>\n<meta name=\"author\" content=\"DLV RADIO\" \/>\n<meta name=\"twitter:card\" content=\"summary_large_image\" \/>\n<meta name=\"twitter:creator\" content=\"@RadioDlvradio\" \/>\n<meta name=\"twitter:site\" content=\"@RadioDlvradio\" \/>\n<script type=\"application\/ld+json\" class=\"yoast-schema-graph\">{\"@context\":\"https:\\\/\\\/schema.org\",\"@graph\":[{\"@type\":\"Article\",\"@id\":\"https:\\\/\\\/dlvradio.es\\\/rueda-de-prensa-posterior-al-consejo-de-ministros-17-10-2023\\\/#article\",\"isPartOf\":{\"@id\":\"https:\\\/\\\/dlvradio.es\\\/rueda-de-prensa-posterior-al-consejo-de-ministros-17-10-2023\\\/\"},\"author\":{\"name\":\"DLV RADIO\",\"@id\":\"https:\\\/\\\/dlvradio.es\\\/#\\\/schema\\\/person\\\/7d533f9f89b13e3a3f2ba7f67d6412de\"},\"headline\":\"Rueda de prensa posterior al Consejo de Ministros \u2013 17.10.2023\",\"datePublished\":\"2023-10-17T10:33:22+00:00\",\"mainEntityOfPage\":{\"@id\":\"https:\\\/\\\/dlvradio.es\\\/rueda-de-prensa-posterior-al-consejo-de-ministros-17-10-2023\\\/\"},\"wordCount\":128,\"commentCount\":0,\"publisher\":{\"@id\":\"https:\\\/\\\/dlvradio.es\\\/#organization\"},\"image\":{\"@id\":\"https:\\\/\\\/dlvradio.es\\\/rueda-de-prensa-posterior-al-consejo-de-ministros-17-10-2023\\\/#primaryimage\"},\"thumbnailUrl\":\"https:\\\/\\\/dlvradio.es\\\/wp-content\\\/uploads\\\/2023\\\/10\\\/www.dlvradio.es_-8.png\",\"keywords\":[\"Espa\u00f1a\"],\"articleSection\":[\"Informativos\"],\"inLanguage\":\"en-US\"},{\"@type\":\"WebPage\",\"@id\":\"https:\\\/\\\/dlvradio.es\\\/rueda-de-prensa-posterior-al-consejo-de-ministros-17-10-2023\\\/\",\"url\":\"https:\\\/\\\/dlvradio.es\\\/rueda-de-prensa-posterior-al-consejo-de-ministros-17-10-2023\\\/\",\"name\":\"Rueda de prensa posterior al Consejo de Ministros \u2013 17.10.2023 - DLVRADIO\",\"isPartOf\":{\"@id\":\"https:\\\/\\\/dlvradio.es\\\/#website\"},\"primaryImageOfPage\":{\"@id\":\"https:\\\/\\\/dlvradio.es\\\/rueda-de-prensa-posterior-al-consejo-de-ministros-17-10-2023\\\/#primaryimage\"},\"image\":{\"@id\":\"https:\\\/\\\/dlvradio.es\\\/rueda-de-prensa-posterior-al-consejo-de-ministros-17-10-2023\\\/#primaryimage\"},\"thumbnailUrl\":\"https:\\\/\\\/dlvradio.es\\\/wp-content\\\/uploads\\\/2023\\\/10\\\/www.dlvradio.es_-8.png\",\"datePublished\":\"2023-10-17T10:33:22+00:00\",\"description\":\"Os dejamos el audio de la rueda de prensa posterior al Consejo de Ministros en funciones. En la que la ministra Portavoz en funciones, Isabel Rodr\u00edguez,\",\"breadcrumb\":{\"@id\":\"https:\\\/\\\/dlvradio.es\\\/rueda-de-prensa-posterior-al-consejo-de-ministros-17-10-2023\\\/#breadcrumb\"},\"inLanguage\":\"en-US\",\"potentialAction\":[{\"@type\":\"ReadAction\",\"target\":[\"https:\\\/\\\/dlvradio.es\\\/rueda-de-prensa-posterior-al-consejo-de-ministros-17-10-2023\\\/\"]}]},{\"@type\":\"ImageObject\",\"inLanguage\":\"en-US\",\"@id\":\"https:\\\/\\\/dlvradio.es\\\/rueda-de-prensa-posterior-al-consejo-de-ministros-17-10-2023\\\/#primaryimage\",\"url\":\"https:\\\/\\\/dlvradio.es\\\/wp-content\\\/uploads\\\/2023\\\/10\\\/www.dlvradio.es_-8.png\",\"contentUrl\":\"https:\\\/\\\/dlvradio.es\\\/wp-content\\\/uploads\\\/2023\\\/10\\\/www.dlvradio.es_-8.png\",\"width\":1500,\"height\":1500,\"caption\":\"www.dlvradio.es\"},{\"@type\":\"BreadcrumbList\",\"@id\":\"https:\\\/\\\/dlvradio.es\\\/rueda-de-prensa-posterior-al-consejo-de-ministros-17-10-2023\\\/#breadcrumb\",\"itemListElement\":[{\"@type\":\"ListItem\",\"position\":1,\"name\":\"Inicio\",\"item\":\"https:\\\/\\\/dlvradio.es\\\/\"},{\"@type\":\"ListItem\",\"position\":2,\"name\":\"Rueda de prensa posterior al Consejo de Ministros \u2013 17.10.2023\"}]},{\"@type\":\"WebSite\",\"@id\":\"https:\\\/\\\/dlvradio.es\\\/#website\",\"url\":\"https:\\\/\\\/dlvradio.es\\\/\",\"name\":\"DLVRADIO\",\"description\":\"Somos un medio de comunicaci\u00f3n alternativo a los medios tradicionales\",\"publisher\":{\"@id\":\"https:\\\/\\\/dlvradio.es\\\/#organization\"},\"potentialAction\":[{\"@type\":\"SearchAction\",\"target\":{\"@type\":\"EntryPoint\",\"urlTemplate\":\"https:\\\/\\\/dlvradio.es\\\/?s={search_term_string}\"},\"query-input\":{\"@type\":\"PropertyValueSpecification\",\"valueRequired\":true,\"valueName\":\"search_term_string\"}}],\"inLanguage\":\"en-US\"},{\"@type\":\"Organization\",\"@id\":\"https:\\\/\\\/dlvradio.es\\\/#organization\",\"name\":\"DLVRADIO\",\"url\":\"https:\\\/\\\/dlvradio.es\\\/\",\"logo\":{\"@type\":\"ImageObject\",\"inLanguage\":\"en-US\",\"@id\":\"https:\\\/\\\/dlvradio.es\\\/#\\\/schema\\\/logo\\\/image\\\/\",\"url\":\"\",\"contentUrl\":\"\",\"caption\":\"DLVRADIO\"},\"image\":{\"@id\":\"https:\\\/\\\/dlvradio.es\\\/#\\\/schema\\\/logo\\\/image\\\/\"},\"sameAs\":[\"https:\\\/\\\/www.facebook.com\\\/RadioDLVradio\\\/\",\"https:\\\/\\\/x.com\\\/RadioDlvradio\",\"https:\\\/\\\/www.instagram.com\\\/radiodlvradio\\\/\"]},{\"@type\":\"Person\",\"@id\":\"https:\\\/\\\/dlvradio.es\\\/#\\\/schema\\\/person\\\/7d533f9f89b13e3a3f2ba7f67d6412de\",\"name\":\"DLV RADIO\",\"sameAs\":[\"https:\\\/\\\/dlvradio.es\"]}]}<\/script>\n<!-- \/ Yoast SEO plugin. -->","yoast_head_json":{"title":"Rueda de prensa posterior al Consejo de Ministros \u2013 17.10.2023 - DLVRADIO","description":"Os dejamos el audio de la rueda de prensa posterior al Consejo de Ministros en funciones. En la que la ministra Portavoz en funciones, Isabel Rodr\u00edguez,","robots":{"index":"index","follow":"follow","max-snippet":"max-snippet:-1","max-image-preview":"max-image-preview:large","max-video-preview":"max-video-preview:-1"},"canonical":"https:\/\/dlvradio.es\/en\/rueda-de-prensa-posterior-al-consejo-de-ministros-17-10-2023\/","og_locale":"en_US","og_type":"article","og_title":"Rueda de prensa posterior al Consejo de Ministros \u2013 17.10.2023 - DLVRADIO","og_description":"Os dejamos el audio de la rueda de prensa posterior al Consejo de Ministros en funciones. En la que la ministra Portavoz en funciones, Isabel Rodr\u00edguez,","og_url":"https:\/\/dlvradio.es\/en\/rueda-de-prensa-posterior-al-consejo-de-ministros-17-10-2023\/","og_site_name":"DLVRADIO","article_publisher":"https:\/\/www.facebook.com\/RadioDLVradio\/","article_published_time":"2023-10-17T10:33:22+00:00","og_image":[{"width":1500,"height":1500,"url":"https:\/\/dlvradio.es\/wp-content\/uploads\/2023\/10\/www.dlvradio.es_-8.png","type":"image\/png"}],"author":"DLV RADIO","twitter_card":"summary_large_image","twitter_creator":"@RadioDlvradio","twitter_site":"@RadioDlvradio","schema":{"@context":"https:\/\/schema.org","@graph":[{"@type":"Article","@id":"https:\/\/dlvradio.es\/rueda-de-prensa-posterior-al-consejo-de-ministros-17-10-2023\/#article","isPartOf":{"@id":"https:\/\/dlvradio.es\/rueda-de-prensa-posterior-al-consejo-de-ministros-17-10-2023\/"},"author":{"name":"DLV RADIO","@id":"https:\/\/dlvradio.es\/#\/schema\/person\/7d533f9f89b13e3a3f2ba7f67d6412de"},"headline":"Rueda de prensa posterior al Consejo de Ministros \u2013 17.10.2023","datePublished":"2023-10-17T10:33:22+00:00","mainEntityOfPage":{"@id":"https:\/\/dlvradio.es\/rueda-de-prensa-posterior-al-consejo-de-ministros-17-10-2023\/"},"wordCount":128,"commentCount":0,"publisher":{"@id":"https:\/\/dlvradio.es\/#organization"},"image":{"@id":"https:\/\/dlvradio.es\/rueda-de-prensa-posterior-al-consejo-de-ministros-17-10-2023\/#primaryimage"},"thumbnailUrl":"https:\/\/dlvradio.es\/wp-content\/uploads\/2023\/10\/www.dlvradio.es_-8.png","keywords":["Espa\u00f1a"],"articleSection":["Informativos"],"inLanguage":"en-US"},{"@type":"WebPage","@id":"https:\/\/dlvradio.es\/rueda-de-prensa-posterior-al-consejo-de-ministros-17-10-2023\/","url":"https:\/\/dlvradio.es\/rueda-de-prensa-posterior-al-consejo-de-ministros-17-10-2023\/","name":"Rueda de prensa posterior al Consejo de Ministros \u2013 17.10.2023 - DLVRADIO","isPartOf":{"@id":"https:\/\/dlvradio.es\/#website"},"primaryImageOfPage":{"@id":"https:\/\/dlvradio.es\/rueda-de-prensa-posterior-al-consejo-de-ministros-17-10-2023\/#primaryimage"},"image":{"@id":"https:\/\/dlvradio.es\/rueda-de-prensa-posterior-al-consejo-de-ministros-17-10-2023\/#primaryimage"},"thumbnailUrl":"https:\/\/dlvradio.es\/wp-content\/uploads\/2023\/10\/www.dlvradio.es_-8.png","datePublished":"2023-10-17T10:33:22+00:00","description":"Os dejamos el audio de la rueda de prensa posterior al Consejo de Ministros en funciones. En la que la ministra Portavoz en funciones, Isabel Rodr\u00edguez,","breadcrumb":{"@id":"https:\/\/dlvradio.es\/rueda-de-prensa-posterior-al-consejo-de-ministros-17-10-2023\/#breadcrumb"},"inLanguage":"en-US","potentialAction":[{"@type":"ReadAction","target":["https:\/\/dlvradio.es\/rueda-de-prensa-posterior-al-consejo-de-ministros-17-10-2023\/"]}]},{"@type":"ImageObject","inLanguage":"en-US","@id":"https:\/\/dlvradio.es\/rueda-de-prensa-posterior-al-consejo-de-ministros-17-10-2023\/#primaryimage","url":"https:\/\/dlvradio.es\/wp-content\/uploads\/2023\/10\/www.dlvradio.es_-8.png","contentUrl":"https:\/\/dlvradio.es\/wp-content\/uploads\/2023\/10\/www.dlvradio.es_-8.png","width":1500,"height":1500,"caption":"www.dlvradio.es"},{"@type":"BreadcrumbList","@id":"https:\/\/dlvradio.es\/rueda-de-prensa-posterior-al-consejo-de-ministros-17-10-2023\/#breadcrumb","itemListElement":[{"@type":"ListItem","position":1,"name":"Inicio","item":"https:\/\/dlvradio.es\/"},{"@type":"ListItem","position":2,"name":"Rueda de prensa posterior al Consejo de Ministros \u2013 17.10.2023"}]},{"@type":"WebSite","@id":"https:\/\/dlvradio.es\/#website","url":"https:\/\/dlvradio.es\/","name":"DLVRADIO","description":"We are an alternative media to traditional media","publisher":{"@id":"https:\/\/dlvradio.es\/#organization"},"potentialAction":[{"@type":"SearchAction","target":{"@type":"EntryPoint","urlTemplate":"https:\/\/dlvradio.es\/?s={search_term_string}"},"query-input":{"@type":"PropertyValueSpecification","valueRequired":true,"valueName":"search_term_string"}}],"inLanguage":"en-US"},{"@type":"Organization","@id":"https:\/\/dlvradio.es\/#organization","name":"DLVRADIO","url":"https:\/\/dlvradio.es\/","logo":{"@type":"ImageObject","inLanguage":"en-US","@id":"https:\/\/dlvradio.es\/#\/schema\/logo\/image\/","url":"","contentUrl":"","caption":"DLVRADIO"},"image":{"@id":"https:\/\/dlvradio.es\/#\/schema\/logo\/image\/"},"sameAs":["https:\/\/www.facebook.com\/RadioDLVradio\/","https:\/\/x.com\/RadioDlvradio","https:\/\/www.instagram.com\/radiodlvradio\/"]},{"@type":"Person","@id":"https:\/\/dlvradio.es\/#\/schema\/person\/7d533f9f89b13e3a3f2ba7f67d6412de","name":"DLV RADIO","sameAs":["https:\/\/dlvradio.es"]}]}},"_links":{"self":[{"href":"https:\/\/dlvradio.es\/en\/wp-json\/wp\/v2\/posts\/72265","targetHints":{"allow":["GET"]}}],"collection":[{"href":"https:\/\/dlvradio.es\/en\/wp-json\/wp\/v2\/posts"}],"about":[{"href":"https:\/\/dlvradio.es\/en\/wp-json\/wp\/v2\/types\/post"}],"author":[{"embeddable":true,"href":"https:\/\/dlvradio.es\/en\/wp-json\/wp\/v2\/users\/4"}],"replies":[{"embeddable":true,"href":"https:\/\/dlvradio.es\/en\/wp-json\/wp\/v2\/comments?post=72265"}],"version-history":[{"count":0,"href":"https:\/\/dlvradio.es\/en\/wp-json\/wp\/v2\/posts\/72265\/revisions"}],"wp:featuredmedia":[{"embeddable":true,"href":"https:\/\/dlvradio.es\/en\/wp-json\/wp\/v2\/media\/72266"}],"wp:attachment":[{"href":"https:\/\/dlvradio.es\/en\/wp-json\/wp\/v2\/media?parent=72265"}],"wp:term":[{"taxonomy":"category","embeddable":true,"href":"https:\/\/dlvradio.es\/en\/wp-json\/wp\/v2\/categories?post=72265"},{"taxonomy":"post_tag","embeddable":true,"href":"https:\/\/dlvradio.es\/en\/wp-json\/wp\/v2\/tags?post=72265"}],"curies":[{"name":"wp","href":"https:\/\/api.w.org\/{rel}","templated":true}]}}