{"id":72451,"date":"2023-12-27T20:27:25","date_gmt":"2023-12-27T19:27:25","guid":{"rendered":"https:\/\/dlvradio.es\/desde-ecologistas-en-accion-rechazan-la-rebaja-de-proteccion-en-el-convenio-de-berna\/"},"modified":"2023-12-27T20:27:25","modified_gmt":"2023-12-27T19:27:25","slug":"desde-ecologistas-en-accion-rechazan-la-rebaja-de-proteccion-en-el-convenio-de-berna","status":"publish","type":"post","link":"https:\/\/dlvradio.es\/en\/desde-ecologistas-en-accion-rechazan-la-rebaja-de-proteccion-en-el-convenio-de-berna\/","title":{"rendered":"Desde Ecologistas en Acci\u00f3n, rechazan la rebaja de protecci\u00f3n en el Convenio de Berna"},"content":{"rendered":"<h6><strong><img decoding=\"async\" class=\"alignleft wp-image-12526 size-thumbnail\" src=\"https:\/\/dlvradio.es\/wp-content\/uploads\/2023\/12\/www.dlvradio.es_-6-150x150.png\" alt=\"\" width=\"150\" height=\"150\" \/>Ecologistas en Acci\u00f3n rechaza la propuesta de rebajar la protecci\u00f3n del lobo en el Convenio de Berna<\/strong><\/h6>\n<ul>\n<li><em>La organizaci\u00f3n ecologista expresa su rotundo desacuerdo con la propuesta de reducir el estatus de protecci\u00f3n del lobo en el marco del Convenio de Berna.<\/em><\/li>\n<li><em>Bas\u00e1ndose en evidencias cient\u00edficas, se considera prematura y que carece de justificaci\u00f3n suficiente.<\/em><\/li>\n<li><em>La necesidad de cualquier modificaci\u00f3n en la regulaci\u00f3n que afecte a esta o a cualquier otra especie debe apoyarse en datos cient\u00edficos s\u00f3lidos sobre distribuci\u00f3n, censo poblacional y mortalidad no natural, utilizando metodolog\u00edas uniformes en todos los Estados y regiones biogeogr\u00e1ficas de la Uni\u00f3n Europea.<\/em><\/li>\n<\/ul>\n<p>Ecologistas en Acci\u00f3n muestra su oposici\u00f3n a la propuesta de la Comisi\u00f3n Europea de rebajar la protecci\u00f3n del lobo. La organizaci\u00f3n ecologista considera que Bruselas se ha guiado por criterios pol\u00edticos y no cient\u00edficos al presentar esta iniciativa, que debe ser respaldada o no por los gobiernos de la Uni\u00f3n Europea.<\/p>\n<p>La inclusi\u00f3n del lobo en la Lista de Especies Silvestres en R\u00e9gimen de Protecci\u00f3n Especial (LESRE) en Espa\u00f1a est\u00e1 respaldada por una s\u00f3lida base legal, tanto a nivel nacional como internacional, que no se ve vinculada exclusivamente a los cambios de estatus en el Convenio de Berna. La Directiva H\u00e1bitats de la Uni\u00f3n Europea y la Ley 42\/2007 del Patrimonio Natural y de la Biodiversidad establecen un marco jur\u00eddico robusto para la conservaci\u00f3n de especies como el lobo, reconociendo su importancia ecol\u00f3gica y la necesidad de preservar su h\u00e1bitat en un estado favorable. Aunque el Convenio de Berna es relevante, su modificaci\u00f3n no implica una obligaci\u00f3n directa y excluyente para modificar el estatus de protecci\u00f3n nacional del lobo en Espa\u00f1a. La legislaci\u00f3n nacional e internacional establece claramente la responsabilidad de conservar esta especie y su h\u00e1bitat en consonancia con los principios de conservaci\u00f3n y sostenibilidad, independientemente de los cambios que pudieran darse en otros acuerdos internacionales como el Convenio de Berna.<\/p>\n<p>Ecologistas en Acci\u00f3n quiere enfatizar la importancia crucial del adecuado estado de conservaci\u00f3n de los grandes carn\u00edvoros, incluyendo al lobo, y destacar su papel estrat\u00e9gico en el mantenimiento del equilibrio ecosist\u00e9mico a nivel nacional, regional y europeo. Este equilibrio no solo salvaguarda la biodiversidad, sino que tambi\u00e9n act\u00faa como un pilar esencial en la protecci\u00f3n contra desequilibrios en las cadenas tr\u00f3ficas, evitando riesgos para la seguridad alimentaria, infraestructuras y reduciendo la incidencia de enfermedades ambientales y zoonosis.<\/p>\n<p>La organizaci\u00f3n ecologista recalca que el marco normativo, tanto a nivel comunitario como estatal, ya provee una base s\u00f3lida para la gesti\u00f3n de poblaciones de especies silvestres, incluyendo la posibilidad de extracciones selectivas basadas en evidencias cient\u00edficas. En aquellos Estados o regiones donde los datos armonizados metodol\u00f3gicamente demuestren la viabilidad de excepciones, los procedimientos normativos en la UE permiten establecer los mecanismos pertinentes para una gesti\u00f3n adecuada. Es importante subrayar que un cambio en el estatus de protecci\u00f3n no necesariamente mejora la gesti\u00f3n de la especie y, de hecho, podr\u00eda contrarrestar lo mencionado anteriormente.<\/p>\n<p>Ecologistas en Acci\u00f3n reitera su compromiso con la conservaci\u00f3n responsable de la biodiversidad, fundamentada en evidencias cient\u00edficas robustas y una gesti\u00f3n basada en dichas evidencias de las especies. La protecci\u00f3n del lobo y su h\u00e1bitat no solo responde a su valor intr\u00ednseco, sino que es crucial para salvaguardar la interacci\u00f3n arm\u00f3nica entre la naturaleza y las actividades humanas.<\/p>","protected":false},"excerpt":{"rendered":"<p>Ecologistas en Acci\u00f3n rechaza la propuesta de rebajar la protecci\u00f3n del lobo en el Convenio de Berna La organizaci\u00f3n ecologista expresa su rotundo desacuerdo con la propuesta de reducir el estatus de protecci\u00f3n del lobo en el marco del Convenio de Berna. Bas\u00e1ndose en evidencias cient\u00edficas, se considera prematura y que carece de justificaci\u00f3n suficiente. [&hellip;]<\/p>\n","protected":false},"author":4,"featured_media":72452,"comment_status":"open","ping_status":"open","sticky":false,"template":"","format":"standard","meta":{"_acf_changed":false,"footnotes":""},"categories":[2711,2465],"tags":[2478,2608],"class_list":["post-72451","post","type-post","status-publish","format-standard","has-post-thumbnail","hentry","category-emergencia-climatica","category-informativos","tag-ecologia","tag-union-europea"],"acf":[],"yoast_head":"<!-- This site is optimized with the Yoast SEO plugin v27.4 - https:\/\/yoast.com\/product\/yoast-seo-wordpress\/ -->\n<title>Desde Ecologistas en Acci\u00f3n, rechazan la rebaja de protecci\u00f3n en el Convenio de Berna - DLVRADIO<\/title>\n<meta name=\"description\" content=\"Ecologistas en Acci\u00f3n rechaza la propuesta de rebajar la protecci\u00f3n del lobo en el Convenio de Berna La organizaci\u00f3n ecologista expresa su rotundo\" \/>\n<meta name=\"robots\" content=\"index, follow, max-snippet:-1, max-image-preview:large, max-video-preview:-1\" \/>\n<link rel=\"canonical\" href=\"https:\/\/dlvradio.es\/en\/desde-ecologistas-en-accion-rechazan-la-rebaja-de-proteccion-en-el-convenio-de-berna\/\" \/>\n<meta property=\"og:locale\" content=\"en_US\" \/>\n<meta property=\"og:type\" content=\"article\" \/>\n<meta property=\"og:title\" content=\"Desde Ecologistas en Acci\u00f3n, rechazan la rebaja de protecci\u00f3n en el Convenio de Berna - DLVRADIO\" \/>\n<meta property=\"og:description\" content=\"Ecologistas en Acci\u00f3n rechaza la propuesta de rebajar la protecci\u00f3n del lobo en el Convenio de Berna La organizaci\u00f3n ecologista expresa su rotundo\" \/>\n<meta property=\"og:url\" content=\"https:\/\/dlvradio.es\/en\/desde-ecologistas-en-accion-rechazan-la-rebaja-de-proteccion-en-el-convenio-de-berna\/\" \/>\n<meta property=\"og:site_name\" content=\"DLVRADIO\" \/>\n<meta property=\"article:publisher\" content=\"https:\/\/www.facebook.com\/RadioDLVradio\/\" \/>\n<meta property=\"article:published_time\" content=\"2023-12-27T19:27:25+00:00\" \/>\n<meta property=\"og:image\" content=\"https:\/\/dlvradio.es\/wp-content\/uploads\/2023\/12\/www.dlvradio.es_-6-1024x1024.png\" \/>\n\t<meta property=\"og:image:width\" content=\"1024\" \/>\n\t<meta property=\"og:image:height\" content=\"1024\" \/>\n\t<meta property=\"og:image:type\" content=\"image\/png\" \/>\n<meta name=\"author\" content=\"DLV RADIO\" \/>\n<meta name=\"twitter:card\" content=\"summary_large_image\" \/>\n<meta name=\"twitter:creator\" content=\"@RadioDlvradio\" \/>\n<meta name=\"twitter:site\" content=\"@RadioDlvradio\" \/>\n<script type=\"application\/ld+json\" class=\"yoast-schema-graph\">{\"@context\":\"https:\\\/\\\/schema.org\",\"@graph\":[{\"@type\":\"Article\",\"@id\":\"https:\\\/\\\/dlvradio.es\\\/desde-ecologistas-en-accion-rechazan-la-rebaja-de-proteccion-en-el-convenio-de-berna\\\/#article\",\"isPartOf\":{\"@id\":\"https:\\\/\\\/dlvradio.es\\\/desde-ecologistas-en-accion-rechazan-la-rebaja-de-proteccion-en-el-convenio-de-berna\\\/\"},\"author\":{\"name\":\"DLV RADIO\",\"@id\":\"https:\\\/\\\/dlvradio.es\\\/#\\\/schema\\\/person\\\/7d533f9f89b13e3a3f2ba7f67d6412de\"},\"headline\":\"Desde Ecologistas en Acci\u00f3n, rechazan la rebaja de protecci\u00f3n en el Convenio de Berna\",\"datePublished\":\"2023-12-27T19:27:25+00:00\",\"mainEntityOfPage\":{\"@id\":\"https:\\\/\\\/dlvradio.es\\\/desde-ecologistas-en-accion-rechazan-la-rebaja-de-proteccion-en-el-convenio-de-berna\\\/\"},\"wordCount\":624,\"commentCount\":0,\"publisher\":{\"@id\":\"https:\\\/\\\/dlvradio.es\\\/#organization\"},\"image\":{\"@id\":\"https:\\\/\\\/dlvradio.es\\\/desde-ecologistas-en-accion-rechazan-la-rebaja-de-proteccion-en-el-convenio-de-berna\\\/#primaryimage\"},\"thumbnailUrl\":\"https:\\\/\\\/dlvradio.es\\\/wp-content\\\/uploads\\\/2023\\\/12\\\/www.dlvradio.es_-6.png\",\"keywords\":[\"ecolog\u00eda\",\"uni\u00f3n europea\"],\"articleSection\":[\"Emergencia clim\u00e1tica\",\"Informativos\"],\"inLanguage\":\"en-US\"},{\"@type\":\"WebPage\",\"@id\":\"https:\\\/\\\/dlvradio.es\\\/desde-ecologistas-en-accion-rechazan-la-rebaja-de-proteccion-en-el-convenio-de-berna\\\/\",\"url\":\"https:\\\/\\\/dlvradio.es\\\/desde-ecologistas-en-accion-rechazan-la-rebaja-de-proteccion-en-el-convenio-de-berna\\\/\",\"name\":\"Desde Ecologistas en Acci\u00f3n, rechazan la rebaja de protecci\u00f3n en el Convenio de Berna - DLVRADIO\",\"isPartOf\":{\"@id\":\"https:\\\/\\\/dlvradio.es\\\/#website\"},\"primaryImageOfPage\":{\"@id\":\"https:\\\/\\\/dlvradio.es\\\/desde-ecologistas-en-accion-rechazan-la-rebaja-de-proteccion-en-el-convenio-de-berna\\\/#primaryimage\"},\"image\":{\"@id\":\"https:\\\/\\\/dlvradio.es\\\/desde-ecologistas-en-accion-rechazan-la-rebaja-de-proteccion-en-el-convenio-de-berna\\\/#primaryimage\"},\"thumbnailUrl\":\"https:\\\/\\\/dlvradio.es\\\/wp-content\\\/uploads\\\/2023\\\/12\\\/www.dlvradio.es_-6.png\",\"datePublished\":\"2023-12-27T19:27:25+00:00\",\"description\":\"Ecologistas en Acci\u00f3n rechaza la propuesta de rebajar la protecci\u00f3n del lobo en el Convenio de Berna La organizaci\u00f3n ecologista expresa su rotundo\",\"breadcrumb\":{\"@id\":\"https:\\\/\\\/dlvradio.es\\\/desde-ecologistas-en-accion-rechazan-la-rebaja-de-proteccion-en-el-convenio-de-berna\\\/#breadcrumb\"},\"inLanguage\":\"en-US\",\"potentialAction\":[{\"@type\":\"ReadAction\",\"target\":[\"https:\\\/\\\/dlvradio.es\\\/desde-ecologistas-en-accion-rechazan-la-rebaja-de-proteccion-en-el-convenio-de-berna\\\/\"]}]},{\"@type\":\"ImageObject\",\"inLanguage\":\"en-US\",\"@id\":\"https:\\\/\\\/dlvradio.es\\\/desde-ecologistas-en-accion-rechazan-la-rebaja-de-proteccion-en-el-convenio-de-berna\\\/#primaryimage\",\"url\":\"https:\\\/\\\/dlvradio.es\\\/wp-content\\\/uploads\\\/2023\\\/12\\\/www.dlvradio.es_-6.png\",\"contentUrl\":\"https:\\\/\\\/dlvradio.es\\\/wp-content\\\/uploads\\\/2023\\\/12\\\/www.dlvradio.es_-6.png\",\"width\":1500,\"height\":1500,\"caption\":\"www.dlvradio.es\"},{\"@type\":\"BreadcrumbList\",\"@id\":\"https:\\\/\\\/dlvradio.es\\\/desde-ecologistas-en-accion-rechazan-la-rebaja-de-proteccion-en-el-convenio-de-berna\\\/#breadcrumb\",\"itemListElement\":[{\"@type\":\"ListItem\",\"position\":1,\"name\":\"Inicio\",\"item\":\"https:\\\/\\\/dlvradio.es\\\/\"},{\"@type\":\"ListItem\",\"position\":2,\"name\":\"Desde Ecologistas en Acci\u00f3n, rechazan la rebaja de protecci\u00f3n en el Convenio de Berna\"}]},{\"@type\":\"WebSite\",\"@id\":\"https:\\\/\\\/dlvradio.es\\\/#website\",\"url\":\"https:\\\/\\\/dlvradio.es\\\/\",\"name\":\"DLVRADIO\",\"description\":\"Somos un medio de comunicaci\u00f3n alternativo a los medios tradicionales\",\"publisher\":{\"@id\":\"https:\\\/\\\/dlvradio.es\\\/#organization\"},\"potentialAction\":[{\"@type\":\"SearchAction\",\"target\":{\"@type\":\"EntryPoint\",\"urlTemplate\":\"https:\\\/\\\/dlvradio.es\\\/?s={search_term_string}\"},\"query-input\":{\"@type\":\"PropertyValueSpecification\",\"valueRequired\":true,\"valueName\":\"search_term_string\"}}],\"inLanguage\":\"en-US\"},{\"@type\":\"Organization\",\"@id\":\"https:\\\/\\\/dlvradio.es\\\/#organization\",\"name\":\"DLVRADIO\",\"url\":\"https:\\\/\\\/dlvradio.es\\\/\",\"logo\":{\"@type\":\"ImageObject\",\"inLanguage\":\"en-US\",\"@id\":\"https:\\\/\\\/dlvradio.es\\\/#\\\/schema\\\/logo\\\/image\\\/\",\"url\":\"\",\"contentUrl\":\"\",\"caption\":\"DLVRADIO\"},\"image\":{\"@id\":\"https:\\\/\\\/dlvradio.es\\\/#\\\/schema\\\/logo\\\/image\\\/\"},\"sameAs\":[\"https:\\\/\\\/www.facebook.com\\\/RadioDLVradio\\\/\",\"https:\\\/\\\/x.com\\\/RadioDlvradio\",\"https:\\\/\\\/www.instagram.com\\\/radiodlvradio\\\/\"]},{\"@type\":\"Person\",\"@id\":\"https:\\\/\\\/dlvradio.es\\\/#\\\/schema\\\/person\\\/7d533f9f89b13e3a3f2ba7f67d6412de\",\"name\":\"DLV RADIO\",\"sameAs\":[\"https:\\\/\\\/dlvradio.es\"]}]}<\/script>\n<!-- \/ Yoast SEO plugin. -->","yoast_head_json":{"title":"Desde Ecologistas en Acci\u00f3n, rechazan la rebaja de protecci\u00f3n en el Convenio de Berna - DLVRADIO","description":"Ecologistas en Acci\u00f3n rechaza la propuesta de rebajar la protecci\u00f3n del lobo en el Convenio de Berna La organizaci\u00f3n ecologista expresa su rotundo","robots":{"index":"index","follow":"follow","max-snippet":"max-snippet:-1","max-image-preview":"max-image-preview:large","max-video-preview":"max-video-preview:-1"},"canonical":"https:\/\/dlvradio.es\/en\/desde-ecologistas-en-accion-rechazan-la-rebaja-de-proteccion-en-el-convenio-de-berna\/","og_locale":"en_US","og_type":"article","og_title":"Desde Ecologistas en Acci\u00f3n, rechazan la rebaja de protecci\u00f3n en el Convenio de Berna - DLVRADIO","og_description":"Ecologistas en Acci\u00f3n rechaza la propuesta de rebajar la protecci\u00f3n del lobo en el Convenio de Berna La organizaci\u00f3n ecologista expresa su rotundo","og_url":"https:\/\/dlvradio.es\/en\/desde-ecologistas-en-accion-rechazan-la-rebaja-de-proteccion-en-el-convenio-de-berna\/","og_site_name":"DLVRADIO","article_publisher":"https:\/\/www.facebook.com\/RadioDLVradio\/","article_published_time":"2023-12-27T19:27:25+00:00","og_image":[{"width":1024,"height":1024,"url":"https:\/\/dlvradio.es\/wp-content\/uploads\/2023\/12\/www.dlvradio.es_-6-1024x1024.png","type":"image\/png"}],"author":"DLV RADIO","twitter_card":"summary_large_image","twitter_creator":"@RadioDlvradio","twitter_site":"@RadioDlvradio","schema":{"@context":"https:\/\/schema.org","@graph":[{"@type":"Article","@id":"https:\/\/dlvradio.es\/desde-ecologistas-en-accion-rechazan-la-rebaja-de-proteccion-en-el-convenio-de-berna\/#article","isPartOf":{"@id":"https:\/\/dlvradio.es\/desde-ecologistas-en-accion-rechazan-la-rebaja-de-proteccion-en-el-convenio-de-berna\/"},"author":{"name":"DLV RADIO","@id":"https:\/\/dlvradio.es\/#\/schema\/person\/7d533f9f89b13e3a3f2ba7f67d6412de"},"headline":"Desde Ecologistas en Acci\u00f3n, rechazan la rebaja de protecci\u00f3n en el Convenio de Berna","datePublished":"2023-12-27T19:27:25+00:00","mainEntityOfPage":{"@id":"https:\/\/dlvradio.es\/desde-ecologistas-en-accion-rechazan-la-rebaja-de-proteccion-en-el-convenio-de-berna\/"},"wordCount":624,"commentCount":0,"publisher":{"@id":"https:\/\/dlvradio.es\/#organization"},"image":{"@id":"https:\/\/dlvradio.es\/desde-ecologistas-en-accion-rechazan-la-rebaja-de-proteccion-en-el-convenio-de-berna\/#primaryimage"},"thumbnailUrl":"https:\/\/dlvradio.es\/wp-content\/uploads\/2023\/12\/www.dlvradio.es_-6.png","keywords":["ecolog\u00eda","uni\u00f3n europea"],"articleSection":["Emergencia clim\u00e1tica","Informativos"],"inLanguage":"en-US"},{"@type":"WebPage","@id":"https:\/\/dlvradio.es\/desde-ecologistas-en-accion-rechazan-la-rebaja-de-proteccion-en-el-convenio-de-berna\/","url":"https:\/\/dlvradio.es\/desde-ecologistas-en-accion-rechazan-la-rebaja-de-proteccion-en-el-convenio-de-berna\/","name":"Desde Ecologistas en Acci\u00f3n, rechazan la rebaja de protecci\u00f3n en el Convenio de Berna - DLVRADIO","isPartOf":{"@id":"https:\/\/dlvradio.es\/#website"},"primaryImageOfPage":{"@id":"https:\/\/dlvradio.es\/desde-ecologistas-en-accion-rechazan-la-rebaja-de-proteccion-en-el-convenio-de-berna\/#primaryimage"},"image":{"@id":"https:\/\/dlvradio.es\/desde-ecologistas-en-accion-rechazan-la-rebaja-de-proteccion-en-el-convenio-de-berna\/#primaryimage"},"thumbnailUrl":"https:\/\/dlvradio.es\/wp-content\/uploads\/2023\/12\/www.dlvradio.es_-6.png","datePublished":"2023-12-27T19:27:25+00:00","description":"Ecologistas en Acci\u00f3n rechaza la propuesta de rebajar la protecci\u00f3n del lobo en el Convenio de Berna La organizaci\u00f3n ecologista expresa su rotundo","breadcrumb":{"@id":"https:\/\/dlvradio.es\/desde-ecologistas-en-accion-rechazan-la-rebaja-de-proteccion-en-el-convenio-de-berna\/#breadcrumb"},"inLanguage":"en-US","potentialAction":[{"@type":"ReadAction","target":["https:\/\/dlvradio.es\/desde-ecologistas-en-accion-rechazan-la-rebaja-de-proteccion-en-el-convenio-de-berna\/"]}]},{"@type":"ImageObject","inLanguage":"en-US","@id":"https:\/\/dlvradio.es\/desde-ecologistas-en-accion-rechazan-la-rebaja-de-proteccion-en-el-convenio-de-berna\/#primaryimage","url":"https:\/\/dlvradio.es\/wp-content\/uploads\/2023\/12\/www.dlvradio.es_-6.png","contentUrl":"https:\/\/dlvradio.es\/wp-content\/uploads\/2023\/12\/www.dlvradio.es_-6.png","width":1500,"height":1500,"caption":"www.dlvradio.es"},{"@type":"BreadcrumbList","@id":"https:\/\/dlvradio.es\/desde-ecologistas-en-accion-rechazan-la-rebaja-de-proteccion-en-el-convenio-de-berna\/#breadcrumb","itemListElement":[{"@type":"ListItem","position":1,"name":"Inicio","item":"https:\/\/dlvradio.es\/"},{"@type":"ListItem","position":2,"name":"Desde Ecologistas en Acci\u00f3n, rechazan la rebaja de protecci\u00f3n en el Convenio de Berna"}]},{"@type":"WebSite","@id":"https:\/\/dlvradio.es\/#website","url":"https:\/\/dlvradio.es\/","name":"DLVRADIO","description":"We are an alternative media to traditional media","publisher":{"@id":"https:\/\/dlvradio.es\/#organization"},"potentialAction":[{"@type":"SearchAction","target":{"@type":"EntryPoint","urlTemplate":"https:\/\/dlvradio.es\/?s={search_term_string}"},"query-input":{"@type":"PropertyValueSpecification","valueRequired":true,"valueName":"search_term_string"}}],"inLanguage":"en-US"},{"@type":"Organization","@id":"https:\/\/dlvradio.es\/#organization","name":"DLVRADIO","url":"https:\/\/dlvradio.es\/","logo":{"@type":"ImageObject","inLanguage":"en-US","@id":"https:\/\/dlvradio.es\/#\/schema\/logo\/image\/","url":"","contentUrl":"","caption":"DLVRADIO"},"image":{"@id":"https:\/\/dlvradio.es\/#\/schema\/logo\/image\/"},"sameAs":["https:\/\/www.facebook.com\/RadioDLVradio\/","https:\/\/x.com\/RadioDlvradio","https:\/\/www.instagram.com\/radiodlvradio\/"]},{"@type":"Person","@id":"https:\/\/dlvradio.es\/#\/schema\/person\/7d533f9f89b13e3a3f2ba7f67d6412de","name":"DLV RADIO","sameAs":["https:\/\/dlvradio.es"]}]}},"_links":{"self":[{"href":"https:\/\/dlvradio.es\/en\/wp-json\/wp\/v2\/posts\/72451","targetHints":{"allow":["GET"]}}],"collection":[{"href":"https:\/\/dlvradio.es\/en\/wp-json\/wp\/v2\/posts"}],"about":[{"href":"https:\/\/dlvradio.es\/en\/wp-json\/wp\/v2\/types\/post"}],"author":[{"embeddable":true,"href":"https:\/\/dlvradio.es\/en\/wp-json\/wp\/v2\/users\/4"}],"replies":[{"embeddable":true,"href":"https:\/\/dlvradio.es\/en\/wp-json\/wp\/v2\/comments?post=72451"}],"version-history":[{"count":0,"href":"https:\/\/dlvradio.es\/en\/wp-json\/wp\/v2\/posts\/72451\/revisions"}],"wp:featuredmedia":[{"embeddable":true,"href":"https:\/\/dlvradio.es\/en\/wp-json\/wp\/v2\/media\/72452"}],"wp:attachment":[{"href":"https:\/\/dlvradio.es\/en\/wp-json\/wp\/v2\/media?parent=72451"}],"wp:term":[{"taxonomy":"category","embeddable":true,"href":"https:\/\/dlvradio.es\/en\/wp-json\/wp\/v2\/categories?post=72451"},{"taxonomy":"post_tag","embeddable":true,"href":"https:\/\/dlvradio.es\/en\/wp-json\/wp\/v2\/tags?post=72451"}],"curies":[{"name":"wp","href":"https:\/\/api.w.org\/{rel}","templated":true}]}}