{"id":72459,"date":"2023-12-31T09:22:25","date_gmt":"2023-12-31T08:22:25","guid":{"rendered":"https:\/\/dlvradio.es\/el-ano-de-nuestras-vidas\/"},"modified":"2023-12-31T09:22:25","modified_gmt":"2023-12-31T08:22:25","slug":"el-ano-de-nuestras-vidas","status":"publish","type":"post","link":"https:\/\/dlvradio.es\/en\/el-ano-de-nuestras-vidas\/","title":{"rendered":"The year of our lives"},"content":{"rendered":"<blockquote><p><img decoding=\"async\" class=\"alignleft wp-image-12357 size-thumbnail\" src=\"https:\/\/dlvradio.es\/wp-content\/uploads\/2023\/12\/Opinion-Nuria-Gonzalez-150x150.jpg\" alt=\"\" width=\"150\" height=\"150\" \/>\u201cLo que estamos presenciando y consintiendo desde Europa sin pesta\u00f1ear a cuenta la masacre de Israel contra la poblaci\u00f3n civil Palestina ha hecho acabar de acomodarse el nuevo orden mundial\u201d.<\/p><\/blockquote>\n<p>Otro a\u00f1o que termina de esta d\u00e9cada <strong>los dist\u00f3picos a\u00f1os 20 del siglo XXI<\/strong> que nos ha tocado habitar, y otro a\u00f1o que acaba con un balance, por ser ben\u00e9vola, rarito.<\/p>\n<p>Desde que inauguramos el dos en las decenas de los a\u00f1os dos mil, lo cierto es que vamos saltando <strong>de desgracia en desgracia<\/strong> y tiro porque me toca hasta el siguiente evento apocal\u00edptico. F\u00edjense sino como acabamos el a\u00f1o.<\/p>\n<p>En lo local, con <strong>una ola de virus de todo tipo<\/strong> que mantienen los <strong>servicios p\u00fablicos m\u00e9dicos<\/strong> colapsados, mientras <strong>todo el personal sanitario excepto los m\u00e9dicos est\u00e1n en huelga<\/strong> (en Catalunya por ahora) por las malas condiciones laborales y por la <strong>discriminaci\u00f3n en el trato<\/strong> recibido en comparaci\u00f3n con sus compa\u00f1eros doctores. El resultado es que mucha gente ha tenido que sustituir en el <strong>men\u00fa el vino por el paracetamol<\/strong> y el brilli brilli de los modelazos por los calcetines de lana, con el consecuente cabreo que genera tal vicisitud, en la cual me incluyo.<\/p>\n<p>Y en lo internacional, el 2023 se despide ofreci\u00e9ndonos el espect\u00e1culo macabro de <strong>un genocidio en directo perpetrado por Benjam\u00edn Netanyahu<\/strong> contra el pueblo palestino, vestido de lucha contra el terrorismo, pero que tiene mucho m\u00e1s de limpieza \u00e9tnica que de cualquier otra cosa.<\/p>\n<p>Y lo estamos presenciando y consintiendo desde Europa sin pesta\u00f1ear y sin agitarnos lo m\u00e1s m\u00ednimo ante la indecencia de la, que, <strong>por omisi\u00f3n estamos siendo c\u00f3mplices<\/strong>. A cuenta la masacre de Israel contra la poblaci\u00f3n civil Palestina, el nuevo orden mundial ha acabado de acomodarse. <strong>Europa ha cavado su tumba como actor pol\u00edtico internacional<\/strong> y todos los europeos y europeas nos hemos afianzado en nuestro papel de <strong>ni\u00f1os pijos del mundo<\/strong>, modernetes m\u00e1s preocupados por los carriles bicis que por los carriles de ayuda humanitaria. Una verg\u00fcenza de infantilizada sociedad muy acorde a los que vivimos esta d\u00e9cada.<\/p>\n<p><strong>Netanyahu nos mata un poco todas y todos cada d\u00eda<\/strong> que pasa matando ni\u00f1os y mujeres palestinas impunemente. Porque s\u00ed, esos son los que est\u00e1n muriendo mayormente, mujeres y ni\u00f1os palestinos, aunque no salgan en ninguna foto y les moleste a algunas personas que se se\u00f1ales que hasta ah\u00ed opera el patriarcado.<\/p>\n<p>Y si fu\u00e9ramos capaces de dejar de lado ese papel\u00f3n que estamos haciendo, a\u00fan nos quedan otros temas de inter\u00e9s como la <strong>sequ\u00eda extrema<\/strong> a la que nos enfrentamos, <strong>la pol\u00edtica criminal econ\u00f3mica<\/strong> que tiene a las <strong>familias en la ruina<\/strong> o el peque\u00f1o detalle revelado por el \u00faltimo informe PISA consistente en informarnos de que <strong>nuestros ni\u00f1os y ni\u00f1as a duras penas saben leer<\/strong>, que no saben ni sumar ni restar y que creen que \u201cra\u00edz cuadrada\u201d es la \u00faltima canci\u00f3n de Bad Bunny.<\/p>\n<p>A\u00fan as\u00ed, yo he visto cosas buenas en este 2023, que siempre son las mismas y que son la \u00fanicas que dan sentido a la vida. He visto <strong>gente quererse<\/strong>, y quererse mucho. <strong>Ayudarse incluso sin conocerse<\/strong>. He visto gente curarse y he visto incluso a algunas personas <strong>recibir una justicia reclamada<\/strong>. He <strong>visto y o\u00eddo el arte<\/strong> junto a miles de personas en diferentes sitios y en diferentes momentos, pero con el mismo resultado, que es la <strong>felicidad instant\u00e1nea<\/strong> \u00edntimamente compartida.<\/p>\n<p>Seguro que a pesar de todo habr\u00e1 gente para la que el 2023 habr\u00e1 sido el a\u00f1o de sus vidas. Quiz\u00e1 para todos los haya sido ya que no sabemos qu\u00e9 nos depara el siguiente. Por eso, ya que estamos aqu\u00ed, <strong>celebremos como si lo fuera<\/strong>. Feliz a\u00f1o de nuestras vidas.<\/p>","protected":false},"excerpt":{"rendered":"<p>\u201cLo que estamos presenciando y consintiendo desde Europa sin pesta\u00f1ear a cuenta la masacre de Israel contra la poblaci\u00f3n civil Palestina ha hecho acabar de acomodarse el nuevo orden mundial\u201d. Otro a\u00f1o que termina de esta d\u00e9cada los dist\u00f3picos a\u00f1os 20 del siglo XXI que nos ha tocado habitar, y otro a\u00f1o que acaba con [&hellip;]<\/p>\n","protected":false},"author":4,"featured_media":72394,"comment_status":"open","ping_status":"open","sticky":false,"template":"","format":"standard","meta":{"_acf_changed":false,"footnotes":""},"categories":[2461],"tags":[2507,2469],"class_list":["post-72459","post","type-post","status-publish","format-standard","has-post-thumbnail","hentry","category-opinion","tag-internacional","tag-opinion"],"acf":[],"yoast_head":"<!-- This site is optimized with the Yoast SEO plugin v27.4 - https:\/\/yoast.com\/product\/yoast-seo-wordpress\/ -->\n<title>El a\u00f1o de nuestras vidas - DLVRADIO<\/title>\n<meta name=\"description\" content=\"\u201cLo que estamos presenciando y consintiendo desde Europa sin pesta\u00f1ear a cuenta la masacre de Israel contra la poblaci\u00f3n civil Palestina ha hecho acabar\" \/>\n<meta name=\"robots\" content=\"index, follow, max-snippet:-1, max-image-preview:large, max-video-preview:-1\" \/>\n<link rel=\"canonical\" href=\"https:\/\/dlvradio.es\/en\/el-ano-de-nuestras-vidas\/\" \/>\n<meta property=\"og:locale\" content=\"en_US\" \/>\n<meta property=\"og:type\" content=\"article\" \/>\n<meta property=\"og:title\" content=\"El a\u00f1o de nuestras vidas - DLVRADIO\" \/>\n<meta property=\"og:description\" content=\"\u201cLo que estamos presenciando y consintiendo desde Europa sin pesta\u00f1ear a cuenta la masacre de Israel contra la poblaci\u00f3n civil Palestina ha hecho acabar\" \/>\n<meta property=\"og:url\" content=\"https:\/\/dlvradio.es\/en\/el-ano-de-nuestras-vidas\/\" \/>\n<meta property=\"og:site_name\" content=\"DLVRADIO\" \/>\n<meta property=\"article:publisher\" content=\"https:\/\/www.facebook.com\/RadioDLVradio\/\" \/>\n<meta property=\"article:published_time\" content=\"2023-12-31T08:22:25+00:00\" \/>\n<meta property=\"og:image\" content=\"https:\/\/dlvradio.es\/wp-content\/uploads\/2023\/12\/Opinion-Nuria-Gonzalez.jpg\" \/>\n\t<meta property=\"og:image:width\" content=\"1500\" \/>\n\t<meta property=\"og:image:height\" content=\"1500\" \/>\n\t<meta property=\"og:image:type\" content=\"image\/jpeg\" \/>\n<meta name=\"author\" content=\"DLV RADIO\" \/>\n<meta name=\"twitter:card\" content=\"summary_large_image\" \/>\n<meta name=\"twitter:creator\" content=\"@RadioDlvradio\" \/>\n<meta name=\"twitter:site\" content=\"@RadioDlvradio\" \/>\n<script type=\"application\/ld+json\" class=\"yoast-schema-graph\">{\"@context\":\"https:\\\/\\\/schema.org\",\"@graph\":[{\"@type\":\"Article\",\"@id\":\"https:\\\/\\\/dlvradio.es\\\/el-ano-de-nuestras-vidas\\\/#article\",\"isPartOf\":{\"@id\":\"https:\\\/\\\/dlvradio.es\\\/el-ano-de-nuestras-vidas\\\/\"},\"author\":{\"name\":\"DLV RADIO\",\"@id\":\"https:\\\/\\\/dlvradio.es\\\/#\\\/schema\\\/person\\\/7d533f9f89b13e3a3f2ba7f67d6412de\"},\"headline\":\"El a\u00f1o de nuestras vidas\",\"datePublished\":\"2023-12-31T08:22:25+00:00\",\"mainEntityOfPage\":{\"@id\":\"https:\\\/\\\/dlvradio.es\\\/el-ano-de-nuestras-vidas\\\/\"},\"wordCount\":666,\"commentCount\":0,\"publisher\":{\"@id\":\"https:\\\/\\\/dlvradio.es\\\/#organization\"},\"image\":{\"@id\":\"https:\\\/\\\/dlvradio.es\\\/el-ano-de-nuestras-vidas\\\/#primaryimage\"},\"thumbnailUrl\":\"https:\\\/\\\/dlvradio.es\\\/wp-content\\\/uploads\\\/2023\\\/12\\\/Opinion-Nuria-Gonzalez.jpg\",\"keywords\":[\"internacional\",\"opini\u00f3n\"],\"articleSection\":[\"Opini\u00f3n\"],\"inLanguage\":\"en-US\"},{\"@type\":\"WebPage\",\"@id\":\"https:\\\/\\\/dlvradio.es\\\/el-ano-de-nuestras-vidas\\\/\",\"url\":\"https:\\\/\\\/dlvradio.es\\\/el-ano-de-nuestras-vidas\\\/\",\"name\":\"El a\u00f1o de nuestras vidas - DLVRADIO\",\"isPartOf\":{\"@id\":\"https:\\\/\\\/dlvradio.es\\\/#website\"},\"primaryImageOfPage\":{\"@id\":\"https:\\\/\\\/dlvradio.es\\\/el-ano-de-nuestras-vidas\\\/#primaryimage\"},\"image\":{\"@id\":\"https:\\\/\\\/dlvradio.es\\\/el-ano-de-nuestras-vidas\\\/#primaryimage\"},\"thumbnailUrl\":\"https:\\\/\\\/dlvradio.es\\\/wp-content\\\/uploads\\\/2023\\\/12\\\/Opinion-Nuria-Gonzalez.jpg\",\"datePublished\":\"2023-12-31T08:22:25+00:00\",\"description\":\"\u201cLo que estamos presenciando y consintiendo desde Europa sin pesta\u00f1ear a cuenta la masacre de Israel contra la poblaci\u00f3n civil Palestina ha hecho acabar\",\"breadcrumb\":{\"@id\":\"https:\\\/\\\/dlvradio.es\\\/el-ano-de-nuestras-vidas\\\/#breadcrumb\"},\"inLanguage\":\"en-US\",\"potentialAction\":[{\"@type\":\"ReadAction\",\"target\":[\"https:\\\/\\\/dlvradio.es\\\/el-ano-de-nuestras-vidas\\\/\"]}]},{\"@type\":\"ImageObject\",\"inLanguage\":\"en-US\",\"@id\":\"https:\\\/\\\/dlvradio.es\\\/el-ano-de-nuestras-vidas\\\/#primaryimage\",\"url\":\"https:\\\/\\\/dlvradio.es\\\/wp-content\\\/uploads\\\/2023\\\/12\\\/Opinion-Nuria-Gonzalez.jpg\",\"contentUrl\":\"https:\\\/\\\/dlvradio.es\\\/wp-content\\\/uploads\\\/2023\\\/12\\\/Opinion-Nuria-Gonzalez.jpg\",\"width\":1500,\"height\":1500,\"caption\":\"Opini\u00f3n N\u00faria Gonz\u00e1lez\"},{\"@type\":\"BreadcrumbList\",\"@id\":\"https:\\\/\\\/dlvradio.es\\\/el-ano-de-nuestras-vidas\\\/#breadcrumb\",\"itemListElement\":[{\"@type\":\"ListItem\",\"position\":1,\"name\":\"Inicio\",\"item\":\"https:\\\/\\\/dlvradio.es\\\/\"},{\"@type\":\"ListItem\",\"position\":2,\"name\":\"El a\u00f1o de nuestras vidas\"}]},{\"@type\":\"WebSite\",\"@id\":\"https:\\\/\\\/dlvradio.es\\\/#website\",\"url\":\"https:\\\/\\\/dlvradio.es\\\/\",\"name\":\"DLVRADIO\",\"description\":\"Somos un medio de comunicaci\u00f3n alternativo a los medios tradicionales\",\"publisher\":{\"@id\":\"https:\\\/\\\/dlvradio.es\\\/#organization\"},\"potentialAction\":[{\"@type\":\"SearchAction\",\"target\":{\"@type\":\"EntryPoint\",\"urlTemplate\":\"https:\\\/\\\/dlvradio.es\\\/?s={search_term_string}\"},\"query-input\":{\"@type\":\"PropertyValueSpecification\",\"valueRequired\":true,\"valueName\":\"search_term_string\"}}],\"inLanguage\":\"en-US\"},{\"@type\":\"Organization\",\"@id\":\"https:\\\/\\\/dlvradio.es\\\/#organization\",\"name\":\"DLVRADIO\",\"url\":\"https:\\\/\\\/dlvradio.es\\\/\",\"logo\":{\"@type\":\"ImageObject\",\"inLanguage\":\"en-US\",\"@id\":\"https:\\\/\\\/dlvradio.es\\\/#\\\/schema\\\/logo\\\/image\\\/\",\"url\":\"\",\"contentUrl\":\"\",\"caption\":\"DLVRADIO\"},\"image\":{\"@id\":\"https:\\\/\\\/dlvradio.es\\\/#\\\/schema\\\/logo\\\/image\\\/\"},\"sameAs\":[\"https:\\\/\\\/www.facebook.com\\\/RadioDLVradio\\\/\",\"https:\\\/\\\/x.com\\\/RadioDlvradio\",\"https:\\\/\\\/www.instagram.com\\\/radiodlvradio\\\/\"]},{\"@type\":\"Person\",\"@id\":\"https:\\\/\\\/dlvradio.es\\\/#\\\/schema\\\/person\\\/7d533f9f89b13e3a3f2ba7f67d6412de\",\"name\":\"DLV RADIO\",\"sameAs\":[\"https:\\\/\\\/dlvradio.es\"]}]}<\/script>\n<!-- \/ Yoast SEO plugin. -->","yoast_head_json":{"title":"El a\u00f1o de nuestras vidas - DLVRADIO","description":"\u201cLo que estamos presenciando y consintiendo desde Europa sin pesta\u00f1ear a cuenta la masacre de Israel contra la poblaci\u00f3n civil Palestina ha hecho acabar","robots":{"index":"index","follow":"follow","max-snippet":"max-snippet:-1","max-image-preview":"max-image-preview:large","max-video-preview":"max-video-preview:-1"},"canonical":"https:\/\/dlvradio.es\/en\/el-ano-de-nuestras-vidas\/","og_locale":"en_US","og_type":"article","og_title":"El a\u00f1o de nuestras vidas - DLVRADIO","og_description":"\u201cLo que estamos presenciando y consintiendo desde Europa sin pesta\u00f1ear a cuenta la masacre de Israel contra la poblaci\u00f3n civil Palestina ha hecho acabar","og_url":"https:\/\/dlvradio.es\/en\/el-ano-de-nuestras-vidas\/","og_site_name":"DLVRADIO","article_publisher":"https:\/\/www.facebook.com\/RadioDLVradio\/","article_published_time":"2023-12-31T08:22:25+00:00","og_image":[{"width":1500,"height":1500,"url":"https:\/\/dlvradio.es\/wp-content\/uploads\/2023\/12\/Opinion-Nuria-Gonzalez.jpg","type":"image\/jpeg"}],"author":"DLV RADIO","twitter_card":"summary_large_image","twitter_creator":"@RadioDlvradio","twitter_site":"@RadioDlvradio","schema":{"@context":"https:\/\/schema.org","@graph":[{"@type":"Article","@id":"https:\/\/dlvradio.es\/el-ano-de-nuestras-vidas\/#article","isPartOf":{"@id":"https:\/\/dlvradio.es\/el-ano-de-nuestras-vidas\/"},"author":{"name":"DLV RADIO","@id":"https:\/\/dlvradio.es\/#\/schema\/person\/7d533f9f89b13e3a3f2ba7f67d6412de"},"headline":"El a\u00f1o de nuestras vidas","datePublished":"2023-12-31T08:22:25+00:00","mainEntityOfPage":{"@id":"https:\/\/dlvradio.es\/el-ano-de-nuestras-vidas\/"},"wordCount":666,"commentCount":0,"publisher":{"@id":"https:\/\/dlvradio.es\/#organization"},"image":{"@id":"https:\/\/dlvradio.es\/el-ano-de-nuestras-vidas\/#primaryimage"},"thumbnailUrl":"https:\/\/dlvradio.es\/wp-content\/uploads\/2023\/12\/Opinion-Nuria-Gonzalez.jpg","keywords":["internacional","opini\u00f3n"],"articleSection":["Opini\u00f3n"],"inLanguage":"en-US"},{"@type":"WebPage","@id":"https:\/\/dlvradio.es\/el-ano-de-nuestras-vidas\/","url":"https:\/\/dlvradio.es\/el-ano-de-nuestras-vidas\/","name":"El a\u00f1o de nuestras vidas - DLVRADIO","isPartOf":{"@id":"https:\/\/dlvradio.es\/#website"},"primaryImageOfPage":{"@id":"https:\/\/dlvradio.es\/el-ano-de-nuestras-vidas\/#primaryimage"},"image":{"@id":"https:\/\/dlvradio.es\/el-ano-de-nuestras-vidas\/#primaryimage"},"thumbnailUrl":"https:\/\/dlvradio.es\/wp-content\/uploads\/2023\/12\/Opinion-Nuria-Gonzalez.jpg","datePublished":"2023-12-31T08:22:25+00:00","description":"\u201cLo que estamos presenciando y consintiendo desde Europa sin pesta\u00f1ear a cuenta la masacre de Israel contra la poblaci\u00f3n civil Palestina ha hecho acabar","breadcrumb":{"@id":"https:\/\/dlvradio.es\/el-ano-de-nuestras-vidas\/#breadcrumb"},"inLanguage":"en-US","potentialAction":[{"@type":"ReadAction","target":["https:\/\/dlvradio.es\/el-ano-de-nuestras-vidas\/"]}]},{"@type":"ImageObject","inLanguage":"en-US","@id":"https:\/\/dlvradio.es\/el-ano-de-nuestras-vidas\/#primaryimage","url":"https:\/\/dlvradio.es\/wp-content\/uploads\/2023\/12\/Opinion-Nuria-Gonzalez.jpg","contentUrl":"https:\/\/dlvradio.es\/wp-content\/uploads\/2023\/12\/Opinion-Nuria-Gonzalez.jpg","width":1500,"height":1500,"caption":"Opini\u00f3n N\u00faria Gonz\u00e1lez"},{"@type":"BreadcrumbList","@id":"https:\/\/dlvradio.es\/el-ano-de-nuestras-vidas\/#breadcrumb","itemListElement":[{"@type":"ListItem","position":1,"name":"Inicio","item":"https:\/\/dlvradio.es\/"},{"@type":"ListItem","position":2,"name":"El a\u00f1o de nuestras vidas"}]},{"@type":"WebSite","@id":"https:\/\/dlvradio.es\/#website","url":"https:\/\/dlvradio.es\/","name":"DLVRADIO","description":"We are an alternative media to traditional media","publisher":{"@id":"https:\/\/dlvradio.es\/#organization"},"potentialAction":[{"@type":"SearchAction","target":{"@type":"EntryPoint","urlTemplate":"https:\/\/dlvradio.es\/?s={search_term_string}"},"query-input":{"@type":"PropertyValueSpecification","valueRequired":true,"valueName":"search_term_string"}}],"inLanguage":"en-US"},{"@type":"Organization","@id":"https:\/\/dlvradio.es\/#organization","name":"DLVRADIO","url":"https:\/\/dlvradio.es\/","logo":{"@type":"ImageObject","inLanguage":"en-US","@id":"https:\/\/dlvradio.es\/#\/schema\/logo\/image\/","url":"","contentUrl":"","caption":"DLVRADIO"},"image":{"@id":"https:\/\/dlvradio.es\/#\/schema\/logo\/image\/"},"sameAs":["https:\/\/www.facebook.com\/RadioDLVradio\/","https:\/\/x.com\/RadioDlvradio","https:\/\/www.instagram.com\/radiodlvradio\/"]},{"@type":"Person","@id":"https:\/\/dlvradio.es\/#\/schema\/person\/7d533f9f89b13e3a3f2ba7f67d6412de","name":"DLV RADIO","sameAs":["https:\/\/dlvradio.es"]}]}},"_links":{"self":[{"href":"https:\/\/dlvradio.es\/en\/wp-json\/wp\/v2\/posts\/72459","targetHints":{"allow":["GET"]}}],"collection":[{"href":"https:\/\/dlvradio.es\/en\/wp-json\/wp\/v2\/posts"}],"about":[{"href":"https:\/\/dlvradio.es\/en\/wp-json\/wp\/v2\/types\/post"}],"author":[{"embeddable":true,"href":"https:\/\/dlvradio.es\/en\/wp-json\/wp\/v2\/users\/4"}],"replies":[{"embeddable":true,"href":"https:\/\/dlvradio.es\/en\/wp-json\/wp\/v2\/comments?post=72459"}],"version-history":[{"count":0,"href":"https:\/\/dlvradio.es\/en\/wp-json\/wp\/v2\/posts\/72459\/revisions"}],"wp:featuredmedia":[{"embeddable":true,"href":"https:\/\/dlvradio.es\/en\/wp-json\/wp\/v2\/media\/72394"}],"wp:attachment":[{"href":"https:\/\/dlvradio.es\/en\/wp-json\/wp\/v2\/media?parent=72459"}],"wp:term":[{"taxonomy":"category","embeddable":true,"href":"https:\/\/dlvradio.es\/en\/wp-json\/wp\/v2\/categories?post=72459"},{"taxonomy":"post_tag","embeddable":true,"href":"https:\/\/dlvradio.es\/en\/wp-json\/wp\/v2\/tags?post=72459"}],"curies":[{"name":"wp","href":"https:\/\/api.w.org\/{rel}","templated":true}]}}