{"id":72468,"date":"2024-01-03T22:56:44","date_gmt":"2024-01-03T21:56:44","guid":{"rendered":"https:\/\/dlvradio.es\/datos-de-paro-y-afiliacion-a-la-seguridad-social-del-mes-de-diciembre-2023\/"},"modified":"2024-01-03T22:56:44","modified_gmt":"2024-01-03T21:56:44","slug":"datos-de-paro-y-afiliacion-a-la-seguridad-social-del-mes-de-diciembre-2023","status":"publish","type":"post","link":"https:\/\/dlvradio.es\/en\/datos-de-paro-y-afiliacion-a-la-seguridad-social-del-mes-de-diciembre-2023\/","title":{"rendered":"Datos de paro y afiliaci\u00f3n a la Seguridad Social del mes de diciembre 2023"},"content":{"rendered":"<p><img decoding=\"async\" class=\"alignleft wp-image-12560 size-thumbnail\" src=\"https:\/\/dlvradio.es\/wp-content\/uploads\/2024\/01\/www.dlvradio.es-2-150x150.png\" alt=\"\" width=\"150\" height=\"150\" \/><\/p>\n<p>Os dejamos el audio de la comparecencia de los secretarios de Estado de Empleo y Econom\u00eda Social, <strong>Joaquin Perez Rey<\/strong>, and Social Security and Pensions, <strong>Borja Suarez<\/strong>, que presentan, respectivamente, los datos de paro registrado y de afiliaci\u00f3n a la Seguridad Social correspondientes al mes de diciembre del 2023.<\/p>\n<p>El empleo se ha acelerado en el mes de diciembre y ha cerrado el a\u00f1o 2023 con m\u00e1s de 500.000 trabajadores. Lo que deja un balance de m\u00e1s de 20,8 millones de trabajadores y 2,7 millones de personas en paro, pese a la crisis de la inflaci\u00f3n ha sido un a\u00f1o de creaci\u00f3n de empleo.<\/p>\n<p>Se cierra el a\u00f1o 2023 con la mayor creaci\u00f3n de puestos de trabajo desde el a\u00f1o 2018, pese a ser un a\u00f1o complicado porque est\u00e1bamos en recuperaci\u00f3n postcovid, inflaci\u00f3n y subida de tipo de inter\u00e9s. El paro, se redujo en unas 130.000 personas.<\/p>","protected":false},"excerpt":{"rendered":"<p>Os dejamos el audio de la comparecencia de los secretarios de Estado de Empleo y Econom\u00eda Social, Joaqu\u00edn P\u00e9rez Rey, y de Seguridad Social y Pensiones, Borja Su\u00e1rez, que presentan, respectivamente, los datos de paro registrado y de afiliaci\u00f3n a la Seguridad Social correspondientes al mes de diciembre del 2023. El empleo se ha acelerado [&hellip;]<\/p>\n","protected":false},"author":4,"featured_media":72469,"comment_status":"open","ping_status":"open","sticky":false,"template":"","format":"standard","meta":{"_acf_changed":false,"footnotes":""},"categories":[2465],"tags":[2466,2577],"class_list":["post-72468","post","type-post","status-publish","format-standard","has-post-thumbnail","hentry","category-informativos","tag-espana","tag-paro"],"acf":[],"yoast_head":"<!-- This site is optimized with the Yoast SEO plugin v27.4 - https:\/\/yoast.com\/product\/yoast-seo-wordpress\/ -->\n<title>Datos de paro y afiliaci\u00f3n a la Seguridad Social del mes de diciembre 2023 - DLVRADIO<\/title>\n<meta name=\"description\" content=\"Os dejamos el audio de la comparecencia de los secretarios de Estado de Empleo y Econom\u00eda Social, Joaqu\u00edn P\u00e9rez Rey, y de Seguridad Social y Pensiones,\" \/>\n<meta name=\"robots\" content=\"index, follow, max-snippet:-1, max-image-preview:large, max-video-preview:-1\" \/>\n<link rel=\"canonical\" href=\"https:\/\/dlvradio.es\/en\/datos-de-paro-y-afiliacion-a-la-seguridad-social-del-mes-de-diciembre-2023\/\" \/>\n<meta property=\"og:locale\" content=\"en_US\" \/>\n<meta property=\"og:type\" content=\"article\" \/>\n<meta property=\"og:title\" content=\"Datos de paro y afiliaci\u00f3n a la Seguridad Social del mes de diciembre 2023 - DLVRADIO\" \/>\n<meta property=\"og:description\" content=\"Os dejamos el audio de la comparecencia de los secretarios de Estado de Empleo y Econom\u00eda Social, Joaqu\u00edn P\u00e9rez Rey, y de Seguridad Social y Pensiones,\" \/>\n<meta property=\"og:url\" content=\"https:\/\/dlvradio.es\/en\/datos-de-paro-y-afiliacion-a-la-seguridad-social-del-mes-de-diciembre-2023\/\" \/>\n<meta property=\"og:site_name\" content=\"DLVRADIO\" \/>\n<meta property=\"article:publisher\" content=\"https:\/\/www.facebook.com\/RadioDLVradio\/\" \/>\n<meta property=\"article:published_time\" content=\"2024-01-03T21:56:44+00:00\" \/>\n<meta property=\"og:image\" content=\"https:\/\/dlvradio.es\/wp-content\/uploads\/2024\/01\/www.dlvradio.es-2.png\" \/>\n\t<meta property=\"og:image:width\" content=\"1500\" \/>\n\t<meta property=\"og:image:height\" content=\"1500\" \/>\n\t<meta property=\"og:image:type\" content=\"image\/png\" \/>\n<meta name=\"author\" content=\"DLV RADIO\" \/>\n<meta name=\"twitter:card\" content=\"summary_large_image\" \/>\n<meta name=\"twitter:creator\" content=\"@RadioDlvradio\" \/>\n<meta name=\"twitter:site\" content=\"@RadioDlvradio\" \/>\n<script type=\"application\/ld+json\" class=\"yoast-schema-graph\">{\"@context\":\"https:\\\/\\\/schema.org\",\"@graph\":[{\"@type\":\"Article\",\"@id\":\"https:\\\/\\\/dlvradio.es\\\/datos-de-paro-y-afiliacion-a-la-seguridad-social-del-mes-de-diciembre-2023\\\/#article\",\"isPartOf\":{\"@id\":\"https:\\\/\\\/dlvradio.es\\\/datos-de-paro-y-afiliacion-a-la-seguridad-social-del-mes-de-diciembre-2023\\\/\"},\"author\":{\"name\":\"DLV RADIO\",\"@id\":\"https:\\\/\\\/dlvradio.es\\\/#\\\/schema\\\/person\\\/7d533f9f89b13e3a3f2ba7f67d6412de\"},\"headline\":\"Datos de paro y afiliaci\u00f3n a la Seguridad Social del mes de diciembre 2023\",\"datePublished\":\"2024-01-03T21:56:44+00:00\",\"mainEntityOfPage\":{\"@id\":\"https:\\\/\\\/dlvradio.es\\\/datos-de-paro-y-afiliacion-a-la-seguridad-social-del-mes-de-diciembre-2023\\\/\"},\"wordCount\":173,\"commentCount\":0,\"publisher\":{\"@id\":\"https:\\\/\\\/dlvradio.es\\\/#organization\"},\"image\":{\"@id\":\"https:\\\/\\\/dlvradio.es\\\/datos-de-paro-y-afiliacion-a-la-seguridad-social-del-mes-de-diciembre-2023\\\/#primaryimage\"},\"thumbnailUrl\":\"https:\\\/\\\/dlvradio.es\\\/wp-content\\\/uploads\\\/2024\\\/01\\\/www.dlvradio.es-2.png\",\"keywords\":[\"Espa\u00f1a\",\"paro\"],\"articleSection\":[\"Informativos\"],\"inLanguage\":\"en-US\"},{\"@type\":\"WebPage\",\"@id\":\"https:\\\/\\\/dlvradio.es\\\/datos-de-paro-y-afiliacion-a-la-seguridad-social-del-mes-de-diciembre-2023\\\/\",\"url\":\"https:\\\/\\\/dlvradio.es\\\/datos-de-paro-y-afiliacion-a-la-seguridad-social-del-mes-de-diciembre-2023\\\/\",\"name\":\"Datos de paro y afiliaci\u00f3n a la Seguridad Social del mes de diciembre 2023 - DLVRADIO\",\"isPartOf\":{\"@id\":\"https:\\\/\\\/dlvradio.es\\\/#website\"},\"primaryImageOfPage\":{\"@id\":\"https:\\\/\\\/dlvradio.es\\\/datos-de-paro-y-afiliacion-a-la-seguridad-social-del-mes-de-diciembre-2023\\\/#primaryimage\"},\"image\":{\"@id\":\"https:\\\/\\\/dlvradio.es\\\/datos-de-paro-y-afiliacion-a-la-seguridad-social-del-mes-de-diciembre-2023\\\/#primaryimage\"},\"thumbnailUrl\":\"https:\\\/\\\/dlvradio.es\\\/wp-content\\\/uploads\\\/2024\\\/01\\\/www.dlvradio.es-2.png\",\"datePublished\":\"2024-01-03T21:56:44+00:00\",\"description\":\"Os dejamos el audio de la comparecencia de los secretarios de Estado de Empleo y Econom\u00eda Social, Joaqu\u00edn P\u00e9rez Rey, y de Seguridad Social y Pensiones,\",\"breadcrumb\":{\"@id\":\"https:\\\/\\\/dlvradio.es\\\/datos-de-paro-y-afiliacion-a-la-seguridad-social-del-mes-de-diciembre-2023\\\/#breadcrumb\"},\"inLanguage\":\"en-US\",\"potentialAction\":[{\"@type\":\"ReadAction\",\"target\":[\"https:\\\/\\\/dlvradio.es\\\/datos-de-paro-y-afiliacion-a-la-seguridad-social-del-mes-de-diciembre-2023\\\/\"]}]},{\"@type\":\"ImageObject\",\"inLanguage\":\"en-US\",\"@id\":\"https:\\\/\\\/dlvradio.es\\\/datos-de-paro-y-afiliacion-a-la-seguridad-social-del-mes-de-diciembre-2023\\\/#primaryimage\",\"url\":\"https:\\\/\\\/dlvradio.es\\\/wp-content\\\/uploads\\\/2024\\\/01\\\/www.dlvradio.es-2.png\",\"contentUrl\":\"https:\\\/\\\/dlvradio.es\\\/wp-content\\\/uploads\\\/2024\\\/01\\\/www.dlvradio.es-2.png\",\"width\":1500,\"height\":1500,\"caption\":\"www.dlvradio.es (2)\"},{\"@type\":\"BreadcrumbList\",\"@id\":\"https:\\\/\\\/dlvradio.es\\\/datos-de-paro-y-afiliacion-a-la-seguridad-social-del-mes-de-diciembre-2023\\\/#breadcrumb\",\"itemListElement\":[{\"@type\":\"ListItem\",\"position\":1,\"name\":\"Inicio\",\"item\":\"https:\\\/\\\/dlvradio.es\\\/\"},{\"@type\":\"ListItem\",\"position\":2,\"name\":\"Datos de paro y afiliaci\u00f3n a la Seguridad Social del mes de diciembre 2023\"}]},{\"@type\":\"WebSite\",\"@id\":\"https:\\\/\\\/dlvradio.es\\\/#website\",\"url\":\"https:\\\/\\\/dlvradio.es\\\/\",\"name\":\"DLVRADIO\",\"description\":\"Somos un medio de comunicaci\u00f3n alternativo a los medios tradicionales\",\"publisher\":{\"@id\":\"https:\\\/\\\/dlvradio.es\\\/#organization\"},\"potentialAction\":[{\"@type\":\"SearchAction\",\"target\":{\"@type\":\"EntryPoint\",\"urlTemplate\":\"https:\\\/\\\/dlvradio.es\\\/?s={search_term_string}\"},\"query-input\":{\"@type\":\"PropertyValueSpecification\",\"valueRequired\":true,\"valueName\":\"search_term_string\"}}],\"inLanguage\":\"en-US\"},{\"@type\":\"Organization\",\"@id\":\"https:\\\/\\\/dlvradio.es\\\/#organization\",\"name\":\"DLVRADIO\",\"url\":\"https:\\\/\\\/dlvradio.es\\\/\",\"logo\":{\"@type\":\"ImageObject\",\"inLanguage\":\"en-US\",\"@id\":\"https:\\\/\\\/dlvradio.es\\\/#\\\/schema\\\/logo\\\/image\\\/\",\"url\":\"\",\"contentUrl\":\"\",\"caption\":\"DLVRADIO\"},\"image\":{\"@id\":\"https:\\\/\\\/dlvradio.es\\\/#\\\/schema\\\/logo\\\/image\\\/\"},\"sameAs\":[\"https:\\\/\\\/www.facebook.com\\\/RadioDLVradio\\\/\",\"https:\\\/\\\/x.com\\\/RadioDlvradio\",\"https:\\\/\\\/www.instagram.com\\\/radiodlvradio\\\/\"]},{\"@type\":\"Person\",\"@id\":\"https:\\\/\\\/dlvradio.es\\\/#\\\/schema\\\/person\\\/7d533f9f89b13e3a3f2ba7f67d6412de\",\"name\":\"DLV RADIO\",\"sameAs\":[\"https:\\\/\\\/dlvradio.es\"]}]}<\/script>\n<!-- \/ Yoast SEO plugin. -->","yoast_head_json":{"title":"Datos de paro y afiliaci\u00f3n a la Seguridad Social del mes de diciembre 2023 - DLVRADIO","description":"Os dejamos el audio de la comparecencia de los secretarios de Estado de Empleo y Econom\u00eda Social, Joaqu\u00edn P\u00e9rez Rey, y de Seguridad Social y Pensiones,","robots":{"index":"index","follow":"follow","max-snippet":"max-snippet:-1","max-image-preview":"max-image-preview:large","max-video-preview":"max-video-preview:-1"},"canonical":"https:\/\/dlvradio.es\/en\/datos-de-paro-y-afiliacion-a-la-seguridad-social-del-mes-de-diciembre-2023\/","og_locale":"en_US","og_type":"article","og_title":"Datos de paro y afiliaci\u00f3n a la Seguridad Social del mes de diciembre 2023 - DLVRADIO","og_description":"Os dejamos el audio de la comparecencia de los secretarios de Estado de Empleo y Econom\u00eda Social, Joaqu\u00edn P\u00e9rez Rey, y de Seguridad Social y Pensiones,","og_url":"https:\/\/dlvradio.es\/en\/datos-de-paro-y-afiliacion-a-la-seguridad-social-del-mes-de-diciembre-2023\/","og_site_name":"DLVRADIO","article_publisher":"https:\/\/www.facebook.com\/RadioDLVradio\/","article_published_time":"2024-01-03T21:56:44+00:00","og_image":[{"width":1500,"height":1500,"url":"https:\/\/dlvradio.es\/wp-content\/uploads\/2024\/01\/www.dlvradio.es-2.png","type":"image\/png"}],"author":"DLV RADIO","twitter_card":"summary_large_image","twitter_creator":"@RadioDlvradio","twitter_site":"@RadioDlvradio","schema":{"@context":"https:\/\/schema.org","@graph":[{"@type":"Article","@id":"https:\/\/dlvradio.es\/datos-de-paro-y-afiliacion-a-la-seguridad-social-del-mes-de-diciembre-2023\/#article","isPartOf":{"@id":"https:\/\/dlvradio.es\/datos-de-paro-y-afiliacion-a-la-seguridad-social-del-mes-de-diciembre-2023\/"},"author":{"name":"DLV RADIO","@id":"https:\/\/dlvradio.es\/#\/schema\/person\/7d533f9f89b13e3a3f2ba7f67d6412de"},"headline":"Datos de paro y afiliaci\u00f3n a la Seguridad Social del mes de diciembre 2023","datePublished":"2024-01-03T21:56:44+00:00","mainEntityOfPage":{"@id":"https:\/\/dlvradio.es\/datos-de-paro-y-afiliacion-a-la-seguridad-social-del-mes-de-diciembre-2023\/"},"wordCount":173,"commentCount":0,"publisher":{"@id":"https:\/\/dlvradio.es\/#organization"},"image":{"@id":"https:\/\/dlvradio.es\/datos-de-paro-y-afiliacion-a-la-seguridad-social-del-mes-de-diciembre-2023\/#primaryimage"},"thumbnailUrl":"https:\/\/dlvradio.es\/wp-content\/uploads\/2024\/01\/www.dlvradio.es-2.png","keywords":["Espa\u00f1a","paro"],"articleSection":["Informativos"],"inLanguage":"en-US"},{"@type":"WebPage","@id":"https:\/\/dlvradio.es\/datos-de-paro-y-afiliacion-a-la-seguridad-social-del-mes-de-diciembre-2023\/","url":"https:\/\/dlvradio.es\/datos-de-paro-y-afiliacion-a-la-seguridad-social-del-mes-de-diciembre-2023\/","name":"Datos de paro y afiliaci\u00f3n a la Seguridad Social del mes de diciembre 2023 - DLVRADIO","isPartOf":{"@id":"https:\/\/dlvradio.es\/#website"},"primaryImageOfPage":{"@id":"https:\/\/dlvradio.es\/datos-de-paro-y-afiliacion-a-la-seguridad-social-del-mes-de-diciembre-2023\/#primaryimage"},"image":{"@id":"https:\/\/dlvradio.es\/datos-de-paro-y-afiliacion-a-la-seguridad-social-del-mes-de-diciembre-2023\/#primaryimage"},"thumbnailUrl":"https:\/\/dlvradio.es\/wp-content\/uploads\/2024\/01\/www.dlvradio.es-2.png","datePublished":"2024-01-03T21:56:44+00:00","description":"Os dejamos el audio de la comparecencia de los secretarios de Estado de Empleo y Econom\u00eda Social, Joaqu\u00edn P\u00e9rez Rey, y de Seguridad Social y Pensiones,","breadcrumb":{"@id":"https:\/\/dlvradio.es\/datos-de-paro-y-afiliacion-a-la-seguridad-social-del-mes-de-diciembre-2023\/#breadcrumb"},"inLanguage":"en-US","potentialAction":[{"@type":"ReadAction","target":["https:\/\/dlvradio.es\/datos-de-paro-y-afiliacion-a-la-seguridad-social-del-mes-de-diciembre-2023\/"]}]},{"@type":"ImageObject","inLanguage":"en-US","@id":"https:\/\/dlvradio.es\/datos-de-paro-y-afiliacion-a-la-seguridad-social-del-mes-de-diciembre-2023\/#primaryimage","url":"https:\/\/dlvradio.es\/wp-content\/uploads\/2024\/01\/www.dlvradio.es-2.png","contentUrl":"https:\/\/dlvradio.es\/wp-content\/uploads\/2024\/01\/www.dlvradio.es-2.png","width":1500,"height":1500,"caption":"www.dlvradio.es (2)"},{"@type":"BreadcrumbList","@id":"https:\/\/dlvradio.es\/datos-de-paro-y-afiliacion-a-la-seguridad-social-del-mes-de-diciembre-2023\/#breadcrumb","itemListElement":[{"@type":"ListItem","position":1,"name":"Inicio","item":"https:\/\/dlvradio.es\/"},{"@type":"ListItem","position":2,"name":"Datos de paro y afiliaci\u00f3n a la Seguridad Social del mes de diciembre 2023"}]},{"@type":"WebSite","@id":"https:\/\/dlvradio.es\/#website","url":"https:\/\/dlvradio.es\/","name":"DLVRADIO","description":"We are an alternative media to traditional media","publisher":{"@id":"https:\/\/dlvradio.es\/#organization"},"potentialAction":[{"@type":"SearchAction","target":{"@type":"EntryPoint","urlTemplate":"https:\/\/dlvradio.es\/?s={search_term_string}"},"query-input":{"@type":"PropertyValueSpecification","valueRequired":true,"valueName":"search_term_string"}}],"inLanguage":"en-US"},{"@type":"Organization","@id":"https:\/\/dlvradio.es\/#organization","name":"DLVRADIO","url":"https:\/\/dlvradio.es\/","logo":{"@type":"ImageObject","inLanguage":"en-US","@id":"https:\/\/dlvradio.es\/#\/schema\/logo\/image\/","url":"","contentUrl":"","caption":"DLVRADIO"},"image":{"@id":"https:\/\/dlvradio.es\/#\/schema\/logo\/image\/"},"sameAs":["https:\/\/www.facebook.com\/RadioDLVradio\/","https:\/\/x.com\/RadioDlvradio","https:\/\/www.instagram.com\/radiodlvradio\/"]},{"@type":"Person","@id":"https:\/\/dlvradio.es\/#\/schema\/person\/7d533f9f89b13e3a3f2ba7f67d6412de","name":"DLV RADIO","sameAs":["https:\/\/dlvradio.es"]}]}},"_links":{"self":[{"href":"https:\/\/dlvradio.es\/en\/wp-json\/wp\/v2\/posts\/72468","targetHints":{"allow":["GET"]}}],"collection":[{"href":"https:\/\/dlvradio.es\/en\/wp-json\/wp\/v2\/posts"}],"about":[{"href":"https:\/\/dlvradio.es\/en\/wp-json\/wp\/v2\/types\/post"}],"author":[{"embeddable":true,"href":"https:\/\/dlvradio.es\/en\/wp-json\/wp\/v2\/users\/4"}],"replies":[{"embeddable":true,"href":"https:\/\/dlvradio.es\/en\/wp-json\/wp\/v2\/comments?post=72468"}],"version-history":[{"count":0,"href":"https:\/\/dlvradio.es\/en\/wp-json\/wp\/v2\/posts\/72468\/revisions"}],"wp:featuredmedia":[{"embeddable":true,"href":"https:\/\/dlvradio.es\/en\/wp-json\/wp\/v2\/media\/72469"}],"wp:attachment":[{"href":"https:\/\/dlvradio.es\/en\/wp-json\/wp\/v2\/media?parent=72468"}],"wp:term":[{"taxonomy":"category","embeddable":true,"href":"https:\/\/dlvradio.es\/en\/wp-json\/wp\/v2\/categories?post=72468"},{"taxonomy":"post_tag","embeddable":true,"href":"https:\/\/dlvradio.es\/en\/wp-json\/wp\/v2\/tags?post=72468"}],"curies":[{"name":"wp","href":"https:\/\/api.w.org\/{rel}","templated":true}]}}