{"id":72582,"date":"2024-02-13T20:31:01","date_gmt":"2024-02-13T19:31:01","guid":{"rendered":"https:\/\/dlvradio.es\/la-prensa-en-las-campanas-electorales-informacion-o-manipulacion\/"},"modified":"2024-02-13T20:31:01","modified_gmt":"2024-02-13T19:31:01","slug":"la-prensa-en-las-campanas-electorales-informacion-o-manipulacion","status":"publish","type":"post","link":"https:\/\/dlvradio.es\/en\/la-prensa-en-las-campanas-electorales-informacion-o-manipulacion\/","title":{"rendered":"\u00abLa Prensa en las campa\u00f1as electorales, \u00bfinformaci\u00f3n o manipulaci\u00f3n?\u00bb"},"content":{"rendered":"<p><img decoding=\"async\" class=\"alignleft wp-image-12833 size-thumbnail\" src=\"https:\/\/dlvradio.es\/wp-content\/uploads\/2024\/02\/www.dlvradio.es-7-1-150x150.png\" alt=\"\" width=\"150\" height=\"150\" \/>El mi\u00e9rcoles 14 de febrero a las 21:15h en directo tendremos nuestra tertulia semanal de #ElDecreto especial <strong>La Prensa en las campa\u00f1as electorales, \u00bfinformaci\u00f3n o manipulaci\u00f3n?<\/strong><\/p>\n<p>Vamos a tratar de analizar junto a nuestros colaboradores, que pasa con la informaci\u00f3n en las campa\u00f1as electorales, antes y durante las mismas. Si todo vale, sea lo que sea y si es o no cierto, el tema es da\u00f1ar o desacreditar la imagen del contrario, y as\u00ed sacar un pu\u00f1ado de votos a tu favor. Que parte tienen de responsabilidad los medios de comunicaci\u00f3n en ello. De esto y m\u00e1s cosas hablaremos con \u00c1ngel Pasero, Laura Torroba, Isabel Ruiz y H\u00e9ctor Teijeiro. Os esperamos en el chat donde pod\u00e9is dejar vuestros comentarios y preguntas.<\/p>\n<p><iframe title=\"&quot;La Prensa en las campa\u00f1as electorales, \u00bfinformaci\u00f3n o manipulaci\u00f3n?&quot;\" width=\"800\" height=\"450\" src=\"https:\/\/www.youtube.com\/embed\/Q4khIdT9U4A?feature=oembed\" frameborder=\"0\" allow=\"accelerometer; autoplay; clipboard-write; encrypted-media; gyroscope; picture-in-picture; web-share\" referrerpolicy=\"strict-origin-when-cross-origin\" allowfullscreen><\/iframe><\/p>","protected":false},"excerpt":{"rendered":"<p>El mi\u00e9rcoles 14 de febrero a las 21:15h en directo tendremos nuestra tertulia semanal de #ElDecreto especial La Prensa en las campa\u00f1as electorales, \u00bfinformaci\u00f3n o manipulaci\u00f3n? Vamos a tratar de analizar junto a nuestros colaboradores, que pasa con la informaci\u00f3n en las campa\u00f1as electorales, antes y durante las mismas. Si todo vale, sea lo que [&hellip;]<\/p>\n","protected":false},"author":4,"featured_media":72583,"comment_status":"open","ping_status":"open","sticky":false,"template":"","format":"standard","meta":{"_acf_changed":false,"footnotes":""},"categories":[2766],"tags":[2574],"class_list":["post-72582","post","type-post","status-publish","format-standard","has-post-thumbnail","hentry","category-el-decreto","tag-tertulias"],"acf":[],"yoast_head":"<!-- This site is optimized with the Yoast SEO plugin v27.4 - https:\/\/yoast.com\/product\/yoast-seo-wordpress\/ -->\n<title>&quot;La Prensa en las campa\u00f1as electorales, \u00bfinformaci\u00f3n o manipulaci\u00f3n?&quot; - DLVRADIO<\/title>\n<meta name=\"description\" content=\"El mi\u00e9rcoles 14 de febrero a las 21:15h en directo tendremos nuestra tertulia semanal de #ElDecreto especial La Prensa en las campa\u00f1as electorales,\" \/>\n<meta name=\"robots\" content=\"index, follow, max-snippet:-1, max-image-preview:large, max-video-preview:-1\" \/>\n<link rel=\"canonical\" href=\"https:\/\/dlvradio.es\/en\/la-prensa-en-las-campanas-electorales-informacion-o-manipulacion\/\" \/>\n<meta property=\"og:locale\" content=\"en_US\" \/>\n<meta property=\"og:type\" content=\"article\" \/>\n<meta property=\"og:title\" content=\"&quot;La Prensa en las campa\u00f1as electorales, \u00bfinformaci\u00f3n o manipulaci\u00f3n?&quot; - DLVRADIO\" \/>\n<meta property=\"og:description\" content=\"El mi\u00e9rcoles 14 de febrero a las 21:15h en directo tendremos nuestra tertulia semanal de #ElDecreto especial La Prensa en las campa\u00f1as electorales,\" \/>\n<meta property=\"og:url\" content=\"https:\/\/dlvradio.es\/en\/la-prensa-en-las-campanas-electorales-informacion-o-manipulacion\/\" \/>\n<meta property=\"og:site_name\" content=\"DLVRADIO\" \/>\n<meta property=\"article:publisher\" content=\"https:\/\/www.facebook.com\/RadioDLVradio\/\" \/>\n<meta property=\"article:published_time\" content=\"2024-02-13T19:31:01+00:00\" \/>\n<meta property=\"og:image\" content=\"https:\/\/dlvradio.es\/wp-content\/uploads\/2024\/02\/www.dlvradio.es-7-1-1024x1024.png\" \/>\n\t<meta property=\"og:image:width\" content=\"1024\" \/>\n\t<meta property=\"og:image:height\" content=\"1024\" \/>\n\t<meta property=\"og:image:type\" content=\"image\/png\" \/>\n<meta name=\"author\" content=\"DLV RADIO\" \/>\n<meta name=\"twitter:card\" content=\"summary_large_image\" \/>\n<meta name=\"twitter:creator\" content=\"@RadioDlvradio\" \/>\n<meta name=\"twitter:site\" content=\"@RadioDlvradio\" \/>\n<script type=\"application\/ld+json\" class=\"yoast-schema-graph\">{\"@context\":\"https:\\\/\\\/schema.org\",\"@graph\":[{\"@type\":\"Article\",\"@id\":\"https:\\\/\\\/dlvradio.es\\\/la-prensa-en-las-campanas-electorales-informacion-o-manipulacion\\\/#article\",\"isPartOf\":{\"@id\":\"https:\\\/\\\/dlvradio.es\\\/la-prensa-en-las-campanas-electorales-informacion-o-manipulacion\\\/\"},\"author\":{\"name\":\"DLV RADIO\",\"@id\":\"https:\\\/\\\/dlvradio.es\\\/#\\\/schema\\\/person\\\/7d533f9f89b13e3a3f2ba7f67d6412de\"},\"headline\":\"\u00abLa Prensa en las campa\u00f1as electorales, \u00bfinformaci\u00f3n o manipulaci\u00f3n?\u00bb\",\"datePublished\":\"2024-02-13T19:31:01+00:00\",\"mainEntityOfPage\":{\"@id\":\"https:\\\/\\\/dlvradio.es\\\/la-prensa-en-las-campanas-electorales-informacion-o-manipulacion\\\/\"},\"wordCount\":153,\"commentCount\":0,\"publisher\":{\"@id\":\"https:\\\/\\\/dlvradio.es\\\/#organization\"},\"image\":{\"@id\":\"https:\\\/\\\/dlvradio.es\\\/la-prensa-en-las-campanas-electorales-informacion-o-manipulacion\\\/#primaryimage\"},\"thumbnailUrl\":\"https:\\\/\\\/dlvradio.es\\\/wp-content\\\/uploads\\\/2024\\\/02\\\/www.dlvradio.es-7-1.png\",\"keywords\":[\"tertulias\"],\"articleSection\":[\"El Decreto\"],\"inLanguage\":\"en-US\"},{\"@type\":\"WebPage\",\"@id\":\"https:\\\/\\\/dlvradio.es\\\/la-prensa-en-las-campanas-electorales-informacion-o-manipulacion\\\/\",\"url\":\"https:\\\/\\\/dlvradio.es\\\/la-prensa-en-las-campanas-electorales-informacion-o-manipulacion\\\/\",\"name\":\"\\\"La Prensa en las campa\u00f1as electorales, \u00bfinformaci\u00f3n o manipulaci\u00f3n?\\\" - DLVRADIO\",\"isPartOf\":{\"@id\":\"https:\\\/\\\/dlvradio.es\\\/#website\"},\"primaryImageOfPage\":{\"@id\":\"https:\\\/\\\/dlvradio.es\\\/la-prensa-en-las-campanas-electorales-informacion-o-manipulacion\\\/#primaryimage\"},\"image\":{\"@id\":\"https:\\\/\\\/dlvradio.es\\\/la-prensa-en-las-campanas-electorales-informacion-o-manipulacion\\\/#primaryimage\"},\"thumbnailUrl\":\"https:\\\/\\\/dlvradio.es\\\/wp-content\\\/uploads\\\/2024\\\/02\\\/www.dlvradio.es-7-1.png\",\"datePublished\":\"2024-02-13T19:31:01+00:00\",\"description\":\"El mi\u00e9rcoles 14 de febrero a las 21:15h en directo tendremos nuestra tertulia semanal de #ElDecreto especial La Prensa en las campa\u00f1as electorales,\",\"breadcrumb\":{\"@id\":\"https:\\\/\\\/dlvradio.es\\\/la-prensa-en-las-campanas-electorales-informacion-o-manipulacion\\\/#breadcrumb\"},\"inLanguage\":\"en-US\",\"potentialAction\":[{\"@type\":\"ReadAction\",\"target\":[\"https:\\\/\\\/dlvradio.es\\\/la-prensa-en-las-campanas-electorales-informacion-o-manipulacion\\\/\"]}]},{\"@type\":\"ImageObject\",\"inLanguage\":\"en-US\",\"@id\":\"https:\\\/\\\/dlvradio.es\\\/la-prensa-en-las-campanas-electorales-informacion-o-manipulacion\\\/#primaryimage\",\"url\":\"https:\\\/\\\/dlvradio.es\\\/wp-content\\\/uploads\\\/2024\\\/02\\\/www.dlvradio.es-7-1.png\",\"contentUrl\":\"https:\\\/\\\/dlvradio.es\\\/wp-content\\\/uploads\\\/2024\\\/02\\\/www.dlvradio.es-7-1.png\",\"width\":1500,\"height\":1500,\"caption\":\"www.dlvradio.es (7)\"},{\"@type\":\"BreadcrumbList\",\"@id\":\"https:\\\/\\\/dlvradio.es\\\/la-prensa-en-las-campanas-electorales-informacion-o-manipulacion\\\/#breadcrumb\",\"itemListElement\":[{\"@type\":\"ListItem\",\"position\":1,\"name\":\"Inicio\",\"item\":\"https:\\\/\\\/dlvradio.es\\\/\"},{\"@type\":\"ListItem\",\"position\":2,\"name\":\"&#8220;La Prensa en las campa\u00f1as electorales, \u00bfinformaci\u00f3n o manipulaci\u00f3n?&#8221;\"}]},{\"@type\":\"WebSite\",\"@id\":\"https:\\\/\\\/dlvradio.es\\\/#website\",\"url\":\"https:\\\/\\\/dlvradio.es\\\/\",\"name\":\"DLVRADIO\",\"description\":\"Somos un medio de comunicaci\u00f3n alternativo a los medios tradicionales\",\"publisher\":{\"@id\":\"https:\\\/\\\/dlvradio.es\\\/#organization\"},\"potentialAction\":[{\"@type\":\"SearchAction\",\"target\":{\"@type\":\"EntryPoint\",\"urlTemplate\":\"https:\\\/\\\/dlvradio.es\\\/?s={search_term_string}\"},\"query-input\":{\"@type\":\"PropertyValueSpecification\",\"valueRequired\":true,\"valueName\":\"search_term_string\"}}],\"inLanguage\":\"en-US\"},{\"@type\":\"Organization\",\"@id\":\"https:\\\/\\\/dlvradio.es\\\/#organization\",\"name\":\"DLVRADIO\",\"url\":\"https:\\\/\\\/dlvradio.es\\\/\",\"logo\":{\"@type\":\"ImageObject\",\"inLanguage\":\"en-US\",\"@id\":\"https:\\\/\\\/dlvradio.es\\\/#\\\/schema\\\/logo\\\/image\\\/\",\"url\":\"\",\"contentUrl\":\"\",\"caption\":\"DLVRADIO\"},\"image\":{\"@id\":\"https:\\\/\\\/dlvradio.es\\\/#\\\/schema\\\/logo\\\/image\\\/\"},\"sameAs\":[\"https:\\\/\\\/www.facebook.com\\\/RadioDLVradio\\\/\",\"https:\\\/\\\/x.com\\\/RadioDlvradio\",\"https:\\\/\\\/www.instagram.com\\\/radiodlvradio\\\/\"]},{\"@type\":\"Person\",\"@id\":\"https:\\\/\\\/dlvradio.es\\\/#\\\/schema\\\/person\\\/7d533f9f89b13e3a3f2ba7f67d6412de\",\"name\":\"DLV RADIO\",\"sameAs\":[\"https:\\\/\\\/dlvradio.es\"]}]}<\/script>\n<!-- \/ Yoast SEO plugin. -->","yoast_head_json":{"title":"\"La Prensa en las campa\u00f1as electorales, \u00bfinformaci\u00f3n o manipulaci\u00f3n?\" - DLVRADIO","description":"El mi\u00e9rcoles 14 de febrero a las 21:15h en directo tendremos nuestra tertulia semanal de #ElDecreto especial La Prensa en las campa\u00f1as electorales,","robots":{"index":"index","follow":"follow","max-snippet":"max-snippet:-1","max-image-preview":"max-image-preview:large","max-video-preview":"max-video-preview:-1"},"canonical":"https:\/\/dlvradio.es\/en\/la-prensa-en-las-campanas-electorales-informacion-o-manipulacion\/","og_locale":"en_US","og_type":"article","og_title":"\"La Prensa en las campa\u00f1as electorales, \u00bfinformaci\u00f3n o manipulaci\u00f3n?\" - DLVRADIO","og_description":"El mi\u00e9rcoles 14 de febrero a las 21:15h en directo tendremos nuestra tertulia semanal de #ElDecreto especial La Prensa en las campa\u00f1as electorales,","og_url":"https:\/\/dlvradio.es\/en\/la-prensa-en-las-campanas-electorales-informacion-o-manipulacion\/","og_site_name":"DLVRADIO","article_publisher":"https:\/\/www.facebook.com\/RadioDLVradio\/","article_published_time":"2024-02-13T19:31:01+00:00","og_image":[{"width":1024,"height":1024,"url":"https:\/\/dlvradio.es\/wp-content\/uploads\/2024\/02\/www.dlvradio.es-7-1-1024x1024.png","type":"image\/png"}],"author":"DLV RADIO","twitter_card":"summary_large_image","twitter_creator":"@RadioDlvradio","twitter_site":"@RadioDlvradio","schema":{"@context":"https:\/\/schema.org","@graph":[{"@type":"Article","@id":"https:\/\/dlvradio.es\/la-prensa-en-las-campanas-electorales-informacion-o-manipulacion\/#article","isPartOf":{"@id":"https:\/\/dlvradio.es\/la-prensa-en-las-campanas-electorales-informacion-o-manipulacion\/"},"author":{"name":"DLV RADIO","@id":"https:\/\/dlvradio.es\/#\/schema\/person\/7d533f9f89b13e3a3f2ba7f67d6412de"},"headline":"\u00abLa Prensa en las campa\u00f1as electorales, \u00bfinformaci\u00f3n o manipulaci\u00f3n?\u00bb","datePublished":"2024-02-13T19:31:01+00:00","mainEntityOfPage":{"@id":"https:\/\/dlvradio.es\/la-prensa-en-las-campanas-electorales-informacion-o-manipulacion\/"},"wordCount":153,"commentCount":0,"publisher":{"@id":"https:\/\/dlvradio.es\/#organization"},"image":{"@id":"https:\/\/dlvradio.es\/la-prensa-en-las-campanas-electorales-informacion-o-manipulacion\/#primaryimage"},"thumbnailUrl":"https:\/\/dlvradio.es\/wp-content\/uploads\/2024\/02\/www.dlvradio.es-7-1.png","keywords":["tertulias"],"articleSection":["El Decreto"],"inLanguage":"en-US"},{"@type":"WebPage","@id":"https:\/\/dlvradio.es\/la-prensa-en-las-campanas-electorales-informacion-o-manipulacion\/","url":"https:\/\/dlvradio.es\/la-prensa-en-las-campanas-electorales-informacion-o-manipulacion\/","name":"\"La Prensa en las campa\u00f1as electorales, \u00bfinformaci\u00f3n o manipulaci\u00f3n?\" - DLVRADIO","isPartOf":{"@id":"https:\/\/dlvradio.es\/#website"},"primaryImageOfPage":{"@id":"https:\/\/dlvradio.es\/la-prensa-en-las-campanas-electorales-informacion-o-manipulacion\/#primaryimage"},"image":{"@id":"https:\/\/dlvradio.es\/la-prensa-en-las-campanas-electorales-informacion-o-manipulacion\/#primaryimage"},"thumbnailUrl":"https:\/\/dlvradio.es\/wp-content\/uploads\/2024\/02\/www.dlvradio.es-7-1.png","datePublished":"2024-02-13T19:31:01+00:00","description":"El mi\u00e9rcoles 14 de febrero a las 21:15h en directo tendremos nuestra tertulia semanal de #ElDecreto especial La Prensa en las campa\u00f1as electorales,","breadcrumb":{"@id":"https:\/\/dlvradio.es\/la-prensa-en-las-campanas-electorales-informacion-o-manipulacion\/#breadcrumb"},"inLanguage":"en-US","potentialAction":[{"@type":"ReadAction","target":["https:\/\/dlvradio.es\/la-prensa-en-las-campanas-electorales-informacion-o-manipulacion\/"]}]},{"@type":"ImageObject","inLanguage":"en-US","@id":"https:\/\/dlvradio.es\/la-prensa-en-las-campanas-electorales-informacion-o-manipulacion\/#primaryimage","url":"https:\/\/dlvradio.es\/wp-content\/uploads\/2024\/02\/www.dlvradio.es-7-1.png","contentUrl":"https:\/\/dlvradio.es\/wp-content\/uploads\/2024\/02\/www.dlvradio.es-7-1.png","width":1500,"height":1500,"caption":"www.dlvradio.es (7)"},{"@type":"BreadcrumbList","@id":"https:\/\/dlvradio.es\/la-prensa-en-las-campanas-electorales-informacion-o-manipulacion\/#breadcrumb","itemListElement":[{"@type":"ListItem","position":1,"name":"Inicio","item":"https:\/\/dlvradio.es\/"},{"@type":"ListItem","position":2,"name":"&#8220;La Prensa en las campa\u00f1as electorales, \u00bfinformaci\u00f3n o manipulaci\u00f3n?&#8221;"}]},{"@type":"WebSite","@id":"https:\/\/dlvradio.es\/#website","url":"https:\/\/dlvradio.es\/","name":"DLVRADIO","description":"We are an alternative media to traditional media","publisher":{"@id":"https:\/\/dlvradio.es\/#organization"},"potentialAction":[{"@type":"SearchAction","target":{"@type":"EntryPoint","urlTemplate":"https:\/\/dlvradio.es\/?s={search_term_string}"},"query-input":{"@type":"PropertyValueSpecification","valueRequired":true,"valueName":"search_term_string"}}],"inLanguage":"en-US"},{"@type":"Organization","@id":"https:\/\/dlvradio.es\/#organization","name":"DLVRADIO","url":"https:\/\/dlvradio.es\/","logo":{"@type":"ImageObject","inLanguage":"en-US","@id":"https:\/\/dlvradio.es\/#\/schema\/logo\/image\/","url":"","contentUrl":"","caption":"DLVRADIO"},"image":{"@id":"https:\/\/dlvradio.es\/#\/schema\/logo\/image\/"},"sameAs":["https:\/\/www.facebook.com\/RadioDLVradio\/","https:\/\/x.com\/RadioDlvradio","https:\/\/www.instagram.com\/radiodlvradio\/"]},{"@type":"Person","@id":"https:\/\/dlvradio.es\/#\/schema\/person\/7d533f9f89b13e3a3f2ba7f67d6412de","name":"DLV RADIO","sameAs":["https:\/\/dlvradio.es"]}]}},"_links":{"self":[{"href":"https:\/\/dlvradio.es\/en\/wp-json\/wp\/v2\/posts\/72582","targetHints":{"allow":["GET"]}}],"collection":[{"href":"https:\/\/dlvradio.es\/en\/wp-json\/wp\/v2\/posts"}],"about":[{"href":"https:\/\/dlvradio.es\/en\/wp-json\/wp\/v2\/types\/post"}],"author":[{"embeddable":true,"href":"https:\/\/dlvradio.es\/en\/wp-json\/wp\/v2\/users\/4"}],"replies":[{"embeddable":true,"href":"https:\/\/dlvradio.es\/en\/wp-json\/wp\/v2\/comments?post=72582"}],"version-history":[{"count":0,"href":"https:\/\/dlvradio.es\/en\/wp-json\/wp\/v2\/posts\/72582\/revisions"}],"wp:featuredmedia":[{"embeddable":true,"href":"https:\/\/dlvradio.es\/en\/wp-json\/wp\/v2\/media\/72583"}],"wp:attachment":[{"href":"https:\/\/dlvradio.es\/en\/wp-json\/wp\/v2\/media?parent=72582"}],"wp:term":[{"taxonomy":"category","embeddable":true,"href":"https:\/\/dlvradio.es\/en\/wp-json\/wp\/v2\/categories?post=72582"},{"taxonomy":"post_tag","embeddable":true,"href":"https:\/\/dlvradio.es\/en\/wp-json\/wp\/v2\/tags?post=72582"}],"curies":[{"name":"wp","href":"https:\/\/api.w.org\/{rel}","templated":true}]}}