{"id":72617,"date":"2024-02-22T17:49:14","date_gmt":"2024-02-22T16:49:14","guid":{"rendered":"https:\/\/dlvradio.es\/la-ley-gia-situa-a-la-industria-de-telecomunicaciones-por-encima-de-la-proteccion-ciudadana\/"},"modified":"2024-02-22T17:49:14","modified_gmt":"2024-02-22T16:49:14","slug":"la-ley-gia-situa-a-la-industria-de-telecomunicaciones-por-encima-de-la-proteccion-ciudadana","status":"publish","type":"post","link":"https:\/\/dlvradio.es\/en\/la-ley-gia-situa-a-la-industria-de-telecomunicaciones-por-encima-de-la-proteccion-ciudadana\/","title":{"rendered":"The GIA Law places the telecommunications industry above citizen protection"},"content":{"rendered":"<h6><strong><img decoding=\"async\" class=\"alignleft wp-image-12909 size-thumbnail\" src=\"https:\/\/dlvradio.es\/wp-content\/uploads\/2024\/02\/www.dlvradio.es-6-2-150x150.png\" alt=\"\" width=\"150\" height=\"150\" \/>La Ley de Infraestructuras Gigabit sit\u00faa a la industria de telecomunicaciones por encima de la protecci\u00f3n ciudadana y el planeta<\/strong><\/h6>\n<ul>\n<li><em>Ecologistas en Acci\u00f3n solicita aplazar la introducci\u00f3n de la Ley de Infraestructuras Gigabit (GIA) hasta garantizar una evaluaci\u00f3n ambiental y sanitaria previa de las ondas milim\u00e9tricas del 5G, algo que ya han demandado ciudadan\u00eda, sector cient\u00edfico y personas expertas en el tema.<\/em><\/li>\n<li><em>Dicha normativa da potestad a las teleoperadoras para que las autoridades locales alberguen las antenas 5G en sus infraestructuras, mobiliario urbano o edificios p\u00fablicos, eliminando las escasas disposiciones de control local y transparencia.<\/em><\/li>\n<li><em>La organizaci\u00f3n ecologista denuncia este \u201cnuevo regalo exorbitante a las empresas de telecomunicaciones en su despliegue de las ondas milim\u00e9tricas del 5G\u201d, calificado por el Servicio de Investigaci\u00f3n del Parlamento Europeo (2021) como un \u201cexperimento masivo\u201d, y denunciado por el Alto Consejo por el Clima franc\u00e9s (HCC) por su comportamiento profundamente energ\u00edvoro y su impacto clim\u00e1tico.<\/em><\/li>\n<\/ul>\n<p>Ecologistas en Acci\u00f3n considera que la puesta en marcha de esta normativa europea, sin debate p\u00fablico, reafirma la p\u00e9rdida de competencias auton\u00f3micas, municipales y de la ciudadan\u00eda. De salir adelante, la Ley de Infraestructuras Gigabit (GIA) dar\u00eda plenos poderes a las teleoperadoras sobre las autoridades locales propietarias de redes, infraestructuras, mobiliario urbano o edificios p\u00fablicos susceptibles de albergar antenas 5G. Tambi\u00e9n establecer\u00eda un sistema de permisos de punto \u00fanico digital, donde todas las solicitudes deben aprobarse t\u00e1citamente.<\/p>\n<p><strong>Huella ecol\u00f3gica de la GIA<\/strong><\/p>\n<p>El Alto Consejo por el Clima de Francia (HCC) alert\u00f3 en su informe al Senado franc\u00e9s en 2020 de que la implantaci\u00f3n del 5G ignora y no eval\u00faa el aumento progresivo del consumo energ\u00edvoro de las redes, su huella de carbono y la afectaci\u00f3n clim\u00e1tica. Tambi\u00e9n alerta de que no eval\u00faa otras repercusiones como las sociales y sanitarias antes de su despliegue.<\/p>\n<p>Las 17 sociedades cient\u00edficas de protecci\u00f3n radiol\u00f3gica iberoamericanas incluidas en la CIPRACEM remarcaron en 2021 que \u201cla comunicaci\u00f3n inal\u00e1mbrica representa un tremendo derroche de energ\u00eda con relaci\u00f3n a la cableada dado que consume 10 veces m\u00e1s, lo que necesariamente obliga a quemar combustibles f\u00f3siles y producir un volumen creciente de gases de efecto invernadero (GEI) y el consiguiente aumento de la temperatura del planeta y el riesgo de desastres ambientales\u201d.<\/p>\n<p>De esta forma, aconsejaron a las autoridades apostar por internet por cable con redes de fibra \u00f3ptica, \u201cmuy superiores a las inal\u00e1mbricas en velocidad, seguridad y costo\u201d, para evitar un da\u00f1o que se est\u00e1 produciendo \u201cal planeta y a la gente sin obtener beneficios a cambio\u201d.<\/p>\n<p><strong>Alertas en el \u00e1mbito cient\u00edfico y en las instituciones europeas<\/strong><\/p>\n<p>La organizaci\u00f3n ecologista recuerda que los niveles de exposici\u00f3n actuales a radiofrecuencias ya fueron cuestionados abiertamente a la ONU y a la OMS, desde hace casi una d\u00e9cada, por el llamamiento cient\u00edfico internacional de especialistas en bioelectromagnetismo, autores de m\u00e1s de mil publicaciones cient\u00edficas relevantes revisadas por pares.<\/p>\n<p>En dicha l\u00ednea, numerosos llamamientos y organizaciones del \u00e1mbito de la ciencia y la salud ya se posicionaron a favor de una moratoria del despliegue del 5G, especialmente de sus ondas milim\u00e9tricas como las de 26 GHz, recientemente subastadas en el Estado espa\u00f1ol. Moratoria solicitada, entre otras, por organizaciones ecologistas, federaciones vecinales y organizaciones de personas afectadas por enfermedades cr\u00f3nicas ambientales y\/o de afectaci\u00f3n al sistema nervioso central e inmunol\u00f3gico.<\/p>\n<p>En Espa\u00f1a, el anterior Defensor del Pueblo reconoci\u00f3 en 2019 la ausencia de evaluaci\u00f3n ambiental del despliegue del 5G y consider\u00f3 l\u00edcito aplicar el principio de precauci\u00f3n, especialmente en la banda de los 26 GHz, ante la ausencia de niveles fijados de exposici\u00f3n seguros y la ausencia de la Comisi\u00f3n interministerial sobre radiofrecuencias y salud contemplada por ley.<\/p>\n<p>El Servicio de Investigaci\u00f3n del Parlamento Europeo (EPRS\/STOA) corrobor\u00f3 en 2021 la falta de protecci\u00f3n de los niveles actuales de exposici\u00f3n a radiofrecuencias (RF) y consider\u00f3 el despliegue de las ondas milim\u00e9tricas de 26 GHz del 5G c\u00f3mo un \u201cexperimento humano\u201d. En concreto, esta instituci\u00f3n, responsable de la investigaci\u00f3n y asesoramiento cient\u00edfico del Parlamento Europeo, concluy\u00f3 que \u201cexisten pruebas suficientes en animales de experimentaci\u00f3n de la carcinogenicidad de las radiaciones de RF\u201d. Y a\u00f1adi\u00f3 que son \u201cprobablemente cancer\u00edgenas para los humanos\u201d, \u201cafectan claramente a la fertilidad masculina y posiblemente tambi\u00e9n a la femenina\u201d, y \u201cpueden tener posibles efectos adversos en el desarrollo de embriones, fetos y reci\u00e9n nacidos\u201d.<\/p>\n<p>Ecologistas en Acci\u00f3n vuelve a alertar de la carrera desenfrenada de consumo digital de datos y el control social de los mismos. Reivindica una pol\u00edtica de sobriedad digital y electromagn\u00e9tica, de protecci\u00f3n a la introducci\u00f3n adict\u00f3gena y precoz de pantallas en ni\u00f1as y ni\u00f1os, de reequilibrio de las pol\u00edticas de despliegue de nuevas infraestructuras para garantizar una mayor transparencia y concertaci\u00f3n a nivel local, y de prevenci\u00f3n y tratamiento digno de la electrohipersensibilidad.<\/p>\n<p>Julio Carmona, portavoz de la organizaci\u00f3n ecologista, ha declarado: \u201cHay que desmontar los mitos de la GIA y de la digitalizaci\u00f3n de la UE, ya que la alta velocidad no tiene por qu\u00e9 ser inal\u00e1mbrica, la tecnolog\u00eda inal\u00e1mbrica consume hasta 10 veces m\u00e1s energ\u00eda que por cable y la hiperdigitalizaci\u00f3n no es compatible con un\u00a0 progreso ecosocial. Es decir, hay que apostar por un uso sobrio de los medios digitales con opciones biocompatibles y realmente sostenibles\u201d.<\/p>","protected":false},"excerpt":{"rendered":"<p>La Ley de Infraestructuras Gigabit sit\u00faa a la industria de telecomunicaciones por encima de la protecci\u00f3n ciudadana y el planeta Ecologistas en Acci\u00f3n solicita aplazar la introducci\u00f3n de la Ley de Infraestructuras Gigabit (GIA) hasta garantizar una evaluaci\u00f3n ambiental y sanitaria previa de las ondas milim\u00e9tricas del 5G, algo que ya han demandado ciudadan\u00eda, sector [&hellip;]<\/p>\n","protected":false},"author":4,"featured_media":72618,"comment_status":"open","ping_status":"open","sticky":false,"template":"","format":"standard","meta":{"_acf_changed":false,"footnotes":""},"categories":[2711,2465],"tags":[2478,2608],"class_list":["post-72617","post","type-post","status-publish","format-standard","has-post-thumbnail","hentry","category-emergencia-climatica","category-informativos","tag-ecologia","tag-union-europea"],"acf":[],"yoast_head":"<!-- This site is optimized with the Yoast SEO plugin v27.4 - https:\/\/yoast.com\/product\/yoast-seo-wordpress\/ -->\n<title>La Ley GIA sit\u00faa a la industria de telecomunicaciones por encima de la protecci\u00f3n ciudadana - DLVRADIO<\/title>\n<meta name=\"description\" content=\"La Ley de Infraestructuras Gigabit sit\u00faa a la industria de telecomunicaciones por encima de la protecci\u00f3n ciudadana y el planeta Ecologistas en Acci\u00f3n\" \/>\n<meta name=\"robots\" content=\"index, follow, max-snippet:-1, max-image-preview:large, max-video-preview:-1\" \/>\n<link rel=\"canonical\" href=\"https:\/\/dlvradio.es\/en\/la-ley-gia-situa-a-la-industria-de-telecomunicaciones-por-encima-de-la-proteccion-ciudadana\/\" \/>\n<meta property=\"og:locale\" content=\"en_US\" \/>\n<meta property=\"og:type\" content=\"article\" \/>\n<meta property=\"og:title\" content=\"La Ley GIA sit\u00faa a la industria de telecomunicaciones por encima de la protecci\u00f3n ciudadana - DLVRADIO\" \/>\n<meta property=\"og:description\" content=\"La Ley de Infraestructuras Gigabit sit\u00faa a la industria de telecomunicaciones por encima de la protecci\u00f3n ciudadana y el planeta Ecologistas en Acci\u00f3n\" \/>\n<meta property=\"og:url\" content=\"https:\/\/dlvradio.es\/en\/la-ley-gia-situa-a-la-industria-de-telecomunicaciones-por-encima-de-la-proteccion-ciudadana\/\" \/>\n<meta property=\"og:site_name\" content=\"DLVRADIO\" \/>\n<meta property=\"article:publisher\" content=\"https:\/\/www.facebook.com\/RadioDLVradio\/\" \/>\n<meta property=\"article:published_time\" content=\"2024-02-22T16:49:14+00:00\" \/>\n<meta property=\"og:image\" content=\"https:\/\/dlvradio.es\/wp-content\/uploads\/2024\/02\/www.dlvradio.es-6-2-1024x1024.png\" \/>\n\t<meta property=\"og:image:width\" content=\"1024\" \/>\n\t<meta property=\"og:image:height\" content=\"1024\" \/>\n\t<meta property=\"og:image:type\" content=\"image\/png\" \/>\n<meta name=\"author\" content=\"DLV RADIO\" \/>\n<meta name=\"twitter:card\" content=\"summary_large_image\" \/>\n<meta name=\"twitter:creator\" content=\"@RadioDlvradio\" \/>\n<meta name=\"twitter:site\" content=\"@RadioDlvradio\" \/>\n<script type=\"application\/ld+json\" class=\"yoast-schema-graph\">{\"@context\":\"https:\\\/\\\/schema.org\",\"@graph\":[{\"@type\":\"Article\",\"@id\":\"https:\\\/\\\/dlvradio.es\\\/la-ley-gia-situa-a-la-industria-de-telecomunicaciones-por-encima-de-la-proteccion-ciudadana\\\/#article\",\"isPartOf\":{\"@id\":\"https:\\\/\\\/dlvradio.es\\\/la-ley-gia-situa-a-la-industria-de-telecomunicaciones-por-encima-de-la-proteccion-ciudadana\\\/\"},\"author\":{\"name\":\"DLV RADIO\",\"@id\":\"https:\\\/\\\/dlvradio.es\\\/#\\\/schema\\\/person\\\/7d533f9f89b13e3a3f2ba7f67d6412de\"},\"headline\":\"La Ley GIA sit\u00faa a la industria de telecomunicaciones por encima de la protecci\u00f3n ciudadana\",\"datePublished\":\"2024-02-22T16:49:14+00:00\",\"mainEntityOfPage\":{\"@id\":\"https:\\\/\\\/dlvradio.es\\\/la-ley-gia-situa-a-la-industria-de-telecomunicaciones-por-encima-de-la-proteccion-ciudadana\\\/\"},\"wordCount\":958,\"commentCount\":0,\"publisher\":{\"@id\":\"https:\\\/\\\/dlvradio.es\\\/#organization\"},\"image\":{\"@id\":\"https:\\\/\\\/dlvradio.es\\\/la-ley-gia-situa-a-la-industria-de-telecomunicaciones-por-encima-de-la-proteccion-ciudadana\\\/#primaryimage\"},\"thumbnailUrl\":\"https:\\\/\\\/dlvradio.es\\\/wp-content\\\/uploads\\\/2024\\\/02\\\/www.dlvradio.es-6-2.png\",\"keywords\":[\"ecolog\u00eda\",\"uni\u00f3n europea\"],\"articleSection\":[\"Emergencia clim\u00e1tica\",\"Informativos\"],\"inLanguage\":\"en-US\"},{\"@type\":\"WebPage\",\"@id\":\"https:\\\/\\\/dlvradio.es\\\/la-ley-gia-situa-a-la-industria-de-telecomunicaciones-por-encima-de-la-proteccion-ciudadana\\\/\",\"url\":\"https:\\\/\\\/dlvradio.es\\\/la-ley-gia-situa-a-la-industria-de-telecomunicaciones-por-encima-de-la-proteccion-ciudadana\\\/\",\"name\":\"La Ley GIA sit\u00faa a la industria de telecomunicaciones por encima de la protecci\u00f3n ciudadana - DLVRADIO\",\"isPartOf\":{\"@id\":\"https:\\\/\\\/dlvradio.es\\\/#website\"},\"primaryImageOfPage\":{\"@id\":\"https:\\\/\\\/dlvradio.es\\\/la-ley-gia-situa-a-la-industria-de-telecomunicaciones-por-encima-de-la-proteccion-ciudadana\\\/#primaryimage\"},\"image\":{\"@id\":\"https:\\\/\\\/dlvradio.es\\\/la-ley-gia-situa-a-la-industria-de-telecomunicaciones-por-encima-de-la-proteccion-ciudadana\\\/#primaryimage\"},\"thumbnailUrl\":\"https:\\\/\\\/dlvradio.es\\\/wp-content\\\/uploads\\\/2024\\\/02\\\/www.dlvradio.es-6-2.png\",\"datePublished\":\"2024-02-22T16:49:14+00:00\",\"description\":\"La Ley de Infraestructuras Gigabit sit\u00faa a la industria de telecomunicaciones por encima de la protecci\u00f3n ciudadana y el planeta Ecologistas en Acci\u00f3n\",\"breadcrumb\":{\"@id\":\"https:\\\/\\\/dlvradio.es\\\/la-ley-gia-situa-a-la-industria-de-telecomunicaciones-por-encima-de-la-proteccion-ciudadana\\\/#breadcrumb\"},\"inLanguage\":\"en-US\",\"potentialAction\":[{\"@type\":\"ReadAction\",\"target\":[\"https:\\\/\\\/dlvradio.es\\\/la-ley-gia-situa-a-la-industria-de-telecomunicaciones-por-encima-de-la-proteccion-ciudadana\\\/\"]}]},{\"@type\":\"ImageObject\",\"inLanguage\":\"en-US\",\"@id\":\"https:\\\/\\\/dlvradio.es\\\/la-ley-gia-situa-a-la-industria-de-telecomunicaciones-por-encima-de-la-proteccion-ciudadana\\\/#primaryimage\",\"url\":\"https:\\\/\\\/dlvradio.es\\\/wp-content\\\/uploads\\\/2024\\\/02\\\/www.dlvradio.es-6-2.png\",\"contentUrl\":\"https:\\\/\\\/dlvradio.es\\\/wp-content\\\/uploads\\\/2024\\\/02\\\/www.dlvradio.es-6-2.png\",\"width\":1500,\"height\":1500,\"caption\":\"www.dlvradio.es (6)\"},{\"@type\":\"BreadcrumbList\",\"@id\":\"https:\\\/\\\/dlvradio.es\\\/la-ley-gia-situa-a-la-industria-de-telecomunicaciones-por-encima-de-la-proteccion-ciudadana\\\/#breadcrumb\",\"itemListElement\":[{\"@type\":\"ListItem\",\"position\":1,\"name\":\"Inicio\",\"item\":\"https:\\\/\\\/dlvradio.es\\\/\"},{\"@type\":\"ListItem\",\"position\":2,\"name\":\"La Ley GIA sit\u00faa a la industria de telecomunicaciones por encima de la protecci\u00f3n ciudadana\"}]},{\"@type\":\"WebSite\",\"@id\":\"https:\\\/\\\/dlvradio.es\\\/#website\",\"url\":\"https:\\\/\\\/dlvradio.es\\\/\",\"name\":\"DLVRADIO\",\"description\":\"Somos un medio de comunicaci\u00f3n alternativo a los medios tradicionales\",\"publisher\":{\"@id\":\"https:\\\/\\\/dlvradio.es\\\/#organization\"},\"potentialAction\":[{\"@type\":\"SearchAction\",\"target\":{\"@type\":\"EntryPoint\",\"urlTemplate\":\"https:\\\/\\\/dlvradio.es\\\/?s={search_term_string}\"},\"query-input\":{\"@type\":\"PropertyValueSpecification\",\"valueRequired\":true,\"valueName\":\"search_term_string\"}}],\"inLanguage\":\"en-US\"},{\"@type\":\"Organization\",\"@id\":\"https:\\\/\\\/dlvradio.es\\\/#organization\",\"name\":\"DLVRADIO\",\"url\":\"https:\\\/\\\/dlvradio.es\\\/\",\"logo\":{\"@type\":\"ImageObject\",\"inLanguage\":\"en-US\",\"@id\":\"https:\\\/\\\/dlvradio.es\\\/#\\\/schema\\\/logo\\\/image\\\/\",\"url\":\"\",\"contentUrl\":\"\",\"caption\":\"DLVRADIO\"},\"image\":{\"@id\":\"https:\\\/\\\/dlvradio.es\\\/#\\\/schema\\\/logo\\\/image\\\/\"},\"sameAs\":[\"https:\\\/\\\/www.facebook.com\\\/RadioDLVradio\\\/\",\"https:\\\/\\\/x.com\\\/RadioDlvradio\",\"https:\\\/\\\/www.instagram.com\\\/radiodlvradio\\\/\"]},{\"@type\":\"Person\",\"@id\":\"https:\\\/\\\/dlvradio.es\\\/#\\\/schema\\\/person\\\/7d533f9f89b13e3a3f2ba7f67d6412de\",\"name\":\"DLV RADIO\",\"sameAs\":[\"https:\\\/\\\/dlvradio.es\"]}]}<\/script>\n<!-- \/ Yoast SEO plugin. -->","yoast_head_json":{"title":"La Ley GIA sit\u00faa a la industria de telecomunicaciones por encima de la protecci\u00f3n ciudadana - DLVRADIO","description":"La Ley de Infraestructuras Gigabit sit\u00faa a la industria de telecomunicaciones por encima de la protecci\u00f3n ciudadana y el planeta Ecologistas en Acci\u00f3n","robots":{"index":"index","follow":"follow","max-snippet":"max-snippet:-1","max-image-preview":"max-image-preview:large","max-video-preview":"max-video-preview:-1"},"canonical":"https:\/\/dlvradio.es\/en\/la-ley-gia-situa-a-la-industria-de-telecomunicaciones-por-encima-de-la-proteccion-ciudadana\/","og_locale":"en_US","og_type":"article","og_title":"La Ley GIA sit\u00faa a la industria de telecomunicaciones por encima de la protecci\u00f3n ciudadana - DLVRADIO","og_description":"La Ley de Infraestructuras Gigabit sit\u00faa a la industria de telecomunicaciones por encima de la protecci\u00f3n ciudadana y el planeta Ecologistas en Acci\u00f3n","og_url":"https:\/\/dlvradio.es\/en\/la-ley-gia-situa-a-la-industria-de-telecomunicaciones-por-encima-de-la-proteccion-ciudadana\/","og_site_name":"DLVRADIO","article_publisher":"https:\/\/www.facebook.com\/RadioDLVradio\/","article_published_time":"2024-02-22T16:49:14+00:00","og_image":[{"width":1024,"height":1024,"url":"https:\/\/dlvradio.es\/wp-content\/uploads\/2024\/02\/www.dlvradio.es-6-2-1024x1024.png","type":"image\/png"}],"author":"DLV RADIO","twitter_card":"summary_large_image","twitter_creator":"@RadioDlvradio","twitter_site":"@RadioDlvradio","schema":{"@context":"https:\/\/schema.org","@graph":[{"@type":"Article","@id":"https:\/\/dlvradio.es\/la-ley-gia-situa-a-la-industria-de-telecomunicaciones-por-encima-de-la-proteccion-ciudadana\/#article","isPartOf":{"@id":"https:\/\/dlvradio.es\/la-ley-gia-situa-a-la-industria-de-telecomunicaciones-por-encima-de-la-proteccion-ciudadana\/"},"author":{"name":"DLV RADIO","@id":"https:\/\/dlvradio.es\/#\/schema\/person\/7d533f9f89b13e3a3f2ba7f67d6412de"},"headline":"La Ley GIA sit\u00faa a la industria de telecomunicaciones por encima de la protecci\u00f3n ciudadana","datePublished":"2024-02-22T16:49:14+00:00","mainEntityOfPage":{"@id":"https:\/\/dlvradio.es\/la-ley-gia-situa-a-la-industria-de-telecomunicaciones-por-encima-de-la-proteccion-ciudadana\/"},"wordCount":958,"commentCount":0,"publisher":{"@id":"https:\/\/dlvradio.es\/#organization"},"image":{"@id":"https:\/\/dlvradio.es\/la-ley-gia-situa-a-la-industria-de-telecomunicaciones-por-encima-de-la-proteccion-ciudadana\/#primaryimage"},"thumbnailUrl":"https:\/\/dlvradio.es\/wp-content\/uploads\/2024\/02\/www.dlvradio.es-6-2.png","keywords":["ecolog\u00eda","uni\u00f3n europea"],"articleSection":["Emergencia clim\u00e1tica","Informativos"],"inLanguage":"en-US"},{"@type":"WebPage","@id":"https:\/\/dlvradio.es\/la-ley-gia-situa-a-la-industria-de-telecomunicaciones-por-encima-de-la-proteccion-ciudadana\/","url":"https:\/\/dlvradio.es\/la-ley-gia-situa-a-la-industria-de-telecomunicaciones-por-encima-de-la-proteccion-ciudadana\/","name":"La Ley GIA sit\u00faa a la industria de telecomunicaciones por encima de la protecci\u00f3n ciudadana - DLVRADIO","isPartOf":{"@id":"https:\/\/dlvradio.es\/#website"},"primaryImageOfPage":{"@id":"https:\/\/dlvradio.es\/la-ley-gia-situa-a-la-industria-de-telecomunicaciones-por-encima-de-la-proteccion-ciudadana\/#primaryimage"},"image":{"@id":"https:\/\/dlvradio.es\/la-ley-gia-situa-a-la-industria-de-telecomunicaciones-por-encima-de-la-proteccion-ciudadana\/#primaryimage"},"thumbnailUrl":"https:\/\/dlvradio.es\/wp-content\/uploads\/2024\/02\/www.dlvradio.es-6-2.png","datePublished":"2024-02-22T16:49:14+00:00","description":"La Ley de Infraestructuras Gigabit sit\u00faa a la industria de telecomunicaciones por encima de la protecci\u00f3n ciudadana y el planeta Ecologistas en Acci\u00f3n","breadcrumb":{"@id":"https:\/\/dlvradio.es\/la-ley-gia-situa-a-la-industria-de-telecomunicaciones-por-encima-de-la-proteccion-ciudadana\/#breadcrumb"},"inLanguage":"en-US","potentialAction":[{"@type":"ReadAction","target":["https:\/\/dlvradio.es\/la-ley-gia-situa-a-la-industria-de-telecomunicaciones-por-encima-de-la-proteccion-ciudadana\/"]}]},{"@type":"ImageObject","inLanguage":"en-US","@id":"https:\/\/dlvradio.es\/la-ley-gia-situa-a-la-industria-de-telecomunicaciones-por-encima-de-la-proteccion-ciudadana\/#primaryimage","url":"https:\/\/dlvradio.es\/wp-content\/uploads\/2024\/02\/www.dlvradio.es-6-2.png","contentUrl":"https:\/\/dlvradio.es\/wp-content\/uploads\/2024\/02\/www.dlvradio.es-6-2.png","width":1500,"height":1500,"caption":"www.dlvradio.es (6)"},{"@type":"BreadcrumbList","@id":"https:\/\/dlvradio.es\/la-ley-gia-situa-a-la-industria-de-telecomunicaciones-por-encima-de-la-proteccion-ciudadana\/#breadcrumb","itemListElement":[{"@type":"ListItem","position":1,"name":"Inicio","item":"https:\/\/dlvradio.es\/"},{"@type":"ListItem","position":2,"name":"La Ley GIA sit\u00faa a la industria de telecomunicaciones por encima de la protecci\u00f3n ciudadana"}]},{"@type":"WebSite","@id":"https:\/\/dlvradio.es\/#website","url":"https:\/\/dlvradio.es\/","name":"DLVRADIO","description":"We are an alternative media to traditional media","publisher":{"@id":"https:\/\/dlvradio.es\/#organization"},"potentialAction":[{"@type":"SearchAction","target":{"@type":"EntryPoint","urlTemplate":"https:\/\/dlvradio.es\/?s={search_term_string}"},"query-input":{"@type":"PropertyValueSpecification","valueRequired":true,"valueName":"search_term_string"}}],"inLanguage":"en-US"},{"@type":"Organization","@id":"https:\/\/dlvradio.es\/#organization","name":"DLVRADIO","url":"https:\/\/dlvradio.es\/","logo":{"@type":"ImageObject","inLanguage":"en-US","@id":"https:\/\/dlvradio.es\/#\/schema\/logo\/image\/","url":"","contentUrl":"","caption":"DLVRADIO"},"image":{"@id":"https:\/\/dlvradio.es\/#\/schema\/logo\/image\/"},"sameAs":["https:\/\/www.facebook.com\/RadioDLVradio\/","https:\/\/x.com\/RadioDlvradio","https:\/\/www.instagram.com\/radiodlvradio\/"]},{"@type":"Person","@id":"https:\/\/dlvradio.es\/#\/schema\/person\/7d533f9f89b13e3a3f2ba7f67d6412de","name":"DLV RADIO","sameAs":["https:\/\/dlvradio.es"]}]}},"_links":{"self":[{"href":"https:\/\/dlvradio.es\/en\/wp-json\/wp\/v2\/posts\/72617","targetHints":{"allow":["GET"]}}],"collection":[{"href":"https:\/\/dlvradio.es\/en\/wp-json\/wp\/v2\/posts"}],"about":[{"href":"https:\/\/dlvradio.es\/en\/wp-json\/wp\/v2\/types\/post"}],"author":[{"embeddable":true,"href":"https:\/\/dlvradio.es\/en\/wp-json\/wp\/v2\/users\/4"}],"replies":[{"embeddable":true,"href":"https:\/\/dlvradio.es\/en\/wp-json\/wp\/v2\/comments?post=72617"}],"version-history":[{"count":0,"href":"https:\/\/dlvradio.es\/en\/wp-json\/wp\/v2\/posts\/72617\/revisions"}],"wp:featuredmedia":[{"embeddable":true,"href":"https:\/\/dlvradio.es\/en\/wp-json\/wp\/v2\/media\/72618"}],"wp:attachment":[{"href":"https:\/\/dlvradio.es\/en\/wp-json\/wp\/v2\/media?parent=72617"}],"wp:term":[{"taxonomy":"category","embeddable":true,"href":"https:\/\/dlvradio.es\/en\/wp-json\/wp\/v2\/categories?post=72617"},{"taxonomy":"post_tag","embeddable":true,"href":"https:\/\/dlvradio.es\/en\/wp-json\/wp\/v2\/tags?post=72617"}],"curies":[{"name":"wp","href":"https:\/\/api.w.org\/{rel}","templated":true}]}}