{"id":72630,"date":"2024-02-26T11:22:47","date_gmt":"2024-02-26T10:22:47","guid":{"rendered":"https:\/\/dlvradio.es\/ecologistas-en-accion-senala-que-las-mejoras-en-el-tratamiento-de-los-residuos-son-insuficientes\/"},"modified":"2024-02-26T11:22:47","modified_gmt":"2024-02-26T10:22:47","slug":"ecologistas-en-accion-senala-que-las-mejoras-en-el-tratamiento-de-los-residuos-son-insuficientes","status":"publish","type":"post","link":"https:\/\/dlvradio.es\/en\/ecologistas-en-accion-senala-que-las-mejoras-en-el-tratamiento-de-los-residuos-son-insuficientes\/","title":{"rendered":"Ecologistas en Acci\u00f3n se\u00f1ala que las mejoras en el tratamiento de los residuos son insuficientes"},"content":{"rendered":"<h6><strong><img decoding=\"async\" class=\"alignleft wp-image-12939 size-thumbnail\" src=\"https:\/\/dlvradio.es\/wp-content\/uploads\/2024\/02\/www.dlvradio.es_-4-150x150.png\" alt=\"\" width=\"150\" height=\"150\" \/>Ecologistas en Acci\u00f3n se\u00f1ala que las mejoras en el tratamiento de los residuos son insuficientes<\/strong><\/h6>\n<ul>\n<li><em>Los datos de tratamiento de los residuos municipales en el Estado espa\u00f1ol en 2021 no son optimistas: se alcanz\u00f3 un 42,2% de preparaci\u00f3n para la reutilizaci\u00f3n y el reciclaje. Se produjo un aumento de tan solo el 1,7% respecto a los datos de 2020.<\/em><\/li>\n<li><em>El objetivo establecido por la Ley 7\/2022 de residuos de alcanzar un 55% de reciclaje para 2025 se muestra inalcanzable.<\/em><\/li>\n<li><em>La deposici\u00f3n en vertedero de casi la mitad de los residuos sigue siendo el principal tratamiento de los mismos.<\/em><\/li>\n<\/ul>\n<p>El Ministerio para la Transici\u00f3n Ecol\u00f3gica y el Reto Demogr\u00e1fico ha publicado los datos de generaci\u00f3n y tratamiento de los residuos municipales de 2021. Esa publicaci\u00f3n, efectuada con retraso respecto a otros a\u00f1os, resume las estad\u00edsticas enviadas por las Comunidades Aut\u00f3nomas (CC AA) y el Instituto Nacional de Estad\u00edstica al ministerio.<\/p>\n<p>Se muestran ligeros avances en la recogida selectiva de los residuos (aumento del 10,5%), aunque sigue siendo muy baja respecto al total de residuos generados: el 15,6% de los 22,15 millones de toneladas en 2021. En 2021 se generaron un 0,74% m\u00e1s de residuos respecto a 2020. La Ley 7\/2022 establece el objetivo de la reducci\u00f3n del 13% para 2025 respecto a los generados en 2010, que parece imposible conseguir.<\/p>\n<p>Tambi\u00e9n ha aumentado la recuperaci\u00f3n de materiales en las plantas de tratamiento, con un incremento del 39,6%. Ha aumentado ligeramente el compostaje en las plantas (6,3%) y el compostaje dom\u00e9stico y comunitario (6,8%), y ha disminuido el vertido de residuos sin tratamiento previo (15,1%) respecto a 2020.<\/p>\n<p>De todas formas, ese vertido alcanza los 2,37 millones de toneladas, que supone el 10,7% del total de residuos generados. Hay un expediente de infracci\u00f3n abierto por la Comisi\u00f3n Europea al Reino de Espa\u00f1a por este vertido excesivo.<\/p>\n<p>Se mantiene el alto porcentaje de la utilizaci\u00f3n de los vertederos (47% del total de residuos generados). Esa \u201celiminaci\u00f3n\u201d es la principal salida que se le da a los residuos. Ese vertido ha disminuido ligeramente, un 0,68%. La incineraci\u00f3n de los residuos en las 11 plantas espec\u00edficas lleg\u00f3 a 1,9 millones de toneladas y la coincineraci\u00f3n en cementeras alcanz\u00f3 0,5 millones de toneladas, aumentando un 8,7%, hasta alcanzar los 2,4 millones de toneladas (el 10,8% del total generado). La incineraci\u00f3n y el vertido, los tratamientos con peores impactos ambientales, copan la mayor\u00eda, sumando un total de 12,8 millones de toneladas, el 57,8% del total, respecto al 59,5% en 2020.<\/p>\n<p>Por CC AA solamente tres superan el objetivo para 2020 de la preparaci\u00f3n para la reutilizaci\u00f3n y el reciclaje: La Rioja (64,9%), Comunitat Valenciana (58,2%) y Catalunya (56,4%).<\/p>\n<p>Hay varias CC AA que vierten sus residuos sin ning\u00fan tratamiento previo de forma significativa, destacando Asturies (76,8%), Arag\u00f3n (40,0%), Madrid (30,6%) y Navarra (31,0%).<\/p>\n<p>Ecologistas en Acci\u00f3n considera \u201clamentable\u201d que en las estad\u00edsticas no aparezca reflejado ning\u00fan porcentaje de reutilizaci\u00f3n de los residuos, cuando la Ley 7\/2022 establece un objetivo del 5% para 2025, fundamentalmente de residuos textiles, residuos de aparatos el\u00e9ctricos y electr\u00f3nicos, muebles y otros residuos susceptibles de ser preparados para su reutilizaci\u00f3n. Esa reutilizaci\u00f3n es muy incipiente todav\u00eda.<\/p>\n<p>Independiente del marco normativo actual estatal y en algunos casos auton\u00f3mico, que ha supuesto un avance importante, para alcanzar los objetivos normativos se necesitan pol\u00edticas valientes y dr\u00e1sticas que pongan el acento en la reducci\u00f3n y prevenci\u00f3n de la generaci\u00f3n de residuos.<\/p>","protected":false},"excerpt":{"rendered":"<p>Ecologistas en Acci\u00f3n se\u00f1ala que las mejoras en el tratamiento de los residuos son insuficientes Los datos de tratamiento de los residuos municipales en el Estado espa\u00f1ol en 2021 no son optimistas: se alcanz\u00f3 un 42,2% de preparaci\u00f3n para la reutilizaci\u00f3n y el reciclaje. Se produjo un aumento de tan solo el 1,7% respecto a [&hellip;]<\/p>\n","protected":false},"author":4,"featured_media":72631,"comment_status":"open","ping_status":"open","sticky":false,"template":"","format":"standard","meta":{"_acf_changed":false,"footnotes":""},"categories":[2711],"tags":[2478,2466],"class_list":["post-72630","post","type-post","status-publish","format-standard","has-post-thumbnail","hentry","category-emergencia-climatica","tag-ecologia","tag-espana"],"acf":[],"yoast_head":"<!-- This site is optimized with the Yoast SEO plugin v27.4 - https:\/\/yoast.com\/product\/yoast-seo-wordpress\/ -->\n<title>Ecologistas en Acci\u00f3n se\u00f1ala que las mejoras en el tratamiento de los residuos son insuficientes - DLVRADIO<\/title>\n<meta name=\"description\" content=\"Ecologistas en Acci\u00f3n se\u00f1ala que las mejoras en el tratamiento de los residuos son insuficientes Los datos de tratamiento de los residuos municipales en\" \/>\n<meta name=\"robots\" content=\"index, follow, max-snippet:-1, max-image-preview:large, max-video-preview:-1\" \/>\n<link rel=\"canonical\" href=\"https:\/\/dlvradio.es\/en\/ecologistas-en-accion-senala-que-las-mejoras-en-el-tratamiento-de-los-residuos-son-insuficientes\/\" \/>\n<meta property=\"og:locale\" content=\"en_US\" \/>\n<meta property=\"og:type\" content=\"article\" \/>\n<meta property=\"og:title\" content=\"Ecologistas en Acci\u00f3n se\u00f1ala que las mejoras en el tratamiento de los residuos son insuficientes - DLVRADIO\" \/>\n<meta property=\"og:description\" content=\"Ecologistas en Acci\u00f3n se\u00f1ala que las mejoras en el tratamiento de los residuos son insuficientes Los datos de tratamiento de los residuos municipales en\" \/>\n<meta property=\"og:url\" content=\"https:\/\/dlvradio.es\/en\/ecologistas-en-accion-senala-que-las-mejoras-en-el-tratamiento-de-los-residuos-son-insuficientes\/\" \/>\n<meta property=\"og:site_name\" content=\"DLVRADIO\" \/>\n<meta property=\"article:publisher\" content=\"https:\/\/www.facebook.com\/RadioDLVradio\/\" \/>\n<meta property=\"article:published_time\" content=\"2024-02-26T10:22:47+00:00\" \/>\n<meta property=\"og:image\" content=\"https:\/\/dlvradio.es\/wp-content\/uploads\/2024\/02\/www.dlvradio.es_-4-1024x1024.png\" \/>\n\t<meta property=\"og:image:width\" content=\"1024\" \/>\n\t<meta property=\"og:image:height\" content=\"1024\" \/>\n\t<meta property=\"og:image:type\" content=\"image\/png\" \/>\n<meta name=\"author\" content=\"DLV RADIO\" \/>\n<meta name=\"twitter:card\" content=\"summary_large_image\" \/>\n<meta name=\"twitter:creator\" content=\"@RadioDlvradio\" \/>\n<meta name=\"twitter:site\" content=\"@RadioDlvradio\" \/>\n<script type=\"application\/ld+json\" class=\"yoast-schema-graph\">{\"@context\":\"https:\\\/\\\/schema.org\",\"@graph\":[{\"@type\":\"Article\",\"@id\":\"https:\\\/\\\/dlvradio.es\\\/ecologistas-en-accion-senala-que-las-mejoras-en-el-tratamiento-de-los-residuos-son-insuficientes\\\/#article\",\"isPartOf\":{\"@id\":\"https:\\\/\\\/dlvradio.es\\\/ecologistas-en-accion-senala-que-las-mejoras-en-el-tratamiento-de-los-residuos-son-insuficientes\\\/\"},\"author\":{\"name\":\"DLV RADIO\",\"@id\":\"https:\\\/\\\/dlvradio.es\\\/#\\\/schema\\\/person\\\/7d533f9f89b13e3a3f2ba7f67d6412de\"},\"headline\":\"Ecologistas en Acci\u00f3n se\u00f1ala que las mejoras en el tratamiento de los residuos son insuficientes\",\"datePublished\":\"2024-02-26T10:22:47+00:00\",\"mainEntityOfPage\":{\"@id\":\"https:\\\/\\\/dlvradio.es\\\/ecologistas-en-accion-senala-que-las-mejoras-en-el-tratamiento-de-los-residuos-son-insuficientes\\\/\"},\"wordCount\":582,\"commentCount\":0,\"publisher\":{\"@id\":\"https:\\\/\\\/dlvradio.es\\\/#organization\"},\"image\":{\"@id\":\"https:\\\/\\\/dlvradio.es\\\/ecologistas-en-accion-senala-que-las-mejoras-en-el-tratamiento-de-los-residuos-son-insuficientes\\\/#primaryimage\"},\"thumbnailUrl\":\"https:\\\/\\\/dlvradio.es\\\/wp-content\\\/uploads\\\/2024\\\/02\\\/www.dlvradio.es_-4.png\",\"keywords\":[\"ecolog\u00eda\",\"Espa\u00f1a\"],\"articleSection\":[\"Emergencia clim\u00e1tica\"],\"inLanguage\":\"en-US\"},{\"@type\":\"WebPage\",\"@id\":\"https:\\\/\\\/dlvradio.es\\\/ecologistas-en-accion-senala-que-las-mejoras-en-el-tratamiento-de-los-residuos-son-insuficientes\\\/\",\"url\":\"https:\\\/\\\/dlvradio.es\\\/ecologistas-en-accion-senala-que-las-mejoras-en-el-tratamiento-de-los-residuos-son-insuficientes\\\/\",\"name\":\"Ecologistas en Acci\u00f3n se\u00f1ala que las mejoras en el tratamiento de los residuos son insuficientes - DLVRADIO\",\"isPartOf\":{\"@id\":\"https:\\\/\\\/dlvradio.es\\\/#website\"},\"primaryImageOfPage\":{\"@id\":\"https:\\\/\\\/dlvradio.es\\\/ecologistas-en-accion-senala-que-las-mejoras-en-el-tratamiento-de-los-residuos-son-insuficientes\\\/#primaryimage\"},\"image\":{\"@id\":\"https:\\\/\\\/dlvradio.es\\\/ecologistas-en-accion-senala-que-las-mejoras-en-el-tratamiento-de-los-residuos-son-insuficientes\\\/#primaryimage\"},\"thumbnailUrl\":\"https:\\\/\\\/dlvradio.es\\\/wp-content\\\/uploads\\\/2024\\\/02\\\/www.dlvradio.es_-4.png\",\"datePublished\":\"2024-02-26T10:22:47+00:00\",\"description\":\"Ecologistas en Acci\u00f3n se\u00f1ala que las mejoras en el tratamiento de los residuos son insuficientes Los datos de tratamiento de los residuos municipales en\",\"breadcrumb\":{\"@id\":\"https:\\\/\\\/dlvradio.es\\\/ecologistas-en-accion-senala-que-las-mejoras-en-el-tratamiento-de-los-residuos-son-insuficientes\\\/#breadcrumb\"},\"inLanguage\":\"en-US\",\"potentialAction\":[{\"@type\":\"ReadAction\",\"target\":[\"https:\\\/\\\/dlvradio.es\\\/ecologistas-en-accion-senala-que-las-mejoras-en-el-tratamiento-de-los-residuos-son-insuficientes\\\/\"]}]},{\"@type\":\"ImageObject\",\"inLanguage\":\"en-US\",\"@id\":\"https:\\\/\\\/dlvradio.es\\\/ecologistas-en-accion-senala-que-las-mejoras-en-el-tratamiento-de-los-residuos-son-insuficientes\\\/#primaryimage\",\"url\":\"https:\\\/\\\/dlvradio.es\\\/wp-content\\\/uploads\\\/2024\\\/02\\\/www.dlvradio.es_-4.png\",\"contentUrl\":\"https:\\\/\\\/dlvradio.es\\\/wp-content\\\/uploads\\\/2024\\\/02\\\/www.dlvradio.es_-4.png\",\"width\":1500,\"height\":1500,\"caption\":\"www.dlvradio.es\"},{\"@type\":\"BreadcrumbList\",\"@id\":\"https:\\\/\\\/dlvradio.es\\\/ecologistas-en-accion-senala-que-las-mejoras-en-el-tratamiento-de-los-residuos-son-insuficientes\\\/#breadcrumb\",\"itemListElement\":[{\"@type\":\"ListItem\",\"position\":1,\"name\":\"Inicio\",\"item\":\"https:\\\/\\\/dlvradio.es\\\/\"},{\"@type\":\"ListItem\",\"position\":2,\"name\":\"Ecologistas en Acci\u00f3n se\u00f1ala que las mejoras en el tratamiento de los residuos son insuficientes\"}]},{\"@type\":\"WebSite\",\"@id\":\"https:\\\/\\\/dlvradio.es\\\/#website\",\"url\":\"https:\\\/\\\/dlvradio.es\\\/\",\"name\":\"DLVRADIO\",\"description\":\"Somos un medio de comunicaci\u00f3n alternativo a los medios tradicionales\",\"publisher\":{\"@id\":\"https:\\\/\\\/dlvradio.es\\\/#organization\"},\"potentialAction\":[{\"@type\":\"SearchAction\",\"target\":{\"@type\":\"EntryPoint\",\"urlTemplate\":\"https:\\\/\\\/dlvradio.es\\\/?s={search_term_string}\"},\"query-input\":{\"@type\":\"PropertyValueSpecification\",\"valueRequired\":true,\"valueName\":\"search_term_string\"}}],\"inLanguage\":\"en-US\"},{\"@type\":\"Organization\",\"@id\":\"https:\\\/\\\/dlvradio.es\\\/#organization\",\"name\":\"DLVRADIO\",\"url\":\"https:\\\/\\\/dlvradio.es\\\/\",\"logo\":{\"@type\":\"ImageObject\",\"inLanguage\":\"en-US\",\"@id\":\"https:\\\/\\\/dlvradio.es\\\/#\\\/schema\\\/logo\\\/image\\\/\",\"url\":\"\",\"contentUrl\":\"\",\"caption\":\"DLVRADIO\"},\"image\":{\"@id\":\"https:\\\/\\\/dlvradio.es\\\/#\\\/schema\\\/logo\\\/image\\\/\"},\"sameAs\":[\"https:\\\/\\\/www.facebook.com\\\/RadioDLVradio\\\/\",\"https:\\\/\\\/x.com\\\/RadioDlvradio\",\"https:\\\/\\\/www.instagram.com\\\/radiodlvradio\\\/\"]},{\"@type\":\"Person\",\"@id\":\"https:\\\/\\\/dlvradio.es\\\/#\\\/schema\\\/person\\\/7d533f9f89b13e3a3f2ba7f67d6412de\",\"name\":\"DLV RADIO\",\"sameAs\":[\"https:\\\/\\\/dlvradio.es\"]}]}<\/script>\n<!-- \/ Yoast SEO plugin. -->","yoast_head_json":{"title":"Ecologistas en Acci\u00f3n se\u00f1ala que las mejoras en el tratamiento de los residuos son insuficientes - DLVRADIO","description":"Ecologistas en Acci\u00f3n se\u00f1ala que las mejoras en el tratamiento de los residuos son insuficientes Los datos de tratamiento de los residuos municipales en","robots":{"index":"index","follow":"follow","max-snippet":"max-snippet:-1","max-image-preview":"max-image-preview:large","max-video-preview":"max-video-preview:-1"},"canonical":"https:\/\/dlvradio.es\/en\/ecologistas-en-accion-senala-que-las-mejoras-en-el-tratamiento-de-los-residuos-son-insuficientes\/","og_locale":"en_US","og_type":"article","og_title":"Ecologistas en Acci\u00f3n se\u00f1ala que las mejoras en el tratamiento de los residuos son insuficientes - DLVRADIO","og_description":"Ecologistas en Acci\u00f3n se\u00f1ala que las mejoras en el tratamiento de los residuos son insuficientes Los datos de tratamiento de los residuos municipales en","og_url":"https:\/\/dlvradio.es\/en\/ecologistas-en-accion-senala-que-las-mejoras-en-el-tratamiento-de-los-residuos-son-insuficientes\/","og_site_name":"DLVRADIO","article_publisher":"https:\/\/www.facebook.com\/RadioDLVradio\/","article_published_time":"2024-02-26T10:22:47+00:00","og_image":[{"width":1024,"height":1024,"url":"https:\/\/dlvradio.es\/wp-content\/uploads\/2024\/02\/www.dlvradio.es_-4-1024x1024.png","type":"image\/png"}],"author":"DLV RADIO","twitter_card":"summary_large_image","twitter_creator":"@RadioDlvradio","twitter_site":"@RadioDlvradio","schema":{"@context":"https:\/\/schema.org","@graph":[{"@type":"Article","@id":"https:\/\/dlvradio.es\/ecologistas-en-accion-senala-que-las-mejoras-en-el-tratamiento-de-los-residuos-son-insuficientes\/#article","isPartOf":{"@id":"https:\/\/dlvradio.es\/ecologistas-en-accion-senala-que-las-mejoras-en-el-tratamiento-de-los-residuos-son-insuficientes\/"},"author":{"name":"DLV RADIO","@id":"https:\/\/dlvradio.es\/#\/schema\/person\/7d533f9f89b13e3a3f2ba7f67d6412de"},"headline":"Ecologistas en Acci\u00f3n se\u00f1ala que las mejoras en el tratamiento de los residuos son insuficientes","datePublished":"2024-02-26T10:22:47+00:00","mainEntityOfPage":{"@id":"https:\/\/dlvradio.es\/ecologistas-en-accion-senala-que-las-mejoras-en-el-tratamiento-de-los-residuos-son-insuficientes\/"},"wordCount":582,"commentCount":0,"publisher":{"@id":"https:\/\/dlvradio.es\/#organization"},"image":{"@id":"https:\/\/dlvradio.es\/ecologistas-en-accion-senala-que-las-mejoras-en-el-tratamiento-de-los-residuos-son-insuficientes\/#primaryimage"},"thumbnailUrl":"https:\/\/dlvradio.es\/wp-content\/uploads\/2024\/02\/www.dlvradio.es_-4.png","keywords":["ecolog\u00eda","Espa\u00f1a"],"articleSection":["Emergencia clim\u00e1tica"],"inLanguage":"en-US"},{"@type":"WebPage","@id":"https:\/\/dlvradio.es\/ecologistas-en-accion-senala-que-las-mejoras-en-el-tratamiento-de-los-residuos-son-insuficientes\/","url":"https:\/\/dlvradio.es\/ecologistas-en-accion-senala-que-las-mejoras-en-el-tratamiento-de-los-residuos-son-insuficientes\/","name":"Ecologistas en Acci\u00f3n se\u00f1ala que las mejoras en el tratamiento de los residuos son insuficientes - DLVRADIO","isPartOf":{"@id":"https:\/\/dlvradio.es\/#website"},"primaryImageOfPage":{"@id":"https:\/\/dlvradio.es\/ecologistas-en-accion-senala-que-las-mejoras-en-el-tratamiento-de-los-residuos-son-insuficientes\/#primaryimage"},"image":{"@id":"https:\/\/dlvradio.es\/ecologistas-en-accion-senala-que-las-mejoras-en-el-tratamiento-de-los-residuos-son-insuficientes\/#primaryimage"},"thumbnailUrl":"https:\/\/dlvradio.es\/wp-content\/uploads\/2024\/02\/www.dlvradio.es_-4.png","datePublished":"2024-02-26T10:22:47+00:00","description":"Ecologistas en Acci\u00f3n se\u00f1ala que las mejoras en el tratamiento de los residuos son insuficientes Los datos de tratamiento de los residuos municipales en","breadcrumb":{"@id":"https:\/\/dlvradio.es\/ecologistas-en-accion-senala-que-las-mejoras-en-el-tratamiento-de-los-residuos-son-insuficientes\/#breadcrumb"},"inLanguage":"en-US","potentialAction":[{"@type":"ReadAction","target":["https:\/\/dlvradio.es\/ecologistas-en-accion-senala-que-las-mejoras-en-el-tratamiento-de-los-residuos-son-insuficientes\/"]}]},{"@type":"ImageObject","inLanguage":"en-US","@id":"https:\/\/dlvradio.es\/ecologistas-en-accion-senala-que-las-mejoras-en-el-tratamiento-de-los-residuos-son-insuficientes\/#primaryimage","url":"https:\/\/dlvradio.es\/wp-content\/uploads\/2024\/02\/www.dlvradio.es_-4.png","contentUrl":"https:\/\/dlvradio.es\/wp-content\/uploads\/2024\/02\/www.dlvradio.es_-4.png","width":1500,"height":1500,"caption":"www.dlvradio.es"},{"@type":"BreadcrumbList","@id":"https:\/\/dlvradio.es\/ecologistas-en-accion-senala-que-las-mejoras-en-el-tratamiento-de-los-residuos-son-insuficientes\/#breadcrumb","itemListElement":[{"@type":"ListItem","position":1,"name":"Inicio","item":"https:\/\/dlvradio.es\/"},{"@type":"ListItem","position":2,"name":"Ecologistas en Acci\u00f3n se\u00f1ala que las mejoras en el tratamiento de los residuos son insuficientes"}]},{"@type":"WebSite","@id":"https:\/\/dlvradio.es\/#website","url":"https:\/\/dlvradio.es\/","name":"DLVRADIO","description":"We are an alternative media to traditional media","publisher":{"@id":"https:\/\/dlvradio.es\/#organization"},"potentialAction":[{"@type":"SearchAction","target":{"@type":"EntryPoint","urlTemplate":"https:\/\/dlvradio.es\/?s={search_term_string}"},"query-input":{"@type":"PropertyValueSpecification","valueRequired":true,"valueName":"search_term_string"}}],"inLanguage":"en-US"},{"@type":"Organization","@id":"https:\/\/dlvradio.es\/#organization","name":"DLVRADIO","url":"https:\/\/dlvradio.es\/","logo":{"@type":"ImageObject","inLanguage":"en-US","@id":"https:\/\/dlvradio.es\/#\/schema\/logo\/image\/","url":"","contentUrl":"","caption":"DLVRADIO"},"image":{"@id":"https:\/\/dlvradio.es\/#\/schema\/logo\/image\/"},"sameAs":["https:\/\/www.facebook.com\/RadioDLVradio\/","https:\/\/x.com\/RadioDlvradio","https:\/\/www.instagram.com\/radiodlvradio\/"]},{"@type":"Person","@id":"https:\/\/dlvradio.es\/#\/schema\/person\/7d533f9f89b13e3a3f2ba7f67d6412de","name":"DLV RADIO","sameAs":["https:\/\/dlvradio.es"]}]}},"_links":{"self":[{"href":"https:\/\/dlvradio.es\/en\/wp-json\/wp\/v2\/posts\/72630","targetHints":{"allow":["GET"]}}],"collection":[{"href":"https:\/\/dlvradio.es\/en\/wp-json\/wp\/v2\/posts"}],"about":[{"href":"https:\/\/dlvradio.es\/en\/wp-json\/wp\/v2\/types\/post"}],"author":[{"embeddable":true,"href":"https:\/\/dlvradio.es\/en\/wp-json\/wp\/v2\/users\/4"}],"replies":[{"embeddable":true,"href":"https:\/\/dlvradio.es\/en\/wp-json\/wp\/v2\/comments?post=72630"}],"version-history":[{"count":0,"href":"https:\/\/dlvradio.es\/en\/wp-json\/wp\/v2\/posts\/72630\/revisions"}],"wp:featuredmedia":[{"embeddable":true,"href":"https:\/\/dlvradio.es\/en\/wp-json\/wp\/v2\/media\/72631"}],"wp:attachment":[{"href":"https:\/\/dlvradio.es\/en\/wp-json\/wp\/v2\/media?parent=72630"}],"wp:term":[{"taxonomy":"category","embeddable":true,"href":"https:\/\/dlvradio.es\/en\/wp-json\/wp\/v2\/categories?post=72630"},{"taxonomy":"post_tag","embeddable":true,"href":"https:\/\/dlvradio.es\/en\/wp-json\/wp\/v2\/tags?post=72630"}],"curies":[{"name":"wp","href":"https:\/\/api.w.org\/{rel}","templated":true}]}}