{"id":72656,"date":"2024-03-05T11:23:25","date_gmt":"2024-03-05T10:23:25","guid":{"rendered":"https:\/\/dlvradio.es\/8m-manifiesto-ecofeminista-y-pacifista-contra-el-genocidio-de-gaza-las-guerras-y-el-militarismo\/"},"modified":"2024-03-05T11:23:25","modified_gmt":"2024-03-05T10:23:25","slug":"8m-manifiesto-ecofeminista-y-pacifista-contra-el-genocidio-de-gaza-las-guerras-y-el-militarismo","status":"publish","type":"post","link":"https:\/\/dlvradio.es\/en\/8m-manifiesto-ecofeminista-y-pacifista-contra-el-genocidio-de-gaza-las-guerras-y-el-militarismo\/","title":{"rendered":"8M: Ecofeminist and pacifist manifesto against the Gaza genocide, wars and militarism"},"content":{"rendered":"<h6><strong><img decoding=\"async\" class=\"alignleft wp-image-12991 size-thumbnail\" src=\"https:\/\/dlvradio.es\/wp-content\/uploads\/2024\/03\/www.dlvradio.es-1-150x150.png\" alt=\"\" width=\"150\" height=\"150\" \/>8M: Ecofeminist and pacifist manifesto against the Gaza genocide, wars and militarism<\/strong><\/h6>\n<ul>\n<li><em>Con motivo del pr\u00f3ximo D\u00eda Internacional de la Mujer, Ecologistas en Acci\u00f3n lanza un manifiesto ecofeminista y pacifista que pone el acento en la masacre de Gaza y en el asesinato de quienes defienden el territorio de los proyectos extractivistas.<\/em><\/li>\n<li><em>El \u00c1rea de Ecofeminismo de la organizaci\u00f3n ecologista denuncia las bases patriarcales, racistas y belicistas de las econom\u00edas capitalistas y defiende la redistribuci\u00f3n de la riqueza, la equidad en el acceso a los recursos y la sororidad como herramientas de cambio.\u00a0<\/em><\/li>\n<\/ul>\n<p>A continuaci\u00f3n, se reproduce \u00edntegro el manifiesto de Ecologistas en Acci\u00f3n para conmemorar el 8 de marzo de 2024:<\/p>\n<p><strong>ALZAMOS NUESTRAS VOCES POR UN FUTURO VERDE Y SIN VIOLENCIA<\/strong><\/p>\n<p>La Tierra hoy es un lugar hostil y peligroso para muchas personas, en especial para ni\u00f1as, ni\u00f1os, mujeres y toda persona en situaci\u00f3n de vulnerabilidad. M\u00e1s de 30 conflictos armados y guerras por el control de los recursos y el territorio est\u00e1n en curso; colosales da\u00f1os a los ecosistemas, a la biodiversidad y a los procesos bioproductivos de la Tierra retroalimentan la confluencia de la crisis clim\u00e1tica, ecol\u00f3gica, econ\u00f3mica y energ\u00e9tica, haciendo m\u00e1s dif\u00edcil la vida de millones de personas y seres vivos cada d\u00eda.<\/p>\n<p><strong>POR ESO ALZAMOS NUESTRAS VOCES CON ESTE MANIFIESTO ECOFEMINISTA Y PACIFISTA<\/strong><\/p>\n<p>En este contexto violento y beligerante, de creciente desigualdad y destrucci\u00f3n ecol\u00f3gica extremas, cobra importancia recordar los or\u00edgenes del pensamiento ecofeminista cuando Petra Kelly, activista pacifista y ecologista alemana, luchaba por la esperanza hacia un futuro verde y sin violencia. Desde entonces, las ecofeministas nos hemos declarado no solo antimilitaristas sino pacifistas y, como tal, denunciamos el capitalismo, el racismo y el patriarcado porque son sistemas depredadores que est\u00e1n acabando con los bienes naturales, la biodiversidad y las formas de vida en todo el planeta. Tanto en el Sur Global como en el Norte Global, las culturas locales est\u00e1n librando una lucha desigual por defender sus entornos y sus medios de vida aut\u00f3ctonos, libres de los intereses destructivos de las grandes empresas energ\u00e9ticas, agroalimentarias y tur\u00edsticas cuya voracidad es incompatible con los valores de la vida buena, la equidad, la suficiencia y frugalidad que propugnamos las personas ecofeministas en un planeta finito, empobrecido y herido.<\/p>\n<p>Hist\u00f3ricamente las guerras las declaran los varones, pero las padecen la naturaleza y las sufren especialmente las mujeres, sus hijos e hijas y todas las personas con vidas m\u00e1s precarizadas y cruzadas por otros sistemas de opresi\u00f3n (racismo, lgtbfobia, capacitismo o clasismo). En las condiciones m\u00e1s adversas de muerte, destrucci\u00f3n, pobreza y violaci\u00f3n de todos sus derechos, las ni\u00f1as y las mujeres (y m\u00e1s las mujeres migrantes, rurales, racializadas, entre otras) son adem\u00e1s v\u00edctimas agravadas de diferentes formas de violencia sexista, como violaci\u00f3n sexual, esclavitud sexual, torturas, embarazos o abortos forzados, entre otras.<\/p>\n<p>Sabemos que el sistema neoliberal global productivista, empujado por los valores heteropatriarcales, los racistas y los antropoc\u00e9ntricos de separaci\u00f3n, devaluaci\u00f3n y dominio de la naturaleza en todas sus formas, provoca conflictos y guerras extractivistas que sacrifican territorios, biodiversidad y poblaciones humanas con sus formas de vida en aras de la codicia de un sistema ecocida y etnocida. Todo ello nos aboca a la autodestrucci\u00f3n y al colapso colectivo, lo que afecta de lleno a las mujeres \u2014con toda sus diversidades\u2014\u00a0 por ser, debido al sistema patriarcal, las principales encargadas del sostenimiento de la vida humana y del mantenimiento de la naturaleza y el resto de seres vivos.<\/p>\n<p>Desgraciadamente, las luchas armadas y las guerras se est\u00e1n normalizando como formas de actuaci\u00f3n de Estados, corporaciones y empresas con el fin de ocupar y controlar territorios y recursos. Es el colonialismo del futuro. En este contexto cada a\u00f1o son asesinadas cientos de defensoras del territorio en todo el planeta, siendo v\u00edctimas de pr\u00e1cticas de creciente expropiaci\u00f3n individual y colectiva, militarismo y securitizaci\u00f3n de territorios y fronteras. Los gobiernos y las grandes empresas son c\u00f3mplices, por acci\u00f3n o por inacci\u00f3n y, por tanto, son corresponsables.<\/p>\n<p>Por ello, <strong>EXIGIMOS<\/strong> que respondan ante la ciudadan\u00eda y tambi\u00e9n ante los tribunales.<\/p>\n<p>En los territorios ocupados de Palestina la poblaci\u00f3n vive desde hace 75 a\u00f1os bajo la ocupaci\u00f3n del Estado de Israel, sometida a violencia sistem\u00e1tica, desplazamiento forzoso y pobreza. Desde octubre de 2023, asistimos horrorizadas a unos ataques que ponen en evidencia la intenci\u00f3n de Israel de provocar el genocidio del pueblo palestino en la Franja de Gaza, su aniquilaci\u00f3n. Hay hambruna, m\u00e1s de 30.000 personas han sido asesinadas, decenas de miles desaparecidas o heridas y el 90 % de las familias han sido desplazadas numerosas veces. No hay suministro de energ\u00eda ni agua. No hay alimentos. No hay medicinas. Toda la ayuda ha sido bloqueada.<\/p>\n<p>Estamos tambi\u00e9n con la poblaci\u00f3n Saharaui, refugiada en su propia tierra y expulsada de los territorios ocupados por Marruecos desde 1976.<\/p>\n<p>Desde el \u00e1rea <strong>ECOFEMINISTA DE ECOLOGISTAS EN ACCI\u00d3N<\/strong>, hoy, <strong>D\u00cdA INTERNACIONAL DE LAS MUJERES<\/strong>:<\/p>\n<p><strong>APELAMOS<\/strong> al deber moral y legal de los gobiernos y de las instituciones multilaterales de garantizar la vida, los derechos y el bienestar de la ciudadan\u00eda global.<\/p>\n<p><strong>EXIGIMOS EL INMEDIATO ALTO EL FUEGO EN GAZA Y EL FIN DE LA OCUPACI\u00d3N DE PALESTINA.<\/strong><\/p>\n<p><strong>NOS OPONEMOS A LAS GUERRAS Y AL MILITARISMO.\u00a0<\/strong><\/p>\n<p><strong>PROPUGNAMOS<\/strong> una redistribuci\u00f3n justa y suficiente de los bienes y recursos planetarios junto a la preservaci\u00f3n y cuidados necesarios para cubrir las necesidades b\u00e1sicas de todos los seres humanos, dentro de los l\u00edmites que nos impone el planeta Tierra y las exigencias de la sostenibilidad de todas las formas de vida y sus redes simbi\u00f3ticas.<\/p>\n<p>Porque no bastan las declaraciones ret\u00f3ricas de emergencia clim\u00e1tica, sino que es necesario dejar de subvencionar las actividades hipercontaminantes o directamente destructivas que atentan contra la vida y el bienestar de las mayor\u00edas sociales, y que incluso son innecesarias, como es el caso de la industria b\u00e9lica.<\/p>\n<p><strong>EXIGIMOS<\/strong> mayor urgencia y ambici\u00f3n en las pol\u00edticas de mitigaci\u00f3n del sobrecalentamiento clim\u00e1tico, y de contenci\u00f3n y adaptaci\u00f3n a sus m\u00faltiples efectos ecosociales devastadores que comportan unas condiciones de vida y un porvenir mucho m\u00e1s dif\u00edcil y tr\u00e1gico.<\/p>\n<p><strong>DENUNCIAMOS<\/strong> la violencia econ\u00f3mica y laboral \u2014agravada en el caso de las mujeres racializadas, empobrecidas, migrantes, personas LGTBQ+ y aquellas en situaci\u00f3n de mayor vulnerabilidad\u2014y EXIGIMOS una igualdad efectiva de derechos laborales que ponga fin a la brecha salarial de g\u00e9nero y promueva un acceso en igualdad de oportunidades a todo puesto de representatividad y toma de decisiones en el \u00e1mbito laboral. Sin ello, el sistema perpetuar\u00e1 una discriminaci\u00f3n econ\u00f3mica que se traduce en una feminizaci\u00f3n de la pobreza condenando a miles de mujeres a vivir en situaci\u00f3n de extrema precariedad.<\/p>\n<p><strong>REIVINDICAMOS<\/strong> la necesidad de trabajar menos para vivir mejor, de recuperar tiempos para la vida y su disfrute. Ha llegado el momento de compartir la responsabilidad de la reproducci\u00f3n social de la especie, y, por tanto, de repartir los trabajos de cuidado, dado que el derecho y la obligaci\u00f3n de cuidar compete a todas las personas.<\/p>\n<p><strong>QUEREMOS GENERAR<\/strong> culturas que defiendan valores entretejidos con la cotidianidad de la vida teniendo en cuenta las necesidades de otros seres y espacios.<\/p>\n<p><strong>QUEREMOS REVITALIZAR<\/strong> los valores comunitarios, sociales y ambientales.<\/p>\n<p><strong>APOSTAMOS POR UNA TRANSICI\u00d3N ECOSOCIAL JUSTA<\/strong> orientada por una Econom\u00eda de los Cuidados donde el sistema socioecon\u00f3mico prioricen los trabajos esenciales y necesarios para el sostenimiento de todas las vidas y la reproducci\u00f3n social de los seres humanos, de los ecosistemas y la biodiversidad.\u00a0 Ante ello nos sentimos apeladas a llevar a cabo una acci\u00f3n planificada y ordenada respecto a la asignaci\u00f3n presupuestaria y la reordenaci\u00f3n de tiempos y jornadas laborales, reparti\u00e9ndolos entre los sexos, las generaciones, los agentes sociales (empresas, comunidad, familias), dentro de los \u00e1mbitos p\u00fablico, privado y comunitario.<\/p>\n<p><strong>LUCHAMOS<\/strong> por el reconocimiento pleno de derechos de las mujeres migrantes en situaci\u00f3n irregular en Espa\u00f1a, sobre cuyo trabajo invisible, desvalorizado y precarizado se sustentan las cadenas internacionales de cuidados. Sobre ellas recaen gran parte de las tareas de cuidado en nuestra sociedad, llevados a cabo frecuentemente en condiciones ilegales, los que mantienen en funcionamiento del sistema econ\u00f3mico-productivo capitalista. La regularizaci\u00f3n de sus situaciones administrativas, as\u00ed como el reconocimiento del derecho de asilo de mujeres que huyen de las guerras, de las consecuencias del cambio clim\u00e1tico y de los abusos del patriarcado en sus pa\u00edses de origen, junto con el amparo a las menores migrantes no acompa\u00f1adas, son asignaturas pendientes que tiene la democracia y el estado de derecho espa\u00f1ol.<\/p>\n<p><strong>DENUNCIAMOS<\/strong> la violencia pol\u00edtica e institucional que est\u00e1n llevando a cabo varios gobiernos locales y regionales reaccionarios constituidos a partir del 28 de mayo de 2023, al eliminar o rebajar de nivel administrativo de los organismos de defensa y promoci\u00f3n de las mujeres. Al mismo tiempo, est\u00e1n infra financiando las pol\u00edticas que favorecen la igualdad, y privatizando los servicios sociales p\u00fablicos dirigidos a la atenci\u00f3n a mujeres, menores de edad, personas ancianas y dependientes.<\/p>\n<p><strong>ALERTAMOS<\/strong> de que la extrema derecha que gobierna en numerosas instituciones y pa\u00edses banaliza las formas de discriminaci\u00f3n estructural que padecen las mujeres en todo el mundo, al tiempo que niega las violencias machistas y la violencia del cambio clim\u00e1tico sobre los ecosistemas y la Tierra.\u00a0 Sus intentos de retrotraernos a modelos de desigualdad incompatibles con los derechos de las mujeres perpet\u00faan y generar nuevas formas de violencia sexual, cosificaci\u00f3n y explotaci\u00f3n de las mujeres ante otras formas de ejercicio del poder.<\/p>\n<p>Por todo ello, <strong>HOY 8M DE 2024, D\u00cdA INTERNACIONAL DE LAS MUJERES, SEGUIMOS TEJIENDO REDES<\/strong> grandes, fuertes y llenas de sororidad con mujeres, disidencias y ecofeministas a lo largo y ancho del planeta. Disidencias de todas las edades y condiciones seguimos manifest\u00e1ndonos en favor de un mundo feminista, con justicia ecosocial y clim\u00e1tica y sin guerras.<\/p>\n<p>Porque el futuro ser\u00e1 <strong>ECOFEMINISTA Y PACIFISTA, O NO SER\u00c1<\/strong>.<\/p>","protected":false},"excerpt":{"rendered":"<p>8M: Manifiesto ecofeminista y pacifista contra el genocidio de Gaza, las guerras y el militarismo Con motivo del pr\u00f3ximo D\u00eda Internacional de la Mujer, Ecologistas en Acci\u00f3n lanza un manifiesto ecofeminista y pacifista que pone el acento en la masacre de Gaza y en el asesinato de quienes defienden el territorio de los proyectos extractivistas. [&hellip;]<\/p>\n","protected":false},"author":4,"featured_media":72657,"comment_status":"open","ping_status":"open","sticky":false,"template":"","format":"standard","meta":{"_acf_changed":false,"footnotes":""},"categories":[2711,2470,2465],"tags":[2478,2466,2471],"class_list":["post-72656","post","type-post","status-publish","format-standard","has-post-thumbnail","hentry","category-emergencia-climatica","category-feminismo","category-informativos","tag-ecologia","tag-espana","tag-feminismo"],"acf":[],"yoast_head":"<!-- This site is optimized with the Yoast SEO plugin v27.4 - https:\/\/yoast.com\/product\/yoast-seo-wordpress\/ -->\n<title>8M: Manifiesto ecofeminista y pacifista contra el genocidio de Gaza, las guerras y el militarismo - DLVRADIO<\/title>\n<meta name=\"description\" content=\"8M: Manifiesto ecofeminista y pacifista contra el genocidio de Gaza, las guerras y el militarismo Con motivo del pr\u00f3ximo D\u00eda Internacional de la Mujer,\" \/>\n<meta name=\"robots\" content=\"index, follow, max-snippet:-1, max-image-preview:large, max-video-preview:-1\" \/>\n<link rel=\"canonical\" href=\"https:\/\/dlvradio.es\/en\/8m-manifiesto-ecofeminista-y-pacifista-contra-el-genocidio-de-gaza-las-guerras-y-el-militarismo\/\" \/>\n<meta property=\"og:locale\" content=\"en_US\" \/>\n<meta property=\"og:type\" content=\"article\" \/>\n<meta property=\"og:title\" content=\"8M: Manifiesto ecofeminista y pacifista contra el genocidio de Gaza, las guerras y el militarismo - DLVRADIO\" \/>\n<meta property=\"og:description\" content=\"8M: Manifiesto ecofeminista y pacifista contra el genocidio de Gaza, las guerras y el militarismo Con motivo del pr\u00f3ximo D\u00eda Internacional de la Mujer,\" \/>\n<meta property=\"og:url\" content=\"https:\/\/dlvradio.es\/en\/8m-manifiesto-ecofeminista-y-pacifista-contra-el-genocidio-de-gaza-las-guerras-y-el-militarismo\/\" \/>\n<meta property=\"og:site_name\" content=\"DLVRADIO\" \/>\n<meta property=\"article:publisher\" content=\"https:\/\/www.facebook.com\/RadioDLVradio\/\" \/>\n<meta property=\"article:published_time\" content=\"2024-03-05T10:23:25+00:00\" \/>\n<meta property=\"og:image\" content=\"https:\/\/dlvradio.es\/wp-content\/uploads\/2024\/03\/www.dlvradio.es-1.png\" \/>\n\t<meta property=\"og:image:width\" content=\"1500\" \/>\n\t<meta property=\"og:image:height\" content=\"1500\" \/>\n\t<meta property=\"og:image:type\" content=\"image\/png\" \/>\n<meta name=\"author\" content=\"DLV RADIO\" \/>\n<meta name=\"twitter:card\" content=\"summary_large_image\" \/>\n<meta name=\"twitter:creator\" content=\"@RadioDlvradio\" \/>\n<meta name=\"twitter:site\" content=\"@RadioDlvradio\" \/>\n<script type=\"application\/ld+json\" class=\"yoast-schema-graph\">{\"@context\":\"https:\\\/\\\/schema.org\",\"@graph\":[{\"@type\":\"Article\",\"@id\":\"https:\\\/\\\/dlvradio.es\\\/8m-manifiesto-ecofeminista-y-pacifista-contra-el-genocidio-de-gaza-las-guerras-y-el-militarismo\\\/#article\",\"isPartOf\":{\"@id\":\"https:\\\/\\\/dlvradio.es\\\/8m-manifiesto-ecofeminista-y-pacifista-contra-el-genocidio-de-gaza-las-guerras-y-el-militarismo\\\/\"},\"author\":{\"name\":\"DLV RADIO\",\"@id\":\"https:\\\/\\\/dlvradio.es\\\/#\\\/schema\\\/person\\\/7d533f9f89b13e3a3f2ba7f67d6412de\"},\"headline\":\"8M: Manifiesto ecofeminista y pacifista contra el genocidio de Gaza, las guerras y el militarismo\",\"datePublished\":\"2024-03-05T10:23:25+00:00\",\"mainEntityOfPage\":{\"@id\":\"https:\\\/\\\/dlvradio.es\\\/8m-manifiesto-ecofeminista-y-pacifista-contra-el-genocidio-de-gaza-las-guerras-y-el-militarismo\\\/\"},\"wordCount\":1751,\"commentCount\":0,\"publisher\":{\"@id\":\"https:\\\/\\\/dlvradio.es\\\/#organization\"},\"image\":{\"@id\":\"https:\\\/\\\/dlvradio.es\\\/8m-manifiesto-ecofeminista-y-pacifista-contra-el-genocidio-de-gaza-las-guerras-y-el-militarismo\\\/#primaryimage\"},\"thumbnailUrl\":\"https:\\\/\\\/dlvradio.es\\\/wp-content\\\/uploads\\\/2024\\\/03\\\/www.dlvradio.es-1.png\",\"keywords\":[\"ecolog\u00eda\",\"Espa\u00f1a\",\"feminismo\"],\"articleSection\":[\"Emergencia clim\u00e1tica\",\"Feminismo\",\"Informativos\"],\"inLanguage\":\"en-US\"},{\"@type\":\"WebPage\",\"@id\":\"https:\\\/\\\/dlvradio.es\\\/8m-manifiesto-ecofeminista-y-pacifista-contra-el-genocidio-de-gaza-las-guerras-y-el-militarismo\\\/\",\"url\":\"https:\\\/\\\/dlvradio.es\\\/8m-manifiesto-ecofeminista-y-pacifista-contra-el-genocidio-de-gaza-las-guerras-y-el-militarismo\\\/\",\"name\":\"8M: Manifiesto ecofeminista y pacifista contra el genocidio de Gaza, las guerras y el militarismo - DLVRADIO\",\"isPartOf\":{\"@id\":\"https:\\\/\\\/dlvradio.es\\\/#website\"},\"primaryImageOfPage\":{\"@id\":\"https:\\\/\\\/dlvradio.es\\\/8m-manifiesto-ecofeminista-y-pacifista-contra-el-genocidio-de-gaza-las-guerras-y-el-militarismo\\\/#primaryimage\"},\"image\":{\"@id\":\"https:\\\/\\\/dlvradio.es\\\/8m-manifiesto-ecofeminista-y-pacifista-contra-el-genocidio-de-gaza-las-guerras-y-el-militarismo\\\/#primaryimage\"},\"thumbnailUrl\":\"https:\\\/\\\/dlvradio.es\\\/wp-content\\\/uploads\\\/2024\\\/03\\\/www.dlvradio.es-1.png\",\"datePublished\":\"2024-03-05T10:23:25+00:00\",\"description\":\"8M: Manifiesto ecofeminista y pacifista contra el genocidio de Gaza, las guerras y el militarismo Con motivo del pr\u00f3ximo D\u00eda Internacional de la Mujer,\",\"breadcrumb\":{\"@id\":\"https:\\\/\\\/dlvradio.es\\\/8m-manifiesto-ecofeminista-y-pacifista-contra-el-genocidio-de-gaza-las-guerras-y-el-militarismo\\\/#breadcrumb\"},\"inLanguage\":\"en-US\",\"potentialAction\":[{\"@type\":\"ReadAction\",\"target\":[\"https:\\\/\\\/dlvradio.es\\\/8m-manifiesto-ecofeminista-y-pacifista-contra-el-genocidio-de-gaza-las-guerras-y-el-militarismo\\\/\"]}]},{\"@type\":\"ImageObject\",\"inLanguage\":\"en-US\",\"@id\":\"https:\\\/\\\/dlvradio.es\\\/8m-manifiesto-ecofeminista-y-pacifista-contra-el-genocidio-de-gaza-las-guerras-y-el-militarismo\\\/#primaryimage\",\"url\":\"https:\\\/\\\/dlvradio.es\\\/wp-content\\\/uploads\\\/2024\\\/03\\\/www.dlvradio.es-1.png\",\"contentUrl\":\"https:\\\/\\\/dlvradio.es\\\/wp-content\\\/uploads\\\/2024\\\/03\\\/www.dlvradio.es-1.png\",\"width\":1500,\"height\":1500,\"caption\":\"www.dlvradio.es (1)\"},{\"@type\":\"BreadcrumbList\",\"@id\":\"https:\\\/\\\/dlvradio.es\\\/8m-manifiesto-ecofeminista-y-pacifista-contra-el-genocidio-de-gaza-las-guerras-y-el-militarismo\\\/#breadcrumb\",\"itemListElement\":[{\"@type\":\"ListItem\",\"position\":1,\"name\":\"Inicio\",\"item\":\"https:\\\/\\\/dlvradio.es\\\/\"},{\"@type\":\"ListItem\",\"position\":2,\"name\":\"8M: Manifiesto ecofeminista y pacifista contra el genocidio de Gaza, las guerras y el militarismo\"}]},{\"@type\":\"WebSite\",\"@id\":\"https:\\\/\\\/dlvradio.es\\\/#website\",\"url\":\"https:\\\/\\\/dlvradio.es\\\/\",\"name\":\"DLVRADIO\",\"description\":\"Somos un medio de comunicaci\u00f3n alternativo a los medios tradicionales\",\"publisher\":{\"@id\":\"https:\\\/\\\/dlvradio.es\\\/#organization\"},\"potentialAction\":[{\"@type\":\"SearchAction\",\"target\":{\"@type\":\"EntryPoint\",\"urlTemplate\":\"https:\\\/\\\/dlvradio.es\\\/?s={search_term_string}\"},\"query-input\":{\"@type\":\"PropertyValueSpecification\",\"valueRequired\":true,\"valueName\":\"search_term_string\"}}],\"inLanguage\":\"en-US\"},{\"@type\":\"Organization\",\"@id\":\"https:\\\/\\\/dlvradio.es\\\/#organization\",\"name\":\"DLVRADIO\",\"url\":\"https:\\\/\\\/dlvradio.es\\\/\",\"logo\":{\"@type\":\"ImageObject\",\"inLanguage\":\"en-US\",\"@id\":\"https:\\\/\\\/dlvradio.es\\\/#\\\/schema\\\/logo\\\/image\\\/\",\"url\":\"\",\"contentUrl\":\"\",\"caption\":\"DLVRADIO\"},\"image\":{\"@id\":\"https:\\\/\\\/dlvradio.es\\\/#\\\/schema\\\/logo\\\/image\\\/\"},\"sameAs\":[\"https:\\\/\\\/www.facebook.com\\\/RadioDLVradio\\\/\",\"https:\\\/\\\/x.com\\\/RadioDlvradio\",\"https:\\\/\\\/www.instagram.com\\\/radiodlvradio\\\/\"]},{\"@type\":\"Person\",\"@id\":\"https:\\\/\\\/dlvradio.es\\\/#\\\/schema\\\/person\\\/7d533f9f89b13e3a3f2ba7f67d6412de\",\"name\":\"DLV RADIO\",\"sameAs\":[\"https:\\\/\\\/dlvradio.es\"]}]}<\/script>\n<!-- \/ Yoast SEO plugin. -->","yoast_head_json":{"title":"8M: Manifiesto ecofeminista y pacifista contra el genocidio de Gaza, las guerras y el militarismo - DLVRADIO","description":"8M: Manifiesto ecofeminista y pacifista contra el genocidio de Gaza, las guerras y el militarismo Con motivo del pr\u00f3ximo D\u00eda Internacional de la Mujer,","robots":{"index":"index","follow":"follow","max-snippet":"max-snippet:-1","max-image-preview":"max-image-preview:large","max-video-preview":"max-video-preview:-1"},"canonical":"https:\/\/dlvradio.es\/en\/8m-manifiesto-ecofeminista-y-pacifista-contra-el-genocidio-de-gaza-las-guerras-y-el-militarismo\/","og_locale":"en_US","og_type":"article","og_title":"8M: Manifiesto ecofeminista y pacifista contra el genocidio de Gaza, las guerras y el militarismo - DLVRADIO","og_description":"8M: Manifiesto ecofeminista y pacifista contra el genocidio de Gaza, las guerras y el militarismo Con motivo del pr\u00f3ximo D\u00eda Internacional de la Mujer,","og_url":"https:\/\/dlvradio.es\/en\/8m-manifiesto-ecofeminista-y-pacifista-contra-el-genocidio-de-gaza-las-guerras-y-el-militarismo\/","og_site_name":"DLVRADIO","article_publisher":"https:\/\/www.facebook.com\/RadioDLVradio\/","article_published_time":"2024-03-05T10:23:25+00:00","og_image":[{"width":1500,"height":1500,"url":"https:\/\/dlvradio.es\/wp-content\/uploads\/2024\/03\/www.dlvradio.es-1.png","type":"image\/png"}],"author":"DLV RADIO","twitter_card":"summary_large_image","twitter_creator":"@RadioDlvradio","twitter_site":"@RadioDlvradio","schema":{"@context":"https:\/\/schema.org","@graph":[{"@type":"Article","@id":"https:\/\/dlvradio.es\/8m-manifiesto-ecofeminista-y-pacifista-contra-el-genocidio-de-gaza-las-guerras-y-el-militarismo\/#article","isPartOf":{"@id":"https:\/\/dlvradio.es\/8m-manifiesto-ecofeminista-y-pacifista-contra-el-genocidio-de-gaza-las-guerras-y-el-militarismo\/"},"author":{"name":"DLV RADIO","@id":"https:\/\/dlvradio.es\/#\/schema\/person\/7d533f9f89b13e3a3f2ba7f67d6412de"},"headline":"8M: Manifiesto ecofeminista y pacifista contra el genocidio de Gaza, las guerras y el militarismo","datePublished":"2024-03-05T10:23:25+00:00","mainEntityOfPage":{"@id":"https:\/\/dlvradio.es\/8m-manifiesto-ecofeminista-y-pacifista-contra-el-genocidio-de-gaza-las-guerras-y-el-militarismo\/"},"wordCount":1751,"commentCount":0,"publisher":{"@id":"https:\/\/dlvradio.es\/#organization"},"image":{"@id":"https:\/\/dlvradio.es\/8m-manifiesto-ecofeminista-y-pacifista-contra-el-genocidio-de-gaza-las-guerras-y-el-militarismo\/#primaryimage"},"thumbnailUrl":"https:\/\/dlvradio.es\/wp-content\/uploads\/2024\/03\/www.dlvradio.es-1.png","keywords":["ecolog\u00eda","Espa\u00f1a","feminismo"],"articleSection":["Emergencia clim\u00e1tica","Feminismo","Informativos"],"inLanguage":"en-US"},{"@type":"WebPage","@id":"https:\/\/dlvradio.es\/8m-manifiesto-ecofeminista-y-pacifista-contra-el-genocidio-de-gaza-las-guerras-y-el-militarismo\/","url":"https:\/\/dlvradio.es\/8m-manifiesto-ecofeminista-y-pacifista-contra-el-genocidio-de-gaza-las-guerras-y-el-militarismo\/","name":"8M: Manifiesto ecofeminista y pacifista contra el genocidio de Gaza, las guerras y el militarismo - DLVRADIO","isPartOf":{"@id":"https:\/\/dlvradio.es\/#website"},"primaryImageOfPage":{"@id":"https:\/\/dlvradio.es\/8m-manifiesto-ecofeminista-y-pacifista-contra-el-genocidio-de-gaza-las-guerras-y-el-militarismo\/#primaryimage"},"image":{"@id":"https:\/\/dlvradio.es\/8m-manifiesto-ecofeminista-y-pacifista-contra-el-genocidio-de-gaza-las-guerras-y-el-militarismo\/#primaryimage"},"thumbnailUrl":"https:\/\/dlvradio.es\/wp-content\/uploads\/2024\/03\/www.dlvradio.es-1.png","datePublished":"2024-03-05T10:23:25+00:00","description":"8M: Manifiesto ecofeminista y pacifista contra el genocidio de Gaza, las guerras y el militarismo Con motivo del pr\u00f3ximo D\u00eda Internacional de la Mujer,","breadcrumb":{"@id":"https:\/\/dlvradio.es\/8m-manifiesto-ecofeminista-y-pacifista-contra-el-genocidio-de-gaza-las-guerras-y-el-militarismo\/#breadcrumb"},"inLanguage":"en-US","potentialAction":[{"@type":"ReadAction","target":["https:\/\/dlvradio.es\/8m-manifiesto-ecofeminista-y-pacifista-contra-el-genocidio-de-gaza-las-guerras-y-el-militarismo\/"]}]},{"@type":"ImageObject","inLanguage":"en-US","@id":"https:\/\/dlvradio.es\/8m-manifiesto-ecofeminista-y-pacifista-contra-el-genocidio-de-gaza-las-guerras-y-el-militarismo\/#primaryimage","url":"https:\/\/dlvradio.es\/wp-content\/uploads\/2024\/03\/www.dlvradio.es-1.png","contentUrl":"https:\/\/dlvradio.es\/wp-content\/uploads\/2024\/03\/www.dlvradio.es-1.png","width":1500,"height":1500,"caption":"www.dlvradio.es (1)"},{"@type":"BreadcrumbList","@id":"https:\/\/dlvradio.es\/8m-manifiesto-ecofeminista-y-pacifista-contra-el-genocidio-de-gaza-las-guerras-y-el-militarismo\/#breadcrumb","itemListElement":[{"@type":"ListItem","position":1,"name":"Inicio","item":"https:\/\/dlvradio.es\/"},{"@type":"ListItem","position":2,"name":"8M: Manifiesto ecofeminista y pacifista contra el genocidio de Gaza, las guerras y el militarismo"}]},{"@type":"WebSite","@id":"https:\/\/dlvradio.es\/#website","url":"https:\/\/dlvradio.es\/","name":"DLVRADIO","description":"We are an alternative media to traditional media","publisher":{"@id":"https:\/\/dlvradio.es\/#organization"},"potentialAction":[{"@type":"SearchAction","target":{"@type":"EntryPoint","urlTemplate":"https:\/\/dlvradio.es\/?s={search_term_string}"},"query-input":{"@type":"PropertyValueSpecification","valueRequired":true,"valueName":"search_term_string"}}],"inLanguage":"en-US"},{"@type":"Organization","@id":"https:\/\/dlvradio.es\/#organization","name":"DLVRADIO","url":"https:\/\/dlvradio.es\/","logo":{"@type":"ImageObject","inLanguage":"en-US","@id":"https:\/\/dlvradio.es\/#\/schema\/logo\/image\/","url":"","contentUrl":"","caption":"DLVRADIO"},"image":{"@id":"https:\/\/dlvradio.es\/#\/schema\/logo\/image\/"},"sameAs":["https:\/\/www.facebook.com\/RadioDLVradio\/","https:\/\/x.com\/RadioDlvradio","https:\/\/www.instagram.com\/radiodlvradio\/"]},{"@type":"Person","@id":"https:\/\/dlvradio.es\/#\/schema\/person\/7d533f9f89b13e3a3f2ba7f67d6412de","name":"DLV RADIO","sameAs":["https:\/\/dlvradio.es"]}]}},"_links":{"self":[{"href":"https:\/\/dlvradio.es\/en\/wp-json\/wp\/v2\/posts\/72656","targetHints":{"allow":["GET"]}}],"collection":[{"href":"https:\/\/dlvradio.es\/en\/wp-json\/wp\/v2\/posts"}],"about":[{"href":"https:\/\/dlvradio.es\/en\/wp-json\/wp\/v2\/types\/post"}],"author":[{"embeddable":true,"href":"https:\/\/dlvradio.es\/en\/wp-json\/wp\/v2\/users\/4"}],"replies":[{"embeddable":true,"href":"https:\/\/dlvradio.es\/en\/wp-json\/wp\/v2\/comments?post=72656"}],"version-history":[{"count":0,"href":"https:\/\/dlvradio.es\/en\/wp-json\/wp\/v2\/posts\/72656\/revisions"}],"wp:featuredmedia":[{"embeddable":true,"href":"https:\/\/dlvradio.es\/en\/wp-json\/wp\/v2\/media\/72657"}],"wp:attachment":[{"href":"https:\/\/dlvradio.es\/en\/wp-json\/wp\/v2\/media?parent=72656"}],"wp:term":[{"taxonomy":"category","embeddable":true,"href":"https:\/\/dlvradio.es\/en\/wp-json\/wp\/v2\/categories?post=72656"},{"taxonomy":"post_tag","embeddable":true,"href":"https:\/\/dlvradio.es\/en\/wp-json\/wp\/v2\/tags?post=72656"}],"curies":[{"name":"wp","href":"https:\/\/api.w.org\/{rel}","templated":true}]}}