{"id":73271,"date":"2024-07-02T19:04:04","date_gmt":"2024-07-02T17:04:04","guid":{"rendered":"https:\/\/dlvradio.es\/?p=73271"},"modified":"2024-07-02T19:04:04","modified_gmt":"2024-07-02T17:04:04","slug":"datos-de-paro-registrado-y-afiliacion-a-la-seguridad-social-mes-de-junio-de-2024","status":"publish","type":"post","link":"https:\/\/dlvradio.es\/en\/datos-de-paro-registrado-y-afiliacion-a-la-seguridad-social-mes-de-junio-de-2024\/","title":{"rendered":"Registered unemployment and Social Security affiliation data for the month of June 2024"},"content":{"rendered":"<p><iframe src=\"https:\/\/www.ivoox.com\/player_ej_131134142_6_1.html?c1=0ebeb7\" width=\"100%\" height=\"200\" frameborder=\"0\" scrolling=\"no\" allowfullscreen=\"allowfullscreen\"><\/iframe><br \/>\nOs dejamos la intervenci\u00f3n de los secretarios de Estado de Empleo y Econom\u00eda Social, <strong>Joaquin Perez Rey<\/strong>, and Social Security and Pensions, <strong>Borja Suarez<\/strong>, que han presentado, los datos de paro registrado y de afiliaci\u00f3n a la Seguridad Social correspondientes al mes de junio de 2024.<\/p>\n<p>La afiliaci\u00f3n a la Seguridad Social suma 71.000 empleados nuevos, en lo que va de a\u00f1o son m\u00e1s de medio mill\u00f3n, el paro cae a los 2,56 millones, desde hac\u00eda 16 a\u00f1os no ten\u00edamos una cifra tan baja.<\/p>\n<p>La Seguridad Social ha notificado que son ya casi 21,4 millones de afiliados, es la cifra m\u00e1s alta desde que existen registros, en un mes bueno para el empleo por las contrataciones que se han realizado de cara al verano.<\/p>","protected":false},"excerpt":{"rendered":"<p>Os dejamos la intervenci\u00f3n de los secretarios de Estado de Empleo y Econom\u00eda Social, Joaqu\u00edn P\u00e9rez Rey, y de Seguridad Social y Pensiones, Borja Su\u00e1rez, que han presentado, los datos de paro registrado y de afiliaci\u00f3n a la Seguridad Social correspondientes al mes de junio de 2024. La afiliaci\u00f3n a la Seguridad Social suma 71.000 [&hellip;]<\/p>\n","protected":false},"author":1,"featured_media":73272,"comment_status":"closed","ping_status":"closed","sticky":false,"template":"","format":"standard","meta":{"_acf_changed":false,"footnotes":""},"categories":[2465],"tags":[2584,2555],"class_list":["post-73271","post","type-post","status-publish","format-standard","has-post-thumbnail","hentry","category-informativos","tag-gobierno-espana","tag-informativo"],"acf":[],"yoast_head":"<!-- This site is optimized with the Yoast SEO plugin v27.4 - https:\/\/yoast.com\/product\/yoast-seo-wordpress\/ -->\n<title>Datos de paro registrado y afiliaci\u00f3n a la Seguridad Social mes de junio de 2024 - DLVRADIO<\/title>\n<meta name=\"description\" content=\"Os dejamos la intervenci\u00f3n de los secretarios de Estado de Empleo y Econom\u00eda Social, Joaqu\u00edn P\u00e9rez Rey, y de Seguridad Social y Pensiones, Borja Su\u00e1rez,\" \/>\n<meta name=\"robots\" content=\"index, follow, max-snippet:-1, max-image-preview:large, max-video-preview:-1\" \/>\n<link rel=\"canonical\" href=\"https:\/\/dlvradio.es\/en\/datos-de-paro-registrado-y-afiliacion-a-la-seguridad-social-mes-de-junio-de-2024\/\" \/>\n<meta property=\"og:locale\" content=\"en_US\" \/>\n<meta property=\"og:type\" content=\"article\" \/>\n<meta property=\"og:title\" content=\"Datos de paro registrado y afiliaci\u00f3n a la Seguridad Social mes de junio de 2024 - DLVRADIO\" \/>\n<meta property=\"og:description\" content=\"Os dejamos la intervenci\u00f3n de los secretarios de Estado de Empleo y Econom\u00eda Social, Joaqu\u00edn P\u00e9rez Rey, y de Seguridad Social y Pensiones, Borja Su\u00e1rez,\" \/>\n<meta property=\"og:url\" content=\"https:\/\/dlvradio.es\/en\/datos-de-paro-registrado-y-afiliacion-a-la-seguridad-social-mes-de-junio-de-2024\/\" \/>\n<meta property=\"og:site_name\" content=\"DLVRADIO\" \/>\n<meta property=\"article:publisher\" content=\"https:\/\/www.facebook.com\/RadioDLVradio\/\" \/>\n<meta property=\"article:published_time\" content=\"2024-07-02T17:04:04+00:00\" \/>\n<meta property=\"og:image\" content=\"https:\/\/dlvradio.es\/wp-content\/uploads\/2024\/07\/www.dlvradio.es-web-1.png\" \/>\n\t<meta property=\"og:image:width\" content=\"1500\" \/>\n\t<meta property=\"og:image:height\" content=\"1500\" \/>\n\t<meta property=\"og:image:type\" content=\"image\/png\" \/>\n<meta name=\"author\" content=\"doominio\" \/>\n<meta name=\"twitter:card\" content=\"summary_large_image\" \/>\n<meta name=\"twitter:creator\" content=\"@RadioDlvradio\" \/>\n<meta name=\"twitter:site\" content=\"@RadioDlvradio\" \/>\n<script type=\"application\/ld+json\" class=\"yoast-schema-graph\">{\"@context\":\"https:\\\/\\\/schema.org\",\"@graph\":[{\"@type\":\"Article\",\"@id\":\"https:\\\/\\\/dlvradio.es\\\/datos-de-paro-registrado-y-afiliacion-a-la-seguridad-social-mes-de-junio-de-2024\\\/#article\",\"isPartOf\":{\"@id\":\"https:\\\/\\\/dlvradio.es\\\/datos-de-paro-registrado-y-afiliacion-a-la-seguridad-social-mes-de-junio-de-2024\\\/\"},\"author\":{\"name\":\"doominio\",\"@id\":\"https:\\\/\\\/dlvradio.es\\\/#\\\/schema\\\/person\\\/6ee60897fbb7fb4ad6634c73f4be87fa\"},\"headline\":\"Datos de paro registrado y afiliaci\u00f3n a la Seguridad Social mes de junio de 2024\",\"datePublished\":\"2024-07-02T17:04:04+00:00\",\"mainEntityOfPage\":{\"@id\":\"https:\\\/\\\/dlvradio.es\\\/datos-de-paro-registrado-y-afiliacion-a-la-seguridad-social-mes-de-junio-de-2024\\\/\"},\"wordCount\":149,\"publisher\":{\"@id\":\"https:\\\/\\\/dlvradio.es\\\/#organization\"},\"image\":{\"@id\":\"https:\\\/\\\/dlvradio.es\\\/datos-de-paro-registrado-y-afiliacion-a-la-seguridad-social-mes-de-junio-de-2024\\\/#primaryimage\"},\"thumbnailUrl\":\"https:\\\/\\\/dlvradio.es\\\/wp-content\\\/uploads\\\/2024\\\/07\\\/www.dlvradio.es-web-1.png\",\"keywords\":[\"gobierno espa\u00f1a\",\"informativo\"],\"articleSection\":[\"Informativos\"],\"inLanguage\":\"en-US\"},{\"@type\":\"WebPage\",\"@id\":\"https:\\\/\\\/dlvradio.es\\\/datos-de-paro-registrado-y-afiliacion-a-la-seguridad-social-mes-de-junio-de-2024\\\/\",\"url\":\"https:\\\/\\\/dlvradio.es\\\/datos-de-paro-registrado-y-afiliacion-a-la-seguridad-social-mes-de-junio-de-2024\\\/\",\"name\":\"Datos de paro registrado y afiliaci\u00f3n a la Seguridad Social mes de junio de 2024 - DLVRADIO\",\"isPartOf\":{\"@id\":\"https:\\\/\\\/dlvradio.es\\\/#website\"},\"primaryImageOfPage\":{\"@id\":\"https:\\\/\\\/dlvradio.es\\\/datos-de-paro-registrado-y-afiliacion-a-la-seguridad-social-mes-de-junio-de-2024\\\/#primaryimage\"},\"image\":{\"@id\":\"https:\\\/\\\/dlvradio.es\\\/datos-de-paro-registrado-y-afiliacion-a-la-seguridad-social-mes-de-junio-de-2024\\\/#primaryimage\"},\"thumbnailUrl\":\"https:\\\/\\\/dlvradio.es\\\/wp-content\\\/uploads\\\/2024\\\/07\\\/www.dlvradio.es-web-1.png\",\"datePublished\":\"2024-07-02T17:04:04+00:00\",\"description\":\"Os dejamos la intervenci\u00f3n de los secretarios de Estado de Empleo y Econom\u00eda Social, Joaqu\u00edn P\u00e9rez Rey, y de Seguridad Social y Pensiones, Borja Su\u00e1rez,\",\"breadcrumb\":{\"@id\":\"https:\\\/\\\/dlvradio.es\\\/datos-de-paro-registrado-y-afiliacion-a-la-seguridad-social-mes-de-junio-de-2024\\\/#breadcrumb\"},\"inLanguage\":\"en-US\",\"potentialAction\":[{\"@type\":\"ReadAction\",\"target\":[\"https:\\\/\\\/dlvradio.es\\\/datos-de-paro-registrado-y-afiliacion-a-la-seguridad-social-mes-de-junio-de-2024\\\/\"]}]},{\"@type\":\"ImageObject\",\"inLanguage\":\"en-US\",\"@id\":\"https:\\\/\\\/dlvradio.es\\\/datos-de-paro-registrado-y-afiliacion-a-la-seguridad-social-mes-de-junio-de-2024\\\/#primaryimage\",\"url\":\"https:\\\/\\\/dlvradio.es\\\/wp-content\\\/uploads\\\/2024\\\/07\\\/www.dlvradio.es-web-1.png\",\"contentUrl\":\"https:\\\/\\\/dlvradio.es\\\/wp-content\\\/uploads\\\/2024\\\/07\\\/www.dlvradio.es-web-1.png\",\"width\":1500,\"height\":1500,\"caption\":\"Datos de paro registrado y afiliaci\u00f3n a la Seguridad Social mes de junio de 2024\"},{\"@type\":\"BreadcrumbList\",\"@id\":\"https:\\\/\\\/dlvradio.es\\\/datos-de-paro-registrado-y-afiliacion-a-la-seguridad-social-mes-de-junio-de-2024\\\/#breadcrumb\",\"itemListElement\":[{\"@type\":\"ListItem\",\"position\":1,\"name\":\"Inicio\",\"item\":\"https:\\\/\\\/dlvradio.es\\\/\"},{\"@type\":\"ListItem\",\"position\":2,\"name\":\"Datos de paro registrado y afiliaci\u00f3n a la Seguridad Social mes de junio de 2024\"}]},{\"@type\":\"WebSite\",\"@id\":\"https:\\\/\\\/dlvradio.es\\\/#website\",\"url\":\"https:\\\/\\\/dlvradio.es\\\/\",\"name\":\"DLVRADIO\",\"description\":\"Somos un medio de comunicaci\u00f3n alternativo a los medios tradicionales\",\"publisher\":{\"@id\":\"https:\\\/\\\/dlvradio.es\\\/#organization\"},\"potentialAction\":[{\"@type\":\"SearchAction\",\"target\":{\"@type\":\"EntryPoint\",\"urlTemplate\":\"https:\\\/\\\/dlvradio.es\\\/?s={search_term_string}\"},\"query-input\":{\"@type\":\"PropertyValueSpecification\",\"valueRequired\":true,\"valueName\":\"search_term_string\"}}],\"inLanguage\":\"en-US\"},{\"@type\":\"Organization\",\"@id\":\"https:\\\/\\\/dlvradio.es\\\/#organization\",\"name\":\"DLVRADIO\",\"url\":\"https:\\\/\\\/dlvradio.es\\\/\",\"logo\":{\"@type\":\"ImageObject\",\"inLanguage\":\"en-US\",\"@id\":\"https:\\\/\\\/dlvradio.es\\\/#\\\/schema\\\/logo\\\/image\\\/\",\"url\":\"\",\"contentUrl\":\"\",\"caption\":\"DLVRADIO\"},\"image\":{\"@id\":\"https:\\\/\\\/dlvradio.es\\\/#\\\/schema\\\/logo\\\/image\\\/\"},\"sameAs\":[\"https:\\\/\\\/www.facebook.com\\\/RadioDLVradio\\\/\",\"https:\\\/\\\/x.com\\\/RadioDlvradio\",\"https:\\\/\\\/www.instagram.com\\\/radiodlvradio\\\/\"]},{\"@type\":\"Person\",\"@id\":\"https:\\\/\\\/dlvradio.es\\\/#\\\/schema\\\/person\\\/6ee60897fbb7fb4ad6634c73f4be87fa\",\"name\":\"doominio\",\"sameAs\":[\"https:\\\/\\\/dlvradio.es\"]}]}<\/script>\n<!-- \/ Yoast SEO plugin. -->","yoast_head_json":{"title":"Datos de paro registrado y afiliaci\u00f3n a la Seguridad Social mes de junio de 2024 - DLVRADIO","description":"Os dejamos la intervenci\u00f3n de los secretarios de Estado de Empleo y Econom\u00eda Social, Joaqu\u00edn P\u00e9rez Rey, y de Seguridad Social y Pensiones, Borja Su\u00e1rez,","robots":{"index":"index","follow":"follow","max-snippet":"max-snippet:-1","max-image-preview":"max-image-preview:large","max-video-preview":"max-video-preview:-1"},"canonical":"https:\/\/dlvradio.es\/en\/datos-de-paro-registrado-y-afiliacion-a-la-seguridad-social-mes-de-junio-de-2024\/","og_locale":"en_US","og_type":"article","og_title":"Datos de paro registrado y afiliaci\u00f3n a la Seguridad Social mes de junio de 2024 - DLVRADIO","og_description":"Os dejamos la intervenci\u00f3n de los secretarios de Estado de Empleo y Econom\u00eda Social, Joaqu\u00edn P\u00e9rez Rey, y de Seguridad Social y Pensiones, Borja Su\u00e1rez,","og_url":"https:\/\/dlvradio.es\/en\/datos-de-paro-registrado-y-afiliacion-a-la-seguridad-social-mes-de-junio-de-2024\/","og_site_name":"DLVRADIO","article_publisher":"https:\/\/www.facebook.com\/RadioDLVradio\/","article_published_time":"2024-07-02T17:04:04+00:00","og_image":[{"width":1500,"height":1500,"url":"https:\/\/dlvradio.es\/wp-content\/uploads\/2024\/07\/www.dlvradio.es-web-1.png","type":"image\/png"}],"author":"doominio","twitter_card":"summary_large_image","twitter_creator":"@RadioDlvradio","twitter_site":"@RadioDlvradio","schema":{"@context":"https:\/\/schema.org","@graph":[{"@type":"Article","@id":"https:\/\/dlvradio.es\/datos-de-paro-registrado-y-afiliacion-a-la-seguridad-social-mes-de-junio-de-2024\/#article","isPartOf":{"@id":"https:\/\/dlvradio.es\/datos-de-paro-registrado-y-afiliacion-a-la-seguridad-social-mes-de-junio-de-2024\/"},"author":{"name":"doominio","@id":"https:\/\/dlvradio.es\/#\/schema\/person\/6ee60897fbb7fb4ad6634c73f4be87fa"},"headline":"Datos de paro registrado y afiliaci\u00f3n a la Seguridad Social mes de junio de 2024","datePublished":"2024-07-02T17:04:04+00:00","mainEntityOfPage":{"@id":"https:\/\/dlvradio.es\/datos-de-paro-registrado-y-afiliacion-a-la-seguridad-social-mes-de-junio-de-2024\/"},"wordCount":149,"publisher":{"@id":"https:\/\/dlvradio.es\/#organization"},"image":{"@id":"https:\/\/dlvradio.es\/datos-de-paro-registrado-y-afiliacion-a-la-seguridad-social-mes-de-junio-de-2024\/#primaryimage"},"thumbnailUrl":"https:\/\/dlvradio.es\/wp-content\/uploads\/2024\/07\/www.dlvradio.es-web-1.png","keywords":["gobierno espa\u00f1a","informativo"],"articleSection":["Informativos"],"inLanguage":"en-US"},{"@type":"WebPage","@id":"https:\/\/dlvradio.es\/datos-de-paro-registrado-y-afiliacion-a-la-seguridad-social-mes-de-junio-de-2024\/","url":"https:\/\/dlvradio.es\/datos-de-paro-registrado-y-afiliacion-a-la-seguridad-social-mes-de-junio-de-2024\/","name":"Datos de paro registrado y afiliaci\u00f3n a la Seguridad Social mes de junio de 2024 - DLVRADIO","isPartOf":{"@id":"https:\/\/dlvradio.es\/#website"},"primaryImageOfPage":{"@id":"https:\/\/dlvradio.es\/datos-de-paro-registrado-y-afiliacion-a-la-seguridad-social-mes-de-junio-de-2024\/#primaryimage"},"image":{"@id":"https:\/\/dlvradio.es\/datos-de-paro-registrado-y-afiliacion-a-la-seguridad-social-mes-de-junio-de-2024\/#primaryimage"},"thumbnailUrl":"https:\/\/dlvradio.es\/wp-content\/uploads\/2024\/07\/www.dlvradio.es-web-1.png","datePublished":"2024-07-02T17:04:04+00:00","description":"Os dejamos la intervenci\u00f3n de los secretarios de Estado de Empleo y Econom\u00eda Social, Joaqu\u00edn P\u00e9rez Rey, y de Seguridad Social y Pensiones, Borja Su\u00e1rez,","breadcrumb":{"@id":"https:\/\/dlvradio.es\/datos-de-paro-registrado-y-afiliacion-a-la-seguridad-social-mes-de-junio-de-2024\/#breadcrumb"},"inLanguage":"en-US","potentialAction":[{"@type":"ReadAction","target":["https:\/\/dlvradio.es\/datos-de-paro-registrado-y-afiliacion-a-la-seguridad-social-mes-de-junio-de-2024\/"]}]},{"@type":"ImageObject","inLanguage":"en-US","@id":"https:\/\/dlvradio.es\/datos-de-paro-registrado-y-afiliacion-a-la-seguridad-social-mes-de-junio-de-2024\/#primaryimage","url":"https:\/\/dlvradio.es\/wp-content\/uploads\/2024\/07\/www.dlvradio.es-web-1.png","contentUrl":"https:\/\/dlvradio.es\/wp-content\/uploads\/2024\/07\/www.dlvradio.es-web-1.png","width":1500,"height":1500,"caption":"Datos de paro registrado y afiliaci\u00f3n a la Seguridad Social mes de junio de 2024"},{"@type":"BreadcrumbList","@id":"https:\/\/dlvradio.es\/datos-de-paro-registrado-y-afiliacion-a-la-seguridad-social-mes-de-junio-de-2024\/#breadcrumb","itemListElement":[{"@type":"ListItem","position":1,"name":"Inicio","item":"https:\/\/dlvradio.es\/"},{"@type":"ListItem","position":2,"name":"Datos de paro registrado y afiliaci\u00f3n a la Seguridad Social mes de junio de 2024"}]},{"@type":"WebSite","@id":"https:\/\/dlvradio.es\/#website","url":"https:\/\/dlvradio.es\/","name":"DLVRADIO","description":"We are an alternative media to traditional media","publisher":{"@id":"https:\/\/dlvradio.es\/#organization"},"potentialAction":[{"@type":"SearchAction","target":{"@type":"EntryPoint","urlTemplate":"https:\/\/dlvradio.es\/?s={search_term_string}"},"query-input":{"@type":"PropertyValueSpecification","valueRequired":true,"valueName":"search_term_string"}}],"inLanguage":"en-US"},{"@type":"Organization","@id":"https:\/\/dlvradio.es\/#organization","name":"DLVRADIO","url":"https:\/\/dlvradio.es\/","logo":{"@type":"ImageObject","inLanguage":"en-US","@id":"https:\/\/dlvradio.es\/#\/schema\/logo\/image\/","url":"","contentUrl":"","caption":"DLVRADIO"},"image":{"@id":"https:\/\/dlvradio.es\/#\/schema\/logo\/image\/"},"sameAs":["https:\/\/www.facebook.com\/RadioDLVradio\/","https:\/\/x.com\/RadioDlvradio","https:\/\/www.instagram.com\/radiodlvradio\/"]},{"@type":"Person","@id":"https:\/\/dlvradio.es\/#\/schema\/person\/6ee60897fbb7fb4ad6634c73f4be87fa","name":"doominio","sameAs":["https:\/\/dlvradio.es"]}]}},"_links":{"self":[{"href":"https:\/\/dlvradio.es\/en\/wp-json\/wp\/v2\/posts\/73271","targetHints":{"allow":["GET"]}}],"collection":[{"href":"https:\/\/dlvradio.es\/en\/wp-json\/wp\/v2\/posts"}],"about":[{"href":"https:\/\/dlvradio.es\/en\/wp-json\/wp\/v2\/types\/post"}],"author":[{"embeddable":true,"href":"https:\/\/dlvradio.es\/en\/wp-json\/wp\/v2\/users\/1"}],"replies":[{"embeddable":true,"href":"https:\/\/dlvradio.es\/en\/wp-json\/wp\/v2\/comments?post=73271"}],"version-history":[{"count":1,"href":"https:\/\/dlvradio.es\/en\/wp-json\/wp\/v2\/posts\/73271\/revisions"}],"predecessor-version":[{"id":73273,"href":"https:\/\/dlvradio.es\/en\/wp-json\/wp\/v2\/posts\/73271\/revisions\/73273"}],"wp:featuredmedia":[{"embeddable":true,"href":"https:\/\/dlvradio.es\/en\/wp-json\/wp\/v2\/media\/73272"}],"wp:attachment":[{"href":"https:\/\/dlvradio.es\/en\/wp-json\/wp\/v2\/media?parent=73271"}],"wp:term":[{"taxonomy":"category","embeddable":true,"href":"https:\/\/dlvradio.es\/en\/wp-json\/wp\/v2\/categories?post=73271"},{"taxonomy":"post_tag","embeddable":true,"href":"https:\/\/dlvradio.es\/en\/wp-json\/wp\/v2\/tags?post=73271"}],"curies":[{"name":"wp","href":"https:\/\/api.w.org\/{rel}","templated":true}]}}