{"id":73392,"date":"2024-07-17T20:32:19","date_gmt":"2024-07-17T18:32:19","guid":{"rendered":"https:\/\/dlvradio.es\/?p=73392"},"modified":"2024-07-17T20:32:19","modified_gmt":"2024-07-17T18:32:19","slug":"declaraciones-del-secretario-de-estado-de-trabajo-tras-mesa-de-dialogo-social-17-07-2024","status":"publish","type":"post","link":"https:\/\/dlvradio.es\/en\/declaraciones-del-secretario-de-estado-de-trabajo-tras-mesa-de-dialogo-social-17-07-2024\/","title":{"rendered":"Statements by the Secretary of State for Labor after the Social Dialogue Table 07\/17\/2024"},"content":{"rendered":"<p><iframe src=\"https:\/\/www.ivoox.com\/player_ej_131776401_6_1.html?c1=0ebeb7\" width=\"100%\" height=\"200\" frameborder=\"0\" scrolling=\"no\" allowfullscreen=\"allowfullscreen\"><span data-mce-type=\"bookmark\" style=\"display: inline-block; width: 0px; overflow: hidden; line-height: 0;\" class=\"mce_SELRES_start\"><\/span><\/iframe><br \/>\nOs dejamos las declaraciones del secretario de Estado de Trabajo, <strong>Joaquin Perez Rey<\/strong>, que nos ofrece unas declaraciones tras la conclusi\u00f3n de la reuni\u00f3n de la Mesa de Di\u00e1logo Social que aborda la reducci\u00f3n de la jornada laboral en Espa\u00f1a. Tambi\u00e9n est\u00e1n las declaraciones de los representantes de CCOO y UGT.<\/p>\n<p>Es un acuerdo que se establecer\u00e1 paulatinamente en los diferentes puestos de trabajo, seg\u00fan se vaya estableciendo en Espa\u00f1a. En principio no existe ninguna raz\u00f3n objetiva para que no se llegue a un acuerdo.<\/p>\n<p>Uno de los puntos que se est\u00e1n trabajando, es que el trabajador quede en sus horas fuera de trabajo, en desconexi\u00f3n digital, es decir que no sea molestado en sus horas de no trabajo por temas laborales.<\/p>\n<p>&nbsp;<\/p>","protected":false},"excerpt":{"rendered":"<p>\ufeff Os dejamos las declaraciones del secretario de Estado de Trabajo, Joaqu\u00edn P\u00e9rez Rey, que nos ofrece unas declaraciones tras la conclusi\u00f3n de la reuni\u00f3n de la Mesa de Di\u00e1logo Social que aborda la reducci\u00f3n de la jornada laboral en Espa\u00f1a. Tambi\u00e9n est\u00e1n las declaraciones de los representantes de CCOO y UGT. Es un acuerdo [&hellip;]<\/p>\n","protected":false},"author":1,"featured_media":73393,"comment_status":"closed","ping_status":"closed","sticky":false,"template":"","format":"standard","meta":{"_acf_changed":false,"footnotes":""},"categories":[2465],"tags":[2584,2543],"class_list":["post-73392","post","type-post","status-publish","format-standard","has-post-thumbnail","hentry","category-informativos","tag-gobierno-espana","tag-trabajo"],"acf":[],"yoast_head":"<!-- This site is optimized with the Yoast SEO plugin v27.4 - https:\/\/yoast.com\/product\/yoast-seo-wordpress\/ -->\n<title>Declaraciones del secretario de Estado de Trabajo tras Mesa de Di\u00e1logo Social 17.07.2024 - DLVRADIO<\/title>\n<meta name=\"description\" content=\"\ufeff Os dejamos las declaraciones del secretario de Estado de Trabajo, Joaqu\u00edn P\u00e9rez Rey, que nos ofrece unas declaraciones tras la conclusi\u00f3n de la reuni\u00f3n\" \/>\n<meta name=\"robots\" content=\"index, follow, max-snippet:-1, max-image-preview:large, max-video-preview:-1\" \/>\n<link rel=\"canonical\" href=\"https:\/\/dlvradio.es\/en\/declaraciones-del-secretario-de-estado-de-trabajo-tras-mesa-de-dialogo-social-17-07-2024\/\" \/>\n<meta property=\"og:locale\" content=\"en_US\" \/>\n<meta property=\"og:type\" content=\"article\" \/>\n<meta property=\"og:title\" content=\"Declaraciones del secretario de Estado de Trabajo tras Mesa de Di\u00e1logo Social 17.07.2024 - DLVRADIO\" \/>\n<meta property=\"og:description\" content=\"\ufeff Os dejamos las declaraciones del secretario de Estado de Trabajo, Joaqu\u00edn P\u00e9rez Rey, que nos ofrece unas declaraciones tras la conclusi\u00f3n de la reuni\u00f3n\" \/>\n<meta property=\"og:url\" content=\"https:\/\/dlvradio.es\/en\/declaraciones-del-secretario-de-estado-de-trabajo-tras-mesa-de-dialogo-social-17-07-2024\/\" \/>\n<meta property=\"og:site_name\" content=\"DLVRADIO\" \/>\n<meta property=\"article:publisher\" content=\"https:\/\/www.facebook.com\/RadioDLVradio\/\" \/>\n<meta property=\"article:published_time\" content=\"2024-07-17T18:32:19+00:00\" \/>\n<meta property=\"og:image\" content=\"https:\/\/dlvradio.es\/wp-content\/uploads\/2024\/07\/www.dlvradio.es-web-3-2.png\" \/>\n\t<meta property=\"og:image:width\" content=\"1500\" \/>\n\t<meta property=\"og:image:height\" content=\"1500\" \/>\n\t<meta property=\"og:image:type\" content=\"image\/png\" \/>\n<meta name=\"author\" content=\"doominio\" \/>\n<meta name=\"twitter:card\" content=\"summary_large_image\" \/>\n<meta name=\"twitter:creator\" content=\"@RadioDlvradio\" \/>\n<meta name=\"twitter:site\" content=\"@RadioDlvradio\" \/>\n<script type=\"application\/ld+json\" class=\"yoast-schema-graph\">{\"@context\":\"https:\\\/\\\/schema.org\",\"@graph\":[{\"@type\":\"Article\",\"@id\":\"https:\\\/\\\/dlvradio.es\\\/declaraciones-del-secretario-de-estado-de-trabajo-tras-mesa-de-dialogo-social-17-07-2024\\\/#article\",\"isPartOf\":{\"@id\":\"https:\\\/\\\/dlvradio.es\\\/declaraciones-del-secretario-de-estado-de-trabajo-tras-mesa-de-dialogo-social-17-07-2024\\\/\"},\"author\":{\"name\":\"doominio\",\"@id\":\"https:\\\/\\\/dlvradio.es\\\/#\\\/schema\\\/person\\\/6ee60897fbb7fb4ad6634c73f4be87fa\"},\"headline\":\"Declaraciones del secretario de Estado de Trabajo tras Mesa de Di\u00e1logo Social 17.07.2024\",\"datePublished\":\"2024-07-17T18:32:19+00:00\",\"mainEntityOfPage\":{\"@id\":\"https:\\\/\\\/dlvradio.es\\\/declaraciones-del-secretario-de-estado-de-trabajo-tras-mesa-de-dialogo-social-17-07-2024\\\/\"},\"wordCount\":150,\"publisher\":{\"@id\":\"https:\\\/\\\/dlvradio.es\\\/#organization\"},\"image\":{\"@id\":\"https:\\\/\\\/dlvradio.es\\\/declaraciones-del-secretario-de-estado-de-trabajo-tras-mesa-de-dialogo-social-17-07-2024\\\/#primaryimage\"},\"thumbnailUrl\":\"https:\\\/\\\/dlvradio.es\\\/wp-content\\\/uploads\\\/2024\\\/07\\\/www.dlvradio.es-web-3-2.png\",\"keywords\":[\"gobierno espa\u00f1a\",\"trabajo\"],\"articleSection\":[\"Informativos\"],\"inLanguage\":\"en-US\"},{\"@type\":\"WebPage\",\"@id\":\"https:\\\/\\\/dlvradio.es\\\/declaraciones-del-secretario-de-estado-de-trabajo-tras-mesa-de-dialogo-social-17-07-2024\\\/\",\"url\":\"https:\\\/\\\/dlvradio.es\\\/declaraciones-del-secretario-de-estado-de-trabajo-tras-mesa-de-dialogo-social-17-07-2024\\\/\",\"name\":\"Declaraciones del secretario de Estado de Trabajo tras Mesa de Di\u00e1logo Social 17.07.2024 - DLVRADIO\",\"isPartOf\":{\"@id\":\"https:\\\/\\\/dlvradio.es\\\/#website\"},\"primaryImageOfPage\":{\"@id\":\"https:\\\/\\\/dlvradio.es\\\/declaraciones-del-secretario-de-estado-de-trabajo-tras-mesa-de-dialogo-social-17-07-2024\\\/#primaryimage\"},\"image\":{\"@id\":\"https:\\\/\\\/dlvradio.es\\\/declaraciones-del-secretario-de-estado-de-trabajo-tras-mesa-de-dialogo-social-17-07-2024\\\/#primaryimage\"},\"thumbnailUrl\":\"https:\\\/\\\/dlvradio.es\\\/wp-content\\\/uploads\\\/2024\\\/07\\\/www.dlvradio.es-web-3-2.png\",\"datePublished\":\"2024-07-17T18:32:19+00:00\",\"description\":\"\ufeff Os dejamos las declaraciones del secretario de Estado de Trabajo, Joaqu\u00edn P\u00e9rez Rey, que nos ofrece unas declaraciones tras la conclusi\u00f3n de la reuni\u00f3n\",\"breadcrumb\":{\"@id\":\"https:\\\/\\\/dlvradio.es\\\/declaraciones-del-secretario-de-estado-de-trabajo-tras-mesa-de-dialogo-social-17-07-2024\\\/#breadcrumb\"},\"inLanguage\":\"en-US\",\"potentialAction\":[{\"@type\":\"ReadAction\",\"target\":[\"https:\\\/\\\/dlvradio.es\\\/declaraciones-del-secretario-de-estado-de-trabajo-tras-mesa-de-dialogo-social-17-07-2024\\\/\"]}]},{\"@type\":\"ImageObject\",\"inLanguage\":\"en-US\",\"@id\":\"https:\\\/\\\/dlvradio.es\\\/declaraciones-del-secretario-de-estado-de-trabajo-tras-mesa-de-dialogo-social-17-07-2024\\\/#primaryimage\",\"url\":\"https:\\\/\\\/dlvradio.es\\\/wp-content\\\/uploads\\\/2024\\\/07\\\/www.dlvradio.es-web-3-2.png\",\"contentUrl\":\"https:\\\/\\\/dlvradio.es\\\/wp-content\\\/uploads\\\/2024\\\/07\\\/www.dlvradio.es-web-3-2.png\",\"width\":1500,\"height\":1500,\"caption\":\"Declaraciones del secretario de Estado de Trabajo tras Mesa de Di\u00e1logo Social 17.07.2024\"},{\"@type\":\"BreadcrumbList\",\"@id\":\"https:\\\/\\\/dlvradio.es\\\/declaraciones-del-secretario-de-estado-de-trabajo-tras-mesa-de-dialogo-social-17-07-2024\\\/#breadcrumb\",\"itemListElement\":[{\"@type\":\"ListItem\",\"position\":1,\"name\":\"Inicio\",\"item\":\"https:\\\/\\\/dlvradio.es\\\/\"},{\"@type\":\"ListItem\",\"position\":2,\"name\":\"Declaraciones del secretario de Estado de Trabajo tras Mesa de Di\u00e1logo Social 17.07.2024\"}]},{\"@type\":\"WebSite\",\"@id\":\"https:\\\/\\\/dlvradio.es\\\/#website\",\"url\":\"https:\\\/\\\/dlvradio.es\\\/\",\"name\":\"DLVRADIO\",\"description\":\"Somos un medio de comunicaci\u00f3n alternativo a los medios tradicionales\",\"publisher\":{\"@id\":\"https:\\\/\\\/dlvradio.es\\\/#organization\"},\"potentialAction\":[{\"@type\":\"SearchAction\",\"target\":{\"@type\":\"EntryPoint\",\"urlTemplate\":\"https:\\\/\\\/dlvradio.es\\\/?s={search_term_string}\"},\"query-input\":{\"@type\":\"PropertyValueSpecification\",\"valueRequired\":true,\"valueName\":\"search_term_string\"}}],\"inLanguage\":\"en-US\"},{\"@type\":\"Organization\",\"@id\":\"https:\\\/\\\/dlvradio.es\\\/#organization\",\"name\":\"DLVRADIO\",\"url\":\"https:\\\/\\\/dlvradio.es\\\/\",\"logo\":{\"@type\":\"ImageObject\",\"inLanguage\":\"en-US\",\"@id\":\"https:\\\/\\\/dlvradio.es\\\/#\\\/schema\\\/logo\\\/image\\\/\",\"url\":\"\",\"contentUrl\":\"\",\"caption\":\"DLVRADIO\"},\"image\":{\"@id\":\"https:\\\/\\\/dlvradio.es\\\/#\\\/schema\\\/logo\\\/image\\\/\"},\"sameAs\":[\"https:\\\/\\\/www.facebook.com\\\/RadioDLVradio\\\/\",\"https:\\\/\\\/x.com\\\/RadioDlvradio\",\"https:\\\/\\\/www.instagram.com\\\/radiodlvradio\\\/\"]},{\"@type\":\"Person\",\"@id\":\"https:\\\/\\\/dlvradio.es\\\/#\\\/schema\\\/person\\\/6ee60897fbb7fb4ad6634c73f4be87fa\",\"name\":\"doominio\",\"sameAs\":[\"https:\\\/\\\/dlvradio.es\"]}]}<\/script>\n<!-- \/ Yoast SEO plugin. -->","yoast_head_json":{"title":"Declaraciones del secretario de Estado de Trabajo tras Mesa de Di\u00e1logo Social 17.07.2024 - DLVRADIO","description":"\ufeff Os dejamos las declaraciones del secretario de Estado de Trabajo, Joaqu\u00edn P\u00e9rez Rey, que nos ofrece unas declaraciones tras la conclusi\u00f3n de la reuni\u00f3n","robots":{"index":"index","follow":"follow","max-snippet":"max-snippet:-1","max-image-preview":"max-image-preview:large","max-video-preview":"max-video-preview:-1"},"canonical":"https:\/\/dlvradio.es\/en\/declaraciones-del-secretario-de-estado-de-trabajo-tras-mesa-de-dialogo-social-17-07-2024\/","og_locale":"en_US","og_type":"article","og_title":"Declaraciones del secretario de Estado de Trabajo tras Mesa de Di\u00e1logo Social 17.07.2024 - DLVRADIO","og_description":"\ufeff Os dejamos las declaraciones del secretario de Estado de Trabajo, Joaqu\u00edn P\u00e9rez Rey, que nos ofrece unas declaraciones tras la conclusi\u00f3n de la reuni\u00f3n","og_url":"https:\/\/dlvradio.es\/en\/declaraciones-del-secretario-de-estado-de-trabajo-tras-mesa-de-dialogo-social-17-07-2024\/","og_site_name":"DLVRADIO","article_publisher":"https:\/\/www.facebook.com\/RadioDLVradio\/","article_published_time":"2024-07-17T18:32:19+00:00","og_image":[{"width":1500,"height":1500,"url":"https:\/\/dlvradio.es\/wp-content\/uploads\/2024\/07\/www.dlvradio.es-web-3-2.png","type":"image\/png"}],"author":"doominio","twitter_card":"summary_large_image","twitter_creator":"@RadioDlvradio","twitter_site":"@RadioDlvradio","schema":{"@context":"https:\/\/schema.org","@graph":[{"@type":"Article","@id":"https:\/\/dlvradio.es\/declaraciones-del-secretario-de-estado-de-trabajo-tras-mesa-de-dialogo-social-17-07-2024\/#article","isPartOf":{"@id":"https:\/\/dlvradio.es\/declaraciones-del-secretario-de-estado-de-trabajo-tras-mesa-de-dialogo-social-17-07-2024\/"},"author":{"name":"doominio","@id":"https:\/\/dlvradio.es\/#\/schema\/person\/6ee60897fbb7fb4ad6634c73f4be87fa"},"headline":"Declaraciones del secretario de Estado de Trabajo tras Mesa de Di\u00e1logo Social 17.07.2024","datePublished":"2024-07-17T18:32:19+00:00","mainEntityOfPage":{"@id":"https:\/\/dlvradio.es\/declaraciones-del-secretario-de-estado-de-trabajo-tras-mesa-de-dialogo-social-17-07-2024\/"},"wordCount":150,"publisher":{"@id":"https:\/\/dlvradio.es\/#organization"},"image":{"@id":"https:\/\/dlvradio.es\/declaraciones-del-secretario-de-estado-de-trabajo-tras-mesa-de-dialogo-social-17-07-2024\/#primaryimage"},"thumbnailUrl":"https:\/\/dlvradio.es\/wp-content\/uploads\/2024\/07\/www.dlvradio.es-web-3-2.png","keywords":["gobierno espa\u00f1a","trabajo"],"articleSection":["Informativos"],"inLanguage":"en-US"},{"@type":"WebPage","@id":"https:\/\/dlvradio.es\/declaraciones-del-secretario-de-estado-de-trabajo-tras-mesa-de-dialogo-social-17-07-2024\/","url":"https:\/\/dlvradio.es\/declaraciones-del-secretario-de-estado-de-trabajo-tras-mesa-de-dialogo-social-17-07-2024\/","name":"Declaraciones del secretario de Estado de Trabajo tras Mesa de Di\u00e1logo Social 17.07.2024 - DLVRADIO","isPartOf":{"@id":"https:\/\/dlvradio.es\/#website"},"primaryImageOfPage":{"@id":"https:\/\/dlvradio.es\/declaraciones-del-secretario-de-estado-de-trabajo-tras-mesa-de-dialogo-social-17-07-2024\/#primaryimage"},"image":{"@id":"https:\/\/dlvradio.es\/declaraciones-del-secretario-de-estado-de-trabajo-tras-mesa-de-dialogo-social-17-07-2024\/#primaryimage"},"thumbnailUrl":"https:\/\/dlvradio.es\/wp-content\/uploads\/2024\/07\/www.dlvradio.es-web-3-2.png","datePublished":"2024-07-17T18:32:19+00:00","description":"\ufeff Os dejamos las declaraciones del secretario de Estado de Trabajo, Joaqu\u00edn P\u00e9rez Rey, que nos ofrece unas declaraciones tras la conclusi\u00f3n de la reuni\u00f3n","breadcrumb":{"@id":"https:\/\/dlvradio.es\/declaraciones-del-secretario-de-estado-de-trabajo-tras-mesa-de-dialogo-social-17-07-2024\/#breadcrumb"},"inLanguage":"en-US","potentialAction":[{"@type":"ReadAction","target":["https:\/\/dlvradio.es\/declaraciones-del-secretario-de-estado-de-trabajo-tras-mesa-de-dialogo-social-17-07-2024\/"]}]},{"@type":"ImageObject","inLanguage":"en-US","@id":"https:\/\/dlvradio.es\/declaraciones-del-secretario-de-estado-de-trabajo-tras-mesa-de-dialogo-social-17-07-2024\/#primaryimage","url":"https:\/\/dlvradio.es\/wp-content\/uploads\/2024\/07\/www.dlvradio.es-web-3-2.png","contentUrl":"https:\/\/dlvradio.es\/wp-content\/uploads\/2024\/07\/www.dlvradio.es-web-3-2.png","width":1500,"height":1500,"caption":"Declaraciones del secretario de Estado de Trabajo tras Mesa de Di\u00e1logo Social 17.07.2024"},{"@type":"BreadcrumbList","@id":"https:\/\/dlvradio.es\/declaraciones-del-secretario-de-estado-de-trabajo-tras-mesa-de-dialogo-social-17-07-2024\/#breadcrumb","itemListElement":[{"@type":"ListItem","position":1,"name":"Inicio","item":"https:\/\/dlvradio.es\/"},{"@type":"ListItem","position":2,"name":"Declaraciones del secretario de Estado de Trabajo tras Mesa de Di\u00e1logo Social 17.07.2024"}]},{"@type":"WebSite","@id":"https:\/\/dlvradio.es\/#website","url":"https:\/\/dlvradio.es\/","name":"DLVRADIO","description":"We are an alternative media to traditional media","publisher":{"@id":"https:\/\/dlvradio.es\/#organization"},"potentialAction":[{"@type":"SearchAction","target":{"@type":"EntryPoint","urlTemplate":"https:\/\/dlvradio.es\/?s={search_term_string}"},"query-input":{"@type":"PropertyValueSpecification","valueRequired":true,"valueName":"search_term_string"}}],"inLanguage":"en-US"},{"@type":"Organization","@id":"https:\/\/dlvradio.es\/#organization","name":"DLVRADIO","url":"https:\/\/dlvradio.es\/","logo":{"@type":"ImageObject","inLanguage":"en-US","@id":"https:\/\/dlvradio.es\/#\/schema\/logo\/image\/","url":"","contentUrl":"","caption":"DLVRADIO"},"image":{"@id":"https:\/\/dlvradio.es\/#\/schema\/logo\/image\/"},"sameAs":["https:\/\/www.facebook.com\/RadioDLVradio\/","https:\/\/x.com\/RadioDlvradio","https:\/\/www.instagram.com\/radiodlvradio\/"]},{"@type":"Person","@id":"https:\/\/dlvradio.es\/#\/schema\/person\/6ee60897fbb7fb4ad6634c73f4be87fa","name":"doominio","sameAs":["https:\/\/dlvradio.es"]}]}},"_links":{"self":[{"href":"https:\/\/dlvradio.es\/en\/wp-json\/wp\/v2\/posts\/73392","targetHints":{"allow":["GET"]}}],"collection":[{"href":"https:\/\/dlvradio.es\/en\/wp-json\/wp\/v2\/posts"}],"about":[{"href":"https:\/\/dlvradio.es\/en\/wp-json\/wp\/v2\/types\/post"}],"author":[{"embeddable":true,"href":"https:\/\/dlvradio.es\/en\/wp-json\/wp\/v2\/users\/1"}],"replies":[{"embeddable":true,"href":"https:\/\/dlvradio.es\/en\/wp-json\/wp\/v2\/comments?post=73392"}],"version-history":[{"count":2,"href":"https:\/\/dlvradio.es\/en\/wp-json\/wp\/v2\/posts\/73392\/revisions"}],"predecessor-version":[{"id":73396,"href":"https:\/\/dlvradio.es\/en\/wp-json\/wp\/v2\/posts\/73392\/revisions\/73396"}],"wp:featuredmedia":[{"embeddable":true,"href":"https:\/\/dlvradio.es\/en\/wp-json\/wp\/v2\/media\/73393"}],"wp:attachment":[{"href":"https:\/\/dlvradio.es\/en\/wp-json\/wp\/v2\/media?parent=73392"}],"wp:term":[{"taxonomy":"category","embeddable":true,"href":"https:\/\/dlvradio.es\/en\/wp-json\/wp\/v2\/categories?post=73392"},{"taxonomy":"post_tag","embeddable":true,"href":"https:\/\/dlvradio.es\/en\/wp-json\/wp\/v2\/tags?post=73392"}],"curies":[{"name":"wp","href":"https:\/\/api.w.org\/{rel}","templated":true}]}}