{"id":73551,"date":"2024-08-01T13:01:12","date_gmt":"2024-08-01T11:01:12","guid":{"rendered":"https:\/\/dlvradio.es\/?p=73551"},"modified":"2024-08-01T13:01:12","modified_gmt":"2024-08-01T11:01:12","slug":"la-apuesta-europea-por-los-biocombustibles-podria-seguir-provocando-la-deforestacion","status":"publish","type":"post","link":"https:\/\/dlvradio.es\/en\/la-apuesta-europea-por-los-biocombustibles-podria-seguir-provocando-la-deforestacion\/","title":{"rendered":"The European commitment to biofuels could continue to cause deforestation"},"content":{"rendered":"<h4><strong>La apuesta europea y espa\u00f1ola por los biocombustibles podr\u00eda seguir provocando la deforestaci\u00f3n de la Amazon\u00eda y otras selvas tropicales<\/strong><\/h4>\n<ul>\n<li><em>Ecologistas en Acci\u00f3n lamenta que la soja no haya sido eliminada junto al aceite de palma por la orden ministerial, recientemente publicada, que regula los biocombustibles.<\/em><\/li>\n<li><em>Aunque la orden s\u00ed limitar\u00eda su uso, se podr\u00eda estar permitiendo la entrada de aceite de soja para producir biodi\u00e9sel a sabiendas de los impactos de estos cultivos en la deforestaci\u00f3n, los derechos humanos y la inseguridad alimentaria. Impactos que s\u00ed est\u00e1n recogidos en la Directiva Europea contra la deforestaci\u00f3n (EUDR).<\/em><\/li>\n<li><em>Para la organizaci\u00f3n ecologista, es una buena noticia que la norma adelante la eliminaci\u00f3n del biodi\u00e9sel de aceite de palma a 2025 (la Comisi\u00f3n Europea orden\u00f3 su eliminaci\u00f3n gradual para 2030). Pero el Gobierno espa\u00f1ol ha perdido una gran oportunidad para proteger la biodiversidad al no eliminar tambi\u00e9n la soja, como ya han hecho otros pa\u00edses como B\u00e9lgica y Francia.<\/em><\/li>\n<\/ul>\n<p>El pasado 16 de julio se public\u00f3 la Orden TED\/728\/2024, por la que se desarrolla el mecanismo de fomento de biocarburantes y otros combustibles renovables con fines de transporte. En ella, el aceite de palma y sus derivados no podr\u00e1n transformarse en biodi\u00e9sel a partir de 2025. Una prohibici\u00f3n que ya recogi\u00f3 la Directiva Europea de Energ\u00edas Renovables ordenando su eliminaci\u00f3n gradual para 2030.<\/p>\n<p>Para Ecologistas en Acci\u00f3n, se trata de una buena noticia que el Gobierno espa\u00f1ol haya decidido adelantar su eliminaci\u00f3n cinco a\u00f1os, reconociendo los graves impactos de la trampa de considerar como renovables a los agrocombustibles mal llamados \u201cbio\u201d. Sin embargo, se ha perdido la oportunidad de frenar la deforestaci\u00f3n al no incluir tambi\u00e9n la eliminaci\u00f3n de la soja.<\/p>\n<p>En un estudio encargado por la propia Comisi\u00f3n Europea, se demostr\u00f3 que los biocombustibles producidos a base de aceite de palma y de soja generan tres y dos veces m\u00e1s emisiones de gases de efecto invernadero que el di\u00e9sel f\u00f3sil, respectivamente. Por este motivo, en 2019 se catalog\u00f3 el aceite de palma como materia prima de alto riesgo de cambio indirecto del uso de la tierra (ILUC por sus siglas en ingl\u00e9s) y la Comisi\u00f3n aprob\u00f3 su eliminaci\u00f3n. Sin embargo, la soja se qued\u00f3 fuera y, por este motivo, la orden ministerial tampoco elimina la soja en 2025 junto a la palma.<\/p>\n<p><strong>Una oportunidad perdida de prevenir la deforestaci\u00f3n<\/strong><\/p>\n<p>La evidencia cient\u00edfica que relaciona los cultivos masivos de soja con la deforestaci\u00f3n de ecosistemas clave como la Amazon\u00eda o el Cerrado en Brasil es amplia. Tanto es as\u00ed, que el mismo Gobierno est\u00e1 trabajando en la aplicaci\u00f3n del Reglamento Europeo sobre deforestaci\u00f3n (EUDR), el cual proh\u00edbe expresamente la importaci\u00f3n de soja de partidas que no hayan sido certificadas como libres de deforestaci\u00f3n.<\/p>\n<p>Seg\u00fan Ecologistas en Acci\u00f3n, desgraciadamente, el EUDR es insuficiente: entre las materias incluidas en el texto se encuentran la mayor\u00eda de los derivados y productos de la soja, pero no todos, como es el caso del aceite y los biocombustibles. A su vez, el borrador de la actualizaci\u00f3n del Plan Nacional de Energ\u00eda y Clima (PNIEC) s\u00ed propone la eliminaci\u00f3n de la soja.<\/p>\n<p>Las importaciones de soja en Europa para producir biocombustibles aumentaron cinco veces de 2015 a 2022, seg\u00fan un estudio de Transport &amp; Environment. Pese a que el Parlamento Europeo, varios Estados miembros de la UE, organizaciones de la sociedad civil y la comunidad cient\u00edfica han manifestado claramente su oposici\u00f3n a los biocombustibles de soja, la Comisi\u00f3n Europea contin\u00faa sin revisar el Acto Delegado que podr\u00eda catalogarla como alto riesgo ILUC.<\/p>\n<p>Marta Orihuel, portavoz de Ecologistas en Acci\u00f3n, ha declarado: \u201cSon los Estados miembros quienes pueden y deben ponerle freno al biodi\u00e9sel de soja, como han hecho ya Francia y B\u00e9lgica. Es una l\u00e1stima que el Gobierno espa\u00f1ol no haya aprovechado la oportunidad para demostrar coherencia, corregir una laguna en la legislaci\u00f3n europea y, con ello, blindar la entrada de soja procedente de deforestaci\u00f3n\u201d.<\/p>\n<p>Silvia Fern\u00e1ndez, tambi\u00e9n portavoz de la organizaci\u00f3n ecologista, ha a\u00f1adido: \u201cEcologistas en Acci\u00f3n seguiremos reclamando, tanto a nivel estatal como europeo, que se proh\u00edba que el biodi\u00e9sel producido en Espa\u00f1a contenga ning\u00fan componente cuyo origen sea palma o soja. Hay que salvaguardar los bosques tropicales m\u00e1s biodiversos y contribuir as\u00ed a la seguridad alimentaria de las comunidades locales\u201d.<\/p>","protected":false},"excerpt":{"rendered":"<p>La apuesta europea y espa\u00f1ola por los biocombustibles podr\u00eda seguir provocando la deforestaci\u00f3n de la Amazon\u00eda y otras selvas tropicales Ecologistas en Acci\u00f3n lamenta que la soja no haya sido eliminada junto al aceite de palma por la orden ministerial, recientemente publicada, que regula los biocombustibles. Aunque la orden s\u00ed limitar\u00eda su uso, se podr\u00eda [&hellip;]<\/p>\n","protected":false},"author":1,"featured_media":73552,"comment_status":"closed","ping_status":"closed","sticky":false,"template":"","format":"standard","meta":{"_acf_changed":false,"footnotes":""},"categories":[2711],"tags":[2478,2608],"class_list":["post-73551","post","type-post","status-publish","format-standard","has-post-thumbnail","hentry","category-emergencia-climatica","tag-ecologia","tag-union-europea"],"acf":[],"yoast_head":"<!-- This site is optimized with the Yoast SEO plugin v27.4 - https:\/\/yoast.com\/product\/yoast-seo-wordpress\/ -->\n<title>La apuesta europea por los biocombustibles podr\u00eda seguir provocando la deforestaci\u00f3n - DLVRADIO<\/title>\n<meta name=\"description\" content=\"La apuesta europea y espa\u00f1ola por los biocombustibles podr\u00eda seguir provocando la deforestaci\u00f3n de la Amazon\u00eda y otras selvas tropicales Ecologistas en\" \/>\n<meta name=\"robots\" content=\"index, follow, max-snippet:-1, max-image-preview:large, max-video-preview:-1\" \/>\n<link rel=\"canonical\" href=\"https:\/\/dlvradio.es\/en\/la-apuesta-europea-por-los-biocombustibles-podria-seguir-provocando-la-deforestacion\/\" \/>\n<meta property=\"og:locale\" content=\"en_US\" \/>\n<meta property=\"og:type\" content=\"article\" \/>\n<meta property=\"og:title\" content=\"La apuesta europea por los biocombustibles podr\u00eda seguir provocando la deforestaci\u00f3n - DLVRADIO\" \/>\n<meta property=\"og:description\" content=\"La apuesta europea y espa\u00f1ola por los biocombustibles podr\u00eda seguir provocando la deforestaci\u00f3n de la Amazon\u00eda y otras selvas tropicales Ecologistas en\" \/>\n<meta property=\"og:url\" content=\"https:\/\/dlvradio.es\/en\/la-apuesta-europea-por-los-biocombustibles-podria-seguir-provocando-la-deforestacion\/\" \/>\n<meta property=\"og:site_name\" content=\"DLVRADIO\" \/>\n<meta property=\"article:publisher\" content=\"https:\/\/www.facebook.com\/RadioDLVradio\/\" \/>\n<meta property=\"article:published_time\" content=\"2024-08-01T11:01:12+00:00\" \/>\n<meta property=\"og:image\" content=\"https:\/\/dlvradio.es\/wp-content\/uploads\/2024\/08\/DLVRADIO.ES-6-768x768.png\" \/>\n\t<meta property=\"og:image:width\" content=\"768\" \/>\n\t<meta property=\"og:image:height\" content=\"768\" \/>\n\t<meta property=\"og:image:type\" content=\"image\/png\" \/>\n<meta name=\"author\" content=\"doominio\" \/>\n<meta name=\"twitter:card\" content=\"summary_large_image\" \/>\n<meta name=\"twitter:creator\" content=\"@RadioDlvradio\" \/>\n<meta name=\"twitter:site\" content=\"@RadioDlvradio\" \/>\n<script type=\"application\/ld+json\" class=\"yoast-schema-graph\">{\"@context\":\"https:\\\/\\\/schema.org\",\"@graph\":[{\"@type\":\"Article\",\"@id\":\"https:\\\/\\\/dlvradio.es\\\/la-apuesta-europea-por-los-biocombustibles-podria-seguir-provocando-la-deforestacion\\\/#article\",\"isPartOf\":{\"@id\":\"https:\\\/\\\/dlvradio.es\\\/la-apuesta-europea-por-los-biocombustibles-podria-seguir-provocando-la-deforestacion\\\/\"},\"author\":{\"name\":\"doominio\",\"@id\":\"https:\\\/\\\/dlvradio.es\\\/#\\\/schema\\\/person\\\/6ee60897fbb7fb4ad6634c73f4be87fa\"},\"headline\":\"La apuesta europea por los biocombustibles podr\u00eda seguir provocando la deforestaci\u00f3n\",\"datePublished\":\"2024-08-01T11:01:12+00:00\",\"mainEntityOfPage\":{\"@id\":\"https:\\\/\\\/dlvradio.es\\\/la-apuesta-europea-por-los-biocombustibles-podria-seguir-provocando-la-deforestacion\\\/\"},\"wordCount\":786,\"publisher\":{\"@id\":\"https:\\\/\\\/dlvradio.es\\\/#organization\"},\"image\":{\"@id\":\"https:\\\/\\\/dlvradio.es\\\/la-apuesta-europea-por-los-biocombustibles-podria-seguir-provocando-la-deforestacion\\\/#primaryimage\"},\"thumbnailUrl\":\"https:\\\/\\\/dlvradio.es\\\/wp-content\\\/uploads\\\/2024\\\/08\\\/DLVRADIO.ES-6.png\",\"keywords\":[\"ecolog\u00eda\",\"uni\u00f3n europea\"],\"articleSection\":[\"Emergencia clim\u00e1tica\"],\"inLanguage\":\"en-US\"},{\"@type\":\"WebPage\",\"@id\":\"https:\\\/\\\/dlvradio.es\\\/la-apuesta-europea-por-los-biocombustibles-podria-seguir-provocando-la-deforestacion\\\/\",\"url\":\"https:\\\/\\\/dlvradio.es\\\/la-apuesta-europea-por-los-biocombustibles-podria-seguir-provocando-la-deforestacion\\\/\",\"name\":\"La apuesta europea por los biocombustibles podr\u00eda seguir provocando la deforestaci\u00f3n - DLVRADIO\",\"isPartOf\":{\"@id\":\"https:\\\/\\\/dlvradio.es\\\/#website\"},\"primaryImageOfPage\":{\"@id\":\"https:\\\/\\\/dlvradio.es\\\/la-apuesta-europea-por-los-biocombustibles-podria-seguir-provocando-la-deforestacion\\\/#primaryimage\"},\"image\":{\"@id\":\"https:\\\/\\\/dlvradio.es\\\/la-apuesta-europea-por-los-biocombustibles-podria-seguir-provocando-la-deforestacion\\\/#primaryimage\"},\"thumbnailUrl\":\"https:\\\/\\\/dlvradio.es\\\/wp-content\\\/uploads\\\/2024\\\/08\\\/DLVRADIO.ES-6.png\",\"datePublished\":\"2024-08-01T11:01:12+00:00\",\"description\":\"La apuesta europea y espa\u00f1ola por los biocombustibles podr\u00eda seguir provocando la deforestaci\u00f3n de la Amazon\u00eda y otras selvas tropicales Ecologistas en\",\"breadcrumb\":{\"@id\":\"https:\\\/\\\/dlvradio.es\\\/la-apuesta-europea-por-los-biocombustibles-podria-seguir-provocando-la-deforestacion\\\/#breadcrumb\"},\"inLanguage\":\"en-US\",\"potentialAction\":[{\"@type\":\"ReadAction\",\"target\":[\"https:\\\/\\\/dlvradio.es\\\/la-apuesta-europea-por-los-biocombustibles-podria-seguir-provocando-la-deforestacion\\\/\"]}]},{\"@type\":\"ImageObject\",\"inLanguage\":\"en-US\",\"@id\":\"https:\\\/\\\/dlvradio.es\\\/la-apuesta-europea-por-los-biocombustibles-podria-seguir-provocando-la-deforestacion\\\/#primaryimage\",\"url\":\"https:\\\/\\\/dlvradio.es\\\/wp-content\\\/uploads\\\/2024\\\/08\\\/DLVRADIO.ES-6.png\",\"contentUrl\":\"https:\\\/\\\/dlvradio.es\\\/wp-content\\\/uploads\\\/2024\\\/08\\\/DLVRADIO.ES-6.png\",\"width\":1500,\"height\":1500,\"caption\":\"La apuesta europea por los biocombustibles podr\u00eda seguir provocando la deforestaci\u00f3n\"},{\"@type\":\"BreadcrumbList\",\"@id\":\"https:\\\/\\\/dlvradio.es\\\/la-apuesta-europea-por-los-biocombustibles-podria-seguir-provocando-la-deforestacion\\\/#breadcrumb\",\"itemListElement\":[{\"@type\":\"ListItem\",\"position\":1,\"name\":\"Inicio\",\"item\":\"https:\\\/\\\/dlvradio.es\\\/\"},{\"@type\":\"ListItem\",\"position\":2,\"name\":\"La apuesta europea por los biocombustibles podr\u00eda seguir provocando la deforestaci\u00f3n\"}]},{\"@type\":\"WebSite\",\"@id\":\"https:\\\/\\\/dlvradio.es\\\/#website\",\"url\":\"https:\\\/\\\/dlvradio.es\\\/\",\"name\":\"DLVRADIO\",\"description\":\"Somos un medio de comunicaci\u00f3n alternativo a los medios tradicionales\",\"publisher\":{\"@id\":\"https:\\\/\\\/dlvradio.es\\\/#organization\"},\"potentialAction\":[{\"@type\":\"SearchAction\",\"target\":{\"@type\":\"EntryPoint\",\"urlTemplate\":\"https:\\\/\\\/dlvradio.es\\\/?s={search_term_string}\"},\"query-input\":{\"@type\":\"PropertyValueSpecification\",\"valueRequired\":true,\"valueName\":\"search_term_string\"}}],\"inLanguage\":\"en-US\"},{\"@type\":\"Organization\",\"@id\":\"https:\\\/\\\/dlvradio.es\\\/#organization\",\"name\":\"DLVRADIO\",\"url\":\"https:\\\/\\\/dlvradio.es\\\/\",\"logo\":{\"@type\":\"ImageObject\",\"inLanguage\":\"en-US\",\"@id\":\"https:\\\/\\\/dlvradio.es\\\/#\\\/schema\\\/logo\\\/image\\\/\",\"url\":\"\",\"contentUrl\":\"\",\"caption\":\"DLVRADIO\"},\"image\":{\"@id\":\"https:\\\/\\\/dlvradio.es\\\/#\\\/schema\\\/logo\\\/image\\\/\"},\"sameAs\":[\"https:\\\/\\\/www.facebook.com\\\/RadioDLVradio\\\/\",\"https:\\\/\\\/x.com\\\/RadioDlvradio\",\"https:\\\/\\\/www.instagram.com\\\/radiodlvradio\\\/\"]},{\"@type\":\"Person\",\"@id\":\"https:\\\/\\\/dlvradio.es\\\/#\\\/schema\\\/person\\\/6ee60897fbb7fb4ad6634c73f4be87fa\",\"name\":\"doominio\",\"sameAs\":[\"https:\\\/\\\/dlvradio.es\"]}]}<\/script>\n<!-- \/ Yoast SEO plugin. -->","yoast_head_json":{"title":"La apuesta europea por los biocombustibles podr\u00eda seguir provocando la deforestaci\u00f3n - DLVRADIO","description":"La apuesta europea y espa\u00f1ola por los biocombustibles podr\u00eda seguir provocando la deforestaci\u00f3n de la Amazon\u00eda y otras selvas tropicales Ecologistas en","robots":{"index":"index","follow":"follow","max-snippet":"max-snippet:-1","max-image-preview":"max-image-preview:large","max-video-preview":"max-video-preview:-1"},"canonical":"https:\/\/dlvradio.es\/en\/la-apuesta-europea-por-los-biocombustibles-podria-seguir-provocando-la-deforestacion\/","og_locale":"en_US","og_type":"article","og_title":"La apuesta europea por los biocombustibles podr\u00eda seguir provocando la deforestaci\u00f3n - DLVRADIO","og_description":"La apuesta europea y espa\u00f1ola por los biocombustibles podr\u00eda seguir provocando la deforestaci\u00f3n de la Amazon\u00eda y otras selvas tropicales Ecologistas en","og_url":"https:\/\/dlvradio.es\/en\/la-apuesta-europea-por-los-biocombustibles-podria-seguir-provocando-la-deforestacion\/","og_site_name":"DLVRADIO","article_publisher":"https:\/\/www.facebook.com\/RadioDLVradio\/","article_published_time":"2024-08-01T11:01:12+00:00","og_image":[{"width":768,"height":768,"url":"https:\/\/dlvradio.es\/wp-content\/uploads\/2024\/08\/DLVRADIO.ES-6-768x768.png","type":"image\/png"}],"author":"doominio","twitter_card":"summary_large_image","twitter_creator":"@RadioDlvradio","twitter_site":"@RadioDlvradio","schema":{"@context":"https:\/\/schema.org","@graph":[{"@type":"Article","@id":"https:\/\/dlvradio.es\/la-apuesta-europea-por-los-biocombustibles-podria-seguir-provocando-la-deforestacion\/#article","isPartOf":{"@id":"https:\/\/dlvradio.es\/la-apuesta-europea-por-los-biocombustibles-podria-seguir-provocando-la-deforestacion\/"},"author":{"name":"doominio","@id":"https:\/\/dlvradio.es\/#\/schema\/person\/6ee60897fbb7fb4ad6634c73f4be87fa"},"headline":"La apuesta europea por los biocombustibles podr\u00eda seguir provocando la deforestaci\u00f3n","datePublished":"2024-08-01T11:01:12+00:00","mainEntityOfPage":{"@id":"https:\/\/dlvradio.es\/la-apuesta-europea-por-los-biocombustibles-podria-seguir-provocando-la-deforestacion\/"},"wordCount":786,"publisher":{"@id":"https:\/\/dlvradio.es\/#organization"},"image":{"@id":"https:\/\/dlvradio.es\/la-apuesta-europea-por-los-biocombustibles-podria-seguir-provocando-la-deforestacion\/#primaryimage"},"thumbnailUrl":"https:\/\/dlvradio.es\/wp-content\/uploads\/2024\/08\/DLVRADIO.ES-6.png","keywords":["ecolog\u00eda","uni\u00f3n europea"],"articleSection":["Emergencia clim\u00e1tica"],"inLanguage":"en-US"},{"@type":"WebPage","@id":"https:\/\/dlvradio.es\/la-apuesta-europea-por-los-biocombustibles-podria-seguir-provocando-la-deforestacion\/","url":"https:\/\/dlvradio.es\/la-apuesta-europea-por-los-biocombustibles-podria-seguir-provocando-la-deforestacion\/","name":"La apuesta europea por los biocombustibles podr\u00eda seguir provocando la deforestaci\u00f3n - DLVRADIO","isPartOf":{"@id":"https:\/\/dlvradio.es\/#website"},"primaryImageOfPage":{"@id":"https:\/\/dlvradio.es\/la-apuesta-europea-por-los-biocombustibles-podria-seguir-provocando-la-deforestacion\/#primaryimage"},"image":{"@id":"https:\/\/dlvradio.es\/la-apuesta-europea-por-los-biocombustibles-podria-seguir-provocando-la-deforestacion\/#primaryimage"},"thumbnailUrl":"https:\/\/dlvradio.es\/wp-content\/uploads\/2024\/08\/DLVRADIO.ES-6.png","datePublished":"2024-08-01T11:01:12+00:00","description":"La apuesta europea y espa\u00f1ola por los biocombustibles podr\u00eda seguir provocando la deforestaci\u00f3n de la Amazon\u00eda y otras selvas tropicales Ecologistas en","breadcrumb":{"@id":"https:\/\/dlvradio.es\/la-apuesta-europea-por-los-biocombustibles-podria-seguir-provocando-la-deforestacion\/#breadcrumb"},"inLanguage":"en-US","potentialAction":[{"@type":"ReadAction","target":["https:\/\/dlvradio.es\/la-apuesta-europea-por-los-biocombustibles-podria-seguir-provocando-la-deforestacion\/"]}]},{"@type":"ImageObject","inLanguage":"en-US","@id":"https:\/\/dlvradio.es\/la-apuesta-europea-por-los-biocombustibles-podria-seguir-provocando-la-deforestacion\/#primaryimage","url":"https:\/\/dlvradio.es\/wp-content\/uploads\/2024\/08\/DLVRADIO.ES-6.png","contentUrl":"https:\/\/dlvradio.es\/wp-content\/uploads\/2024\/08\/DLVRADIO.ES-6.png","width":1500,"height":1500,"caption":"La apuesta europea por los biocombustibles podr\u00eda seguir provocando la deforestaci\u00f3n"},{"@type":"BreadcrumbList","@id":"https:\/\/dlvradio.es\/la-apuesta-europea-por-los-biocombustibles-podria-seguir-provocando-la-deforestacion\/#breadcrumb","itemListElement":[{"@type":"ListItem","position":1,"name":"Inicio","item":"https:\/\/dlvradio.es\/"},{"@type":"ListItem","position":2,"name":"La apuesta europea por los biocombustibles podr\u00eda seguir provocando la deforestaci\u00f3n"}]},{"@type":"WebSite","@id":"https:\/\/dlvradio.es\/#website","url":"https:\/\/dlvradio.es\/","name":"DLVRADIO","description":"We are an alternative media to traditional media","publisher":{"@id":"https:\/\/dlvradio.es\/#organization"},"potentialAction":[{"@type":"SearchAction","target":{"@type":"EntryPoint","urlTemplate":"https:\/\/dlvradio.es\/?s={search_term_string}"},"query-input":{"@type":"PropertyValueSpecification","valueRequired":true,"valueName":"search_term_string"}}],"inLanguage":"en-US"},{"@type":"Organization","@id":"https:\/\/dlvradio.es\/#organization","name":"DLVRADIO","url":"https:\/\/dlvradio.es\/","logo":{"@type":"ImageObject","inLanguage":"en-US","@id":"https:\/\/dlvradio.es\/#\/schema\/logo\/image\/","url":"","contentUrl":"","caption":"DLVRADIO"},"image":{"@id":"https:\/\/dlvradio.es\/#\/schema\/logo\/image\/"},"sameAs":["https:\/\/www.facebook.com\/RadioDLVradio\/","https:\/\/x.com\/RadioDlvradio","https:\/\/www.instagram.com\/radiodlvradio\/"]},{"@type":"Person","@id":"https:\/\/dlvradio.es\/#\/schema\/person\/6ee60897fbb7fb4ad6634c73f4be87fa","name":"doominio","sameAs":["https:\/\/dlvradio.es"]}]}},"_links":{"self":[{"href":"https:\/\/dlvradio.es\/en\/wp-json\/wp\/v2\/posts\/73551","targetHints":{"allow":["GET"]}}],"collection":[{"href":"https:\/\/dlvradio.es\/en\/wp-json\/wp\/v2\/posts"}],"about":[{"href":"https:\/\/dlvradio.es\/en\/wp-json\/wp\/v2\/types\/post"}],"author":[{"embeddable":true,"href":"https:\/\/dlvradio.es\/en\/wp-json\/wp\/v2\/users\/1"}],"replies":[{"embeddable":true,"href":"https:\/\/dlvradio.es\/en\/wp-json\/wp\/v2\/comments?post=73551"}],"version-history":[{"count":1,"href":"https:\/\/dlvradio.es\/en\/wp-json\/wp\/v2\/posts\/73551\/revisions"}],"predecessor-version":[{"id":73553,"href":"https:\/\/dlvradio.es\/en\/wp-json\/wp\/v2\/posts\/73551\/revisions\/73553"}],"wp:featuredmedia":[{"embeddable":true,"href":"https:\/\/dlvradio.es\/en\/wp-json\/wp\/v2\/media\/73552"}],"wp:attachment":[{"href":"https:\/\/dlvradio.es\/en\/wp-json\/wp\/v2\/media?parent=73551"}],"wp:term":[{"taxonomy":"category","embeddable":true,"href":"https:\/\/dlvradio.es\/en\/wp-json\/wp\/v2\/categories?post=73551"},{"taxonomy":"post_tag","embeddable":true,"href":"https:\/\/dlvradio.es\/en\/wp-json\/wp\/v2\/tags?post=73551"}],"curies":[{"name":"wp","href":"https:\/\/api.w.org\/{rel}","templated":true}]}}