{"id":73556,"date":"2024-08-02T12:37:49","date_gmt":"2024-08-02T10:37:49","guid":{"rendered":"https:\/\/dlvradio.es\/?p=73556"},"modified":"2024-08-02T12:37:49","modified_gmt":"2024-08-02T10:37:49","slug":"la-policia-nacional-detiene-a-una-ciudadana-ecuatoriana-buscada-internacionalmente","status":"publish","type":"post","link":"https:\/\/dlvradio.es\/en\/la-policia-nacional-detiene-a-una-ciudadana-ecuatoriana-buscada-internacionalmente\/","title":{"rendered":"The National Police detains an internationally wanted Ecuadorian citizen"},"content":{"rendered":"<h4><strong>The National Police detains an internationally wanted Ecuadorian citizen<\/strong><\/h4>\n<ul>\n<li><em>La detenida pertenec\u00eda a las autoridades fiscales de Ecuador y estar\u00eda reclamada por formar parte de una organizaci\u00f3n criminal dedicada a infiltrar a sus miembros en el sistema judicial de Guayas, Ecuador<\/em><\/li>\n<li><em>Seg\u00fan el Grupo II de la OCN Interpol, utilizaba su posici\u00f3n dentro de la Administraci\u00f3n de Justicia para obtener sentencias favorables para los miembros de la organizaci\u00f3n.<\/em><\/li>\n<\/ul>\n<p>La fiscal\u00eda de Ecuador investiga un delito de delincuencia organizada en el interior de la Corte Provincial de Justicia del Guayas en la que est\u00e1n procesadas m\u00faltiples personas, entre ellas, quien lideraba la organizaci\u00f3n, la directora provincial de Control Disciplinario del Consejo de la Judicatura en Guayas. Esta mujer ha sido detenida en la ciudad catalana de Lleida al tener vigente una orden de extradici\u00f3n de su pa\u00eds como consecuencia de la aplicaci\u00f3n de los instrumentos de cooperaci\u00f3n internacional.<\/p>\n<p>La funci\u00f3n de la detenida era infiltrar a miembros de la \u201cestructura criminal\u201d en el sistema de justicia en Guayas (Ecuador) para obtener sentencias favorables a los l\u00edderes de esa organizaci\u00f3n y que fueran inmunes a sanciones administrativas garantiz\u00e1ndose as\u00ed el control de la funci\u00f3n judicial en esa provincia.<\/p>\n<p>Esos movimientos administrativos buscaban garantizar las resoluciones judiciales a favor de los intereses de la \u201cestructura criminal\u201d y que se archivaran los sumarios administrativos. Cuando la investigaci\u00f3n policial identific\u00f3 a todos los miembros de la organizaci\u00f3n fueron todos detenidos, sin embargo, la ahora detenida en Espa\u00f1a escap\u00f3 de su pa\u00eds antes de que fuera interceptada por las autoridades de Ecuador.<\/p>\n<p>Una vez recibida la comunicaci\u00f3n del grupo II de la OCN Interpol de que la detenida pudiera encontrarse en la ciudad de Lleida, los agentes iniciaron una investigaci\u00f3n con el fin de localizarla y su posterior detenci\u00f3n.<\/p>\n<p>A trav\u00e9s de vigilancias e indagaciones se pudo determinar que la detenida pretend\u00eda formalizar una \u201cpareja de hecho\u201d con un espa\u00f1ol. Finalmente se estableci\u00f3 un dispositivo policial a su alrededor culminando con la detenci\u00f3n el pasado d\u00eda 30 de julio.<\/p>\n<p>La mujer de 55 a\u00f1os fue detenida por agentes de la Comisaria Provincial de Lleida en colaboraci\u00f3n con el grupo II de la OCN Interpol y fue puesta a disposici\u00f3n del Juzgado Central de Instrucci\u00f3n n\u00famero UNO de los de la Audiencia Nacional.<\/p>","protected":false},"excerpt":{"rendered":"<p>La Polic\u00eda Nacional detiene a una ciudadana ecuatoriana buscada internacionalmente La detenida pertenec\u00eda a las autoridades fiscales de Ecuador y estar\u00eda reclamada por formar parte de una organizaci\u00f3n criminal dedicada a infiltrar a sus miembros en el sistema judicial de Guayas, Ecuador Seg\u00fan el Grupo II de la OCN Interpol, utilizaba su posici\u00f3n dentro de [&hellip;]<\/p>\n","protected":false},"author":1,"featured_media":73557,"comment_status":"closed","ping_status":"closed","sticky":false,"template":"","format":"standard","meta":{"_acf_changed":false,"footnotes":""},"categories":[2772],"tags":[2774,2613],"class_list":["post-73556","post","type-post","status-publish","format-standard","has-post-thumbnail","hentry","category-sucesos","tag-policia","tag-sucesos"],"acf":[],"yoast_head":"<!-- This site is optimized with the Yoast SEO plugin v27.4 - https:\/\/yoast.com\/product\/yoast-seo-wordpress\/ -->\n<title>La Polic\u00eda Nacional detiene a una ciudadana ecuatoriana buscada internacionalmente - DLVRADIO<\/title>\n<meta name=\"description\" content=\"La Polic\u00eda Nacional detiene a una ciudadana ecuatoriana buscada internacionalmente La detenida pertenec\u00eda a las autoridades fiscales de Ecuador y estar\u00eda\" \/>\n<meta name=\"robots\" content=\"index, follow, max-snippet:-1, max-image-preview:large, max-video-preview:-1\" \/>\n<link rel=\"canonical\" href=\"https:\/\/dlvradio.es\/en\/la-policia-nacional-detiene-a-una-ciudadana-ecuatoriana-buscada-internacionalmente\/\" \/>\n<meta property=\"og:locale\" content=\"en_US\" \/>\n<meta property=\"og:type\" content=\"article\" \/>\n<meta property=\"og:title\" content=\"La Polic\u00eda Nacional detiene a una ciudadana ecuatoriana buscada internacionalmente - DLVRADIO\" \/>\n<meta property=\"og:description\" content=\"La Polic\u00eda Nacional detiene a una ciudadana ecuatoriana buscada internacionalmente La detenida pertenec\u00eda a las autoridades fiscales de Ecuador y estar\u00eda\" \/>\n<meta property=\"og:url\" content=\"https:\/\/dlvradio.es\/en\/la-policia-nacional-detiene-a-una-ciudadana-ecuatoriana-buscada-internacionalmente\/\" \/>\n<meta property=\"og:site_name\" content=\"DLVRADIO\" \/>\n<meta property=\"article:publisher\" content=\"https:\/\/www.facebook.com\/RadioDLVradio\/\" \/>\n<meta property=\"article:published_time\" content=\"2024-08-02T10:37:49+00:00\" \/>\n<meta property=\"og:image\" content=\"https:\/\/dlvradio.es\/wp-content\/uploads\/2024\/08\/DLVRADIO.ES-7-1024x1024.png\" \/>\n\t<meta property=\"og:image:width\" content=\"1024\" \/>\n\t<meta property=\"og:image:height\" content=\"1024\" \/>\n\t<meta property=\"og:image:type\" content=\"image\/png\" \/>\n<meta name=\"author\" content=\"doominio\" \/>\n<meta name=\"twitter:card\" content=\"summary_large_image\" \/>\n<meta name=\"twitter:creator\" content=\"@RadioDlvradio\" \/>\n<meta name=\"twitter:site\" content=\"@RadioDlvradio\" \/>\n<script type=\"application\/ld+json\" class=\"yoast-schema-graph\">{\"@context\":\"https:\\\/\\\/schema.org\",\"@graph\":[{\"@type\":\"Article\",\"@id\":\"https:\\\/\\\/dlvradio.es\\\/la-policia-nacional-detiene-a-una-ciudadana-ecuatoriana-buscada-internacionalmente\\\/#article\",\"isPartOf\":{\"@id\":\"https:\\\/\\\/dlvradio.es\\\/la-policia-nacional-detiene-a-una-ciudadana-ecuatoriana-buscada-internacionalmente\\\/\"},\"author\":{\"name\":\"doominio\",\"@id\":\"https:\\\/\\\/dlvradio.es\\\/#\\\/schema\\\/person\\\/6ee60897fbb7fb4ad6634c73f4be87fa\"},\"headline\":\"La Polic\u00eda Nacional detiene a una ciudadana ecuatoriana buscada internacionalmente\",\"datePublished\":\"2024-08-02T10:37:49+00:00\",\"mainEntityOfPage\":{\"@id\":\"https:\\\/\\\/dlvradio.es\\\/la-policia-nacional-detiene-a-una-ciudadana-ecuatoriana-buscada-internacionalmente\\\/\"},\"wordCount\":424,\"publisher\":{\"@id\":\"https:\\\/\\\/dlvradio.es\\\/#organization\"},\"image\":{\"@id\":\"https:\\\/\\\/dlvradio.es\\\/la-policia-nacional-detiene-a-una-ciudadana-ecuatoriana-buscada-internacionalmente\\\/#primaryimage\"},\"thumbnailUrl\":\"https:\\\/\\\/dlvradio.es\\\/wp-content\\\/uploads\\\/2024\\\/08\\\/DLVRADIO.ES-7.png\",\"keywords\":[\"polic\u00eda\",\"sucesos\"],\"articleSection\":[\"Sucesos\"],\"inLanguage\":\"en-US\"},{\"@type\":\"WebPage\",\"@id\":\"https:\\\/\\\/dlvradio.es\\\/la-policia-nacional-detiene-a-una-ciudadana-ecuatoriana-buscada-internacionalmente\\\/\",\"url\":\"https:\\\/\\\/dlvradio.es\\\/la-policia-nacional-detiene-a-una-ciudadana-ecuatoriana-buscada-internacionalmente\\\/\",\"name\":\"La Polic\u00eda Nacional detiene a una ciudadana ecuatoriana buscada internacionalmente - DLVRADIO\",\"isPartOf\":{\"@id\":\"https:\\\/\\\/dlvradio.es\\\/#website\"},\"primaryImageOfPage\":{\"@id\":\"https:\\\/\\\/dlvradio.es\\\/la-policia-nacional-detiene-a-una-ciudadana-ecuatoriana-buscada-internacionalmente\\\/#primaryimage\"},\"image\":{\"@id\":\"https:\\\/\\\/dlvradio.es\\\/la-policia-nacional-detiene-a-una-ciudadana-ecuatoriana-buscada-internacionalmente\\\/#primaryimage\"},\"thumbnailUrl\":\"https:\\\/\\\/dlvradio.es\\\/wp-content\\\/uploads\\\/2024\\\/08\\\/DLVRADIO.ES-7.png\",\"datePublished\":\"2024-08-02T10:37:49+00:00\",\"description\":\"La Polic\u00eda Nacional detiene a una ciudadana ecuatoriana buscada internacionalmente La detenida pertenec\u00eda a las autoridades fiscales de Ecuador y estar\u00eda\",\"breadcrumb\":{\"@id\":\"https:\\\/\\\/dlvradio.es\\\/la-policia-nacional-detiene-a-una-ciudadana-ecuatoriana-buscada-internacionalmente\\\/#breadcrumb\"},\"inLanguage\":\"en-US\",\"potentialAction\":[{\"@type\":\"ReadAction\",\"target\":[\"https:\\\/\\\/dlvradio.es\\\/la-policia-nacional-detiene-a-una-ciudadana-ecuatoriana-buscada-internacionalmente\\\/\"]}]},{\"@type\":\"ImageObject\",\"inLanguage\":\"en-US\",\"@id\":\"https:\\\/\\\/dlvradio.es\\\/la-policia-nacional-detiene-a-una-ciudadana-ecuatoriana-buscada-internacionalmente\\\/#primaryimage\",\"url\":\"https:\\\/\\\/dlvradio.es\\\/wp-content\\\/uploads\\\/2024\\\/08\\\/DLVRADIO.ES-7.png\",\"contentUrl\":\"https:\\\/\\\/dlvradio.es\\\/wp-content\\\/uploads\\\/2024\\\/08\\\/DLVRADIO.ES-7.png\",\"width\":1500,\"height\":1500,\"caption\":\"La Polic\u00eda Nacional detiene a una ciudadana ecuatoriana buscada internacionalmente\"},{\"@type\":\"BreadcrumbList\",\"@id\":\"https:\\\/\\\/dlvradio.es\\\/la-policia-nacional-detiene-a-una-ciudadana-ecuatoriana-buscada-internacionalmente\\\/#breadcrumb\",\"itemListElement\":[{\"@type\":\"ListItem\",\"position\":1,\"name\":\"Inicio\",\"item\":\"https:\\\/\\\/dlvradio.es\\\/\"},{\"@type\":\"ListItem\",\"position\":2,\"name\":\"La Polic\u00eda Nacional detiene a una ciudadana ecuatoriana buscada internacionalmente\"}]},{\"@type\":\"WebSite\",\"@id\":\"https:\\\/\\\/dlvradio.es\\\/#website\",\"url\":\"https:\\\/\\\/dlvradio.es\\\/\",\"name\":\"DLVRADIO\",\"description\":\"Somos un medio de comunicaci\u00f3n alternativo a los medios tradicionales\",\"publisher\":{\"@id\":\"https:\\\/\\\/dlvradio.es\\\/#organization\"},\"potentialAction\":[{\"@type\":\"SearchAction\",\"target\":{\"@type\":\"EntryPoint\",\"urlTemplate\":\"https:\\\/\\\/dlvradio.es\\\/?s={search_term_string}\"},\"query-input\":{\"@type\":\"PropertyValueSpecification\",\"valueRequired\":true,\"valueName\":\"search_term_string\"}}],\"inLanguage\":\"en-US\"},{\"@type\":\"Organization\",\"@id\":\"https:\\\/\\\/dlvradio.es\\\/#organization\",\"name\":\"DLVRADIO\",\"url\":\"https:\\\/\\\/dlvradio.es\\\/\",\"logo\":{\"@type\":\"ImageObject\",\"inLanguage\":\"en-US\",\"@id\":\"https:\\\/\\\/dlvradio.es\\\/#\\\/schema\\\/logo\\\/image\\\/\",\"url\":\"\",\"contentUrl\":\"\",\"caption\":\"DLVRADIO\"},\"image\":{\"@id\":\"https:\\\/\\\/dlvradio.es\\\/#\\\/schema\\\/logo\\\/image\\\/\"},\"sameAs\":[\"https:\\\/\\\/www.facebook.com\\\/RadioDLVradio\\\/\",\"https:\\\/\\\/x.com\\\/RadioDlvradio\",\"https:\\\/\\\/www.instagram.com\\\/radiodlvradio\\\/\"]},{\"@type\":\"Person\",\"@id\":\"https:\\\/\\\/dlvradio.es\\\/#\\\/schema\\\/person\\\/6ee60897fbb7fb4ad6634c73f4be87fa\",\"name\":\"doominio\",\"sameAs\":[\"https:\\\/\\\/dlvradio.es\"]}]}<\/script>\n<!-- \/ Yoast SEO plugin. -->","yoast_head_json":{"title":"La Polic\u00eda Nacional detiene a una ciudadana ecuatoriana buscada internacionalmente - DLVRADIO","description":"La Polic\u00eda Nacional detiene a una ciudadana ecuatoriana buscada internacionalmente La detenida pertenec\u00eda a las autoridades fiscales de Ecuador y estar\u00eda","robots":{"index":"index","follow":"follow","max-snippet":"max-snippet:-1","max-image-preview":"max-image-preview:large","max-video-preview":"max-video-preview:-1"},"canonical":"https:\/\/dlvradio.es\/en\/la-policia-nacional-detiene-a-una-ciudadana-ecuatoriana-buscada-internacionalmente\/","og_locale":"en_US","og_type":"article","og_title":"La Polic\u00eda Nacional detiene a una ciudadana ecuatoriana buscada internacionalmente - DLVRADIO","og_description":"La Polic\u00eda Nacional detiene a una ciudadana ecuatoriana buscada internacionalmente La detenida pertenec\u00eda a las autoridades fiscales de Ecuador y estar\u00eda","og_url":"https:\/\/dlvradio.es\/en\/la-policia-nacional-detiene-a-una-ciudadana-ecuatoriana-buscada-internacionalmente\/","og_site_name":"DLVRADIO","article_publisher":"https:\/\/www.facebook.com\/RadioDLVradio\/","article_published_time":"2024-08-02T10:37:49+00:00","og_image":[{"width":1024,"height":1024,"url":"https:\/\/dlvradio.es\/wp-content\/uploads\/2024\/08\/DLVRADIO.ES-7-1024x1024.png","type":"image\/png"}],"author":"doominio","twitter_card":"summary_large_image","twitter_creator":"@RadioDlvradio","twitter_site":"@RadioDlvradio","schema":{"@context":"https:\/\/schema.org","@graph":[{"@type":"Article","@id":"https:\/\/dlvradio.es\/la-policia-nacional-detiene-a-una-ciudadana-ecuatoriana-buscada-internacionalmente\/#article","isPartOf":{"@id":"https:\/\/dlvradio.es\/la-policia-nacional-detiene-a-una-ciudadana-ecuatoriana-buscada-internacionalmente\/"},"author":{"name":"doominio","@id":"https:\/\/dlvradio.es\/#\/schema\/person\/6ee60897fbb7fb4ad6634c73f4be87fa"},"headline":"La Polic\u00eda Nacional detiene a una ciudadana ecuatoriana buscada internacionalmente","datePublished":"2024-08-02T10:37:49+00:00","mainEntityOfPage":{"@id":"https:\/\/dlvradio.es\/la-policia-nacional-detiene-a-una-ciudadana-ecuatoriana-buscada-internacionalmente\/"},"wordCount":424,"publisher":{"@id":"https:\/\/dlvradio.es\/#organization"},"image":{"@id":"https:\/\/dlvradio.es\/la-policia-nacional-detiene-a-una-ciudadana-ecuatoriana-buscada-internacionalmente\/#primaryimage"},"thumbnailUrl":"https:\/\/dlvradio.es\/wp-content\/uploads\/2024\/08\/DLVRADIO.ES-7.png","keywords":["polic\u00eda","sucesos"],"articleSection":["Sucesos"],"inLanguage":"en-US"},{"@type":"WebPage","@id":"https:\/\/dlvradio.es\/la-policia-nacional-detiene-a-una-ciudadana-ecuatoriana-buscada-internacionalmente\/","url":"https:\/\/dlvradio.es\/la-policia-nacional-detiene-a-una-ciudadana-ecuatoriana-buscada-internacionalmente\/","name":"La Polic\u00eda Nacional detiene a una ciudadana ecuatoriana buscada internacionalmente - DLVRADIO","isPartOf":{"@id":"https:\/\/dlvradio.es\/#website"},"primaryImageOfPage":{"@id":"https:\/\/dlvradio.es\/la-policia-nacional-detiene-a-una-ciudadana-ecuatoriana-buscada-internacionalmente\/#primaryimage"},"image":{"@id":"https:\/\/dlvradio.es\/la-policia-nacional-detiene-a-una-ciudadana-ecuatoriana-buscada-internacionalmente\/#primaryimage"},"thumbnailUrl":"https:\/\/dlvradio.es\/wp-content\/uploads\/2024\/08\/DLVRADIO.ES-7.png","datePublished":"2024-08-02T10:37:49+00:00","description":"La Polic\u00eda Nacional detiene a una ciudadana ecuatoriana buscada internacionalmente La detenida pertenec\u00eda a las autoridades fiscales de Ecuador y estar\u00eda","breadcrumb":{"@id":"https:\/\/dlvradio.es\/la-policia-nacional-detiene-a-una-ciudadana-ecuatoriana-buscada-internacionalmente\/#breadcrumb"},"inLanguage":"en-US","potentialAction":[{"@type":"ReadAction","target":["https:\/\/dlvradio.es\/la-policia-nacional-detiene-a-una-ciudadana-ecuatoriana-buscada-internacionalmente\/"]}]},{"@type":"ImageObject","inLanguage":"en-US","@id":"https:\/\/dlvradio.es\/la-policia-nacional-detiene-a-una-ciudadana-ecuatoriana-buscada-internacionalmente\/#primaryimage","url":"https:\/\/dlvradio.es\/wp-content\/uploads\/2024\/08\/DLVRADIO.ES-7.png","contentUrl":"https:\/\/dlvradio.es\/wp-content\/uploads\/2024\/08\/DLVRADIO.ES-7.png","width":1500,"height":1500,"caption":"La Polic\u00eda Nacional detiene a una ciudadana ecuatoriana buscada internacionalmente"},{"@type":"BreadcrumbList","@id":"https:\/\/dlvradio.es\/la-policia-nacional-detiene-a-una-ciudadana-ecuatoriana-buscada-internacionalmente\/#breadcrumb","itemListElement":[{"@type":"ListItem","position":1,"name":"Inicio","item":"https:\/\/dlvradio.es\/"},{"@type":"ListItem","position":2,"name":"La Polic\u00eda Nacional detiene a una ciudadana ecuatoriana buscada internacionalmente"}]},{"@type":"WebSite","@id":"https:\/\/dlvradio.es\/#website","url":"https:\/\/dlvradio.es\/","name":"DLVRADIO","description":"We are an alternative media to traditional media","publisher":{"@id":"https:\/\/dlvradio.es\/#organization"},"potentialAction":[{"@type":"SearchAction","target":{"@type":"EntryPoint","urlTemplate":"https:\/\/dlvradio.es\/?s={search_term_string}"},"query-input":{"@type":"PropertyValueSpecification","valueRequired":true,"valueName":"search_term_string"}}],"inLanguage":"en-US"},{"@type":"Organization","@id":"https:\/\/dlvradio.es\/#organization","name":"DLVRADIO","url":"https:\/\/dlvradio.es\/","logo":{"@type":"ImageObject","inLanguage":"en-US","@id":"https:\/\/dlvradio.es\/#\/schema\/logo\/image\/","url":"","contentUrl":"","caption":"DLVRADIO"},"image":{"@id":"https:\/\/dlvradio.es\/#\/schema\/logo\/image\/"},"sameAs":["https:\/\/www.facebook.com\/RadioDLVradio\/","https:\/\/x.com\/RadioDlvradio","https:\/\/www.instagram.com\/radiodlvradio\/"]},{"@type":"Person","@id":"https:\/\/dlvradio.es\/#\/schema\/person\/6ee60897fbb7fb4ad6634c73f4be87fa","name":"doominio","sameAs":["https:\/\/dlvradio.es"]}]}},"_links":{"self":[{"href":"https:\/\/dlvradio.es\/en\/wp-json\/wp\/v2\/posts\/73556","targetHints":{"allow":["GET"]}}],"collection":[{"href":"https:\/\/dlvradio.es\/en\/wp-json\/wp\/v2\/posts"}],"about":[{"href":"https:\/\/dlvradio.es\/en\/wp-json\/wp\/v2\/types\/post"}],"author":[{"embeddable":true,"href":"https:\/\/dlvradio.es\/en\/wp-json\/wp\/v2\/users\/1"}],"replies":[{"embeddable":true,"href":"https:\/\/dlvradio.es\/en\/wp-json\/wp\/v2\/comments?post=73556"}],"version-history":[{"count":1,"href":"https:\/\/dlvradio.es\/en\/wp-json\/wp\/v2\/posts\/73556\/revisions"}],"predecessor-version":[{"id":73558,"href":"https:\/\/dlvradio.es\/en\/wp-json\/wp\/v2\/posts\/73556\/revisions\/73558"}],"wp:featuredmedia":[{"embeddable":true,"href":"https:\/\/dlvradio.es\/en\/wp-json\/wp\/v2\/media\/73557"}],"wp:attachment":[{"href":"https:\/\/dlvradio.es\/en\/wp-json\/wp\/v2\/media?parent=73556"}],"wp:term":[{"taxonomy":"category","embeddable":true,"href":"https:\/\/dlvradio.es\/en\/wp-json\/wp\/v2\/categories?post=73556"},{"taxonomy":"post_tag","embeddable":true,"href":"https:\/\/dlvradio.es\/en\/wp-json\/wp\/v2\/tags?post=73556"}],"curies":[{"name":"wp","href":"https:\/\/api.w.org\/{rel}","templated":true}]}}