{"id":74772,"date":"2024-10-17T12:14:37","date_gmt":"2024-10-17T10:14:37","guid":{"rendered":"https:\/\/dlvradio.es\/?p=74772"},"modified":"2024-10-17T12:14:37","modified_gmt":"2024-10-17T10:14:37","slug":"organizaciones-y-redes-ambientales-y-sociales-instan-al-gobierno-a-defender-con-firmeza-la-legislacion-ambiental","status":"publish","type":"post","link":"https:\/\/dlvradio.es\/en\/organizaciones-y-redes-ambientales-y-sociales-instan-al-gobierno-a-defender-con-firmeza-la-legislacion-ambiental\/","title":{"rendered":"Organizaciones y redes ambientales y sociales instan al Gobierno a defender con firmeza la legislaci\u00f3n ambiental"},"content":{"rendered":"<h4><strong>Organizaciones y redes ambientales y sociales instan al Gobierno a defender con firmeza la legislaci\u00f3n ambiental europea ante los intentos de retroceso<\/strong><\/h4>\n<ul>\n<li><em>M\u00e1s de 20 organizaciones han enviado una carta al presidente del Gobierno, Pedro S\u00e1nchez, inst\u00e1ndole a adoptar una postura firme en defensa de la legislaci\u00f3n ambiental europea.<\/em><\/li>\n<li><em>Se manifiesta una profunda preocupaci\u00f3n por los retrocesos en normativas para frenar la deforestaci\u00f3n mundial, proteger al lobo, regular plaguicidas y reducir la contaminaci\u00f3n con t\u00f3xico.<\/em><\/li>\n<\/ul>\n<p>Ecologistas en Acci\u00f3n, junto con otras 20 organizaciones y redes de defensa del medio ambiente y los derechos sociales, han enviado una carta al presidente del Gobierno, Pedro S\u00e1nchez, exigiendo una postura clara y contundente en la defensa de la legislaci\u00f3n ambiental europea y espa\u00f1ola. La carta, que tambi\u00e9n ha sido remitida a la vicepresidenta y ministra para la Transici\u00f3n Ecol\u00f3gica y el Reto Demogr\u00e1fico, Teresa Ribera, y al ministro de Agricultura, Luis Planas, subraya la urgencia de mantener el compromiso del Gobierno y no ceder a presiones que buscan desregular, retrasar o retroceder en la protecci\u00f3n de la naturaleza y los derechos sociales.<\/p>\n<p>Las organizaciones expresan su preocupaci\u00f3n por la reciente propuesta de la Comisi\u00f3n Europea de aplazar un a\u00f1o la entrada en vigor del reglamento sobre productos libres de deforestaci\u00f3n (2023\/1115), lo que supondr\u00eda la destrucci\u00f3n de 2.300 km2 de bosque y provocar\u00eda 49 Mt de emisiones de GEI. Adem\u00e1s, se defraudar\u00eda a millones de ciudadanas y ciudadanos europeos que pidieron este reglamento, y se penalizar\u00eda injustificadamente a innumerables empresas y peque\u00f1os agricultores \u2013incluso fuera de la UE\u2013 que lo han apoyado con firmeza.<\/p>\n<p>Esta propuesta de aplazamiento se suma a los retrocesos en la protecci\u00f3n del lobo (Convenio de Berna); a las medidas y condicionantes agroambientales para perceptores de la PAC (2024\/1468); al rechazo al Reglamento de Uso Sostenible de Plaguicidas (SUR); y al retraso en la modificaci\u00f3n del Reglamento REACH.Todo esto ocurre mientras la comunidad cient\u00edfica advierte en su informe sobre el estado del clima en 2024 que \u201cestamos al borde de un desastre clim\u00e1tico irreversible\u201d, en una sociedad donde el 50% del PIB mundial, estimado en 44 billones de d\u00f3lares, depende de la naturaleza.<\/p>\n<p>Las organizaciones instan con esta carta a que Espa\u00f1a manifieste p\u00fablicamente y vote en contra de la propuesta de la Comisi\u00f3n Europea de retrasar la aplicaci\u00f3n del reglamento europeo sobre productos libres de deforestaci\u00f3n en el Consejo de la UE, as\u00ed como que se oponga con firmeza a cualquier intento futuro de reabrir o rebajar la ambici\u00f3n de la Ley de Restauraci\u00f3n de la Naturaleza en todos los \u00f3rganos de la UE.<\/p>\n<a href=\"https:\/\/dlvradio.es\/wp-content\/uploads\/2024\/10\/Carta-a-Pedro-Sanchez.pdf\" class=\"pdfemb-viewer\" style=\"\" data-width=\"max\" data-height=\"max\" data-toolbar=\"bottom\" data-toolbar-fixed=\"off\">Carta-a-Pedro-Sanchez<\/a>","protected":false},"excerpt":{"rendered":"<p>Organizaciones y redes ambientales y sociales instan al Gobierno a defender con firmeza la legislaci\u00f3n ambiental europea ante los intentos de retroceso M\u00e1s de 20 organizaciones han enviado una carta al presidente del Gobierno, Pedro S\u00e1nchez, inst\u00e1ndole a adoptar una postura firme en defensa de la legislaci\u00f3n ambiental europea. Se manifiesta una profunda preocupaci\u00f3n por [&hellip;]<\/p>\n","protected":false},"author":1,"featured_media":74774,"comment_status":"closed","ping_status":"closed","sticky":false,"template":"","format":"standard","meta":{"_acf_changed":false,"footnotes":""},"categories":[2711],"tags":[2478,2466],"class_list":["post-74772","post","type-post","status-publish","format-standard","has-post-thumbnail","hentry","category-emergencia-climatica","tag-ecologia","tag-espana"],"acf":[],"yoast_head":"<!-- This site is optimized with the Yoast SEO plugin v27.4 - https:\/\/yoast.com\/product\/yoast-seo-wordpress\/ -->\n<title>Organizaciones y redes ambientales y sociales instan al Gobierno a defender con firmeza la legislaci\u00f3n ambiental - DLVRADIO<\/title>\n<meta name=\"description\" content=\"Organizaciones y redes ambientales y sociales instan al Gobierno a defender con firmeza la legislaci\u00f3n ambiental europea ante los intentos de retroceso\" \/>\n<meta name=\"robots\" content=\"index, follow, max-snippet:-1, max-image-preview:large, max-video-preview:-1\" \/>\n<link rel=\"canonical\" href=\"https:\/\/dlvradio.es\/en\/organizaciones-y-redes-ambientales-y-sociales-instan-al-gobierno-a-defender-con-firmeza-la-legislacion-ambiental\/\" \/>\n<meta property=\"og:locale\" content=\"en_US\" \/>\n<meta property=\"og:type\" content=\"article\" \/>\n<meta property=\"og:title\" content=\"Organizaciones y redes ambientales y sociales instan al Gobierno a defender con firmeza la legislaci\u00f3n ambiental - DLVRADIO\" \/>\n<meta property=\"og:description\" content=\"Organizaciones y redes ambientales y sociales instan al Gobierno a defender con firmeza la legislaci\u00f3n ambiental europea ante los intentos de retroceso\" \/>\n<meta property=\"og:url\" content=\"https:\/\/dlvradio.es\/en\/organizaciones-y-redes-ambientales-y-sociales-instan-al-gobierno-a-defender-con-firmeza-la-legislacion-ambiental\/\" \/>\n<meta property=\"og:site_name\" content=\"DLVRADIO\" \/>\n<meta property=\"article:publisher\" content=\"https:\/\/www.facebook.com\/RadioDLVradio\/\" \/>\n<meta property=\"article:published_time\" content=\"2024-10-17T10:14:37+00:00\" \/>\n<meta property=\"og:image\" content=\"https:\/\/dlvradio.es\/wp-content\/uploads\/2024\/10\/DLVRADIO.ES-8-1-1024x1024.png\" \/>\n\t<meta property=\"og:image:width\" content=\"1024\" \/>\n\t<meta property=\"og:image:height\" content=\"1024\" \/>\n\t<meta property=\"og:image:type\" content=\"image\/png\" \/>\n<meta name=\"author\" content=\"doominio\" \/>\n<meta name=\"twitter:card\" content=\"summary_large_image\" \/>\n<meta name=\"twitter:creator\" content=\"@RadioDlvradio\" \/>\n<meta name=\"twitter:site\" content=\"@RadioDlvradio\" \/>\n<script type=\"application\/ld+json\" class=\"yoast-schema-graph\">{\"@context\":\"https:\\\/\\\/schema.org\",\"@graph\":[{\"@type\":\"Article\",\"@id\":\"https:\\\/\\\/dlvradio.es\\\/organizaciones-y-redes-ambientales-y-sociales-instan-al-gobierno-a-defender-con-firmeza-la-legislacion-ambiental\\\/#article\",\"isPartOf\":{\"@id\":\"https:\\\/\\\/dlvradio.es\\\/organizaciones-y-redes-ambientales-y-sociales-instan-al-gobierno-a-defender-con-firmeza-la-legislacion-ambiental\\\/\"},\"author\":{\"name\":\"doominio\",\"@id\":\"https:\\\/\\\/dlvradio.es\\\/#\\\/schema\\\/person\\\/6ee60897fbb7fb4ad6634c73f4be87fa\"},\"headline\":\"Organizaciones y redes ambientales y sociales instan al Gobierno a defender con firmeza la legislaci\u00f3n ambiental\",\"datePublished\":\"2024-10-17T10:14:37+00:00\",\"mainEntityOfPage\":{\"@id\":\"https:\\\/\\\/dlvradio.es\\\/organizaciones-y-redes-ambientales-y-sociales-instan-al-gobierno-a-defender-con-firmeza-la-legislacion-ambiental\\\/\"},\"wordCount\":485,\"publisher\":{\"@id\":\"https:\\\/\\\/dlvradio.es\\\/#organization\"},\"image\":{\"@id\":\"https:\\\/\\\/dlvradio.es\\\/organizaciones-y-redes-ambientales-y-sociales-instan-al-gobierno-a-defender-con-firmeza-la-legislacion-ambiental\\\/#primaryimage\"},\"thumbnailUrl\":\"https:\\\/\\\/dlvradio.es\\\/wp-content\\\/uploads\\\/2024\\\/10\\\/DLVRADIO.ES-8-1.png\",\"keywords\":[\"ecolog\u00eda\",\"Espa\u00f1a\"],\"articleSection\":[\"Emergencia clim\u00e1tica\"],\"inLanguage\":\"en-US\"},{\"@type\":\"WebPage\",\"@id\":\"https:\\\/\\\/dlvradio.es\\\/organizaciones-y-redes-ambientales-y-sociales-instan-al-gobierno-a-defender-con-firmeza-la-legislacion-ambiental\\\/\",\"url\":\"https:\\\/\\\/dlvradio.es\\\/organizaciones-y-redes-ambientales-y-sociales-instan-al-gobierno-a-defender-con-firmeza-la-legislacion-ambiental\\\/\",\"name\":\"Organizaciones y redes ambientales y sociales instan al Gobierno a defender con firmeza la legislaci\u00f3n ambiental - DLVRADIO\",\"isPartOf\":{\"@id\":\"https:\\\/\\\/dlvradio.es\\\/#website\"},\"primaryImageOfPage\":{\"@id\":\"https:\\\/\\\/dlvradio.es\\\/organizaciones-y-redes-ambientales-y-sociales-instan-al-gobierno-a-defender-con-firmeza-la-legislacion-ambiental\\\/#primaryimage\"},\"image\":{\"@id\":\"https:\\\/\\\/dlvradio.es\\\/organizaciones-y-redes-ambientales-y-sociales-instan-al-gobierno-a-defender-con-firmeza-la-legislacion-ambiental\\\/#primaryimage\"},\"thumbnailUrl\":\"https:\\\/\\\/dlvradio.es\\\/wp-content\\\/uploads\\\/2024\\\/10\\\/DLVRADIO.ES-8-1.png\",\"datePublished\":\"2024-10-17T10:14:37+00:00\",\"description\":\"Organizaciones y redes ambientales y sociales instan al Gobierno a defender con firmeza la legislaci\u00f3n ambiental europea ante los intentos de retroceso\",\"breadcrumb\":{\"@id\":\"https:\\\/\\\/dlvradio.es\\\/organizaciones-y-redes-ambientales-y-sociales-instan-al-gobierno-a-defender-con-firmeza-la-legislacion-ambiental\\\/#breadcrumb\"},\"inLanguage\":\"en-US\",\"potentialAction\":[{\"@type\":\"ReadAction\",\"target\":[\"https:\\\/\\\/dlvradio.es\\\/organizaciones-y-redes-ambientales-y-sociales-instan-al-gobierno-a-defender-con-firmeza-la-legislacion-ambiental\\\/\"]}]},{\"@type\":\"ImageObject\",\"inLanguage\":\"en-US\",\"@id\":\"https:\\\/\\\/dlvradio.es\\\/organizaciones-y-redes-ambientales-y-sociales-instan-al-gobierno-a-defender-con-firmeza-la-legislacion-ambiental\\\/#primaryimage\",\"url\":\"https:\\\/\\\/dlvradio.es\\\/wp-content\\\/uploads\\\/2024\\\/10\\\/DLVRADIO.ES-8-1.png\",\"contentUrl\":\"https:\\\/\\\/dlvradio.es\\\/wp-content\\\/uploads\\\/2024\\\/10\\\/DLVRADIO.ES-8-1.png\",\"width\":1500,\"height\":1500,\"caption\":\"Organizaciones y redes ambientales y sociales instan al Gobierno a defender con firmeza la legislaci\u00f3n ambiental\"},{\"@type\":\"BreadcrumbList\",\"@id\":\"https:\\\/\\\/dlvradio.es\\\/organizaciones-y-redes-ambientales-y-sociales-instan-al-gobierno-a-defender-con-firmeza-la-legislacion-ambiental\\\/#breadcrumb\",\"itemListElement\":[{\"@type\":\"ListItem\",\"position\":1,\"name\":\"Inicio\",\"item\":\"https:\\\/\\\/dlvradio.es\\\/\"},{\"@type\":\"ListItem\",\"position\":2,\"name\":\"Organizaciones y redes ambientales y sociales instan al Gobierno a defender con firmeza la legislaci\u00f3n ambiental\"}]},{\"@type\":\"WebSite\",\"@id\":\"https:\\\/\\\/dlvradio.es\\\/#website\",\"url\":\"https:\\\/\\\/dlvradio.es\\\/\",\"name\":\"DLVRADIO\",\"description\":\"Somos un medio de comunicaci\u00f3n alternativo a los medios tradicionales\",\"publisher\":{\"@id\":\"https:\\\/\\\/dlvradio.es\\\/#organization\"},\"potentialAction\":[{\"@type\":\"SearchAction\",\"target\":{\"@type\":\"EntryPoint\",\"urlTemplate\":\"https:\\\/\\\/dlvradio.es\\\/?s={search_term_string}\"},\"query-input\":{\"@type\":\"PropertyValueSpecification\",\"valueRequired\":true,\"valueName\":\"search_term_string\"}}],\"inLanguage\":\"en-US\"},{\"@type\":\"Organization\",\"@id\":\"https:\\\/\\\/dlvradio.es\\\/#organization\",\"name\":\"DLVRADIO\",\"url\":\"https:\\\/\\\/dlvradio.es\\\/\",\"logo\":{\"@type\":\"ImageObject\",\"inLanguage\":\"en-US\",\"@id\":\"https:\\\/\\\/dlvradio.es\\\/#\\\/schema\\\/logo\\\/image\\\/\",\"url\":\"\",\"contentUrl\":\"\",\"caption\":\"DLVRADIO\"},\"image\":{\"@id\":\"https:\\\/\\\/dlvradio.es\\\/#\\\/schema\\\/logo\\\/image\\\/\"},\"sameAs\":[\"https:\\\/\\\/www.facebook.com\\\/RadioDLVradio\\\/\",\"https:\\\/\\\/x.com\\\/RadioDlvradio\",\"https:\\\/\\\/www.instagram.com\\\/radiodlvradio\\\/\"]},{\"@type\":\"Person\",\"@id\":\"https:\\\/\\\/dlvradio.es\\\/#\\\/schema\\\/person\\\/6ee60897fbb7fb4ad6634c73f4be87fa\",\"name\":\"doominio\",\"sameAs\":[\"https:\\\/\\\/dlvradio.es\"]}]}<\/script>\n<!-- \/ Yoast SEO plugin. -->","yoast_head_json":{"title":"Organizaciones y redes ambientales y sociales instan al Gobierno a defender con firmeza la legislaci\u00f3n ambiental - DLVRADIO","description":"Organizaciones y redes ambientales y sociales instan al Gobierno a defender con firmeza la legislaci\u00f3n ambiental europea ante los intentos de retroceso","robots":{"index":"index","follow":"follow","max-snippet":"max-snippet:-1","max-image-preview":"max-image-preview:large","max-video-preview":"max-video-preview:-1"},"canonical":"https:\/\/dlvradio.es\/en\/organizaciones-y-redes-ambientales-y-sociales-instan-al-gobierno-a-defender-con-firmeza-la-legislacion-ambiental\/","og_locale":"en_US","og_type":"article","og_title":"Organizaciones y redes ambientales y sociales instan al Gobierno a defender con firmeza la legislaci\u00f3n ambiental - DLVRADIO","og_description":"Organizaciones y redes ambientales y sociales instan al Gobierno a defender con firmeza la legislaci\u00f3n ambiental europea ante los intentos de retroceso","og_url":"https:\/\/dlvradio.es\/en\/organizaciones-y-redes-ambientales-y-sociales-instan-al-gobierno-a-defender-con-firmeza-la-legislacion-ambiental\/","og_site_name":"DLVRADIO","article_publisher":"https:\/\/www.facebook.com\/RadioDLVradio\/","article_published_time":"2024-10-17T10:14:37+00:00","og_image":[{"width":1024,"height":1024,"url":"https:\/\/dlvradio.es\/wp-content\/uploads\/2024\/10\/DLVRADIO.ES-8-1-1024x1024.png","type":"image\/png"}],"author":"doominio","twitter_card":"summary_large_image","twitter_creator":"@RadioDlvradio","twitter_site":"@RadioDlvradio","schema":{"@context":"https:\/\/schema.org","@graph":[{"@type":"Article","@id":"https:\/\/dlvradio.es\/organizaciones-y-redes-ambientales-y-sociales-instan-al-gobierno-a-defender-con-firmeza-la-legislacion-ambiental\/#article","isPartOf":{"@id":"https:\/\/dlvradio.es\/organizaciones-y-redes-ambientales-y-sociales-instan-al-gobierno-a-defender-con-firmeza-la-legislacion-ambiental\/"},"author":{"name":"doominio","@id":"https:\/\/dlvradio.es\/#\/schema\/person\/6ee60897fbb7fb4ad6634c73f4be87fa"},"headline":"Organizaciones y redes ambientales y sociales instan al Gobierno a defender con firmeza la legislaci\u00f3n ambiental","datePublished":"2024-10-17T10:14:37+00:00","mainEntityOfPage":{"@id":"https:\/\/dlvradio.es\/organizaciones-y-redes-ambientales-y-sociales-instan-al-gobierno-a-defender-con-firmeza-la-legislacion-ambiental\/"},"wordCount":485,"publisher":{"@id":"https:\/\/dlvradio.es\/#organization"},"image":{"@id":"https:\/\/dlvradio.es\/organizaciones-y-redes-ambientales-y-sociales-instan-al-gobierno-a-defender-con-firmeza-la-legislacion-ambiental\/#primaryimage"},"thumbnailUrl":"https:\/\/dlvradio.es\/wp-content\/uploads\/2024\/10\/DLVRADIO.ES-8-1.png","keywords":["ecolog\u00eda","Espa\u00f1a"],"articleSection":["Emergencia clim\u00e1tica"],"inLanguage":"en-US"},{"@type":"WebPage","@id":"https:\/\/dlvradio.es\/organizaciones-y-redes-ambientales-y-sociales-instan-al-gobierno-a-defender-con-firmeza-la-legislacion-ambiental\/","url":"https:\/\/dlvradio.es\/organizaciones-y-redes-ambientales-y-sociales-instan-al-gobierno-a-defender-con-firmeza-la-legislacion-ambiental\/","name":"Organizaciones y redes ambientales y sociales instan al Gobierno a defender con firmeza la legislaci\u00f3n ambiental - DLVRADIO","isPartOf":{"@id":"https:\/\/dlvradio.es\/#website"},"primaryImageOfPage":{"@id":"https:\/\/dlvradio.es\/organizaciones-y-redes-ambientales-y-sociales-instan-al-gobierno-a-defender-con-firmeza-la-legislacion-ambiental\/#primaryimage"},"image":{"@id":"https:\/\/dlvradio.es\/organizaciones-y-redes-ambientales-y-sociales-instan-al-gobierno-a-defender-con-firmeza-la-legislacion-ambiental\/#primaryimage"},"thumbnailUrl":"https:\/\/dlvradio.es\/wp-content\/uploads\/2024\/10\/DLVRADIO.ES-8-1.png","datePublished":"2024-10-17T10:14:37+00:00","description":"Organizaciones y redes ambientales y sociales instan al Gobierno a defender con firmeza la legislaci\u00f3n ambiental europea ante los intentos de retroceso","breadcrumb":{"@id":"https:\/\/dlvradio.es\/organizaciones-y-redes-ambientales-y-sociales-instan-al-gobierno-a-defender-con-firmeza-la-legislacion-ambiental\/#breadcrumb"},"inLanguage":"en-US","potentialAction":[{"@type":"ReadAction","target":["https:\/\/dlvradio.es\/organizaciones-y-redes-ambientales-y-sociales-instan-al-gobierno-a-defender-con-firmeza-la-legislacion-ambiental\/"]}]},{"@type":"ImageObject","inLanguage":"en-US","@id":"https:\/\/dlvradio.es\/organizaciones-y-redes-ambientales-y-sociales-instan-al-gobierno-a-defender-con-firmeza-la-legislacion-ambiental\/#primaryimage","url":"https:\/\/dlvradio.es\/wp-content\/uploads\/2024\/10\/DLVRADIO.ES-8-1.png","contentUrl":"https:\/\/dlvradio.es\/wp-content\/uploads\/2024\/10\/DLVRADIO.ES-8-1.png","width":1500,"height":1500,"caption":"Organizaciones y redes ambientales y sociales instan al Gobierno a defender con firmeza la legislaci\u00f3n ambiental"},{"@type":"BreadcrumbList","@id":"https:\/\/dlvradio.es\/organizaciones-y-redes-ambientales-y-sociales-instan-al-gobierno-a-defender-con-firmeza-la-legislacion-ambiental\/#breadcrumb","itemListElement":[{"@type":"ListItem","position":1,"name":"Inicio","item":"https:\/\/dlvradio.es\/"},{"@type":"ListItem","position":2,"name":"Organizaciones y redes ambientales y sociales instan al Gobierno a defender con firmeza la legislaci\u00f3n ambiental"}]},{"@type":"WebSite","@id":"https:\/\/dlvradio.es\/#website","url":"https:\/\/dlvradio.es\/","name":"DLVRADIO","description":"We are an alternative media to traditional media","publisher":{"@id":"https:\/\/dlvradio.es\/#organization"},"potentialAction":[{"@type":"SearchAction","target":{"@type":"EntryPoint","urlTemplate":"https:\/\/dlvradio.es\/?s={search_term_string}"},"query-input":{"@type":"PropertyValueSpecification","valueRequired":true,"valueName":"search_term_string"}}],"inLanguage":"en-US"},{"@type":"Organization","@id":"https:\/\/dlvradio.es\/#organization","name":"DLVRADIO","url":"https:\/\/dlvradio.es\/","logo":{"@type":"ImageObject","inLanguage":"en-US","@id":"https:\/\/dlvradio.es\/#\/schema\/logo\/image\/","url":"","contentUrl":"","caption":"DLVRADIO"},"image":{"@id":"https:\/\/dlvradio.es\/#\/schema\/logo\/image\/"},"sameAs":["https:\/\/www.facebook.com\/RadioDLVradio\/","https:\/\/x.com\/RadioDlvradio","https:\/\/www.instagram.com\/radiodlvradio\/"]},{"@type":"Person","@id":"https:\/\/dlvradio.es\/#\/schema\/person\/6ee60897fbb7fb4ad6634c73f4be87fa","name":"doominio","sameAs":["https:\/\/dlvradio.es"]}]}},"_links":{"self":[{"href":"https:\/\/dlvradio.es\/en\/wp-json\/wp\/v2\/posts\/74772","targetHints":{"allow":["GET"]}}],"collection":[{"href":"https:\/\/dlvradio.es\/en\/wp-json\/wp\/v2\/posts"}],"about":[{"href":"https:\/\/dlvradio.es\/en\/wp-json\/wp\/v2\/types\/post"}],"author":[{"embeddable":true,"href":"https:\/\/dlvradio.es\/en\/wp-json\/wp\/v2\/users\/1"}],"replies":[{"embeddable":true,"href":"https:\/\/dlvradio.es\/en\/wp-json\/wp\/v2\/comments?post=74772"}],"version-history":[{"count":1,"href":"https:\/\/dlvradio.es\/en\/wp-json\/wp\/v2\/posts\/74772\/revisions"}],"predecessor-version":[{"id":74775,"href":"https:\/\/dlvradio.es\/en\/wp-json\/wp\/v2\/posts\/74772\/revisions\/74775"}],"wp:featuredmedia":[{"embeddable":true,"href":"https:\/\/dlvradio.es\/en\/wp-json\/wp\/v2\/media\/74774"}],"wp:attachment":[{"href":"https:\/\/dlvradio.es\/en\/wp-json\/wp\/v2\/media?parent=74772"}],"wp:term":[{"taxonomy":"category","embeddable":true,"href":"https:\/\/dlvradio.es\/en\/wp-json\/wp\/v2\/categories?post=74772"},{"taxonomy":"post_tag","embeddable":true,"href":"https:\/\/dlvradio.es\/en\/wp-json\/wp\/v2\/tags?post=74772"}],"curies":[{"name":"wp","href":"https:\/\/api.w.org\/{rel}","templated":true}]}}