{"id":74843,"date":"2024-10-23T18:05:39","date_gmt":"2024-10-23T16:05:39","guid":{"rendered":"https:\/\/dlvradio.es\/?p=74843"},"modified":"2024-10-23T18:05:39","modified_gmt":"2024-10-23T16:05:39","slug":"la-policia-nacional-detiene-en-barcelona-al-lugarteniente-del-lider-del-clan-de-vracar-de-belgrado","status":"publish","type":"post","link":"https:\/\/dlvradio.es\/en\/la-policia-nacional-detiene-en-barcelona-al-lugarteniente-del-lider-del-clan-de-vracar-de-belgrado\/","title":{"rendered":"La Polic\u00eda Nacional detiene en Barcelona al lugarteniente del l\u00edder del \u201cClan de Vracar\u201d de Belgrado"},"content":{"rendered":"<p>Operaci\u00f3n de la Polic\u00eda Nacional con la colaboraci\u00f3n de EUROPOL<\/p>\n<h4><strong>La Polic\u00eda Nacional detiene en Barcelona al lugarteniente del l\u00edder del \u201cClan de Vracar\u201d de Belgrado<\/strong><\/h4>\n<ul>\n<li><em>Se encontraba reclamado por las autoridades serbias por un delito de homicidio doloso, por Austria por los delitos de secuestro y detenci\u00f3n ilegal y por la justicia espa\u00f1ola por un delito de lesiones<\/em><\/li>\n<li><em>El pr\u00f3fugo, que se enfrenta a 40 a\u00f1os de prisi\u00f3n, era la persona de confianza del l\u00edder del clan serbio conocido como \u201cJhony el Loco\u201d, tambi\u00e9n arrestado el pasado d\u00eda 18 en la ciudad condal<\/em><\/li>\n<\/ul>\n<p>Agentes de la Polic\u00eda Nacional, con la colaboraci\u00f3n de EUROPOL, han detenido en Barcelona al lugarteniente del \u201cClan de Vracar\u201d de Belgrado. Se encontraba reclamado por las autoridades serbias por un delito de homicidio doloso, por Austria por los delitos de secuestro y detenci\u00f3n ilegal y por la justicia espa\u00f1ola por un delito de lesiones. Era la persona de confianza del l\u00edder del clan serbio conocido como \u201cJhony el Loco\u201d que tambi\u00e9n fue arrestado el pasado d\u00eda 18 en la ciudad condal.<\/p>\n<p>El pr\u00f3fugo inici\u00f3 su huida de la justicia tras su participaci\u00f3n en la muerte de un miembro del clan rival desaparecido en marzo de 2020 y cuyo cuerpo fue encontrado un mes despu\u00e9s en un pozo cerca de Sopot (Serbia) con una herida de bala.<\/p>\n<p><strong>Hasta 60 muertos en la lucha entre clanes<\/strong><\/p>\n<p>Los asesinatos entre miembros de Vracar y sus rivales territoriales del \u201cClan Skaljari\u201d, tienen su origen en el a\u00f1o 2014 con la incautaci\u00f3n de un cargamento de coca\u00edna en el Puerto de Valencia y sus ajustes de cuentas \u00a0se han cobrado hasta la actualidad m\u00e1s de 60 muertos.<\/p>\n<p>Al arrestado se le acusa adem\u00e1s de participar en Austria, en el secuestro y torturas de un miembro de una banda rival, al que tras citarlo en un hotel con el pretexto de hacer un negocio, lo secuestraron y golpearon exigiendo al padre de la v\u00edctima el pago de 1.000.000 de euros para su liberaci\u00f3n.<\/p>\n<p>Dada la gravedad de los delitos y la importancia del fugitivo en m\u00faltiples pa\u00edses, la Secci\u00f3n de Localizaci\u00f3n de Fugitivos de la UDYCO Central, al ser miembro activo de la Red Europea de Grupos de Localizaci\u00f3n Activa de Fugitivos conocida por sus siglas en ingl\u00e9s ENFAST, inici\u00f3 una investigaci\u00f3n a nivel internacional coordinada desde EUROPOL con la participaci\u00f3n destacada de los equipos Fast de Austria, Serbia, Alemania, Croacia, Eslovenia, Francia e Italia.<\/p>\n<p>Tras varios a\u00f1os de investigaci\u00f3n y gracias tambi\u00e9n a la colaboraci\u00f3n de la Red Nacional de Grupos de Localizaci\u00f3n de Fugitivos, se pudo determinar la ubicaci\u00f3n del pr\u00f3fugo en Espa\u00f1a.<\/p>\n<p><strong>Instru\u00eda a su entorno y familia en t\u00e9cnicas de contravigilancias<\/strong><\/p>\n<p>Durante la investigaci\u00f3n, en la que se ha contado con el intercambio \u00e1gil de informaci\u00f3n entre la Red ENFAST y la Red Nacional, as\u00ed como el soporte de la agencia EUROPOL con sus an\u00e1lisis de inteligencia, se pudo detectar la presencia del fugitivo en nuestro pa\u00eds y la sospecha de que pudiera estar residiendo en Barcelona.<\/p>\n<p>Las gestiones de los agentes permitieron averiguar que debido a la presi\u00f3n policial, el fugado manten\u00eda estrictas medidas de seguridad cambiando constantemente de identidad, hasta cuatro identidades ficticias, su aspecto f\u00edsico y que realizaba contravigilancias para detectar la presencia policial antes de realizar cualquier movimiento. Estas medidas de seguridad tambi\u00e9n eran adoptadas por todo su entorno y familiares a quienes hab\u00eda instruido en estas t\u00e9cnicas para evitar investigaciones que dieran con su paradero.<\/p>\n<p>La investigaci\u00f3n permiti\u00f3 ubicar al pr\u00f3fugo en una zona muy concreta de Barcelona y tras establecerse un amplio operativo, fue arrestado y puesto a disposici\u00f3n de la autoridad judicial. \u00a0Con esta nueva detenci\u00f3n, que se suma a la realizada el pasado d\u00eda 18 de octubre del conocido como \u201cJohnny el Loco\u201d, se ha asestado un duro golpe a la c\u00fapula del \u201cClan de Vracar\u201d.<\/p>","protected":false},"excerpt":{"rendered":"<p>Operaci\u00f3n de la Polic\u00eda Nacional con la colaboraci\u00f3n de EUROPOL La Polic\u00eda Nacional detiene en Barcelona al lugarteniente del l\u00edder del \u201cClan de Vracar\u201d de Belgrado Se encontraba reclamado por las autoridades serbias por un delito de homicidio doloso, por Austria por los delitos de secuestro y detenci\u00f3n ilegal y por la justicia espa\u00f1ola por [&hellip;]<\/p>\n","protected":false},"author":1,"featured_media":74844,"comment_status":"closed","ping_status":"closed","sticky":false,"template":"","format":"standard","meta":{"_acf_changed":false,"footnotes":""},"categories":[2772],"tags":[2774,2613],"class_list":["post-74843","post","type-post","status-publish","format-standard","has-post-thumbnail","hentry","category-sucesos","tag-policia","tag-sucesos"],"acf":[],"yoast_head":"<!-- This site is optimized with the Yoast SEO plugin v27.4 - https:\/\/yoast.com\/product\/yoast-seo-wordpress\/ -->\n<title>La Polic\u00eda Nacional detiene en Barcelona al lugarteniente del l\u00edder del \u201cClan de Vracar\u201d de Belgrado - DLVRADIO<\/title>\n<meta name=\"description\" content=\"Operaci\u00f3n de la Polic\u00eda Nacional con la colaboraci\u00f3n de EUROPOL La Polic\u00eda Nacional detiene en Barcelona al lugarteniente del l\u00edder del \u201cClan de Vracar\u201d\" \/>\n<meta name=\"robots\" content=\"index, follow, max-snippet:-1, max-image-preview:large, max-video-preview:-1\" \/>\n<link rel=\"canonical\" href=\"https:\/\/dlvradio.es\/en\/la-policia-nacional-detiene-en-barcelona-al-lugarteniente-del-lider-del-clan-de-vracar-de-belgrado\/\" \/>\n<meta property=\"og:locale\" content=\"en_US\" \/>\n<meta property=\"og:type\" content=\"article\" \/>\n<meta property=\"og:title\" content=\"La Polic\u00eda Nacional detiene en Barcelona al lugarteniente del l\u00edder del \u201cClan de Vracar\u201d de Belgrado - DLVRADIO\" \/>\n<meta property=\"og:description\" content=\"Operaci\u00f3n de la Polic\u00eda Nacional con la colaboraci\u00f3n de EUROPOL La Polic\u00eda Nacional detiene en Barcelona al lugarteniente del l\u00edder del \u201cClan de Vracar\u201d\" \/>\n<meta property=\"og:url\" content=\"https:\/\/dlvradio.es\/en\/la-policia-nacional-detiene-en-barcelona-al-lugarteniente-del-lider-del-clan-de-vracar-de-belgrado\/\" \/>\n<meta property=\"og:site_name\" content=\"DLVRADIO\" \/>\n<meta property=\"article:publisher\" content=\"https:\/\/www.facebook.com\/RadioDLVradio\/\" \/>\n<meta property=\"article:published_time\" content=\"2024-10-23T16:05:39+00:00\" \/>\n<meta property=\"og:image\" content=\"https:\/\/dlvradio.es\/wp-content\/uploads\/2024\/10\/DLVRADIO.ES-5-2-1024x1024.png\" \/>\n\t<meta property=\"og:image:width\" content=\"1024\" \/>\n\t<meta property=\"og:image:height\" content=\"1024\" \/>\n\t<meta property=\"og:image:type\" content=\"image\/png\" \/>\n<meta name=\"author\" content=\"doominio\" \/>\n<meta name=\"twitter:card\" content=\"summary_large_image\" \/>\n<meta name=\"twitter:creator\" content=\"@RadioDlvradio\" \/>\n<meta name=\"twitter:site\" content=\"@RadioDlvradio\" \/>\n<script type=\"application\/ld+json\" class=\"yoast-schema-graph\">{\"@context\":\"https:\\\/\\\/schema.org\",\"@graph\":[{\"@type\":\"Article\",\"@id\":\"https:\\\/\\\/dlvradio.es\\\/la-policia-nacional-detiene-en-barcelona-al-lugarteniente-del-lider-del-clan-de-vracar-de-belgrado\\\/#article\",\"isPartOf\":{\"@id\":\"https:\\\/\\\/dlvradio.es\\\/la-policia-nacional-detiene-en-barcelona-al-lugarteniente-del-lider-del-clan-de-vracar-de-belgrado\\\/\"},\"author\":{\"name\":\"doominio\",\"@id\":\"https:\\\/\\\/dlvradio.es\\\/#\\\/schema\\\/person\\\/6ee60897fbb7fb4ad6634c73f4be87fa\"},\"headline\":\"La Polic\u00eda Nacional detiene en Barcelona al lugarteniente del l\u00edder del \u201cClan de Vracar\u201d de Belgrado\",\"datePublished\":\"2024-10-23T16:05:39+00:00\",\"mainEntityOfPage\":{\"@id\":\"https:\\\/\\\/dlvradio.es\\\/la-policia-nacional-detiene-en-barcelona-al-lugarteniente-del-lider-del-clan-de-vracar-de-belgrado\\\/\"},\"wordCount\":710,\"publisher\":{\"@id\":\"https:\\\/\\\/dlvradio.es\\\/#organization\"},\"image\":{\"@id\":\"https:\\\/\\\/dlvradio.es\\\/la-policia-nacional-detiene-en-barcelona-al-lugarteniente-del-lider-del-clan-de-vracar-de-belgrado\\\/#primaryimage\"},\"thumbnailUrl\":\"https:\\\/\\\/dlvradio.es\\\/wp-content\\\/uploads\\\/2024\\\/10\\\/DLVRADIO.ES-5-2.png\",\"keywords\":[\"polic\u00eda\",\"sucesos\"],\"articleSection\":[\"Sucesos\"],\"inLanguage\":\"en-US\"},{\"@type\":\"WebPage\",\"@id\":\"https:\\\/\\\/dlvradio.es\\\/la-policia-nacional-detiene-en-barcelona-al-lugarteniente-del-lider-del-clan-de-vracar-de-belgrado\\\/\",\"url\":\"https:\\\/\\\/dlvradio.es\\\/la-policia-nacional-detiene-en-barcelona-al-lugarteniente-del-lider-del-clan-de-vracar-de-belgrado\\\/\",\"name\":\"La Polic\u00eda Nacional detiene en Barcelona al lugarteniente del l\u00edder del \u201cClan de Vracar\u201d de Belgrado - DLVRADIO\",\"isPartOf\":{\"@id\":\"https:\\\/\\\/dlvradio.es\\\/#website\"},\"primaryImageOfPage\":{\"@id\":\"https:\\\/\\\/dlvradio.es\\\/la-policia-nacional-detiene-en-barcelona-al-lugarteniente-del-lider-del-clan-de-vracar-de-belgrado\\\/#primaryimage\"},\"image\":{\"@id\":\"https:\\\/\\\/dlvradio.es\\\/la-policia-nacional-detiene-en-barcelona-al-lugarteniente-del-lider-del-clan-de-vracar-de-belgrado\\\/#primaryimage\"},\"thumbnailUrl\":\"https:\\\/\\\/dlvradio.es\\\/wp-content\\\/uploads\\\/2024\\\/10\\\/DLVRADIO.ES-5-2.png\",\"datePublished\":\"2024-10-23T16:05:39+00:00\",\"description\":\"Operaci\u00f3n de la Polic\u00eda Nacional con la colaboraci\u00f3n de EUROPOL La Polic\u00eda Nacional detiene en Barcelona al lugarteniente del l\u00edder del \u201cClan de Vracar\u201d\",\"breadcrumb\":{\"@id\":\"https:\\\/\\\/dlvradio.es\\\/la-policia-nacional-detiene-en-barcelona-al-lugarteniente-del-lider-del-clan-de-vracar-de-belgrado\\\/#breadcrumb\"},\"inLanguage\":\"en-US\",\"potentialAction\":[{\"@type\":\"ReadAction\",\"target\":[\"https:\\\/\\\/dlvradio.es\\\/la-policia-nacional-detiene-en-barcelona-al-lugarteniente-del-lider-del-clan-de-vracar-de-belgrado\\\/\"]}]},{\"@type\":\"ImageObject\",\"inLanguage\":\"en-US\",\"@id\":\"https:\\\/\\\/dlvradio.es\\\/la-policia-nacional-detiene-en-barcelona-al-lugarteniente-del-lider-del-clan-de-vracar-de-belgrado\\\/#primaryimage\",\"url\":\"https:\\\/\\\/dlvradio.es\\\/wp-content\\\/uploads\\\/2024\\\/10\\\/DLVRADIO.ES-5-2.png\",\"contentUrl\":\"https:\\\/\\\/dlvradio.es\\\/wp-content\\\/uploads\\\/2024\\\/10\\\/DLVRADIO.ES-5-2.png\",\"width\":1500,\"height\":1500,\"caption\":\"La Polic\u00eda Nacional detiene en Barcelona al lugarteniente del l\u00edder del \u201cClan de Vracar\u201d de Belgrado\"},{\"@type\":\"BreadcrumbList\",\"@id\":\"https:\\\/\\\/dlvradio.es\\\/la-policia-nacional-detiene-en-barcelona-al-lugarteniente-del-lider-del-clan-de-vracar-de-belgrado\\\/#breadcrumb\",\"itemListElement\":[{\"@type\":\"ListItem\",\"position\":1,\"name\":\"Inicio\",\"item\":\"https:\\\/\\\/dlvradio.es\\\/\"},{\"@type\":\"ListItem\",\"position\":2,\"name\":\"La Polic\u00eda Nacional detiene en Barcelona al lugarteniente del l\u00edder del \u201cClan de Vracar\u201d de Belgrado\"}]},{\"@type\":\"WebSite\",\"@id\":\"https:\\\/\\\/dlvradio.es\\\/#website\",\"url\":\"https:\\\/\\\/dlvradio.es\\\/\",\"name\":\"DLVRADIO\",\"description\":\"Somos un medio de comunicaci\u00f3n alternativo a los medios tradicionales\",\"publisher\":{\"@id\":\"https:\\\/\\\/dlvradio.es\\\/#organization\"},\"potentialAction\":[{\"@type\":\"SearchAction\",\"target\":{\"@type\":\"EntryPoint\",\"urlTemplate\":\"https:\\\/\\\/dlvradio.es\\\/?s={search_term_string}\"},\"query-input\":{\"@type\":\"PropertyValueSpecification\",\"valueRequired\":true,\"valueName\":\"search_term_string\"}}],\"inLanguage\":\"en-US\"},{\"@type\":\"Organization\",\"@id\":\"https:\\\/\\\/dlvradio.es\\\/#organization\",\"name\":\"DLVRADIO\",\"url\":\"https:\\\/\\\/dlvradio.es\\\/\",\"logo\":{\"@type\":\"ImageObject\",\"inLanguage\":\"en-US\",\"@id\":\"https:\\\/\\\/dlvradio.es\\\/#\\\/schema\\\/logo\\\/image\\\/\",\"url\":\"\",\"contentUrl\":\"\",\"caption\":\"DLVRADIO\"},\"image\":{\"@id\":\"https:\\\/\\\/dlvradio.es\\\/#\\\/schema\\\/logo\\\/image\\\/\"},\"sameAs\":[\"https:\\\/\\\/www.facebook.com\\\/RadioDLVradio\\\/\",\"https:\\\/\\\/x.com\\\/RadioDlvradio\",\"https:\\\/\\\/www.instagram.com\\\/radiodlvradio\\\/\"]},{\"@type\":\"Person\",\"@id\":\"https:\\\/\\\/dlvradio.es\\\/#\\\/schema\\\/person\\\/6ee60897fbb7fb4ad6634c73f4be87fa\",\"name\":\"doominio\",\"sameAs\":[\"https:\\\/\\\/dlvradio.es\"]}]}<\/script>\n<!-- \/ Yoast SEO plugin. -->","yoast_head_json":{"title":"La Polic\u00eda Nacional detiene en Barcelona al lugarteniente del l\u00edder del \u201cClan de Vracar\u201d de Belgrado - DLVRADIO","description":"Operaci\u00f3n de la Polic\u00eda Nacional con la colaboraci\u00f3n de EUROPOL La Polic\u00eda Nacional detiene en Barcelona al lugarteniente del l\u00edder del \u201cClan de Vracar\u201d","robots":{"index":"index","follow":"follow","max-snippet":"max-snippet:-1","max-image-preview":"max-image-preview:large","max-video-preview":"max-video-preview:-1"},"canonical":"https:\/\/dlvradio.es\/en\/la-policia-nacional-detiene-en-barcelona-al-lugarteniente-del-lider-del-clan-de-vracar-de-belgrado\/","og_locale":"en_US","og_type":"article","og_title":"La Polic\u00eda Nacional detiene en Barcelona al lugarteniente del l\u00edder del \u201cClan de Vracar\u201d de Belgrado - DLVRADIO","og_description":"Operaci\u00f3n de la Polic\u00eda Nacional con la colaboraci\u00f3n de EUROPOL La Polic\u00eda Nacional detiene en Barcelona al lugarteniente del l\u00edder del \u201cClan de Vracar\u201d","og_url":"https:\/\/dlvradio.es\/en\/la-policia-nacional-detiene-en-barcelona-al-lugarteniente-del-lider-del-clan-de-vracar-de-belgrado\/","og_site_name":"DLVRADIO","article_publisher":"https:\/\/www.facebook.com\/RadioDLVradio\/","article_published_time":"2024-10-23T16:05:39+00:00","og_image":[{"width":1024,"height":1024,"url":"https:\/\/dlvradio.es\/wp-content\/uploads\/2024\/10\/DLVRADIO.ES-5-2-1024x1024.png","type":"image\/png"}],"author":"doominio","twitter_card":"summary_large_image","twitter_creator":"@RadioDlvradio","twitter_site":"@RadioDlvradio","schema":{"@context":"https:\/\/schema.org","@graph":[{"@type":"Article","@id":"https:\/\/dlvradio.es\/la-policia-nacional-detiene-en-barcelona-al-lugarteniente-del-lider-del-clan-de-vracar-de-belgrado\/#article","isPartOf":{"@id":"https:\/\/dlvradio.es\/la-policia-nacional-detiene-en-barcelona-al-lugarteniente-del-lider-del-clan-de-vracar-de-belgrado\/"},"author":{"name":"doominio","@id":"https:\/\/dlvradio.es\/#\/schema\/person\/6ee60897fbb7fb4ad6634c73f4be87fa"},"headline":"La Polic\u00eda Nacional detiene en Barcelona al lugarteniente del l\u00edder del \u201cClan de Vracar\u201d de Belgrado","datePublished":"2024-10-23T16:05:39+00:00","mainEntityOfPage":{"@id":"https:\/\/dlvradio.es\/la-policia-nacional-detiene-en-barcelona-al-lugarteniente-del-lider-del-clan-de-vracar-de-belgrado\/"},"wordCount":710,"publisher":{"@id":"https:\/\/dlvradio.es\/#organization"},"image":{"@id":"https:\/\/dlvradio.es\/la-policia-nacional-detiene-en-barcelona-al-lugarteniente-del-lider-del-clan-de-vracar-de-belgrado\/#primaryimage"},"thumbnailUrl":"https:\/\/dlvradio.es\/wp-content\/uploads\/2024\/10\/DLVRADIO.ES-5-2.png","keywords":["polic\u00eda","sucesos"],"articleSection":["Sucesos"],"inLanguage":"en-US"},{"@type":"WebPage","@id":"https:\/\/dlvradio.es\/la-policia-nacional-detiene-en-barcelona-al-lugarteniente-del-lider-del-clan-de-vracar-de-belgrado\/","url":"https:\/\/dlvradio.es\/la-policia-nacional-detiene-en-barcelona-al-lugarteniente-del-lider-del-clan-de-vracar-de-belgrado\/","name":"La Polic\u00eda Nacional detiene en Barcelona al lugarteniente del l\u00edder del \u201cClan de Vracar\u201d de Belgrado - DLVRADIO","isPartOf":{"@id":"https:\/\/dlvradio.es\/#website"},"primaryImageOfPage":{"@id":"https:\/\/dlvradio.es\/la-policia-nacional-detiene-en-barcelona-al-lugarteniente-del-lider-del-clan-de-vracar-de-belgrado\/#primaryimage"},"image":{"@id":"https:\/\/dlvradio.es\/la-policia-nacional-detiene-en-barcelona-al-lugarteniente-del-lider-del-clan-de-vracar-de-belgrado\/#primaryimage"},"thumbnailUrl":"https:\/\/dlvradio.es\/wp-content\/uploads\/2024\/10\/DLVRADIO.ES-5-2.png","datePublished":"2024-10-23T16:05:39+00:00","description":"Operaci\u00f3n de la Polic\u00eda Nacional con la colaboraci\u00f3n de EUROPOL La Polic\u00eda Nacional detiene en Barcelona al lugarteniente del l\u00edder del \u201cClan de Vracar\u201d","breadcrumb":{"@id":"https:\/\/dlvradio.es\/la-policia-nacional-detiene-en-barcelona-al-lugarteniente-del-lider-del-clan-de-vracar-de-belgrado\/#breadcrumb"},"inLanguage":"en-US","potentialAction":[{"@type":"ReadAction","target":["https:\/\/dlvradio.es\/la-policia-nacional-detiene-en-barcelona-al-lugarteniente-del-lider-del-clan-de-vracar-de-belgrado\/"]}]},{"@type":"ImageObject","inLanguage":"en-US","@id":"https:\/\/dlvradio.es\/la-policia-nacional-detiene-en-barcelona-al-lugarteniente-del-lider-del-clan-de-vracar-de-belgrado\/#primaryimage","url":"https:\/\/dlvradio.es\/wp-content\/uploads\/2024\/10\/DLVRADIO.ES-5-2.png","contentUrl":"https:\/\/dlvradio.es\/wp-content\/uploads\/2024\/10\/DLVRADIO.ES-5-2.png","width":1500,"height":1500,"caption":"La Polic\u00eda Nacional detiene en Barcelona al lugarteniente del l\u00edder del \u201cClan de Vracar\u201d de Belgrado"},{"@type":"BreadcrumbList","@id":"https:\/\/dlvradio.es\/la-policia-nacional-detiene-en-barcelona-al-lugarteniente-del-lider-del-clan-de-vracar-de-belgrado\/#breadcrumb","itemListElement":[{"@type":"ListItem","position":1,"name":"Inicio","item":"https:\/\/dlvradio.es\/"},{"@type":"ListItem","position":2,"name":"La Polic\u00eda Nacional detiene en Barcelona al lugarteniente del l\u00edder del \u201cClan de Vracar\u201d de Belgrado"}]},{"@type":"WebSite","@id":"https:\/\/dlvradio.es\/#website","url":"https:\/\/dlvradio.es\/","name":"DLVRADIO","description":"We are an alternative media to traditional media","publisher":{"@id":"https:\/\/dlvradio.es\/#organization"},"potentialAction":[{"@type":"SearchAction","target":{"@type":"EntryPoint","urlTemplate":"https:\/\/dlvradio.es\/?s={search_term_string}"},"query-input":{"@type":"PropertyValueSpecification","valueRequired":true,"valueName":"search_term_string"}}],"inLanguage":"en-US"},{"@type":"Organization","@id":"https:\/\/dlvradio.es\/#organization","name":"DLVRADIO","url":"https:\/\/dlvradio.es\/","logo":{"@type":"ImageObject","inLanguage":"en-US","@id":"https:\/\/dlvradio.es\/#\/schema\/logo\/image\/","url":"","contentUrl":"","caption":"DLVRADIO"},"image":{"@id":"https:\/\/dlvradio.es\/#\/schema\/logo\/image\/"},"sameAs":["https:\/\/www.facebook.com\/RadioDLVradio\/","https:\/\/x.com\/RadioDlvradio","https:\/\/www.instagram.com\/radiodlvradio\/"]},{"@type":"Person","@id":"https:\/\/dlvradio.es\/#\/schema\/person\/6ee60897fbb7fb4ad6634c73f4be87fa","name":"doominio","sameAs":["https:\/\/dlvradio.es"]}]}},"_links":{"self":[{"href":"https:\/\/dlvradio.es\/en\/wp-json\/wp\/v2\/posts\/74843","targetHints":{"allow":["GET"]}}],"collection":[{"href":"https:\/\/dlvradio.es\/en\/wp-json\/wp\/v2\/posts"}],"about":[{"href":"https:\/\/dlvradio.es\/en\/wp-json\/wp\/v2\/types\/post"}],"author":[{"embeddable":true,"href":"https:\/\/dlvradio.es\/en\/wp-json\/wp\/v2\/users\/1"}],"replies":[{"embeddable":true,"href":"https:\/\/dlvradio.es\/en\/wp-json\/wp\/v2\/comments?post=74843"}],"version-history":[{"count":1,"href":"https:\/\/dlvradio.es\/en\/wp-json\/wp\/v2\/posts\/74843\/revisions"}],"predecessor-version":[{"id":74845,"href":"https:\/\/dlvradio.es\/en\/wp-json\/wp\/v2\/posts\/74843\/revisions\/74845"}],"wp:featuredmedia":[{"embeddable":true,"href":"https:\/\/dlvradio.es\/en\/wp-json\/wp\/v2\/media\/74844"}],"wp:attachment":[{"href":"https:\/\/dlvradio.es\/en\/wp-json\/wp\/v2\/media?parent=74843"}],"wp:term":[{"taxonomy":"category","embeddable":true,"href":"https:\/\/dlvradio.es\/en\/wp-json\/wp\/v2\/categories?post=74843"},{"taxonomy":"post_tag","embeddable":true,"href":"https:\/\/dlvradio.es\/en\/wp-json\/wp\/v2\/tags?post=74843"}],"curies":[{"name":"wp","href":"https:\/\/api.w.org\/{rel}","templated":true}]}}