{"id":74947,"date":"2024-11-02T18:50:33","date_gmt":"2024-11-02T17:50:33","guid":{"rendered":"https:\/\/dlvradio.es\/?p=74947"},"modified":"2024-11-02T18:50:33","modified_gmt":"2024-11-02T17:50:33","slug":"intervencion-de-pedro-sanchez-tras-el-comite-de-crisis-del-seguimiento-de-los-efectos-de-la-dana","status":"publish","type":"post","link":"https:\/\/dlvradio.es\/en\/intervencion-de-pedro-sanchez-tras-el-comite-de-crisis-del-seguimiento-de-los-efectos-de-la-dana\/","title":{"rendered":"Intervenci\u00f3n de Pedro S\u00e1nchez tras el Comit\u00e9 de crisis del seguimiento de los efectos de la DANA"},"content":{"rendered":"<p><iframe src=\"https:\/\/www.ivoox.com\/player_ej_135495112_6_1.html?c1=0ebeb7\" width=\"100%\" height=\"200\" frameborder=\"0\" scrolling=\"no\" allowfullscreen=\"allowfullscreen\"><\/iframe><br \/>\nOs dejamos la rueda de prensa ofrecida por el presidente del Gobierno, Pedro S\u00e1nchez, en la cual ha realizado una declaraci\u00f3n institucional tras presidir el Comit\u00e9 de crisis para el seguimiento de los efectos de la DANA.<\/p>\n<p>Entre las medidas que ha anunciado esta la de la movilizaci\u00f3n de otros 5.000 militares, a las zonas afectadas por la DANA en la Comunidad Valenciana. Tambi\u00e9n mandaran de forma inmediata a otros 5.000 polic\u00edas y guardias civiles que se sumaran a las labores de rescate. Desde el Gobierno de Espa\u00f1a se est\u00e1 listo para actuar, si la Generalitat valenciana as\u00ed lo requiere, para aumentar los recursos necesarios.\u00a0 Las autoridades valencianas conocen el terreno de primera mano mejor que nadie.<\/p>","protected":false},"excerpt":{"rendered":"<p>Os dejamos la rueda de prensa ofrecida por el presidente del Gobierno, Pedro S\u00e1nchez, en la cual ha realizado una declaraci\u00f3n institucional tras presidir el Comit\u00e9 de crisis para el seguimiento de los efectos de la DANA. Entre las medidas que ha anunciado esta la de la movilizaci\u00f3n de otros 5.000 militares, a las zonas [&hellip;]<\/p>\n","protected":false},"author":1,"featured_media":74948,"comment_status":"closed","ping_status":"closed","sticky":false,"template":"","format":"standard","meta":{"_acf_changed":false,"footnotes":""},"categories":[2465],"tags":[2584,2555,2613],"class_list":["post-74947","post","type-post","status-publish","format-standard","has-post-thumbnail","hentry","category-informativos","tag-gobierno-espana","tag-informativo","tag-sucesos"],"acf":[],"yoast_head":"<!-- This site is optimized with the Yoast SEO plugin v27.4 - https:\/\/yoast.com\/product\/yoast-seo-wordpress\/ -->\n<title>Intervenci\u00f3n de Pedro S\u00e1nchez tras el Comit\u00e9 de crisis del seguimiento de los efectos de la DANA - DLVRADIO<\/title>\n<meta name=\"description\" content=\"Os dejamos la rueda de prensa ofrecida por el presidente del Gobierno, Pedro S\u00e1nchez, en la cual ha realizado una declaraci\u00f3n institucional tras presidir\" \/>\n<meta name=\"robots\" content=\"index, follow, max-snippet:-1, max-image-preview:large, max-video-preview:-1\" \/>\n<link rel=\"canonical\" href=\"https:\/\/dlvradio.es\/en\/intervencion-de-pedro-sanchez-tras-el-comite-de-crisis-del-seguimiento-de-los-efectos-de-la-dana\/\" \/>\n<meta property=\"og:locale\" content=\"en_US\" \/>\n<meta property=\"og:type\" content=\"article\" \/>\n<meta property=\"og:title\" content=\"Intervenci\u00f3n de Pedro S\u00e1nchez tras el Comit\u00e9 de crisis del seguimiento de los efectos de la DANA - DLVRADIO\" \/>\n<meta property=\"og:description\" content=\"Os dejamos la rueda de prensa ofrecida por el presidente del Gobierno, Pedro S\u00e1nchez, en la cual ha realizado una declaraci\u00f3n institucional tras presidir\" \/>\n<meta property=\"og:url\" content=\"https:\/\/dlvradio.es\/en\/intervencion-de-pedro-sanchez-tras-el-comite-de-crisis-del-seguimiento-de-los-efectos-de-la-dana\/\" \/>\n<meta property=\"og:site_name\" content=\"DLVRADIO\" \/>\n<meta property=\"article:publisher\" content=\"https:\/\/www.facebook.com\/RadioDLVradio\/\" \/>\n<meta property=\"article:published_time\" content=\"2024-11-02T17:50:33+00:00\" \/>\n<meta property=\"og:image\" content=\"https:\/\/dlvradio.es\/wp-content\/uploads\/2024\/11\/DLVRADIO.ES-4-1024x1024.png\" \/>\n\t<meta property=\"og:image:width\" content=\"1024\" \/>\n\t<meta property=\"og:image:height\" content=\"1024\" \/>\n\t<meta property=\"og:image:type\" content=\"image\/png\" \/>\n<meta name=\"author\" content=\"doominio\" \/>\n<meta name=\"twitter:card\" content=\"summary_large_image\" \/>\n<meta name=\"twitter:creator\" content=\"@RadioDlvradio\" \/>\n<meta name=\"twitter:site\" content=\"@RadioDlvradio\" \/>\n<script type=\"application\/ld+json\" class=\"yoast-schema-graph\">{\"@context\":\"https:\\\/\\\/schema.org\",\"@graph\":[{\"@type\":\"Article\",\"@id\":\"https:\\\/\\\/dlvradio.es\\\/intervencion-de-pedro-sanchez-tras-el-comite-de-crisis-del-seguimiento-de-los-efectos-de-la-dana\\\/#article\",\"isPartOf\":{\"@id\":\"https:\\\/\\\/dlvradio.es\\\/intervencion-de-pedro-sanchez-tras-el-comite-de-crisis-del-seguimiento-de-los-efectos-de-la-dana\\\/\"},\"author\":{\"name\":\"doominio\",\"@id\":\"https:\\\/\\\/dlvradio.es\\\/#\\\/schema\\\/person\\\/6ee60897fbb7fb4ad6634c73f4be87fa\"},\"headline\":\"Intervenci\u00f3n de Pedro S\u00e1nchez tras el Comit\u00e9 de crisis del seguimiento de los efectos de la DANA\",\"datePublished\":\"2024-11-02T17:50:33+00:00\",\"mainEntityOfPage\":{\"@id\":\"https:\\\/\\\/dlvradio.es\\\/intervencion-de-pedro-sanchez-tras-el-comite-de-crisis-del-seguimiento-de-los-efectos-de-la-dana\\\/\"},\"wordCount\":140,\"publisher\":{\"@id\":\"https:\\\/\\\/dlvradio.es\\\/#organization\"},\"image\":{\"@id\":\"https:\\\/\\\/dlvradio.es\\\/intervencion-de-pedro-sanchez-tras-el-comite-de-crisis-del-seguimiento-de-los-efectos-de-la-dana\\\/#primaryimage\"},\"thumbnailUrl\":\"https:\\\/\\\/dlvradio.es\\\/wp-content\\\/uploads\\\/2024\\\/11\\\/DLVRADIO.ES-4.png\",\"keywords\":[\"gobierno espa\u00f1a\",\"informativo\",\"sucesos\"],\"articleSection\":[\"Informativos\"],\"inLanguage\":\"en-US\"},{\"@type\":\"WebPage\",\"@id\":\"https:\\\/\\\/dlvradio.es\\\/intervencion-de-pedro-sanchez-tras-el-comite-de-crisis-del-seguimiento-de-los-efectos-de-la-dana\\\/\",\"url\":\"https:\\\/\\\/dlvradio.es\\\/intervencion-de-pedro-sanchez-tras-el-comite-de-crisis-del-seguimiento-de-los-efectos-de-la-dana\\\/\",\"name\":\"Intervenci\u00f3n de Pedro S\u00e1nchez tras el Comit\u00e9 de crisis del seguimiento de los efectos de la DANA - DLVRADIO\",\"isPartOf\":{\"@id\":\"https:\\\/\\\/dlvradio.es\\\/#website\"},\"primaryImageOfPage\":{\"@id\":\"https:\\\/\\\/dlvradio.es\\\/intervencion-de-pedro-sanchez-tras-el-comite-de-crisis-del-seguimiento-de-los-efectos-de-la-dana\\\/#primaryimage\"},\"image\":{\"@id\":\"https:\\\/\\\/dlvradio.es\\\/intervencion-de-pedro-sanchez-tras-el-comite-de-crisis-del-seguimiento-de-los-efectos-de-la-dana\\\/#primaryimage\"},\"thumbnailUrl\":\"https:\\\/\\\/dlvradio.es\\\/wp-content\\\/uploads\\\/2024\\\/11\\\/DLVRADIO.ES-4.png\",\"datePublished\":\"2024-11-02T17:50:33+00:00\",\"description\":\"Os dejamos la rueda de prensa ofrecida por el presidente del Gobierno, Pedro S\u00e1nchez, en la cual ha realizado una declaraci\u00f3n institucional tras presidir\",\"breadcrumb\":{\"@id\":\"https:\\\/\\\/dlvradio.es\\\/intervencion-de-pedro-sanchez-tras-el-comite-de-crisis-del-seguimiento-de-los-efectos-de-la-dana\\\/#breadcrumb\"},\"inLanguage\":\"en-US\",\"potentialAction\":[{\"@type\":\"ReadAction\",\"target\":[\"https:\\\/\\\/dlvradio.es\\\/intervencion-de-pedro-sanchez-tras-el-comite-de-crisis-del-seguimiento-de-los-efectos-de-la-dana\\\/\"]}]},{\"@type\":\"ImageObject\",\"inLanguage\":\"en-US\",\"@id\":\"https:\\\/\\\/dlvradio.es\\\/intervencion-de-pedro-sanchez-tras-el-comite-de-crisis-del-seguimiento-de-los-efectos-de-la-dana\\\/#primaryimage\",\"url\":\"https:\\\/\\\/dlvradio.es\\\/wp-content\\\/uploads\\\/2024\\\/11\\\/DLVRADIO.ES-4.png\",\"contentUrl\":\"https:\\\/\\\/dlvradio.es\\\/wp-content\\\/uploads\\\/2024\\\/11\\\/DLVRADIO.ES-4.png\",\"width\":1500,\"height\":1500,\"caption\":\"Intervenci\u00f3n de Pedro S\u00e1nchez tras el Comit\u00e9 de crisis del seguimiento de los efectos de la DANA\"},{\"@type\":\"BreadcrumbList\",\"@id\":\"https:\\\/\\\/dlvradio.es\\\/intervencion-de-pedro-sanchez-tras-el-comite-de-crisis-del-seguimiento-de-los-efectos-de-la-dana\\\/#breadcrumb\",\"itemListElement\":[{\"@type\":\"ListItem\",\"position\":1,\"name\":\"Inicio\",\"item\":\"https:\\\/\\\/dlvradio.es\\\/\"},{\"@type\":\"ListItem\",\"position\":2,\"name\":\"Intervenci\u00f3n de Pedro S\u00e1nchez tras el Comit\u00e9 de crisis del seguimiento de los efectos de la DANA\"}]},{\"@type\":\"WebSite\",\"@id\":\"https:\\\/\\\/dlvradio.es\\\/#website\",\"url\":\"https:\\\/\\\/dlvradio.es\\\/\",\"name\":\"DLVRADIO\",\"description\":\"Somos un medio de comunicaci\u00f3n alternativo a los medios tradicionales\",\"publisher\":{\"@id\":\"https:\\\/\\\/dlvradio.es\\\/#organization\"},\"potentialAction\":[{\"@type\":\"SearchAction\",\"target\":{\"@type\":\"EntryPoint\",\"urlTemplate\":\"https:\\\/\\\/dlvradio.es\\\/?s={search_term_string}\"},\"query-input\":{\"@type\":\"PropertyValueSpecification\",\"valueRequired\":true,\"valueName\":\"search_term_string\"}}],\"inLanguage\":\"en-US\"},{\"@type\":\"Organization\",\"@id\":\"https:\\\/\\\/dlvradio.es\\\/#organization\",\"name\":\"DLVRADIO\",\"url\":\"https:\\\/\\\/dlvradio.es\\\/\",\"logo\":{\"@type\":\"ImageObject\",\"inLanguage\":\"en-US\",\"@id\":\"https:\\\/\\\/dlvradio.es\\\/#\\\/schema\\\/logo\\\/image\\\/\",\"url\":\"\",\"contentUrl\":\"\",\"caption\":\"DLVRADIO\"},\"image\":{\"@id\":\"https:\\\/\\\/dlvradio.es\\\/#\\\/schema\\\/logo\\\/image\\\/\"},\"sameAs\":[\"https:\\\/\\\/www.facebook.com\\\/RadioDLVradio\\\/\",\"https:\\\/\\\/x.com\\\/RadioDlvradio\",\"https:\\\/\\\/www.instagram.com\\\/radiodlvradio\\\/\"]},{\"@type\":\"Person\",\"@id\":\"https:\\\/\\\/dlvradio.es\\\/#\\\/schema\\\/person\\\/6ee60897fbb7fb4ad6634c73f4be87fa\",\"name\":\"doominio\",\"sameAs\":[\"https:\\\/\\\/dlvradio.es\"]}]}<\/script>\n<!-- \/ Yoast SEO plugin. -->","yoast_head_json":{"title":"Intervenci\u00f3n de Pedro S\u00e1nchez tras el Comit\u00e9 de crisis del seguimiento de los efectos de la DANA - DLVRADIO","description":"Os dejamos la rueda de prensa ofrecida por el presidente del Gobierno, Pedro S\u00e1nchez, en la cual ha realizado una declaraci\u00f3n institucional tras presidir","robots":{"index":"index","follow":"follow","max-snippet":"max-snippet:-1","max-image-preview":"max-image-preview:large","max-video-preview":"max-video-preview:-1"},"canonical":"https:\/\/dlvradio.es\/en\/intervencion-de-pedro-sanchez-tras-el-comite-de-crisis-del-seguimiento-de-los-efectos-de-la-dana\/","og_locale":"en_US","og_type":"article","og_title":"Intervenci\u00f3n de Pedro S\u00e1nchez tras el Comit\u00e9 de crisis del seguimiento de los efectos de la DANA - DLVRADIO","og_description":"Os dejamos la rueda de prensa ofrecida por el presidente del Gobierno, Pedro S\u00e1nchez, en la cual ha realizado una declaraci\u00f3n institucional tras presidir","og_url":"https:\/\/dlvradio.es\/en\/intervencion-de-pedro-sanchez-tras-el-comite-de-crisis-del-seguimiento-de-los-efectos-de-la-dana\/","og_site_name":"DLVRADIO","article_publisher":"https:\/\/www.facebook.com\/RadioDLVradio\/","article_published_time":"2024-11-02T17:50:33+00:00","og_image":[{"width":1024,"height":1024,"url":"https:\/\/dlvradio.es\/wp-content\/uploads\/2024\/11\/DLVRADIO.ES-4-1024x1024.png","type":"image\/png"}],"author":"doominio","twitter_card":"summary_large_image","twitter_creator":"@RadioDlvradio","twitter_site":"@RadioDlvradio","schema":{"@context":"https:\/\/schema.org","@graph":[{"@type":"Article","@id":"https:\/\/dlvradio.es\/intervencion-de-pedro-sanchez-tras-el-comite-de-crisis-del-seguimiento-de-los-efectos-de-la-dana\/#article","isPartOf":{"@id":"https:\/\/dlvradio.es\/intervencion-de-pedro-sanchez-tras-el-comite-de-crisis-del-seguimiento-de-los-efectos-de-la-dana\/"},"author":{"name":"doominio","@id":"https:\/\/dlvradio.es\/#\/schema\/person\/6ee60897fbb7fb4ad6634c73f4be87fa"},"headline":"Intervenci\u00f3n de Pedro S\u00e1nchez tras el Comit\u00e9 de crisis del seguimiento de los efectos de la DANA","datePublished":"2024-11-02T17:50:33+00:00","mainEntityOfPage":{"@id":"https:\/\/dlvradio.es\/intervencion-de-pedro-sanchez-tras-el-comite-de-crisis-del-seguimiento-de-los-efectos-de-la-dana\/"},"wordCount":140,"publisher":{"@id":"https:\/\/dlvradio.es\/#organization"},"image":{"@id":"https:\/\/dlvradio.es\/intervencion-de-pedro-sanchez-tras-el-comite-de-crisis-del-seguimiento-de-los-efectos-de-la-dana\/#primaryimage"},"thumbnailUrl":"https:\/\/dlvradio.es\/wp-content\/uploads\/2024\/11\/DLVRADIO.ES-4.png","keywords":["gobierno espa\u00f1a","informativo","sucesos"],"articleSection":["Informativos"],"inLanguage":"en-US"},{"@type":"WebPage","@id":"https:\/\/dlvradio.es\/intervencion-de-pedro-sanchez-tras-el-comite-de-crisis-del-seguimiento-de-los-efectos-de-la-dana\/","url":"https:\/\/dlvradio.es\/intervencion-de-pedro-sanchez-tras-el-comite-de-crisis-del-seguimiento-de-los-efectos-de-la-dana\/","name":"Intervenci\u00f3n de Pedro S\u00e1nchez tras el Comit\u00e9 de crisis del seguimiento de los efectos de la DANA - DLVRADIO","isPartOf":{"@id":"https:\/\/dlvradio.es\/#website"},"primaryImageOfPage":{"@id":"https:\/\/dlvradio.es\/intervencion-de-pedro-sanchez-tras-el-comite-de-crisis-del-seguimiento-de-los-efectos-de-la-dana\/#primaryimage"},"image":{"@id":"https:\/\/dlvradio.es\/intervencion-de-pedro-sanchez-tras-el-comite-de-crisis-del-seguimiento-de-los-efectos-de-la-dana\/#primaryimage"},"thumbnailUrl":"https:\/\/dlvradio.es\/wp-content\/uploads\/2024\/11\/DLVRADIO.ES-4.png","datePublished":"2024-11-02T17:50:33+00:00","description":"Os dejamos la rueda de prensa ofrecida por el presidente del Gobierno, Pedro S\u00e1nchez, en la cual ha realizado una declaraci\u00f3n institucional tras presidir","breadcrumb":{"@id":"https:\/\/dlvradio.es\/intervencion-de-pedro-sanchez-tras-el-comite-de-crisis-del-seguimiento-de-los-efectos-de-la-dana\/#breadcrumb"},"inLanguage":"en-US","potentialAction":[{"@type":"ReadAction","target":["https:\/\/dlvradio.es\/intervencion-de-pedro-sanchez-tras-el-comite-de-crisis-del-seguimiento-de-los-efectos-de-la-dana\/"]}]},{"@type":"ImageObject","inLanguage":"en-US","@id":"https:\/\/dlvradio.es\/intervencion-de-pedro-sanchez-tras-el-comite-de-crisis-del-seguimiento-de-los-efectos-de-la-dana\/#primaryimage","url":"https:\/\/dlvradio.es\/wp-content\/uploads\/2024\/11\/DLVRADIO.ES-4.png","contentUrl":"https:\/\/dlvradio.es\/wp-content\/uploads\/2024\/11\/DLVRADIO.ES-4.png","width":1500,"height":1500,"caption":"Intervenci\u00f3n de Pedro S\u00e1nchez tras el Comit\u00e9 de crisis del seguimiento de los efectos de la DANA"},{"@type":"BreadcrumbList","@id":"https:\/\/dlvradio.es\/intervencion-de-pedro-sanchez-tras-el-comite-de-crisis-del-seguimiento-de-los-efectos-de-la-dana\/#breadcrumb","itemListElement":[{"@type":"ListItem","position":1,"name":"Inicio","item":"https:\/\/dlvradio.es\/"},{"@type":"ListItem","position":2,"name":"Intervenci\u00f3n de Pedro S\u00e1nchez tras el Comit\u00e9 de crisis del seguimiento de los efectos de la DANA"}]},{"@type":"WebSite","@id":"https:\/\/dlvradio.es\/#website","url":"https:\/\/dlvradio.es\/","name":"DLVRADIO","description":"We are an alternative media to traditional media","publisher":{"@id":"https:\/\/dlvradio.es\/#organization"},"potentialAction":[{"@type":"SearchAction","target":{"@type":"EntryPoint","urlTemplate":"https:\/\/dlvradio.es\/?s={search_term_string}"},"query-input":{"@type":"PropertyValueSpecification","valueRequired":true,"valueName":"search_term_string"}}],"inLanguage":"en-US"},{"@type":"Organization","@id":"https:\/\/dlvradio.es\/#organization","name":"DLVRADIO","url":"https:\/\/dlvradio.es\/","logo":{"@type":"ImageObject","inLanguage":"en-US","@id":"https:\/\/dlvradio.es\/#\/schema\/logo\/image\/","url":"","contentUrl":"","caption":"DLVRADIO"},"image":{"@id":"https:\/\/dlvradio.es\/#\/schema\/logo\/image\/"},"sameAs":["https:\/\/www.facebook.com\/RadioDLVradio\/","https:\/\/x.com\/RadioDlvradio","https:\/\/www.instagram.com\/radiodlvradio\/"]},{"@type":"Person","@id":"https:\/\/dlvradio.es\/#\/schema\/person\/6ee60897fbb7fb4ad6634c73f4be87fa","name":"doominio","sameAs":["https:\/\/dlvradio.es"]}]}},"_links":{"self":[{"href":"https:\/\/dlvradio.es\/en\/wp-json\/wp\/v2\/posts\/74947","targetHints":{"allow":["GET"]}}],"collection":[{"href":"https:\/\/dlvradio.es\/en\/wp-json\/wp\/v2\/posts"}],"about":[{"href":"https:\/\/dlvradio.es\/en\/wp-json\/wp\/v2\/types\/post"}],"author":[{"embeddable":true,"href":"https:\/\/dlvradio.es\/en\/wp-json\/wp\/v2\/users\/1"}],"replies":[{"embeddable":true,"href":"https:\/\/dlvradio.es\/en\/wp-json\/wp\/v2\/comments?post=74947"}],"version-history":[{"count":1,"href":"https:\/\/dlvradio.es\/en\/wp-json\/wp\/v2\/posts\/74947\/revisions"}],"predecessor-version":[{"id":74949,"href":"https:\/\/dlvradio.es\/en\/wp-json\/wp\/v2\/posts\/74947\/revisions\/74949"}],"wp:featuredmedia":[{"embeddable":true,"href":"https:\/\/dlvradio.es\/en\/wp-json\/wp\/v2\/media\/74948"}],"wp:attachment":[{"href":"https:\/\/dlvradio.es\/en\/wp-json\/wp\/v2\/media?parent=74947"}],"wp:term":[{"taxonomy":"category","embeddable":true,"href":"https:\/\/dlvradio.es\/en\/wp-json\/wp\/v2\/categories?post=74947"},{"taxonomy":"post_tag","embeddable":true,"href":"https:\/\/dlvradio.es\/en\/wp-json\/wp\/v2\/tags?post=74947"}],"curies":[{"name":"wp","href":"https:\/\/api.w.org\/{rel}","templated":true}]}}