{"id":75060,"date":"2024-11-12T12:51:52","date_gmt":"2024-11-12T11:51:52","guid":{"rendered":"https:\/\/dlvradio.es\/?p=75060"},"modified":"2024-11-12T12:51:52","modified_gmt":"2024-11-12T11:51:52","slug":"prestige-22-anos-despues-del-desastre","status":"publish","type":"post","link":"https:\/\/dlvradio.es\/en\/prestige-22-anos-despues-del-desastre\/","title":{"rendered":"Prestige: 22 a\u00f1os despu\u00e9s del desastre"},"content":{"rendered":"<p><strong>Prestige: 22 a\u00f1os despu\u00e9s del desastre<\/strong><\/p>\n<ul>\n<li><em> Ecologistas en Acci\u00f3n abre al p\u00fablico el documental \u2018Alegr\u00eda!\u2019. Con ello pretende conmemorar el vig\u00e9simo segundo aniversario del desastre ecol\u00f3gico provocado por el hundimiento del petrolero Prestige y alertar de que, 22 a\u00f1os despu\u00e9s, la sociedad no est\u00e1 exenta de un nuevo desastre ecol\u00f3gico debido a la gran dependencia del petr\u00f3leo.<\/em><\/li>\n<\/ul>\n<ul>\n<li><em> \u2018Alegr\u00eda!\u2019, pel\u00edcula producida por la organizaci\u00f3n ecologista, se\u00f1ala las causas que desencadenaron la mayor marea negra de la costa gallega y recuerda que, ante la inacci\u00f3n del gobierno, fue la marea blanca de solidaridad la que se enfrent\u00f3 al chapapote.<\/em><\/li>\n<\/ul>\n<p>Hace 22 a\u00f1os, un funesto 13 de noviembre de 2002, se produjo el mayor desastre ecol\u00f3gico de la historia de Galicia. Una terrible noche de temporal, el petrolero monocasco Prestige sufri\u00f3 una v\u00eda de agua cuando navegaba a 28 millas (52 kil\u00f3metros) del cabo Fisterra. Las autoridades espa\u00f1olas comenzaron un rocambolesco periplo remolcando el barco hasta que se parti\u00f3 en dos el d\u00eda 19 de noviembre.<\/p>\n<p>Como consecuencia de ello, llegaron a las costas gallegas varias decenas de miles de toneladas de fuel oil (chapapote), que luego se extendieron por toda la costa cant\u00e1brica y el sur de Francia, produciendo una de las mayores mareas negras de la historia. Las olas de fuel y muerte batieron contra los acantilados de la Costa da Morte, contra las Islas C\u00edes y Ons, contra las enormes y solitarias playas desde A Lanzada hasta Nemi\u00f1a.<\/p>\n<p>Ante la incompetencia y la falta de medios de la Xunta y el Gobierno central, cientos de marineros se lanzaron a defender las r\u00edas, pescando con sus redes y sus propias manos el chapapote. La sociedad civil autoorganizada, las cofrad\u00edas de pescadores, las mariscadoras, las asociaciones, fueron las que dieron respuesta a la cat\u00e1strofe ante la incomparecencia de las autoridades.<\/p>\n<p>Se gener\u00f3 tambi\u00e9n una ola de solidaridad en todo el Estado y en muchos pa\u00edses, acudiendo miles de personas voluntarias: una marea blanca frente a la marea negra, para limpiar de chapapote las costas gallegas, trabajando durante varios meses. Fueron d\u00edas de l\u00e1grimas y dolor, de mentiras y rabia que despertaron en el pueblo gallego una oleada de indignaci\u00f3n que aneg\u00f3 la plaza del Obradoiro seis veces en la hist\u00f3rica manifestaci\u00f3n del 1 de diciembre de 2002.<\/p>\n<p>200.000 paraguas repitieron como un eco la frase m\u00e1gica \u2018Nunca M\u00e1is\u2019. Orgullo y dignidad, vestidas de negro y azul, de un pueblo que gritaba \u2018basta\u2019 a la burla negra de desastres ecol\u00f3gicos que peri\u00f3dicamente azotaban las costas gallegas. Polycommander, Urquiola, Andros Patria, Cas\u00f3n, Mar Egeo, la lista de la infamia, nombres clavados en nuestra memoria colectiva como el chapapote en las rocas. Ocho de los trece mayores accidentes con vertidos de petr\u00f3leo en las \u00faltimas seis d\u00e9cadas se han producido en las costas de Galicia.<\/p>\n<p>La movilizaci\u00f3n de la sociedad gallega, articulada en la amplia plataforma Nunca M\u00e1is lleg\u00f3 hasta la Puerta del Sol, con una enorme marcha hacia Madrid para exigir justicia, respeto y reparaci\u00f3n. Hartos de los \u201chilillos de plastilina\u201d y las \u201cplayas espl\u00e9ndidas\u201d.<\/p>\n<p>El Gobierno y la Xunta intentaban minimizar el alcance de la tragedia para ocultar su p\u00e9sima gesti\u00f3n. La realidad, que les azotaba en la cara, era la absoluta carencia de recursos y medios, su total incompetencia para acometer la protecci\u00f3n y limpieza de las zonas contaminadas. Esa oleada movilizadora abarc\u00f3 mucho m\u00e1s all\u00e1 del movimiento ecologista, inundando centros de ense\u00f1anza, centros de trabajo, cada puerto y cada balc\u00f3n produciendo un aut\u00e9ntico se\u00edsmo que despert\u00f3 nuestra conciencia como pueblo y nos devolvi\u00f3 la dignidad.<\/p>\n<p>22 a\u00f1os despu\u00e9s los efectos del vertido del Prestige todav\u00eda est\u00e1n presentes en la Costa da Morte, pudi\u00e9ndose observar todav\u00eda a simple vista. A\u00fan queda chapapote bajo la arena. Nos encontramos ante otra prueba m\u00e1s de c\u00f3mo, cuando se produce un gran desastre ecol\u00f3gico, sus efectos perduran durante a\u00f1os o incluso d\u00e9cadas. Por ello, es necesario que se adopten por parte de las autoridades todas las medidas necesarias para evitar que se vuelvan a producir este tipo de accidentes.<\/p>\n<p>Conviene recordar que el 70 % del transporte mar\u00edtimo europeo pasa frente a Galicia, unos 40.000 barcos al a\u00f1o, y aproximadamente uno de cada tres (38 al d\u00eda) transporta mercanc\u00edas peligrosas, adem\u00e1s de su combustible. Recordemos el accidente del quimiquero Blue Star en la R\u00eda de Ares el a\u00f1o pasado.<\/p>\n<p>Ecologistas en Acci\u00f3n, con la difusi\u00f3n de la pel\u00edcula Alegr\u00eda!, quiere recordar que es necesario mejorar la coordinaci\u00f3n de medios operativos permanentes y unidades de vigilancia mar\u00edtima, as\u00ed como el aumento de la cantidad y calidad de las inspecciones de los buques que atracan en el litoral de Galicia. Que hay peque\u00f1os Prestige diarios, en forma de sentinazos. Que tenemos, tambi\u00e9n, que romper con este modelo dependiente del petr\u00f3leo, cuyas desgraciadas consecuencias para el planeta conocemos. Pero, sobre todo, recordar la ola de solidaridad, la marea blanca que supliendo la carencia de medios con la fuerza de la ilusi\u00f3n fue quien de enfrentarse a gran mancha negra mientras el Gobierno, ausente, segu\u00eda negando su existencia. Por eso el t\u00edtulo de esta pel\u00edcula es Alegr\u00eda!, el grito de guerra contra el chapapote que voluntarias y voluntarios entonaban cuando el cansancio hac\u00eda mella en ellos. Una exclamaci\u00f3n popular que devolvi\u00f3 la dignidad al pueblo gallego.<\/p>\n<p>Deben tenerse siempre presentes estas im\u00e1genes, hacer memoria de esta tragedia, pero tambi\u00e9n de esta lucha, para que un desastre as\u00ed no vuelva a repetirse nunca m\u00e1is.<\/p>\n<p><iframe title=\"ALEGRIA!\" width=\"800\" height=\"450\" src=\"https:\/\/www.youtube.com\/embed\/TsZJmW4jvu0?feature=oembed\" frameborder=\"0\" allow=\"accelerometer; autoplay; clipboard-write; encrypted-media; gyroscope; picture-in-picture; web-share\" referrerpolicy=\"strict-origin-when-cross-origin\" allowfullscreen><\/iframe><\/p>","protected":false},"excerpt":{"rendered":"<p>Prestige: 22 a\u00f1os despu\u00e9s del desastre Ecologistas en Acci\u00f3n abre al p\u00fablico el documental \u2018Alegr\u00eda!\u2019. Con ello pretende conmemorar el vig\u00e9simo segundo aniversario del desastre ecol\u00f3gico provocado por el hundimiento del petrolero Prestige y alertar de que, 22 a\u00f1os despu\u00e9s, la sociedad no est\u00e1 exenta de un nuevo desastre ecol\u00f3gico debido a la gran dependencia [&hellip;]<\/p>\n","protected":false},"author":1,"featured_media":75061,"comment_status":"closed","ping_status":"closed","sticky":false,"template":"","format":"standard","meta":{"_acf_changed":false,"footnotes":""},"categories":[2711,2593],"tags":[2478,2466,2507],"class_list":["post-75060","post","type-post","status-publish","format-standard","has-post-thumbnail","hentry","category-emergencia-climatica","category-internacional","tag-ecologia","tag-espana","tag-internacional"],"acf":[],"yoast_head":"<!-- This site is optimized with the Yoast SEO plugin v27.4 - https:\/\/yoast.com\/product\/yoast-seo-wordpress\/ -->\n<title>Prestige: 22 a\u00f1os despu\u00e9s del desastre - DLVRADIO<\/title>\n<meta name=\"description\" content=\"Prestige: 22 a\u00f1os despu\u00e9s del desastre Ecologistas en Acci\u00f3n abre al p\u00fablico el documental \u2018Alegr\u00eda!\u2019. Con ello pretende conmemorar el vig\u00e9simo segundo\" \/>\n<meta name=\"robots\" content=\"index, follow, max-snippet:-1, max-image-preview:large, max-video-preview:-1\" \/>\n<link rel=\"canonical\" href=\"https:\/\/dlvradio.es\/en\/prestige-22-anos-despues-del-desastre\/\" \/>\n<meta property=\"og:locale\" content=\"en_US\" \/>\n<meta property=\"og:type\" content=\"article\" \/>\n<meta property=\"og:title\" content=\"Prestige: 22 a\u00f1os despu\u00e9s del desastre - DLVRADIO\" \/>\n<meta property=\"og:description\" content=\"Prestige: 22 a\u00f1os despu\u00e9s del desastre Ecologistas en Acci\u00f3n abre al p\u00fablico el documental \u2018Alegr\u00eda!\u2019. Con ello pretende conmemorar el vig\u00e9simo segundo\" \/>\n<meta property=\"og:url\" content=\"https:\/\/dlvradio.es\/en\/prestige-22-anos-despues-del-desastre\/\" \/>\n<meta property=\"og:site_name\" content=\"DLVRADIO\" \/>\n<meta property=\"article:publisher\" content=\"https:\/\/www.facebook.com\/RadioDLVradio\/\" \/>\n<meta property=\"article:published_time\" content=\"2024-11-12T11:51:52+00:00\" \/>\n<meta property=\"og:image\" content=\"https:\/\/dlvradio.es\/wp-content\/uploads\/2024\/11\/DLVRADIO.ES-2-1024x1024.png\" \/>\n\t<meta property=\"og:image:width\" content=\"1024\" \/>\n\t<meta property=\"og:image:height\" content=\"1024\" \/>\n\t<meta property=\"og:image:type\" content=\"image\/png\" \/>\n<meta name=\"author\" content=\"doominio\" \/>\n<meta name=\"twitter:card\" content=\"summary_large_image\" \/>\n<meta name=\"twitter:creator\" content=\"@RadioDlvradio\" \/>\n<meta name=\"twitter:site\" content=\"@RadioDlvradio\" \/>\n<script type=\"application\/ld+json\" class=\"yoast-schema-graph\">{\"@context\":\"https:\\\/\\\/schema.org\",\"@graph\":[{\"@type\":\"Article\",\"@id\":\"https:\\\/\\\/dlvradio.es\\\/prestige-22-anos-despues-del-desastre\\\/#article\",\"isPartOf\":{\"@id\":\"https:\\\/\\\/dlvradio.es\\\/prestige-22-anos-despues-del-desastre\\\/\"},\"author\":{\"name\":\"doominio\",\"@id\":\"https:\\\/\\\/dlvradio.es\\\/#\\\/schema\\\/person\\\/6ee60897fbb7fb4ad6634c73f4be87fa\"},\"headline\":\"Prestige: 22 a\u00f1os despu\u00e9s del desastre\",\"datePublished\":\"2024-11-12T11:51:52+00:00\",\"mainEntityOfPage\":{\"@id\":\"https:\\\/\\\/dlvradio.es\\\/prestige-22-anos-despues-del-desastre\\\/\"},\"wordCount\":981,\"publisher\":{\"@id\":\"https:\\\/\\\/dlvradio.es\\\/#organization\"},\"image\":{\"@id\":\"https:\\\/\\\/dlvradio.es\\\/prestige-22-anos-despues-del-desastre\\\/#primaryimage\"},\"thumbnailUrl\":\"https:\\\/\\\/dlvradio.es\\\/wp-content\\\/uploads\\\/2024\\\/11\\\/DLVRADIO.ES-2.png\",\"keywords\":[\"ecolog\u00eda\",\"Espa\u00f1a\",\"internacional\"],\"articleSection\":[\"Emergencia clim\u00e1tica\",\"Internacional\"],\"inLanguage\":\"en-US\"},{\"@type\":\"WebPage\",\"@id\":\"https:\\\/\\\/dlvradio.es\\\/prestige-22-anos-despues-del-desastre\\\/\",\"url\":\"https:\\\/\\\/dlvradio.es\\\/prestige-22-anos-despues-del-desastre\\\/\",\"name\":\"Prestige: 22 a\u00f1os despu\u00e9s del desastre - DLVRADIO\",\"isPartOf\":{\"@id\":\"https:\\\/\\\/dlvradio.es\\\/#website\"},\"primaryImageOfPage\":{\"@id\":\"https:\\\/\\\/dlvradio.es\\\/prestige-22-anos-despues-del-desastre\\\/#primaryimage\"},\"image\":{\"@id\":\"https:\\\/\\\/dlvradio.es\\\/prestige-22-anos-despues-del-desastre\\\/#primaryimage\"},\"thumbnailUrl\":\"https:\\\/\\\/dlvradio.es\\\/wp-content\\\/uploads\\\/2024\\\/11\\\/DLVRADIO.ES-2.png\",\"datePublished\":\"2024-11-12T11:51:52+00:00\",\"description\":\"Prestige: 22 a\u00f1os despu\u00e9s del desastre Ecologistas en Acci\u00f3n abre al p\u00fablico el documental \u2018Alegr\u00eda!\u2019. Con ello pretende conmemorar el vig\u00e9simo segundo\",\"breadcrumb\":{\"@id\":\"https:\\\/\\\/dlvradio.es\\\/prestige-22-anos-despues-del-desastre\\\/#breadcrumb\"},\"inLanguage\":\"en-US\",\"potentialAction\":[{\"@type\":\"ReadAction\",\"target\":[\"https:\\\/\\\/dlvradio.es\\\/prestige-22-anos-despues-del-desastre\\\/\"]}]},{\"@type\":\"ImageObject\",\"inLanguage\":\"en-US\",\"@id\":\"https:\\\/\\\/dlvradio.es\\\/prestige-22-anos-despues-del-desastre\\\/#primaryimage\",\"url\":\"https:\\\/\\\/dlvradio.es\\\/wp-content\\\/uploads\\\/2024\\\/11\\\/DLVRADIO.ES-2.png\",\"contentUrl\":\"https:\\\/\\\/dlvradio.es\\\/wp-content\\\/uploads\\\/2024\\\/11\\\/DLVRADIO.ES-2.png\",\"width\":1500,\"height\":1500,\"caption\":\"Prestige: 22 a\u00f1os despu\u00e9s del desastre\"},{\"@type\":\"BreadcrumbList\",\"@id\":\"https:\\\/\\\/dlvradio.es\\\/prestige-22-anos-despues-del-desastre\\\/#breadcrumb\",\"itemListElement\":[{\"@type\":\"ListItem\",\"position\":1,\"name\":\"Inicio\",\"item\":\"https:\\\/\\\/dlvradio.es\\\/\"},{\"@type\":\"ListItem\",\"position\":2,\"name\":\"Prestige: 22 a\u00f1os despu\u00e9s del desastre\"}]},{\"@type\":\"WebSite\",\"@id\":\"https:\\\/\\\/dlvradio.es\\\/#website\",\"url\":\"https:\\\/\\\/dlvradio.es\\\/\",\"name\":\"DLVRADIO\",\"description\":\"Somos un medio de comunicaci\u00f3n alternativo a los medios tradicionales\",\"publisher\":{\"@id\":\"https:\\\/\\\/dlvradio.es\\\/#organization\"},\"potentialAction\":[{\"@type\":\"SearchAction\",\"target\":{\"@type\":\"EntryPoint\",\"urlTemplate\":\"https:\\\/\\\/dlvradio.es\\\/?s={search_term_string}\"},\"query-input\":{\"@type\":\"PropertyValueSpecification\",\"valueRequired\":true,\"valueName\":\"search_term_string\"}}],\"inLanguage\":\"en-US\"},{\"@type\":\"Organization\",\"@id\":\"https:\\\/\\\/dlvradio.es\\\/#organization\",\"name\":\"DLVRADIO\",\"url\":\"https:\\\/\\\/dlvradio.es\\\/\",\"logo\":{\"@type\":\"ImageObject\",\"inLanguage\":\"en-US\",\"@id\":\"https:\\\/\\\/dlvradio.es\\\/#\\\/schema\\\/logo\\\/image\\\/\",\"url\":\"\",\"contentUrl\":\"\",\"caption\":\"DLVRADIO\"},\"image\":{\"@id\":\"https:\\\/\\\/dlvradio.es\\\/#\\\/schema\\\/logo\\\/image\\\/\"},\"sameAs\":[\"https:\\\/\\\/www.facebook.com\\\/RadioDLVradio\\\/\",\"https:\\\/\\\/x.com\\\/RadioDlvradio\",\"https:\\\/\\\/www.instagram.com\\\/radiodlvradio\\\/\"]},{\"@type\":\"Person\",\"@id\":\"https:\\\/\\\/dlvradio.es\\\/#\\\/schema\\\/person\\\/6ee60897fbb7fb4ad6634c73f4be87fa\",\"name\":\"doominio\",\"sameAs\":[\"https:\\\/\\\/dlvradio.es\"]}]}<\/script>\n<!-- \/ Yoast SEO plugin. -->","yoast_head_json":{"title":"Prestige: 22 a\u00f1os despu\u00e9s del desastre - DLVRADIO","description":"Prestige: 22 a\u00f1os despu\u00e9s del desastre Ecologistas en Acci\u00f3n abre al p\u00fablico el documental \u2018Alegr\u00eda!\u2019. Con ello pretende conmemorar el vig\u00e9simo segundo","robots":{"index":"index","follow":"follow","max-snippet":"max-snippet:-1","max-image-preview":"max-image-preview:large","max-video-preview":"max-video-preview:-1"},"canonical":"https:\/\/dlvradio.es\/en\/prestige-22-anos-despues-del-desastre\/","og_locale":"en_US","og_type":"article","og_title":"Prestige: 22 a\u00f1os despu\u00e9s del desastre - DLVRADIO","og_description":"Prestige: 22 a\u00f1os despu\u00e9s del desastre Ecologistas en Acci\u00f3n abre al p\u00fablico el documental \u2018Alegr\u00eda!\u2019. Con ello pretende conmemorar el vig\u00e9simo segundo","og_url":"https:\/\/dlvradio.es\/en\/prestige-22-anos-despues-del-desastre\/","og_site_name":"DLVRADIO","article_publisher":"https:\/\/www.facebook.com\/RadioDLVradio\/","article_published_time":"2024-11-12T11:51:52+00:00","og_image":[{"width":1024,"height":1024,"url":"https:\/\/dlvradio.es\/wp-content\/uploads\/2024\/11\/DLVRADIO.ES-2-1024x1024.png","type":"image\/png"}],"author":"doominio","twitter_card":"summary_large_image","twitter_creator":"@RadioDlvradio","twitter_site":"@RadioDlvradio","schema":{"@context":"https:\/\/schema.org","@graph":[{"@type":"Article","@id":"https:\/\/dlvradio.es\/prestige-22-anos-despues-del-desastre\/#article","isPartOf":{"@id":"https:\/\/dlvradio.es\/prestige-22-anos-despues-del-desastre\/"},"author":{"name":"doominio","@id":"https:\/\/dlvradio.es\/#\/schema\/person\/6ee60897fbb7fb4ad6634c73f4be87fa"},"headline":"Prestige: 22 a\u00f1os despu\u00e9s del desastre","datePublished":"2024-11-12T11:51:52+00:00","mainEntityOfPage":{"@id":"https:\/\/dlvradio.es\/prestige-22-anos-despues-del-desastre\/"},"wordCount":981,"publisher":{"@id":"https:\/\/dlvradio.es\/#organization"},"image":{"@id":"https:\/\/dlvradio.es\/prestige-22-anos-despues-del-desastre\/#primaryimage"},"thumbnailUrl":"https:\/\/dlvradio.es\/wp-content\/uploads\/2024\/11\/DLVRADIO.ES-2.png","keywords":["ecolog\u00eda","Espa\u00f1a","internacional"],"articleSection":["Emergencia clim\u00e1tica","Internacional"],"inLanguage":"en-US"},{"@type":"WebPage","@id":"https:\/\/dlvradio.es\/prestige-22-anos-despues-del-desastre\/","url":"https:\/\/dlvradio.es\/prestige-22-anos-despues-del-desastre\/","name":"Prestige: 22 a\u00f1os despu\u00e9s del desastre - DLVRADIO","isPartOf":{"@id":"https:\/\/dlvradio.es\/#website"},"primaryImageOfPage":{"@id":"https:\/\/dlvradio.es\/prestige-22-anos-despues-del-desastre\/#primaryimage"},"image":{"@id":"https:\/\/dlvradio.es\/prestige-22-anos-despues-del-desastre\/#primaryimage"},"thumbnailUrl":"https:\/\/dlvradio.es\/wp-content\/uploads\/2024\/11\/DLVRADIO.ES-2.png","datePublished":"2024-11-12T11:51:52+00:00","description":"Prestige: 22 a\u00f1os despu\u00e9s del desastre Ecologistas en Acci\u00f3n abre al p\u00fablico el documental \u2018Alegr\u00eda!\u2019. Con ello pretende conmemorar el vig\u00e9simo segundo","breadcrumb":{"@id":"https:\/\/dlvradio.es\/prestige-22-anos-despues-del-desastre\/#breadcrumb"},"inLanguage":"en-US","potentialAction":[{"@type":"ReadAction","target":["https:\/\/dlvradio.es\/prestige-22-anos-despues-del-desastre\/"]}]},{"@type":"ImageObject","inLanguage":"en-US","@id":"https:\/\/dlvradio.es\/prestige-22-anos-despues-del-desastre\/#primaryimage","url":"https:\/\/dlvradio.es\/wp-content\/uploads\/2024\/11\/DLVRADIO.ES-2.png","contentUrl":"https:\/\/dlvradio.es\/wp-content\/uploads\/2024\/11\/DLVRADIO.ES-2.png","width":1500,"height":1500,"caption":"Prestige: 22 a\u00f1os despu\u00e9s del desastre"},{"@type":"BreadcrumbList","@id":"https:\/\/dlvradio.es\/prestige-22-anos-despues-del-desastre\/#breadcrumb","itemListElement":[{"@type":"ListItem","position":1,"name":"Inicio","item":"https:\/\/dlvradio.es\/"},{"@type":"ListItem","position":2,"name":"Prestige: 22 a\u00f1os despu\u00e9s del desastre"}]},{"@type":"WebSite","@id":"https:\/\/dlvradio.es\/#website","url":"https:\/\/dlvradio.es\/","name":"DLVRADIO","description":"We are an alternative media to traditional media","publisher":{"@id":"https:\/\/dlvradio.es\/#organization"},"potentialAction":[{"@type":"SearchAction","target":{"@type":"EntryPoint","urlTemplate":"https:\/\/dlvradio.es\/?s={search_term_string}"},"query-input":{"@type":"PropertyValueSpecification","valueRequired":true,"valueName":"search_term_string"}}],"inLanguage":"en-US"},{"@type":"Organization","@id":"https:\/\/dlvradio.es\/#organization","name":"DLVRADIO","url":"https:\/\/dlvradio.es\/","logo":{"@type":"ImageObject","inLanguage":"en-US","@id":"https:\/\/dlvradio.es\/#\/schema\/logo\/image\/","url":"","contentUrl":"","caption":"DLVRADIO"},"image":{"@id":"https:\/\/dlvradio.es\/#\/schema\/logo\/image\/"},"sameAs":["https:\/\/www.facebook.com\/RadioDLVradio\/","https:\/\/x.com\/RadioDlvradio","https:\/\/www.instagram.com\/radiodlvradio\/"]},{"@type":"Person","@id":"https:\/\/dlvradio.es\/#\/schema\/person\/6ee60897fbb7fb4ad6634c73f4be87fa","name":"doominio","sameAs":["https:\/\/dlvradio.es"]}]}},"_links":{"self":[{"href":"https:\/\/dlvradio.es\/en\/wp-json\/wp\/v2\/posts\/75060","targetHints":{"allow":["GET"]}}],"collection":[{"href":"https:\/\/dlvradio.es\/en\/wp-json\/wp\/v2\/posts"}],"about":[{"href":"https:\/\/dlvradio.es\/en\/wp-json\/wp\/v2\/types\/post"}],"author":[{"embeddable":true,"href":"https:\/\/dlvradio.es\/en\/wp-json\/wp\/v2\/users\/1"}],"replies":[{"embeddable":true,"href":"https:\/\/dlvradio.es\/en\/wp-json\/wp\/v2\/comments?post=75060"}],"version-history":[{"count":1,"href":"https:\/\/dlvradio.es\/en\/wp-json\/wp\/v2\/posts\/75060\/revisions"}],"predecessor-version":[{"id":75062,"href":"https:\/\/dlvradio.es\/en\/wp-json\/wp\/v2\/posts\/75060\/revisions\/75062"}],"wp:featuredmedia":[{"embeddable":true,"href":"https:\/\/dlvradio.es\/en\/wp-json\/wp\/v2\/media\/75061"}],"wp:attachment":[{"href":"https:\/\/dlvradio.es\/en\/wp-json\/wp\/v2\/media?parent=75060"}],"wp:term":[{"taxonomy":"category","embeddable":true,"href":"https:\/\/dlvradio.es\/en\/wp-json\/wp\/v2\/categories?post=75060"},{"taxonomy":"post_tag","embeddable":true,"href":"https:\/\/dlvradio.es\/en\/wp-json\/wp\/v2\/tags?post=75060"}],"curies":[{"name":"wp","href":"https:\/\/api.w.org\/{rel}","templated":true}]}}