{"id":75905,"date":"2025-01-24T18:54:08","date_gmt":"2025-01-24T17:54:08","guid":{"rendered":"https:\/\/dlvradio.es\/?p=75905"},"modified":"2025-01-24T18:54:08","modified_gmt":"2025-01-24T17:54:08","slug":"la-policia-nacional-en-colaboracion-con-guardia-civil-y-policia-local-de-platja-daro-interviene-trofeos-cinegeticos-de-especies-protegidas","status":"publish","type":"post","link":"https:\/\/dlvradio.es\/en\/la-policia-nacional-en-colaboracion-con-guardia-civil-y-policia-local-de-platja-daro-interviene-trofeos-cinegeticos-de-especies-protegidas\/","title":{"rendered":"La Polic\u00eda Nacional en colaboraci\u00f3n con Guardia Civil y Polic\u00eda Local de Platja d\u2019Aro interviene trofeos cineg\u00e9ticos de especies protegidas"},"content":{"rendered":"<p>En la localidad de Platja d\u2019Aro (Girona)<\/p>\n<h4><strong>La Polic\u00eda Nacional en colaboraci\u00f3n con Guardia Civil y Polic\u00eda Local de Platja d\u2019Aro interviene trofeos cineg\u00e9ticos de especies protegidas.<\/strong><\/h4>\n<ul>\n<li><em>El material intervenido pertenec\u00eda a una persona fallecida<\/em><\/li>\n<\/ul>\n<ul>\n<li><em>La intervenci\u00f3n se realiz\u00f3 de manera conjunta entre Polic\u00eda Nacional, Guardia Civil-Seprona y Polic\u00eda Local de Platja d\u2019Aro<\/em><\/li>\n<\/ul>\n<p>La Comisar\u00eda Local de Polic\u00eda Nacional de Sant Feliu de Gu\u00edxols (Girona) en colaboraci\u00f3n con el Seprona de Guardia Civil y la Polic\u00eda Local de Platja d\u2019Aro han procedido a la incautaci\u00f3n de 135 ejemplares de trofeos cineg\u00e9ticos disecados.<\/p>\n<p>La Polic\u00eda Nacional, fruto de investigaciones propias, tuvo conocimiento de la existencia de una importante colecci\u00f3n de trofeos cineg\u00e9ticos, entre los cuales pod\u00edan encontrarse especies protegidas seg\u00fan la Convenci\u00f3n sobre el Comercio Internacional de especies Amenazadas de Fauna y Flora Silvestre (CITES).<\/p>\n<p>Se requiri\u00f3 la colaboraci\u00f3n de la Unidad del Seprona de la Guardia Civil y de la Polic\u00eda Local de Platja d\u2019Aro para proceder a la intervenci\u00f3n y la catalogaci\u00f3n de las especies protegidas disecadas que se pudieran encontrar en la vivienda.<\/p>\n<p>Una vez se entr\u00f3 en la vivienda se pudo comprobar la existencia de animales protegidos a los que se les hab\u00eda practicado la taxidermia, como por ejemplo un le\u00f3n.<\/p>\n<p>Se incautaron 135 piezas, de las cuales 8 pueden estar incluidas en el listado CITES y las dem\u00e1s no cuentan con ning\u00fan tipo de documentaci\u00f3n de importaci\u00f3n, compra, taxidermista, etc.<\/p>\n<p>Los trofeos han quedado incautados a la espera de catalogaci\u00f3n por el Seprona de la Guardia Civil.<\/p>","protected":false},"excerpt":{"rendered":"<p>En la localidad de Platja d\u2019Aro (Girona) La Polic\u00eda Nacional en colaboraci\u00f3n con Guardia Civil y Polic\u00eda Local de Platja d\u2019Aro interviene trofeos cineg\u00e9ticos de especies protegidas. El material intervenido pertenec\u00eda a una persona fallecida La intervenci\u00f3n se realiz\u00f3 de manera conjunta entre Polic\u00eda Nacional, Guardia Civil-Seprona y Polic\u00eda Local de Platja d\u2019Aro La Comisar\u00eda [&hellip;]<\/p>\n","protected":false},"author":1,"featured_media":75906,"comment_status":"closed","ping_status":"closed","sticky":false,"template":"","format":"standard","meta":{"_acf_changed":false,"footnotes":""},"categories":[2772],"tags":[2774,2613],"class_list":["post-75905","post","type-post","status-publish","format-standard","has-post-thumbnail","hentry","category-sucesos","tag-policia","tag-sucesos"],"acf":[],"yoast_head":"<!-- This site is optimized with the Yoast SEO plugin v27.4 - https:\/\/yoast.com\/product\/yoast-seo-wordpress\/ -->\n<title>La Polic\u00eda Nacional en colaboraci\u00f3n con Guardia Civil y Polic\u00eda Local de Platja d\u2019Aro interviene trofeos cineg\u00e9ticos de especies protegidas - DLVRADIO<\/title>\n<meta name=\"description\" content=\"En la localidad de Platja d\u2019Aro (Girona) La Polic\u00eda Nacional en colaboraci\u00f3n con Guardia Civil y Polic\u00eda Local de Platja d\u2019Aro interviene trofeos\" \/>\n<meta name=\"robots\" content=\"index, follow, max-snippet:-1, max-image-preview:large, max-video-preview:-1\" \/>\n<link rel=\"canonical\" href=\"https:\/\/dlvradio.es\/en\/la-policia-nacional-en-colaboracion-con-guardia-civil-y-policia-local-de-platja-daro-interviene-trofeos-cinegeticos-de-especies-protegidas\/\" \/>\n<meta property=\"og:locale\" content=\"en_US\" \/>\n<meta property=\"og:type\" content=\"article\" \/>\n<meta property=\"og:title\" content=\"La Polic\u00eda Nacional en colaboraci\u00f3n con Guardia Civil y Polic\u00eda Local de Platja d\u2019Aro interviene trofeos cineg\u00e9ticos de especies protegidas - DLVRADIO\" \/>\n<meta property=\"og:description\" content=\"En la localidad de Platja d\u2019Aro (Girona) La Polic\u00eda Nacional en colaboraci\u00f3n con Guardia Civil y Polic\u00eda Local de Platja d\u2019Aro interviene trofeos\" \/>\n<meta property=\"og:url\" content=\"https:\/\/dlvradio.es\/en\/la-policia-nacional-en-colaboracion-con-guardia-civil-y-policia-local-de-platja-daro-interviene-trofeos-cinegeticos-de-especies-protegidas\/\" \/>\n<meta property=\"og:site_name\" content=\"DLVRADIO\" \/>\n<meta property=\"article:publisher\" content=\"https:\/\/www.facebook.com\/RadioDLVradio\/\" \/>\n<meta property=\"article:published_time\" content=\"2025-01-24T17:54:08+00:00\" \/>\n<meta property=\"og:image\" content=\"https:\/\/dlvradio.es\/wp-content\/uploads\/2025\/01\/DLVRADIO.ES-1-2.png\" \/>\n\t<meta property=\"og:image:width\" content=\"1500\" \/>\n\t<meta property=\"og:image:height\" content=\"1500\" \/>\n\t<meta property=\"og:image:type\" content=\"image\/png\" \/>\n<meta name=\"author\" content=\"doominio\" \/>\n<meta name=\"twitter:card\" content=\"summary_large_image\" \/>\n<meta name=\"twitter:creator\" content=\"@RadioDlvradio\" \/>\n<meta name=\"twitter:site\" content=\"@RadioDlvradio\" \/>\n<script type=\"application\/ld+json\" class=\"yoast-schema-graph\">{\"@context\":\"https:\\\/\\\/schema.org\",\"@graph\":[{\"@type\":\"Article\",\"@id\":\"https:\\\/\\\/dlvradio.es\\\/la-policia-nacional-en-colaboracion-con-guardia-civil-y-policia-local-de-platja-daro-interviene-trofeos-cinegeticos-de-especies-protegidas\\\/#article\",\"isPartOf\":{\"@id\":\"https:\\\/\\\/dlvradio.es\\\/la-policia-nacional-en-colaboracion-con-guardia-civil-y-policia-local-de-platja-daro-interviene-trofeos-cinegeticos-de-especies-protegidas\\\/\"},\"author\":{\"name\":\"doominio\",\"@id\":\"https:\\\/\\\/dlvradio.es\\\/#\\\/schema\\\/person\\\/6ee60897fbb7fb4ad6634c73f4be87fa\"},\"headline\":\"La Polic\u00eda Nacional en colaboraci\u00f3n con Guardia Civil y Polic\u00eda Local de Platja d\u2019Aro interviene trofeos cineg\u00e9ticos de especies protegidas\",\"datePublished\":\"2025-01-24T17:54:08+00:00\",\"mainEntityOfPage\":{\"@id\":\"https:\\\/\\\/dlvradio.es\\\/la-policia-nacional-en-colaboracion-con-guardia-civil-y-policia-local-de-platja-daro-interviene-trofeos-cinegeticos-de-especies-protegidas\\\/\"},\"wordCount\":310,\"publisher\":{\"@id\":\"https:\\\/\\\/dlvradio.es\\\/#organization\"},\"image\":{\"@id\":\"https:\\\/\\\/dlvradio.es\\\/la-policia-nacional-en-colaboracion-con-guardia-civil-y-policia-local-de-platja-daro-interviene-trofeos-cinegeticos-de-especies-protegidas\\\/#primaryimage\"},\"thumbnailUrl\":\"https:\\\/\\\/dlvradio.es\\\/wp-content\\\/uploads\\\/2025\\\/01\\\/DLVRADIO.ES-1-2.png\",\"keywords\":[\"polic\u00eda\",\"sucesos\"],\"articleSection\":[\"Sucesos\"],\"inLanguage\":\"en-US\"},{\"@type\":\"WebPage\",\"@id\":\"https:\\\/\\\/dlvradio.es\\\/la-policia-nacional-en-colaboracion-con-guardia-civil-y-policia-local-de-platja-daro-interviene-trofeos-cinegeticos-de-especies-protegidas\\\/\",\"url\":\"https:\\\/\\\/dlvradio.es\\\/la-policia-nacional-en-colaboracion-con-guardia-civil-y-policia-local-de-platja-daro-interviene-trofeos-cinegeticos-de-especies-protegidas\\\/\",\"name\":\"La Polic\u00eda Nacional en colaboraci\u00f3n con Guardia Civil y Polic\u00eda Local de Platja d\u2019Aro interviene trofeos cineg\u00e9ticos de especies protegidas - DLVRADIO\",\"isPartOf\":{\"@id\":\"https:\\\/\\\/dlvradio.es\\\/#website\"},\"primaryImageOfPage\":{\"@id\":\"https:\\\/\\\/dlvradio.es\\\/la-policia-nacional-en-colaboracion-con-guardia-civil-y-policia-local-de-platja-daro-interviene-trofeos-cinegeticos-de-especies-protegidas\\\/#primaryimage\"},\"image\":{\"@id\":\"https:\\\/\\\/dlvradio.es\\\/la-policia-nacional-en-colaboracion-con-guardia-civil-y-policia-local-de-platja-daro-interviene-trofeos-cinegeticos-de-especies-protegidas\\\/#primaryimage\"},\"thumbnailUrl\":\"https:\\\/\\\/dlvradio.es\\\/wp-content\\\/uploads\\\/2025\\\/01\\\/DLVRADIO.ES-1-2.png\",\"datePublished\":\"2025-01-24T17:54:08+00:00\",\"description\":\"En la localidad de Platja d\u2019Aro (Girona) La Polic\u00eda Nacional en colaboraci\u00f3n con Guardia Civil y Polic\u00eda Local de Platja d\u2019Aro interviene trofeos\",\"breadcrumb\":{\"@id\":\"https:\\\/\\\/dlvradio.es\\\/la-policia-nacional-en-colaboracion-con-guardia-civil-y-policia-local-de-platja-daro-interviene-trofeos-cinegeticos-de-especies-protegidas\\\/#breadcrumb\"},\"inLanguage\":\"en-US\",\"potentialAction\":[{\"@type\":\"ReadAction\",\"target\":[\"https:\\\/\\\/dlvradio.es\\\/la-policia-nacional-en-colaboracion-con-guardia-civil-y-policia-local-de-platja-daro-interviene-trofeos-cinegeticos-de-especies-protegidas\\\/\"]}]},{\"@type\":\"ImageObject\",\"inLanguage\":\"en-US\",\"@id\":\"https:\\\/\\\/dlvradio.es\\\/la-policia-nacional-en-colaboracion-con-guardia-civil-y-policia-local-de-platja-daro-interviene-trofeos-cinegeticos-de-especies-protegidas\\\/#primaryimage\",\"url\":\"https:\\\/\\\/dlvradio.es\\\/wp-content\\\/uploads\\\/2025\\\/01\\\/DLVRADIO.ES-1-2.png\",\"contentUrl\":\"https:\\\/\\\/dlvradio.es\\\/wp-content\\\/uploads\\\/2025\\\/01\\\/DLVRADIO.ES-1-2.png\",\"width\":1500,\"height\":1500,\"caption\":\"La Polic\u00eda Nacional en colaboraci\u00f3n con Guardia Civil y Polic\u00eda Local de Platja d\u2019Aro interviene trofeos cineg\u00e9ticos de especies protegidas\"},{\"@type\":\"BreadcrumbList\",\"@id\":\"https:\\\/\\\/dlvradio.es\\\/la-policia-nacional-en-colaboracion-con-guardia-civil-y-policia-local-de-platja-daro-interviene-trofeos-cinegeticos-de-especies-protegidas\\\/#breadcrumb\",\"itemListElement\":[{\"@type\":\"ListItem\",\"position\":1,\"name\":\"Inicio\",\"item\":\"https:\\\/\\\/dlvradio.es\\\/\"},{\"@type\":\"ListItem\",\"position\":2,\"name\":\"La Polic\u00eda Nacional en colaboraci\u00f3n con Guardia Civil y Polic\u00eda Local de Platja d\u2019Aro interviene trofeos cineg\u00e9ticos de especies protegidas\"}]},{\"@type\":\"WebSite\",\"@id\":\"https:\\\/\\\/dlvradio.es\\\/#website\",\"url\":\"https:\\\/\\\/dlvradio.es\\\/\",\"name\":\"DLVRADIO\",\"description\":\"Somos un medio de comunicaci\u00f3n alternativo a los medios tradicionales\",\"publisher\":{\"@id\":\"https:\\\/\\\/dlvradio.es\\\/#organization\"},\"potentialAction\":[{\"@type\":\"SearchAction\",\"target\":{\"@type\":\"EntryPoint\",\"urlTemplate\":\"https:\\\/\\\/dlvradio.es\\\/?s={search_term_string}\"},\"query-input\":{\"@type\":\"PropertyValueSpecification\",\"valueRequired\":true,\"valueName\":\"search_term_string\"}}],\"inLanguage\":\"en-US\"},{\"@type\":\"Organization\",\"@id\":\"https:\\\/\\\/dlvradio.es\\\/#organization\",\"name\":\"DLVRADIO\",\"url\":\"https:\\\/\\\/dlvradio.es\\\/\",\"logo\":{\"@type\":\"ImageObject\",\"inLanguage\":\"en-US\",\"@id\":\"https:\\\/\\\/dlvradio.es\\\/#\\\/schema\\\/logo\\\/image\\\/\",\"url\":\"\",\"contentUrl\":\"\",\"caption\":\"DLVRADIO\"},\"image\":{\"@id\":\"https:\\\/\\\/dlvradio.es\\\/#\\\/schema\\\/logo\\\/image\\\/\"},\"sameAs\":[\"https:\\\/\\\/www.facebook.com\\\/RadioDLVradio\\\/\",\"https:\\\/\\\/x.com\\\/RadioDlvradio\",\"https:\\\/\\\/www.instagram.com\\\/radiodlvradio\\\/\"]},{\"@type\":\"Person\",\"@id\":\"https:\\\/\\\/dlvradio.es\\\/#\\\/schema\\\/person\\\/6ee60897fbb7fb4ad6634c73f4be87fa\",\"name\":\"doominio\",\"sameAs\":[\"https:\\\/\\\/dlvradio.es\"]}]}<\/script>\n<!-- \/ Yoast SEO plugin. -->","yoast_head_json":{"title":"La Polic\u00eda Nacional en colaboraci\u00f3n con Guardia Civil y Polic\u00eda Local de Platja d\u2019Aro interviene trofeos cineg\u00e9ticos de especies protegidas - DLVRADIO","description":"En la localidad de Platja d\u2019Aro (Girona) La Polic\u00eda Nacional en colaboraci\u00f3n con Guardia Civil y Polic\u00eda Local de Platja d\u2019Aro interviene trofeos","robots":{"index":"index","follow":"follow","max-snippet":"max-snippet:-1","max-image-preview":"max-image-preview:large","max-video-preview":"max-video-preview:-1"},"canonical":"https:\/\/dlvradio.es\/en\/la-policia-nacional-en-colaboracion-con-guardia-civil-y-policia-local-de-platja-daro-interviene-trofeos-cinegeticos-de-especies-protegidas\/","og_locale":"en_US","og_type":"article","og_title":"La Polic\u00eda Nacional en colaboraci\u00f3n con Guardia Civil y Polic\u00eda Local de Platja d\u2019Aro interviene trofeos cineg\u00e9ticos de especies protegidas - DLVRADIO","og_description":"En la localidad de Platja d\u2019Aro (Girona) La Polic\u00eda Nacional en colaboraci\u00f3n con Guardia Civil y Polic\u00eda Local de Platja d\u2019Aro interviene trofeos","og_url":"https:\/\/dlvradio.es\/en\/la-policia-nacional-en-colaboracion-con-guardia-civil-y-policia-local-de-platja-daro-interviene-trofeos-cinegeticos-de-especies-protegidas\/","og_site_name":"DLVRADIO","article_publisher":"https:\/\/www.facebook.com\/RadioDLVradio\/","article_published_time":"2025-01-24T17:54:08+00:00","og_image":[{"width":1500,"height":1500,"url":"https:\/\/dlvradio.es\/wp-content\/uploads\/2025\/01\/DLVRADIO.ES-1-2.png","type":"image\/png"}],"author":"doominio","twitter_card":"summary_large_image","twitter_creator":"@RadioDlvradio","twitter_site":"@RadioDlvradio","schema":{"@context":"https:\/\/schema.org","@graph":[{"@type":"Article","@id":"https:\/\/dlvradio.es\/la-policia-nacional-en-colaboracion-con-guardia-civil-y-policia-local-de-platja-daro-interviene-trofeos-cinegeticos-de-especies-protegidas\/#article","isPartOf":{"@id":"https:\/\/dlvradio.es\/la-policia-nacional-en-colaboracion-con-guardia-civil-y-policia-local-de-platja-daro-interviene-trofeos-cinegeticos-de-especies-protegidas\/"},"author":{"name":"doominio","@id":"https:\/\/dlvradio.es\/#\/schema\/person\/6ee60897fbb7fb4ad6634c73f4be87fa"},"headline":"La Polic\u00eda Nacional en colaboraci\u00f3n con Guardia Civil y Polic\u00eda Local de Platja d\u2019Aro interviene trofeos cineg\u00e9ticos de especies protegidas","datePublished":"2025-01-24T17:54:08+00:00","mainEntityOfPage":{"@id":"https:\/\/dlvradio.es\/la-policia-nacional-en-colaboracion-con-guardia-civil-y-policia-local-de-platja-daro-interviene-trofeos-cinegeticos-de-especies-protegidas\/"},"wordCount":310,"publisher":{"@id":"https:\/\/dlvradio.es\/#organization"},"image":{"@id":"https:\/\/dlvradio.es\/la-policia-nacional-en-colaboracion-con-guardia-civil-y-policia-local-de-platja-daro-interviene-trofeos-cinegeticos-de-especies-protegidas\/#primaryimage"},"thumbnailUrl":"https:\/\/dlvradio.es\/wp-content\/uploads\/2025\/01\/DLVRADIO.ES-1-2.png","keywords":["polic\u00eda","sucesos"],"articleSection":["Sucesos"],"inLanguage":"en-US"},{"@type":"WebPage","@id":"https:\/\/dlvradio.es\/la-policia-nacional-en-colaboracion-con-guardia-civil-y-policia-local-de-platja-daro-interviene-trofeos-cinegeticos-de-especies-protegidas\/","url":"https:\/\/dlvradio.es\/la-policia-nacional-en-colaboracion-con-guardia-civil-y-policia-local-de-platja-daro-interviene-trofeos-cinegeticos-de-especies-protegidas\/","name":"La Polic\u00eda Nacional en colaboraci\u00f3n con Guardia Civil y Polic\u00eda Local de Platja d\u2019Aro interviene trofeos cineg\u00e9ticos de especies protegidas - DLVRADIO","isPartOf":{"@id":"https:\/\/dlvradio.es\/#website"},"primaryImageOfPage":{"@id":"https:\/\/dlvradio.es\/la-policia-nacional-en-colaboracion-con-guardia-civil-y-policia-local-de-platja-daro-interviene-trofeos-cinegeticos-de-especies-protegidas\/#primaryimage"},"image":{"@id":"https:\/\/dlvradio.es\/la-policia-nacional-en-colaboracion-con-guardia-civil-y-policia-local-de-platja-daro-interviene-trofeos-cinegeticos-de-especies-protegidas\/#primaryimage"},"thumbnailUrl":"https:\/\/dlvradio.es\/wp-content\/uploads\/2025\/01\/DLVRADIO.ES-1-2.png","datePublished":"2025-01-24T17:54:08+00:00","description":"En la localidad de Platja d\u2019Aro (Girona) La Polic\u00eda Nacional en colaboraci\u00f3n con Guardia Civil y Polic\u00eda Local de Platja d\u2019Aro interviene trofeos","breadcrumb":{"@id":"https:\/\/dlvradio.es\/la-policia-nacional-en-colaboracion-con-guardia-civil-y-policia-local-de-platja-daro-interviene-trofeos-cinegeticos-de-especies-protegidas\/#breadcrumb"},"inLanguage":"en-US","potentialAction":[{"@type":"ReadAction","target":["https:\/\/dlvradio.es\/la-policia-nacional-en-colaboracion-con-guardia-civil-y-policia-local-de-platja-daro-interviene-trofeos-cinegeticos-de-especies-protegidas\/"]}]},{"@type":"ImageObject","inLanguage":"en-US","@id":"https:\/\/dlvradio.es\/la-policia-nacional-en-colaboracion-con-guardia-civil-y-policia-local-de-platja-daro-interviene-trofeos-cinegeticos-de-especies-protegidas\/#primaryimage","url":"https:\/\/dlvradio.es\/wp-content\/uploads\/2025\/01\/DLVRADIO.ES-1-2.png","contentUrl":"https:\/\/dlvradio.es\/wp-content\/uploads\/2025\/01\/DLVRADIO.ES-1-2.png","width":1500,"height":1500,"caption":"La Polic\u00eda Nacional en colaboraci\u00f3n con Guardia Civil y Polic\u00eda Local de Platja d\u2019Aro interviene trofeos cineg\u00e9ticos de especies protegidas"},{"@type":"BreadcrumbList","@id":"https:\/\/dlvradio.es\/la-policia-nacional-en-colaboracion-con-guardia-civil-y-policia-local-de-platja-daro-interviene-trofeos-cinegeticos-de-especies-protegidas\/#breadcrumb","itemListElement":[{"@type":"ListItem","position":1,"name":"Inicio","item":"https:\/\/dlvradio.es\/"},{"@type":"ListItem","position":2,"name":"La Polic\u00eda Nacional en colaboraci\u00f3n con Guardia Civil y Polic\u00eda Local de Platja d\u2019Aro interviene trofeos cineg\u00e9ticos de especies protegidas"}]},{"@type":"WebSite","@id":"https:\/\/dlvradio.es\/#website","url":"https:\/\/dlvradio.es\/","name":"DLVRADIO","description":"We are an alternative media to traditional media","publisher":{"@id":"https:\/\/dlvradio.es\/#organization"},"potentialAction":[{"@type":"SearchAction","target":{"@type":"EntryPoint","urlTemplate":"https:\/\/dlvradio.es\/?s={search_term_string}"},"query-input":{"@type":"PropertyValueSpecification","valueRequired":true,"valueName":"search_term_string"}}],"inLanguage":"en-US"},{"@type":"Organization","@id":"https:\/\/dlvradio.es\/#organization","name":"DLVRADIO","url":"https:\/\/dlvradio.es\/","logo":{"@type":"ImageObject","inLanguage":"en-US","@id":"https:\/\/dlvradio.es\/#\/schema\/logo\/image\/","url":"","contentUrl":"","caption":"DLVRADIO"},"image":{"@id":"https:\/\/dlvradio.es\/#\/schema\/logo\/image\/"},"sameAs":["https:\/\/www.facebook.com\/RadioDLVradio\/","https:\/\/x.com\/RadioDlvradio","https:\/\/www.instagram.com\/radiodlvradio\/"]},{"@type":"Person","@id":"https:\/\/dlvradio.es\/#\/schema\/person\/6ee60897fbb7fb4ad6634c73f4be87fa","name":"doominio","sameAs":["https:\/\/dlvradio.es"]}]}},"_links":{"self":[{"href":"https:\/\/dlvradio.es\/en\/wp-json\/wp\/v2\/posts\/75905","targetHints":{"allow":["GET"]}}],"collection":[{"href":"https:\/\/dlvradio.es\/en\/wp-json\/wp\/v2\/posts"}],"about":[{"href":"https:\/\/dlvradio.es\/en\/wp-json\/wp\/v2\/types\/post"}],"author":[{"embeddable":true,"href":"https:\/\/dlvradio.es\/en\/wp-json\/wp\/v2\/users\/1"}],"replies":[{"embeddable":true,"href":"https:\/\/dlvradio.es\/en\/wp-json\/wp\/v2\/comments?post=75905"}],"version-history":[{"count":1,"href":"https:\/\/dlvradio.es\/en\/wp-json\/wp\/v2\/posts\/75905\/revisions"}],"predecessor-version":[{"id":75907,"href":"https:\/\/dlvradio.es\/en\/wp-json\/wp\/v2\/posts\/75905\/revisions\/75907"}],"wp:featuredmedia":[{"embeddable":true,"href":"https:\/\/dlvradio.es\/en\/wp-json\/wp\/v2\/media\/75906"}],"wp:attachment":[{"href":"https:\/\/dlvradio.es\/en\/wp-json\/wp\/v2\/media?parent=75905"}],"wp:term":[{"taxonomy":"category","embeddable":true,"href":"https:\/\/dlvradio.es\/en\/wp-json\/wp\/v2\/categories?post=75905"},{"taxonomy":"post_tag","embeddable":true,"href":"https:\/\/dlvradio.es\/en\/wp-json\/wp\/v2\/tags?post=75905"}],"curies":[{"name":"wp","href":"https:\/\/api.w.org\/{rel}","templated":true}]}}