{"id":75917,"date":"2025-01-25T13:01:03","date_gmt":"2025-01-25T12:01:03","guid":{"rendered":"https:\/\/dlvradio.es\/?p=75917"},"modified":"2025-01-25T13:01:03","modified_gmt":"2025-01-25T12:01:03","slug":"activistas-de-ecologistas-en-accion-despliegan-una-pancarta-en-fitur","status":"publish","type":"post","link":"https:\/\/dlvradio.es\/en\/activistas-de-ecologistas-en-accion-despliegan-una-pancarta-en-fitur\/","title":{"rendered":"Activistas de Ecologistas en Acci\u00f3n despliegan una pancarta en FITUR"},"content":{"rendered":"<p><strong>Ecologistas en Acci\u00f3n despliega una pancarta gigante en FITUR para denunciar los impactos de la masificaci\u00f3n tur\u00edstica<\/strong><\/p>\n<ul>\n<li><em>Varias activistas de Ecologistas en Acci\u00f3n han extendido una pancarta gigante en el acceso principal del IFEMA donde se celebra la feria FITUR. Su lema, \u201cTurismo masivo igual a pobreza\u201d, denuncia los graves impactos sociales y ambientales que provoca la masificaci\u00f3n tur\u00edstica.<\/em><\/li>\n<li><em>Con esta acci\u00f3n la organizaci\u00f3n ecologista se\u00f1ala que el modelo de explotaci\u00f3n tur\u00edstica es, en la actualidad, un modelo absolutamente insostenible que depreda y degrada el territorio y sus ecosistemas, generando una enorme desigualdad por un reparto injusto de la riqueza.<\/em><\/li>\n<li><em>Al mismo tiempo, activistas del Frente Com\u00fan Canario han desplegado en el interior del FITUR una pancarta con el lema \u201cNos vamos a la huelga\u201d. Tambi\u00e9n han desarrollado una performance con camareras de piso representando su d\u00eda a d\u00eda laboral.<\/em><\/li>\n<\/ul>\n<p>Activistas de Ecologistas en Acci\u00f3n han desplegado esta ma\u00f1ana, delante de la entrada del IFEMA donde se celebra la Feria Internacional de Turismo (FITUR), una pancarta gigante en la que se le\u00eda \u201cTurismo masivo igual a pobreza\u201d. Con esta acci\u00f3n la organizaci\u00f3n ecologista denuncia que el modelo de explotaci\u00f3n tur\u00edstica, que representa FITUR, es un modelo absolutamente insostenible que depreda y degrada el territorio y sus ecosistemas, generando una enorme desigualdad por un reparto injusto de la riqueza y de los impactos producidos.<\/p>\n<p>A su vez y de forma coordinada, activistas de diferentes colectivos que conforman el Frente Com\u00fan Canario (como Rebeli\u00f3n Cient\u00edfica, las Kellys Uni\u00f3n Tenerife o el Sindicatos de Inquilinas de Tenerife), junto con la Di\u00e1spora Canaria en Brega, han desplegado una pancarta con el lema \u201cNos vamos a la huelga\u201d mientras desarrollaban una performance en las que camareras de piso representaron su d\u00eda a d\u00eda laboral con los problemas asociados. Tambi\u00e9n han repartido flyers con datos sobre la situaci\u00f3n del archipi\u00e9lago: precariedad laboral, pobreza, vivienda y destrucci\u00f3n del medio ambiente. Demandan una mejora de las condiciones laborales en el sector y exigen un cambio de modelo tur\u00edstico.<\/p>\n<p>Ecologistas en Acci\u00f3n se\u00f1ala que, frente a los ingresos millonarios de las empresas asociadas al sector tur\u00edstico, quienes trabajan en \u00e9l soportan salarios de miseria, jornadas interminables y una carga de trabajo desproporcionada. La apuesta por aumentar de manera ilimitada el n\u00famero de visitantes se traduce en una mercantilizaci\u00f3n de los espacios p\u00fablicos y una urbanizaci\u00f3n incesante del territorio, con macroproyectos que deterioran tanto zonas costeras como del interior rural. La organizaci\u00f3n ecologista destaca asimismo que, pese a los continuos r\u00e9cords de llegadas de turistas, la ocupaci\u00f3n de hoteles y los ingresos millonarios que generan, la realidad de la poblaci\u00f3n es otra: salarios de miseria, pobreza, desempleo y encarecimiento de la vida. La estad\u00edstica de sueldos de 2021 del INE desvela que en el sector de la hosteler\u00eda apenas sobrepasa el Salario M\u00ednimo Inteprofesional (SMI).<\/p>\n<p>Desde la aprobaci\u00f3n de la Ley de Costas de 1988, la superficie de costa urbanizada se ha duplicado, pasando de 240.000 a 530.000 hect\u00e1reas, llegando a una urbanizaci\u00f3n del 40,9% en las provincias costeras m\u00e1s turistificadas. Por ello, Ecologistas en Acci\u00f3n alerta que un 36,5% de la l\u00ednea de playa est\u00e1 urbanizada en Espa\u00f1a, y m\u00e1s de un tercio de los ecosistemas colindantes han sido destruidos por el actual modelo de producci\u00f3n y consumo en buena medida ligado al turismo masificado.<\/p>\n<p>La organizaci\u00f3n ecologista se\u00f1ala la afecci\u00f3n de este modelo al derecho a la vivienda como uno de los problemas sociales m\u00e1s graves. La proliferaci\u00f3n de viviendas vacacionales en todos los rincones ha turistificado pueblos y barrios residenciales donde habitaba la poblaci\u00f3n residente. Este hecho, unido a la falta de regulaci\u00f3n y previsi\u00f3n por parte de las administraciones, ha generado un fuerte problema social que no hace sino agravarse: la falta de vivienda asequible. La utilizaci\u00f3n de \u00e9stas para alquileres temporales asociados al turismo provocan una enorme escasez de vivienda destinada al uso residencial y de larga temporada, por lo que la poblaci\u00f3n residente est\u00e1 viendo mermado su derecho constitucional de acceso a la vivienda.<\/p>\n<p>Ecologistas en Acci\u00f3n denuncia tambi\u00e9n que la actividad tur\u00edstica global conlleva una huella de carbono que supera los 4.500 millones de toneladas de CO2 (2013), que supone cuatro veces m\u00e1s de lo previsto y genera un 8% de las emisiones mundiales de gases de efecto invernadero (GEI) que se liberan a la atm\u00f3sfera, responsables directos del cambio clim\u00e1tico. Gran parte de estas emisiones provienen de la aviaci\u00f3n, que ha alcanzado 283 millones de pasajeros en 2023. A pesar de ello, AENA pretende ampliar siete aeropuertos espa\u00f1oles y aumentar la capacidad de arribada tur\u00edstica. Adem\u00e1s, los puertos espa\u00f1oles han batido en 2023 una cifra hist\u00f3rica al registrar m\u00e1s de 12 millones de cruceristas. Los cruceros, publicitados como una opci\u00f3n de movilidad sostenible, cada vez son m\u00e1s frecuentes, pese a ser considerados unas de las formas de transporte m\u00e1s contaminantes por su dependencia del fuel pesado f\u00f3sil.<\/p>\n<p>\u201cLa presi\u00f3n a la que se ve sometida tanto la poblaci\u00f3n como el territorio ha generado un malestar generalizado y creciente entre la ciudadan\u00eda que sufre a diario las consecuencias de la inacci\u00f3n de las instituciones p\u00fablicas, que no ponen freno a una situaci\u00f3n que ha sobrepasado todos los l\u00edmites y que tensiona cada vez m\u00e1s la vida de nuestra gente\u201d, denuncian desde la organizaci\u00f3n ambiental.<\/p>\n<p>Ecologistas en Acci\u00f3n lleva a\u00f1os reclamando medidas para conservar los espacios naturales protegidos y acotar el turismo masivo, como las ecotasas, las moratorias o los topes tur\u00edsticos y vacacionales, la urgente regulaci\u00f3n y limitaci\u00f3n dr\u00e1stica de los alquileres tur\u00edsticos o la prohibici\u00f3n de adquisici\u00f3n de viviendas por parte de personas no residentes en el territorio o fondos de inversi\u00f3n.<\/p>\n<p><iframe title=\"Ecologistas en Acci\u00f3n despliega una pancarta en FITUR para denunciar la masificaci\u00f3n tur\u00edstica\" width=\"800\" height=\"450\" src=\"https:\/\/www.youtube.com\/embed\/V7yuSlBb6b4?feature=oembed\" frameborder=\"0\" allow=\"accelerometer; autoplay; clipboard-write; encrypted-media; gyroscope; picture-in-picture; web-share\" referrerpolicy=\"strict-origin-when-cross-origin\" allowfullscreen><\/iframe><\/p>","protected":false},"excerpt":{"rendered":"<p>Ecologistas en Acci\u00f3n despliega una pancarta gigante en FITUR para denunciar los impactos de la masificaci\u00f3n tur\u00edstica Varias activistas de Ecologistas en Acci\u00f3n han extendido una pancarta gigante en el acceso principal del IFEMA donde se celebra la feria FITUR. Su lema, \u201cTurismo masivo igual a pobreza\u201d, denuncia los graves impactos sociales y ambientales que [&hellip;]<\/p>\n","protected":false},"author":1,"featured_media":75918,"comment_status":"closed","ping_status":"closed","sticky":false,"template":"","format":"standard","meta":{"_acf_changed":false,"footnotes":""},"categories":[2711],"tags":[2478,2466,2600],"class_list":["post-75917","post","type-post","status-publish","format-standard","has-post-thumbnail","hentry","category-emergencia-climatica","tag-ecologia","tag-espana","tag-turismo"],"acf":[],"yoast_head":"<!-- This site is optimized with the Yoast SEO plugin v27.4 - https:\/\/yoast.com\/product\/yoast-seo-wordpress\/ -->\n<title>Activistas de Ecologistas en Acci\u00f3n despliegan una pancarta en FITUR - DLVRADIO<\/title>\n<meta name=\"description\" content=\"Ecologistas en Acci\u00f3n despliega una pancarta gigante en FITUR para denunciar los impactos de la masificaci\u00f3n tur\u00edstica Varias activistas de Ecologistas en\" \/>\n<meta name=\"robots\" content=\"index, follow, max-snippet:-1, max-image-preview:large, max-video-preview:-1\" \/>\n<link rel=\"canonical\" href=\"https:\/\/dlvradio.es\/en\/activistas-de-ecologistas-en-accion-despliegan-una-pancarta-en-fitur\/\" \/>\n<meta property=\"og:locale\" content=\"en_US\" \/>\n<meta property=\"og:type\" content=\"article\" \/>\n<meta property=\"og:title\" content=\"Activistas de Ecologistas en Acci\u00f3n despliegan una pancarta en FITUR - DLVRADIO\" \/>\n<meta property=\"og:description\" content=\"Ecologistas en Acci\u00f3n despliega una pancarta gigante en FITUR para denunciar los impactos de la masificaci\u00f3n tur\u00edstica Varias activistas de Ecologistas en\" \/>\n<meta property=\"og:url\" content=\"https:\/\/dlvradio.es\/en\/activistas-de-ecologistas-en-accion-despliegan-una-pancarta-en-fitur\/\" \/>\n<meta property=\"og:site_name\" content=\"DLVRADIO\" \/>\n<meta property=\"article:publisher\" content=\"https:\/\/www.facebook.com\/RadioDLVradio\/\" \/>\n<meta property=\"article:published_time\" content=\"2025-01-25T12:01:03+00:00\" \/>\n<meta property=\"og:image\" content=\"https:\/\/dlvradio.es\/wp-content\/uploads\/2025\/01\/DLVRADIO.ES_-2.png\" \/>\n\t<meta property=\"og:image:width\" content=\"1500\" \/>\n\t<meta property=\"og:image:height\" content=\"1500\" \/>\n\t<meta property=\"og:image:type\" content=\"image\/png\" \/>\n<meta name=\"author\" content=\"doominio\" \/>\n<meta name=\"twitter:card\" content=\"summary_large_image\" \/>\n<meta name=\"twitter:creator\" content=\"@RadioDlvradio\" \/>\n<meta name=\"twitter:site\" content=\"@RadioDlvradio\" \/>\n<script type=\"application\/ld+json\" class=\"yoast-schema-graph\">{\"@context\":\"https:\\\/\\\/schema.org\",\"@graph\":[{\"@type\":\"Article\",\"@id\":\"https:\\\/\\\/dlvradio.es\\\/activistas-de-ecologistas-en-accion-despliegan-una-pancarta-en-fitur\\\/#article\",\"isPartOf\":{\"@id\":\"https:\\\/\\\/dlvradio.es\\\/activistas-de-ecologistas-en-accion-despliegan-una-pancarta-en-fitur\\\/\"},\"author\":{\"name\":\"doominio\",\"@id\":\"https:\\\/\\\/dlvradio.es\\\/#\\\/schema\\\/person\\\/6ee60897fbb7fb4ad6634c73f4be87fa\"},\"headline\":\"Activistas de Ecologistas en Acci\u00f3n despliegan una pancarta en FITUR\",\"datePublished\":\"2025-01-25T12:01:03+00:00\",\"mainEntityOfPage\":{\"@id\":\"https:\\\/\\\/dlvradio.es\\\/activistas-de-ecologistas-en-accion-despliegan-una-pancarta-en-fitur\\\/\"},\"wordCount\":1040,\"publisher\":{\"@id\":\"https:\\\/\\\/dlvradio.es\\\/#organization\"},\"image\":{\"@id\":\"https:\\\/\\\/dlvradio.es\\\/activistas-de-ecologistas-en-accion-despliegan-una-pancarta-en-fitur\\\/#primaryimage\"},\"thumbnailUrl\":\"https:\\\/\\\/dlvradio.es\\\/wp-content\\\/uploads\\\/2025\\\/01\\\/DLVRADIO.ES_-2.png\",\"keywords\":[\"ecolog\u00eda\",\"Espa\u00f1a\",\"turismo\"],\"articleSection\":[\"Emergencia clim\u00e1tica\"],\"inLanguage\":\"en-US\"},{\"@type\":\"WebPage\",\"@id\":\"https:\\\/\\\/dlvradio.es\\\/activistas-de-ecologistas-en-accion-despliegan-una-pancarta-en-fitur\\\/\",\"url\":\"https:\\\/\\\/dlvradio.es\\\/activistas-de-ecologistas-en-accion-despliegan-una-pancarta-en-fitur\\\/\",\"name\":\"Activistas de Ecologistas en Acci\u00f3n despliegan una pancarta en FITUR - DLVRADIO\",\"isPartOf\":{\"@id\":\"https:\\\/\\\/dlvradio.es\\\/#website\"},\"primaryImageOfPage\":{\"@id\":\"https:\\\/\\\/dlvradio.es\\\/activistas-de-ecologistas-en-accion-despliegan-una-pancarta-en-fitur\\\/#primaryimage\"},\"image\":{\"@id\":\"https:\\\/\\\/dlvradio.es\\\/activistas-de-ecologistas-en-accion-despliegan-una-pancarta-en-fitur\\\/#primaryimage\"},\"thumbnailUrl\":\"https:\\\/\\\/dlvradio.es\\\/wp-content\\\/uploads\\\/2025\\\/01\\\/DLVRADIO.ES_-2.png\",\"datePublished\":\"2025-01-25T12:01:03+00:00\",\"description\":\"Ecologistas en Acci\u00f3n despliega una pancarta gigante en FITUR para denunciar los impactos de la masificaci\u00f3n tur\u00edstica Varias activistas de Ecologistas en\",\"breadcrumb\":{\"@id\":\"https:\\\/\\\/dlvradio.es\\\/activistas-de-ecologistas-en-accion-despliegan-una-pancarta-en-fitur\\\/#breadcrumb\"},\"inLanguage\":\"en-US\",\"potentialAction\":[{\"@type\":\"ReadAction\",\"target\":[\"https:\\\/\\\/dlvradio.es\\\/activistas-de-ecologistas-en-accion-despliegan-una-pancarta-en-fitur\\\/\"]}]},{\"@type\":\"ImageObject\",\"inLanguage\":\"en-US\",\"@id\":\"https:\\\/\\\/dlvradio.es\\\/activistas-de-ecologistas-en-accion-despliegan-una-pancarta-en-fitur\\\/#primaryimage\",\"url\":\"https:\\\/\\\/dlvradio.es\\\/wp-content\\\/uploads\\\/2025\\\/01\\\/DLVRADIO.ES_-2.png\",\"contentUrl\":\"https:\\\/\\\/dlvradio.es\\\/wp-content\\\/uploads\\\/2025\\\/01\\\/DLVRADIO.ES_-2.png\",\"width\":1500,\"height\":1500,\"caption\":\"Activistas de Ecologistas en Acci\u00f3n despliegan una pancarta en FITUR\"},{\"@type\":\"BreadcrumbList\",\"@id\":\"https:\\\/\\\/dlvradio.es\\\/activistas-de-ecologistas-en-accion-despliegan-una-pancarta-en-fitur\\\/#breadcrumb\",\"itemListElement\":[{\"@type\":\"ListItem\",\"position\":1,\"name\":\"Inicio\",\"item\":\"https:\\\/\\\/dlvradio.es\\\/\"},{\"@type\":\"ListItem\",\"position\":2,\"name\":\"Activistas de Ecologistas en Acci\u00f3n despliegan una pancarta en FITUR\"}]},{\"@type\":\"WebSite\",\"@id\":\"https:\\\/\\\/dlvradio.es\\\/#website\",\"url\":\"https:\\\/\\\/dlvradio.es\\\/\",\"name\":\"DLVRADIO\",\"description\":\"Somos un medio de comunicaci\u00f3n alternativo a los medios tradicionales\",\"publisher\":{\"@id\":\"https:\\\/\\\/dlvradio.es\\\/#organization\"},\"potentialAction\":[{\"@type\":\"SearchAction\",\"target\":{\"@type\":\"EntryPoint\",\"urlTemplate\":\"https:\\\/\\\/dlvradio.es\\\/?s={search_term_string}\"},\"query-input\":{\"@type\":\"PropertyValueSpecification\",\"valueRequired\":true,\"valueName\":\"search_term_string\"}}],\"inLanguage\":\"en-US\"},{\"@type\":\"Organization\",\"@id\":\"https:\\\/\\\/dlvradio.es\\\/#organization\",\"name\":\"DLVRADIO\",\"url\":\"https:\\\/\\\/dlvradio.es\\\/\",\"logo\":{\"@type\":\"ImageObject\",\"inLanguage\":\"en-US\",\"@id\":\"https:\\\/\\\/dlvradio.es\\\/#\\\/schema\\\/logo\\\/image\\\/\",\"url\":\"\",\"contentUrl\":\"\",\"caption\":\"DLVRADIO\"},\"image\":{\"@id\":\"https:\\\/\\\/dlvradio.es\\\/#\\\/schema\\\/logo\\\/image\\\/\"},\"sameAs\":[\"https:\\\/\\\/www.facebook.com\\\/RadioDLVradio\\\/\",\"https:\\\/\\\/x.com\\\/RadioDlvradio\",\"https:\\\/\\\/www.instagram.com\\\/radiodlvradio\\\/\"]},{\"@type\":\"Person\",\"@id\":\"https:\\\/\\\/dlvradio.es\\\/#\\\/schema\\\/person\\\/6ee60897fbb7fb4ad6634c73f4be87fa\",\"name\":\"doominio\",\"sameAs\":[\"https:\\\/\\\/dlvradio.es\"]}]}<\/script>\n<!-- \/ Yoast SEO plugin. -->","yoast_head_json":{"title":"Activistas de Ecologistas en Acci\u00f3n despliegan una pancarta en FITUR - DLVRADIO","description":"Ecologistas en Acci\u00f3n despliega una pancarta gigante en FITUR para denunciar los impactos de la masificaci\u00f3n tur\u00edstica Varias activistas de Ecologistas en","robots":{"index":"index","follow":"follow","max-snippet":"max-snippet:-1","max-image-preview":"max-image-preview:large","max-video-preview":"max-video-preview:-1"},"canonical":"https:\/\/dlvradio.es\/en\/activistas-de-ecologistas-en-accion-despliegan-una-pancarta-en-fitur\/","og_locale":"en_US","og_type":"article","og_title":"Activistas de Ecologistas en Acci\u00f3n despliegan una pancarta en FITUR - DLVRADIO","og_description":"Ecologistas en Acci\u00f3n despliega una pancarta gigante en FITUR para denunciar los impactos de la masificaci\u00f3n tur\u00edstica Varias activistas de Ecologistas en","og_url":"https:\/\/dlvradio.es\/en\/activistas-de-ecologistas-en-accion-despliegan-una-pancarta-en-fitur\/","og_site_name":"DLVRADIO","article_publisher":"https:\/\/www.facebook.com\/RadioDLVradio\/","article_published_time":"2025-01-25T12:01:03+00:00","og_image":[{"width":1500,"height":1500,"url":"https:\/\/dlvradio.es\/wp-content\/uploads\/2025\/01\/DLVRADIO.ES_-2.png","type":"image\/png"}],"author":"doominio","twitter_card":"summary_large_image","twitter_creator":"@RadioDlvradio","twitter_site":"@RadioDlvradio","schema":{"@context":"https:\/\/schema.org","@graph":[{"@type":"Article","@id":"https:\/\/dlvradio.es\/activistas-de-ecologistas-en-accion-despliegan-una-pancarta-en-fitur\/#article","isPartOf":{"@id":"https:\/\/dlvradio.es\/activistas-de-ecologistas-en-accion-despliegan-una-pancarta-en-fitur\/"},"author":{"name":"doominio","@id":"https:\/\/dlvradio.es\/#\/schema\/person\/6ee60897fbb7fb4ad6634c73f4be87fa"},"headline":"Activistas de Ecologistas en Acci\u00f3n despliegan una pancarta en FITUR","datePublished":"2025-01-25T12:01:03+00:00","mainEntityOfPage":{"@id":"https:\/\/dlvradio.es\/activistas-de-ecologistas-en-accion-despliegan-una-pancarta-en-fitur\/"},"wordCount":1040,"publisher":{"@id":"https:\/\/dlvradio.es\/#organization"},"image":{"@id":"https:\/\/dlvradio.es\/activistas-de-ecologistas-en-accion-despliegan-una-pancarta-en-fitur\/#primaryimage"},"thumbnailUrl":"https:\/\/dlvradio.es\/wp-content\/uploads\/2025\/01\/DLVRADIO.ES_-2.png","keywords":["ecolog\u00eda","Espa\u00f1a","turismo"],"articleSection":["Emergencia clim\u00e1tica"],"inLanguage":"en-US"},{"@type":"WebPage","@id":"https:\/\/dlvradio.es\/activistas-de-ecologistas-en-accion-despliegan-una-pancarta-en-fitur\/","url":"https:\/\/dlvradio.es\/activistas-de-ecologistas-en-accion-despliegan-una-pancarta-en-fitur\/","name":"Activistas de Ecologistas en Acci\u00f3n despliegan una pancarta en FITUR - DLVRADIO","isPartOf":{"@id":"https:\/\/dlvradio.es\/#website"},"primaryImageOfPage":{"@id":"https:\/\/dlvradio.es\/activistas-de-ecologistas-en-accion-despliegan-una-pancarta-en-fitur\/#primaryimage"},"image":{"@id":"https:\/\/dlvradio.es\/activistas-de-ecologistas-en-accion-despliegan-una-pancarta-en-fitur\/#primaryimage"},"thumbnailUrl":"https:\/\/dlvradio.es\/wp-content\/uploads\/2025\/01\/DLVRADIO.ES_-2.png","datePublished":"2025-01-25T12:01:03+00:00","description":"Ecologistas en Acci\u00f3n despliega una pancarta gigante en FITUR para denunciar los impactos de la masificaci\u00f3n tur\u00edstica Varias activistas de Ecologistas en","breadcrumb":{"@id":"https:\/\/dlvradio.es\/activistas-de-ecologistas-en-accion-despliegan-una-pancarta-en-fitur\/#breadcrumb"},"inLanguage":"en-US","potentialAction":[{"@type":"ReadAction","target":["https:\/\/dlvradio.es\/activistas-de-ecologistas-en-accion-despliegan-una-pancarta-en-fitur\/"]}]},{"@type":"ImageObject","inLanguage":"en-US","@id":"https:\/\/dlvradio.es\/activistas-de-ecologistas-en-accion-despliegan-una-pancarta-en-fitur\/#primaryimage","url":"https:\/\/dlvradio.es\/wp-content\/uploads\/2025\/01\/DLVRADIO.ES_-2.png","contentUrl":"https:\/\/dlvradio.es\/wp-content\/uploads\/2025\/01\/DLVRADIO.ES_-2.png","width":1500,"height":1500,"caption":"Activistas de Ecologistas en Acci\u00f3n despliegan una pancarta en FITUR"},{"@type":"BreadcrumbList","@id":"https:\/\/dlvradio.es\/activistas-de-ecologistas-en-accion-despliegan-una-pancarta-en-fitur\/#breadcrumb","itemListElement":[{"@type":"ListItem","position":1,"name":"Inicio","item":"https:\/\/dlvradio.es\/"},{"@type":"ListItem","position":2,"name":"Activistas de Ecologistas en Acci\u00f3n despliegan una pancarta en FITUR"}]},{"@type":"WebSite","@id":"https:\/\/dlvradio.es\/#website","url":"https:\/\/dlvradio.es\/","name":"DLVRADIO","description":"We are an alternative media to traditional media","publisher":{"@id":"https:\/\/dlvradio.es\/#organization"},"potentialAction":[{"@type":"SearchAction","target":{"@type":"EntryPoint","urlTemplate":"https:\/\/dlvradio.es\/?s={search_term_string}"},"query-input":{"@type":"PropertyValueSpecification","valueRequired":true,"valueName":"search_term_string"}}],"inLanguage":"en-US"},{"@type":"Organization","@id":"https:\/\/dlvradio.es\/#organization","name":"DLVRADIO","url":"https:\/\/dlvradio.es\/","logo":{"@type":"ImageObject","inLanguage":"en-US","@id":"https:\/\/dlvradio.es\/#\/schema\/logo\/image\/","url":"","contentUrl":"","caption":"DLVRADIO"},"image":{"@id":"https:\/\/dlvradio.es\/#\/schema\/logo\/image\/"},"sameAs":["https:\/\/www.facebook.com\/RadioDLVradio\/","https:\/\/x.com\/RadioDlvradio","https:\/\/www.instagram.com\/radiodlvradio\/"]},{"@type":"Person","@id":"https:\/\/dlvradio.es\/#\/schema\/person\/6ee60897fbb7fb4ad6634c73f4be87fa","name":"doominio","sameAs":["https:\/\/dlvradio.es"]}]}},"_links":{"self":[{"href":"https:\/\/dlvradio.es\/en\/wp-json\/wp\/v2\/posts\/75917","targetHints":{"allow":["GET"]}}],"collection":[{"href":"https:\/\/dlvradio.es\/en\/wp-json\/wp\/v2\/posts"}],"about":[{"href":"https:\/\/dlvradio.es\/en\/wp-json\/wp\/v2\/types\/post"}],"author":[{"embeddable":true,"href":"https:\/\/dlvradio.es\/en\/wp-json\/wp\/v2\/users\/1"}],"replies":[{"embeddable":true,"href":"https:\/\/dlvradio.es\/en\/wp-json\/wp\/v2\/comments?post=75917"}],"version-history":[{"count":1,"href":"https:\/\/dlvradio.es\/en\/wp-json\/wp\/v2\/posts\/75917\/revisions"}],"predecessor-version":[{"id":75919,"href":"https:\/\/dlvradio.es\/en\/wp-json\/wp\/v2\/posts\/75917\/revisions\/75919"}],"wp:featuredmedia":[{"embeddable":true,"href":"https:\/\/dlvradio.es\/en\/wp-json\/wp\/v2\/media\/75918"}],"wp:attachment":[{"href":"https:\/\/dlvradio.es\/en\/wp-json\/wp\/v2\/media?parent=75917"}],"wp:term":[{"taxonomy":"category","embeddable":true,"href":"https:\/\/dlvradio.es\/en\/wp-json\/wp\/v2\/categories?post=75917"},{"taxonomy":"post_tag","embeddable":true,"href":"https:\/\/dlvradio.es\/en\/wp-json\/wp\/v2\/tags?post=75917"}],"curies":[{"name":"wp","href":"https:\/\/api.w.org\/{rel}","templated":true}]}}