{"id":76037,"date":"2025-02-04T19:00:53","date_gmt":"2025-02-04T18:00:53","guid":{"rendered":"https:\/\/dlvradio.es\/?p=76037"},"modified":"2025-02-04T19:00:53","modified_gmt":"2025-02-04T18:00:53","slug":"datos-de-paro-registrado-y-afiliacion-a-la-seguridad-social-correspondientes-al-mes-de-enero-de-2025","status":"publish","type":"post","link":"https:\/\/dlvradio.es\/en\/datos-de-paro-registrado-y-afiliacion-a-la-seguridad-social-correspondientes-al-mes-de-enero-de-2025\/","title":{"rendered":"Datos de paro registrado y afiliaci\u00f3n a la Seguridad Social correspondientes al mes de enero de 2025"},"content":{"rendered":"<p><iframe src=\"https:\/\/www.ivoox.com\/player_ej_139310901_6_1.html?c1=0ebeb7\" width=\"100%\" height=\"200\" frameborder=\"0\" scrolling=\"no\" allowfullscreen=\"allowfullscreen\"><\/iframe><br \/>\nOs dejamos el audio de la rueda de prensa de los secretarios de Estado de Empleo y Econom\u00eda Social, <strong>Joaquin Perez Rey<\/strong>, and Social Security and Pensions, <strong>Borja Suarez<\/strong>, presentan, respectivamente, los datos de paro registrado y de afiliaci\u00f3n a la Seguridad Social correspondientes al mes de enero de 2025.<\/p>\n<p>Como todos los a\u00f1os, enero deja una destrucci\u00f3n de puestos de trabajo y un aumento del paro. Es un mes que, por cuestiones estacionales, siempre produce ese efecto. Pero lo que debemos tener en cuenta que en su conjunto la estabilidad en los puestos de trabajo sigue aumentando, eso indica que los contratos eventuales siguen disminuyendo y los fijos en aumento.<\/p>\n<p>En su conjunto enero deja 242.000 trabajadores menos y un aumento del paro en 38.700 personas.<\/p>","protected":false},"excerpt":{"rendered":"<p>Os dejamos el audio de la rueda de prensa de los secretarios de Estado de Empleo y Econom\u00eda Social, Joaqu\u00edn P\u00e9rez Rey, y de Seguridad Social y Pensiones, Borja Su\u00e1rez, presentan, respectivamente, los datos de paro registrado y de afiliaci\u00f3n a la Seguridad Social correspondientes al mes de enero de 2025. Como todos los a\u00f1os, [&hellip;]<\/p>\n","protected":false},"author":1,"featured_media":76046,"comment_status":"closed","ping_status":"closed","sticky":false,"template":"","format":"standard","meta":{"_acf_changed":false,"footnotes":""},"categories":[2465],"tags":[2466,2555,2543],"class_list":["post-76037","post","type-post","status-publish","format-standard","has-post-thumbnail","hentry","category-informativos","tag-espana","tag-informativo","tag-trabajo"],"acf":[],"yoast_head":"<!-- This site is optimized with the Yoast SEO plugin v27.4 - https:\/\/yoast.com\/product\/yoast-seo-wordpress\/ -->\n<title>Datos de paro registrado y afiliaci\u00f3n a la Seguridad Social correspondientes al mes de enero de 2025 - DLVRADIO<\/title>\n<meta name=\"description\" content=\"Os dejamos el audio de la rueda de prensa de los secretarios de Estado de Empleo y Econom\u00eda Social, Joaqu\u00edn P\u00e9rez Rey, y de Seguridad Social y Pensiones,\" \/>\n<meta name=\"robots\" content=\"index, follow, max-snippet:-1, max-image-preview:large, max-video-preview:-1\" \/>\n<link rel=\"canonical\" href=\"https:\/\/dlvradio.es\/en\/datos-de-paro-registrado-y-afiliacion-a-la-seguridad-social-correspondientes-al-mes-de-enero-de-2025\/\" \/>\n<meta property=\"og:locale\" content=\"en_US\" \/>\n<meta property=\"og:type\" content=\"article\" \/>\n<meta property=\"og:title\" content=\"Datos de paro registrado y afiliaci\u00f3n a la Seguridad Social correspondientes al mes de enero de 2025 - DLVRADIO\" \/>\n<meta property=\"og:description\" content=\"Os dejamos el audio de la rueda de prensa de los secretarios de Estado de Empleo y Econom\u00eda Social, Joaqu\u00edn P\u00e9rez Rey, y de Seguridad Social y Pensiones,\" \/>\n<meta property=\"og:url\" content=\"https:\/\/dlvradio.es\/en\/datos-de-paro-registrado-y-afiliacion-a-la-seguridad-social-correspondientes-al-mes-de-enero-de-2025\/\" \/>\n<meta property=\"og:site_name\" content=\"DLVRADIO\" \/>\n<meta property=\"article:publisher\" content=\"https:\/\/www.facebook.com\/RadioDLVradio\/\" \/>\n<meta property=\"article:published_time\" content=\"2025-02-04T18:00:53+00:00\" \/>\n<meta property=\"og:image\" content=\"https:\/\/dlvradio.es\/wp-content\/uploads\/2025\/02\/DLVRADIO.ES-2.png\" \/>\n\t<meta property=\"og:image:width\" content=\"1500\" \/>\n\t<meta property=\"og:image:height\" content=\"1500\" \/>\n\t<meta property=\"og:image:type\" content=\"image\/png\" \/>\n<meta name=\"author\" content=\"doominio\" \/>\n<meta name=\"twitter:card\" content=\"summary_large_image\" \/>\n<meta name=\"twitter:creator\" content=\"@RadioDlvradio\" \/>\n<meta name=\"twitter:site\" content=\"@RadioDlvradio\" \/>\n<script type=\"application\/ld+json\" class=\"yoast-schema-graph\">{\"@context\":\"https:\\\/\\\/schema.org\",\"@graph\":[{\"@type\":\"Article\",\"@id\":\"https:\\\/\\\/dlvradio.es\\\/datos-de-paro-registrado-y-afiliacion-a-la-seguridad-social-correspondientes-al-mes-de-enero-de-2025\\\/#article\",\"isPartOf\":{\"@id\":\"https:\\\/\\\/dlvradio.es\\\/datos-de-paro-registrado-y-afiliacion-a-la-seguridad-social-correspondientes-al-mes-de-enero-de-2025\\\/\"},\"author\":{\"name\":\"doominio\",\"@id\":\"https:\\\/\\\/dlvradio.es\\\/#\\\/schema\\\/person\\\/6ee60897fbb7fb4ad6634c73f4be87fa\"},\"headline\":\"Datos de paro registrado y afiliaci\u00f3n a la Seguridad Social correspondientes al mes de enero de 2025\",\"datePublished\":\"2025-02-04T18:00:53+00:00\",\"mainEntityOfPage\":{\"@id\":\"https:\\\/\\\/dlvradio.es\\\/datos-de-paro-registrado-y-afiliacion-a-la-seguridad-social-correspondientes-al-mes-de-enero-de-2025\\\/\"},\"wordCount\":149,\"publisher\":{\"@id\":\"https:\\\/\\\/dlvradio.es\\\/#organization\"},\"image\":{\"@id\":\"https:\\\/\\\/dlvradio.es\\\/datos-de-paro-registrado-y-afiliacion-a-la-seguridad-social-correspondientes-al-mes-de-enero-de-2025\\\/#primaryimage\"},\"thumbnailUrl\":\"https:\\\/\\\/dlvradio.es\\\/wp-content\\\/uploads\\\/2025\\\/02\\\/DLVRADIO.ES-2.png\",\"keywords\":[\"Espa\u00f1a\",\"informativo\",\"trabajo\"],\"articleSection\":[\"Informativos\"],\"inLanguage\":\"en-US\"},{\"@type\":\"WebPage\",\"@id\":\"https:\\\/\\\/dlvradio.es\\\/datos-de-paro-registrado-y-afiliacion-a-la-seguridad-social-correspondientes-al-mes-de-enero-de-2025\\\/\",\"url\":\"https:\\\/\\\/dlvradio.es\\\/datos-de-paro-registrado-y-afiliacion-a-la-seguridad-social-correspondientes-al-mes-de-enero-de-2025\\\/\",\"name\":\"Datos de paro registrado y afiliaci\u00f3n a la Seguridad Social correspondientes al mes de enero de 2025 - DLVRADIO\",\"isPartOf\":{\"@id\":\"https:\\\/\\\/dlvradio.es\\\/#website\"},\"primaryImageOfPage\":{\"@id\":\"https:\\\/\\\/dlvradio.es\\\/datos-de-paro-registrado-y-afiliacion-a-la-seguridad-social-correspondientes-al-mes-de-enero-de-2025\\\/#primaryimage\"},\"image\":{\"@id\":\"https:\\\/\\\/dlvradio.es\\\/datos-de-paro-registrado-y-afiliacion-a-la-seguridad-social-correspondientes-al-mes-de-enero-de-2025\\\/#primaryimage\"},\"thumbnailUrl\":\"https:\\\/\\\/dlvradio.es\\\/wp-content\\\/uploads\\\/2025\\\/02\\\/DLVRADIO.ES-2.png\",\"datePublished\":\"2025-02-04T18:00:53+00:00\",\"description\":\"Os dejamos el audio de la rueda de prensa de los secretarios de Estado de Empleo y Econom\u00eda Social, Joaqu\u00edn P\u00e9rez Rey, y de Seguridad Social y Pensiones,\",\"breadcrumb\":{\"@id\":\"https:\\\/\\\/dlvradio.es\\\/datos-de-paro-registrado-y-afiliacion-a-la-seguridad-social-correspondientes-al-mes-de-enero-de-2025\\\/#breadcrumb\"},\"inLanguage\":\"en-US\",\"potentialAction\":[{\"@type\":\"ReadAction\",\"target\":[\"https:\\\/\\\/dlvradio.es\\\/datos-de-paro-registrado-y-afiliacion-a-la-seguridad-social-correspondientes-al-mes-de-enero-de-2025\\\/\"]}]},{\"@type\":\"ImageObject\",\"inLanguage\":\"en-US\",\"@id\":\"https:\\\/\\\/dlvradio.es\\\/datos-de-paro-registrado-y-afiliacion-a-la-seguridad-social-correspondientes-al-mes-de-enero-de-2025\\\/#primaryimage\",\"url\":\"https:\\\/\\\/dlvradio.es\\\/wp-content\\\/uploads\\\/2025\\\/02\\\/DLVRADIO.ES-2.png\",\"contentUrl\":\"https:\\\/\\\/dlvradio.es\\\/wp-content\\\/uploads\\\/2025\\\/02\\\/DLVRADIO.ES-2.png\",\"width\":1500,\"height\":1500,\"caption\":\"Datos de paro registrado y afiliaci\u00f3n a la Seguridad Social correspondientes al mes de enero de 2025\"},{\"@type\":\"BreadcrumbList\",\"@id\":\"https:\\\/\\\/dlvradio.es\\\/datos-de-paro-registrado-y-afiliacion-a-la-seguridad-social-correspondientes-al-mes-de-enero-de-2025\\\/#breadcrumb\",\"itemListElement\":[{\"@type\":\"ListItem\",\"position\":1,\"name\":\"Inicio\",\"item\":\"https:\\\/\\\/dlvradio.es\\\/\"},{\"@type\":\"ListItem\",\"position\":2,\"name\":\"Datos de paro registrado y afiliaci\u00f3n a la Seguridad Social correspondientes al mes de enero de 2025\"}]},{\"@type\":\"WebSite\",\"@id\":\"https:\\\/\\\/dlvradio.es\\\/#website\",\"url\":\"https:\\\/\\\/dlvradio.es\\\/\",\"name\":\"DLVRADIO\",\"description\":\"Somos un medio de comunicaci\u00f3n alternativo a los medios tradicionales\",\"publisher\":{\"@id\":\"https:\\\/\\\/dlvradio.es\\\/#organization\"},\"potentialAction\":[{\"@type\":\"SearchAction\",\"target\":{\"@type\":\"EntryPoint\",\"urlTemplate\":\"https:\\\/\\\/dlvradio.es\\\/?s={search_term_string}\"},\"query-input\":{\"@type\":\"PropertyValueSpecification\",\"valueRequired\":true,\"valueName\":\"search_term_string\"}}],\"inLanguage\":\"en-US\"},{\"@type\":\"Organization\",\"@id\":\"https:\\\/\\\/dlvradio.es\\\/#organization\",\"name\":\"DLVRADIO\",\"url\":\"https:\\\/\\\/dlvradio.es\\\/\",\"logo\":{\"@type\":\"ImageObject\",\"inLanguage\":\"en-US\",\"@id\":\"https:\\\/\\\/dlvradio.es\\\/#\\\/schema\\\/logo\\\/image\\\/\",\"url\":\"\",\"contentUrl\":\"\",\"caption\":\"DLVRADIO\"},\"image\":{\"@id\":\"https:\\\/\\\/dlvradio.es\\\/#\\\/schema\\\/logo\\\/image\\\/\"},\"sameAs\":[\"https:\\\/\\\/www.facebook.com\\\/RadioDLVradio\\\/\",\"https:\\\/\\\/x.com\\\/RadioDlvradio\",\"https:\\\/\\\/www.instagram.com\\\/radiodlvradio\\\/\"]},{\"@type\":\"Person\",\"@id\":\"https:\\\/\\\/dlvradio.es\\\/#\\\/schema\\\/person\\\/6ee60897fbb7fb4ad6634c73f4be87fa\",\"name\":\"doominio\",\"sameAs\":[\"https:\\\/\\\/dlvradio.es\"]}]}<\/script>\n<!-- \/ Yoast SEO plugin. -->","yoast_head_json":{"title":"Datos de paro registrado y afiliaci\u00f3n a la Seguridad Social correspondientes al mes de enero de 2025 - DLVRADIO","description":"Os dejamos el audio de la rueda de prensa de los secretarios de Estado de Empleo y Econom\u00eda Social, Joaqu\u00edn P\u00e9rez Rey, y de Seguridad Social y Pensiones,","robots":{"index":"index","follow":"follow","max-snippet":"max-snippet:-1","max-image-preview":"max-image-preview:large","max-video-preview":"max-video-preview:-1"},"canonical":"https:\/\/dlvradio.es\/en\/datos-de-paro-registrado-y-afiliacion-a-la-seguridad-social-correspondientes-al-mes-de-enero-de-2025\/","og_locale":"en_US","og_type":"article","og_title":"Datos de paro registrado y afiliaci\u00f3n a la Seguridad Social correspondientes al mes de enero de 2025 - DLVRADIO","og_description":"Os dejamos el audio de la rueda de prensa de los secretarios de Estado de Empleo y Econom\u00eda Social, Joaqu\u00edn P\u00e9rez Rey, y de Seguridad Social y Pensiones,","og_url":"https:\/\/dlvradio.es\/en\/datos-de-paro-registrado-y-afiliacion-a-la-seguridad-social-correspondientes-al-mes-de-enero-de-2025\/","og_site_name":"DLVRADIO","article_publisher":"https:\/\/www.facebook.com\/RadioDLVradio\/","article_published_time":"2025-02-04T18:00:53+00:00","og_image":[{"width":1500,"height":1500,"url":"https:\/\/dlvradio.es\/wp-content\/uploads\/2025\/02\/DLVRADIO.ES-2.png","type":"image\/png"}],"author":"doominio","twitter_card":"summary_large_image","twitter_creator":"@RadioDlvradio","twitter_site":"@RadioDlvradio","schema":{"@context":"https:\/\/schema.org","@graph":[{"@type":"Article","@id":"https:\/\/dlvradio.es\/datos-de-paro-registrado-y-afiliacion-a-la-seguridad-social-correspondientes-al-mes-de-enero-de-2025\/#article","isPartOf":{"@id":"https:\/\/dlvradio.es\/datos-de-paro-registrado-y-afiliacion-a-la-seguridad-social-correspondientes-al-mes-de-enero-de-2025\/"},"author":{"name":"doominio","@id":"https:\/\/dlvradio.es\/#\/schema\/person\/6ee60897fbb7fb4ad6634c73f4be87fa"},"headline":"Datos de paro registrado y afiliaci\u00f3n a la Seguridad Social correspondientes al mes de enero de 2025","datePublished":"2025-02-04T18:00:53+00:00","mainEntityOfPage":{"@id":"https:\/\/dlvradio.es\/datos-de-paro-registrado-y-afiliacion-a-la-seguridad-social-correspondientes-al-mes-de-enero-de-2025\/"},"wordCount":149,"publisher":{"@id":"https:\/\/dlvradio.es\/#organization"},"image":{"@id":"https:\/\/dlvradio.es\/datos-de-paro-registrado-y-afiliacion-a-la-seguridad-social-correspondientes-al-mes-de-enero-de-2025\/#primaryimage"},"thumbnailUrl":"https:\/\/dlvradio.es\/wp-content\/uploads\/2025\/02\/DLVRADIO.ES-2.png","keywords":["Espa\u00f1a","informativo","trabajo"],"articleSection":["Informativos"],"inLanguage":"en-US"},{"@type":"WebPage","@id":"https:\/\/dlvradio.es\/datos-de-paro-registrado-y-afiliacion-a-la-seguridad-social-correspondientes-al-mes-de-enero-de-2025\/","url":"https:\/\/dlvradio.es\/datos-de-paro-registrado-y-afiliacion-a-la-seguridad-social-correspondientes-al-mes-de-enero-de-2025\/","name":"Datos de paro registrado y afiliaci\u00f3n a la Seguridad Social correspondientes al mes de enero de 2025 - DLVRADIO","isPartOf":{"@id":"https:\/\/dlvradio.es\/#website"},"primaryImageOfPage":{"@id":"https:\/\/dlvradio.es\/datos-de-paro-registrado-y-afiliacion-a-la-seguridad-social-correspondientes-al-mes-de-enero-de-2025\/#primaryimage"},"image":{"@id":"https:\/\/dlvradio.es\/datos-de-paro-registrado-y-afiliacion-a-la-seguridad-social-correspondientes-al-mes-de-enero-de-2025\/#primaryimage"},"thumbnailUrl":"https:\/\/dlvradio.es\/wp-content\/uploads\/2025\/02\/DLVRADIO.ES-2.png","datePublished":"2025-02-04T18:00:53+00:00","description":"Os dejamos el audio de la rueda de prensa de los secretarios de Estado de Empleo y Econom\u00eda Social, Joaqu\u00edn P\u00e9rez Rey, y de Seguridad Social y Pensiones,","breadcrumb":{"@id":"https:\/\/dlvradio.es\/datos-de-paro-registrado-y-afiliacion-a-la-seguridad-social-correspondientes-al-mes-de-enero-de-2025\/#breadcrumb"},"inLanguage":"en-US","potentialAction":[{"@type":"ReadAction","target":["https:\/\/dlvradio.es\/datos-de-paro-registrado-y-afiliacion-a-la-seguridad-social-correspondientes-al-mes-de-enero-de-2025\/"]}]},{"@type":"ImageObject","inLanguage":"en-US","@id":"https:\/\/dlvradio.es\/datos-de-paro-registrado-y-afiliacion-a-la-seguridad-social-correspondientes-al-mes-de-enero-de-2025\/#primaryimage","url":"https:\/\/dlvradio.es\/wp-content\/uploads\/2025\/02\/DLVRADIO.ES-2.png","contentUrl":"https:\/\/dlvradio.es\/wp-content\/uploads\/2025\/02\/DLVRADIO.ES-2.png","width":1500,"height":1500,"caption":"Datos de paro registrado y afiliaci\u00f3n a la Seguridad Social correspondientes al mes de enero de 2025"},{"@type":"BreadcrumbList","@id":"https:\/\/dlvradio.es\/datos-de-paro-registrado-y-afiliacion-a-la-seguridad-social-correspondientes-al-mes-de-enero-de-2025\/#breadcrumb","itemListElement":[{"@type":"ListItem","position":1,"name":"Inicio","item":"https:\/\/dlvradio.es\/"},{"@type":"ListItem","position":2,"name":"Datos de paro registrado y afiliaci\u00f3n a la Seguridad Social correspondientes al mes de enero de 2025"}]},{"@type":"WebSite","@id":"https:\/\/dlvradio.es\/#website","url":"https:\/\/dlvradio.es\/","name":"DLVRADIO","description":"We are an alternative media to traditional media","publisher":{"@id":"https:\/\/dlvradio.es\/#organization"},"potentialAction":[{"@type":"SearchAction","target":{"@type":"EntryPoint","urlTemplate":"https:\/\/dlvradio.es\/?s={search_term_string}"},"query-input":{"@type":"PropertyValueSpecification","valueRequired":true,"valueName":"search_term_string"}}],"inLanguage":"en-US"},{"@type":"Organization","@id":"https:\/\/dlvradio.es\/#organization","name":"DLVRADIO","url":"https:\/\/dlvradio.es\/","logo":{"@type":"ImageObject","inLanguage":"en-US","@id":"https:\/\/dlvradio.es\/#\/schema\/logo\/image\/","url":"","contentUrl":"","caption":"DLVRADIO"},"image":{"@id":"https:\/\/dlvradio.es\/#\/schema\/logo\/image\/"},"sameAs":["https:\/\/www.facebook.com\/RadioDLVradio\/","https:\/\/x.com\/RadioDlvradio","https:\/\/www.instagram.com\/radiodlvradio\/"]},{"@type":"Person","@id":"https:\/\/dlvradio.es\/#\/schema\/person\/6ee60897fbb7fb4ad6634c73f4be87fa","name":"doominio","sameAs":["https:\/\/dlvradio.es"]}]}},"_links":{"self":[{"href":"https:\/\/dlvradio.es\/en\/wp-json\/wp\/v2\/posts\/76037","targetHints":{"allow":["GET"]}}],"collection":[{"href":"https:\/\/dlvradio.es\/en\/wp-json\/wp\/v2\/posts"}],"about":[{"href":"https:\/\/dlvradio.es\/en\/wp-json\/wp\/v2\/types\/post"}],"author":[{"embeddable":true,"href":"https:\/\/dlvradio.es\/en\/wp-json\/wp\/v2\/users\/1"}],"replies":[{"embeddable":true,"href":"https:\/\/dlvradio.es\/en\/wp-json\/wp\/v2\/comments?post=76037"}],"version-history":[{"count":2,"href":"https:\/\/dlvradio.es\/en\/wp-json\/wp\/v2\/posts\/76037\/revisions"}],"predecessor-version":[{"id":76049,"href":"https:\/\/dlvradio.es\/en\/wp-json\/wp\/v2\/posts\/76037\/revisions\/76049"}],"wp:featuredmedia":[{"embeddable":true,"href":"https:\/\/dlvradio.es\/en\/wp-json\/wp\/v2\/media\/76046"}],"wp:attachment":[{"href":"https:\/\/dlvradio.es\/en\/wp-json\/wp\/v2\/media?parent=76037"}],"wp:term":[{"taxonomy":"category","embeddable":true,"href":"https:\/\/dlvradio.es\/en\/wp-json\/wp\/v2\/categories?post=76037"},{"taxonomy":"post_tag","embeddable":true,"href":"https:\/\/dlvradio.es\/en\/wp-json\/wp\/v2\/tags?post=76037"}],"curies":[{"name":"wp","href":"https:\/\/api.w.org\/{rel}","templated":true}]}}