{"id":76463,"date":"2025-03-05T11:49:18","date_gmt":"2025-03-05T10:49:18","guid":{"rendered":"https:\/\/dlvradio.es\/?p=76463"},"modified":"2025-03-05T12:05:04","modified_gmt":"2025-03-05T11:05:04","slug":"tortura-y-prostitucion-de-mujeres-en-la-frontera-colombia-venezuela-por-la-guerrila","status":"publish","type":"post","link":"https:\/\/dlvradio.es\/en\/tortura-y-prostitucion-de-mujeres-en-la-frontera-colombia-venezuela-por-la-guerrila\/","title":{"rendered":"\u00abTortura y prostituci\u00f3n de mujeres en la frontera Colombia\/Venezuela por la guerrilla\u00bb"},"content":{"rendered":"<p>Esta semana del #8M tendremos #ElDecreto un especial <strong>\u00abTortura y prostituci\u00f3n de mujeres en la frontera Colombia\/Venezuela por la guerrilla\u00bb<\/strong> con Alejandra Vera de la asociaci\u00f3n @C_Mujer_DyM desde Colombia, tambi\u00e9n estar\u00e1 Marta Carballo y como siempre moderado por Nuria Gonz\u00e1lez. Intentaremos que conozc\u00e1is de primera mano lo que est\u00e1 sucediendo en estos momentos en esa zona de Colombia.<\/p>\n<p>Como siempre en directo hoy 5 de marzo a las 21.30h en nuestro canal de YouTube.<\/p>\n<p>Como siempre pod\u00e9is dejar vuestros comentarios, preguntas a las tertulianas.<\/p>\n<p><iframe title=\"Tortura y prostituci\u00f3n de mujeres en la frontera Colombia\/Venezuela por la guerrila\" width=\"800\" height=\"450\" src=\"https:\/\/www.youtube.com\/embed\/rE78a9NmWVk?feature=oembed\" frameborder=\"0\" allow=\"accelerometer; autoplay; clipboard-write; encrypted-media; gyroscope; picture-in-picture; web-share\" referrerpolicy=\"strict-origin-when-cross-origin\" allowfullscreen><\/iframe><\/p>","protected":false},"excerpt":{"rendered":"<p>Esta semana del #8M tendremos #ElDecreto un especial \u00abTortura y prostituci\u00f3n de mujeres en la frontera Colombia\/Venezuela por la guerrilla\u00bb con Alejandra Vera de la asociaci\u00f3n @C_Mujer_DyM desde Colombia, tambi\u00e9n estar\u00e1 Marta Carballo y como siempre moderado por Nuria Gonz\u00e1lez. Intentaremos que conozc\u00e1is de primera mano lo que est\u00e1 sucediendo en estos momentos en esa [&hellip;]<\/p>\n","protected":false},"author":1,"featured_media":76470,"comment_status":"closed","ping_status":"closed","sticky":false,"template":"","format":"standard","meta":{"_acf_changed":false,"footnotes":""},"categories":[2470,2593,2514],"tags":[2471,2507,2489],"class_list":["post-76463","post","type-post","status-publish","format-standard","has-post-thumbnail","hentry","category-feminismo","category-internacional","category-tertulia-debate","tag-feminismo","tag-internacional","tag-tertulia"],"acf":[],"yoast_head":"<!-- This site is optimized with the Yoast SEO plugin v27.4 - https:\/\/yoast.com\/product\/yoast-seo-wordpress\/ -->\n<title>&quot;Tortura y prostituci\u00f3n de mujeres en la frontera Colombia\/Venezuela por la guerrilla&quot; - DLVRADIO<\/title>\n<meta name=\"description\" content=\"Esta semana del #8M tendremos #ElDecreto un especial &quot;Tortura y prostituci\u00f3n de mujeres en la frontera Colombia\/Venezuela por la guerrilla&quot; con Alejandra\" \/>\n<meta name=\"robots\" content=\"index, follow, max-snippet:-1, max-image-preview:large, max-video-preview:-1\" \/>\n<link rel=\"canonical\" href=\"https:\/\/dlvradio.es\/en\/tortura-y-prostitucion-de-mujeres-en-la-frontera-colombia-venezuela-por-la-guerrila\/\" \/>\n<meta property=\"og:locale\" content=\"en_US\" \/>\n<meta property=\"og:type\" content=\"article\" \/>\n<meta property=\"og:title\" content=\"&quot;Tortura y prostituci\u00f3n de mujeres en la frontera Colombia\/Venezuela por la guerrilla&quot; - DLVRADIO\" \/>\n<meta property=\"og:description\" content=\"Esta semana del #8M tendremos #ElDecreto un especial &quot;Tortura y prostituci\u00f3n de mujeres en la frontera Colombia\/Venezuela por la guerrilla&quot; con Alejandra\" \/>\n<meta property=\"og:url\" content=\"https:\/\/dlvradio.es\/en\/tortura-y-prostitucion-de-mujeres-en-la-frontera-colombia-venezuela-por-la-guerrila\/\" \/>\n<meta property=\"og:site_name\" content=\"DLVRADIO\" \/>\n<meta property=\"article:publisher\" content=\"https:\/\/www.facebook.com\/RadioDLVradio\/\" \/>\n<meta property=\"article:published_time\" content=\"2025-03-05T10:49:18+00:00\" \/>\n<meta property=\"article:modified_time\" content=\"2025-03-05T11:05:04+00:00\" \/>\n<meta property=\"og:image\" content=\"https:\/\/dlvradio.es\/wp-content\/uploads\/2025\/03\/Tertulia-1024x1024.png\" \/>\n\t<meta property=\"og:image:width\" content=\"1024\" \/>\n\t<meta property=\"og:image:height\" content=\"1024\" \/>\n\t<meta property=\"og:image:type\" content=\"image\/png\" \/>\n<meta name=\"author\" content=\"doominio\" \/>\n<meta name=\"twitter:card\" content=\"summary_large_image\" \/>\n<meta name=\"twitter:creator\" content=\"@RadioDlvradio\" \/>\n<meta name=\"twitter:site\" content=\"@RadioDlvradio\" \/>\n<script type=\"application\/ld+json\" class=\"yoast-schema-graph\">{\"@context\":\"https:\\\/\\\/schema.org\",\"@graph\":[{\"@type\":\"Article\",\"@id\":\"https:\\\/\\\/dlvradio.es\\\/tortura-y-prostitucion-de-mujeres-en-la-frontera-colombia-venezuela-por-la-guerrila\\\/#article\",\"isPartOf\":{\"@id\":\"https:\\\/\\\/dlvradio.es\\\/tortura-y-prostitucion-de-mujeres-en-la-frontera-colombia-venezuela-por-la-guerrila\\\/\"},\"author\":{\"name\":\"doominio\",\"@id\":\"https:\\\/\\\/dlvradio.es\\\/#\\\/schema\\\/person\\\/6ee60897fbb7fb4ad6634c73f4be87fa\"},\"headline\":\"\u00abTortura y prostituci\u00f3n de mujeres en la frontera Colombia\\\/Venezuela por la guerrilla\u00bb\",\"datePublished\":\"2025-03-05T10:49:18+00:00\",\"dateModified\":\"2025-03-05T11:05:04+00:00\",\"mainEntityOfPage\":{\"@id\":\"https:\\\/\\\/dlvradio.es\\\/tortura-y-prostitucion-de-mujeres-en-la-frontera-colombia-venezuela-por-la-guerrila\\\/\"},\"wordCount\":115,\"publisher\":{\"@id\":\"https:\\\/\\\/dlvradio.es\\\/#organization\"},\"image\":{\"@id\":\"https:\\\/\\\/dlvradio.es\\\/tortura-y-prostitucion-de-mujeres-en-la-frontera-colombia-venezuela-por-la-guerrila\\\/#primaryimage\"},\"thumbnailUrl\":\"https:\\\/\\\/dlvradio.es\\\/wp-content\\\/uploads\\\/2025\\\/03\\\/Tertulia.png\",\"keywords\":[\"feminismo\",\"internacional\",\"Tertulia\"],\"articleSection\":[\"Feminismo\",\"Internacional\",\"Tertulia - Debate\"],\"inLanguage\":\"en-US\"},{\"@type\":\"WebPage\",\"@id\":\"https:\\\/\\\/dlvradio.es\\\/tortura-y-prostitucion-de-mujeres-en-la-frontera-colombia-venezuela-por-la-guerrila\\\/\",\"url\":\"https:\\\/\\\/dlvradio.es\\\/tortura-y-prostitucion-de-mujeres-en-la-frontera-colombia-venezuela-por-la-guerrila\\\/\",\"name\":\"\\\"Tortura y prostituci\u00f3n de mujeres en la frontera Colombia\\\/Venezuela por la guerrilla\\\" - DLVRADIO\",\"isPartOf\":{\"@id\":\"https:\\\/\\\/dlvradio.es\\\/#website\"},\"primaryImageOfPage\":{\"@id\":\"https:\\\/\\\/dlvradio.es\\\/tortura-y-prostitucion-de-mujeres-en-la-frontera-colombia-venezuela-por-la-guerrila\\\/#primaryimage\"},\"image\":{\"@id\":\"https:\\\/\\\/dlvradio.es\\\/tortura-y-prostitucion-de-mujeres-en-la-frontera-colombia-venezuela-por-la-guerrila\\\/#primaryimage\"},\"thumbnailUrl\":\"https:\\\/\\\/dlvradio.es\\\/wp-content\\\/uploads\\\/2025\\\/03\\\/Tertulia.png\",\"datePublished\":\"2025-03-05T10:49:18+00:00\",\"dateModified\":\"2025-03-05T11:05:04+00:00\",\"description\":\"Esta semana del #8M tendremos #ElDecreto un especial \\\"Tortura y prostituci\u00f3n de mujeres en la frontera Colombia\\\/Venezuela por la guerrilla\\\" con Alejandra\",\"breadcrumb\":{\"@id\":\"https:\\\/\\\/dlvradio.es\\\/tortura-y-prostitucion-de-mujeres-en-la-frontera-colombia-venezuela-por-la-guerrila\\\/#breadcrumb\"},\"inLanguage\":\"en-US\",\"potentialAction\":[{\"@type\":\"ReadAction\",\"target\":[\"https:\\\/\\\/dlvradio.es\\\/tortura-y-prostitucion-de-mujeres-en-la-frontera-colombia-venezuela-por-la-guerrila\\\/\"]}]},{\"@type\":\"ImageObject\",\"inLanguage\":\"en-US\",\"@id\":\"https:\\\/\\\/dlvradio.es\\\/tortura-y-prostitucion-de-mujeres-en-la-frontera-colombia-venezuela-por-la-guerrila\\\/#primaryimage\",\"url\":\"https:\\\/\\\/dlvradio.es\\\/wp-content\\\/uploads\\\/2025\\\/03\\\/Tertulia.png\",\"contentUrl\":\"https:\\\/\\\/dlvradio.es\\\/wp-content\\\/uploads\\\/2025\\\/03\\\/Tertulia.png\",\"width\":1500,\"height\":1500,\"caption\":\"\\\"Tortura y prostituci\u00f3n de mujeres en la frontera Colombia\\\/Venezuela por la guerrilla\\\"\"},{\"@type\":\"BreadcrumbList\",\"@id\":\"https:\\\/\\\/dlvradio.es\\\/tortura-y-prostitucion-de-mujeres-en-la-frontera-colombia-venezuela-por-la-guerrila\\\/#breadcrumb\",\"itemListElement\":[{\"@type\":\"ListItem\",\"position\":1,\"name\":\"Inicio\",\"item\":\"https:\\\/\\\/dlvradio.es\\\/\"},{\"@type\":\"ListItem\",\"position\":2,\"name\":\"&#8220;Tortura y prostituci\u00f3n de mujeres en la frontera Colombia\\\/Venezuela por la guerrilla&#8221;\"}]},{\"@type\":\"WebSite\",\"@id\":\"https:\\\/\\\/dlvradio.es\\\/#website\",\"url\":\"https:\\\/\\\/dlvradio.es\\\/\",\"name\":\"DLVRADIO\",\"description\":\"Somos un medio de comunicaci\u00f3n alternativo a los medios tradicionales\",\"publisher\":{\"@id\":\"https:\\\/\\\/dlvradio.es\\\/#organization\"},\"potentialAction\":[{\"@type\":\"SearchAction\",\"target\":{\"@type\":\"EntryPoint\",\"urlTemplate\":\"https:\\\/\\\/dlvradio.es\\\/?s={search_term_string}\"},\"query-input\":{\"@type\":\"PropertyValueSpecification\",\"valueRequired\":true,\"valueName\":\"search_term_string\"}}],\"inLanguage\":\"en-US\"},{\"@type\":\"Organization\",\"@id\":\"https:\\\/\\\/dlvradio.es\\\/#organization\",\"name\":\"DLVRADIO\",\"url\":\"https:\\\/\\\/dlvradio.es\\\/\",\"logo\":{\"@type\":\"ImageObject\",\"inLanguage\":\"en-US\",\"@id\":\"https:\\\/\\\/dlvradio.es\\\/#\\\/schema\\\/logo\\\/image\\\/\",\"url\":\"\",\"contentUrl\":\"\",\"caption\":\"DLVRADIO\"},\"image\":{\"@id\":\"https:\\\/\\\/dlvradio.es\\\/#\\\/schema\\\/logo\\\/image\\\/\"},\"sameAs\":[\"https:\\\/\\\/www.facebook.com\\\/RadioDLVradio\\\/\",\"https:\\\/\\\/x.com\\\/RadioDlvradio\",\"https:\\\/\\\/www.instagram.com\\\/radiodlvradio\\\/\"]},{\"@type\":\"Person\",\"@id\":\"https:\\\/\\\/dlvradio.es\\\/#\\\/schema\\\/person\\\/6ee60897fbb7fb4ad6634c73f4be87fa\",\"name\":\"doominio\",\"sameAs\":[\"https:\\\/\\\/dlvradio.es\"]}]}<\/script>\n<!-- \/ Yoast SEO plugin. -->","yoast_head_json":{"title":"\"Tortura y prostituci\u00f3n de mujeres en la frontera Colombia\/Venezuela por la guerrilla\" - DLVRADIO","description":"Esta semana del #8M tendremos #ElDecreto un especial \"Tortura y prostituci\u00f3n de mujeres en la frontera Colombia\/Venezuela por la guerrilla\" con Alejandra","robots":{"index":"index","follow":"follow","max-snippet":"max-snippet:-1","max-image-preview":"max-image-preview:large","max-video-preview":"max-video-preview:-1"},"canonical":"https:\/\/dlvradio.es\/en\/tortura-y-prostitucion-de-mujeres-en-la-frontera-colombia-venezuela-por-la-guerrila\/","og_locale":"en_US","og_type":"article","og_title":"\"Tortura y prostituci\u00f3n de mujeres en la frontera Colombia\/Venezuela por la guerrilla\" - DLVRADIO","og_description":"Esta semana del #8M tendremos #ElDecreto un especial \"Tortura y prostituci\u00f3n de mujeres en la frontera Colombia\/Venezuela por la guerrilla\" con Alejandra","og_url":"https:\/\/dlvradio.es\/en\/tortura-y-prostitucion-de-mujeres-en-la-frontera-colombia-venezuela-por-la-guerrila\/","og_site_name":"DLVRADIO","article_publisher":"https:\/\/www.facebook.com\/RadioDLVradio\/","article_published_time":"2025-03-05T10:49:18+00:00","article_modified_time":"2025-03-05T11:05:04+00:00","og_image":[{"width":1024,"height":1024,"url":"https:\/\/dlvradio.es\/wp-content\/uploads\/2025\/03\/Tertulia-1024x1024.png","type":"image\/png"}],"author":"doominio","twitter_card":"summary_large_image","twitter_creator":"@RadioDlvradio","twitter_site":"@RadioDlvradio","schema":{"@context":"https:\/\/schema.org","@graph":[{"@type":"Article","@id":"https:\/\/dlvradio.es\/tortura-y-prostitucion-de-mujeres-en-la-frontera-colombia-venezuela-por-la-guerrila\/#article","isPartOf":{"@id":"https:\/\/dlvradio.es\/tortura-y-prostitucion-de-mujeres-en-la-frontera-colombia-venezuela-por-la-guerrila\/"},"author":{"name":"doominio","@id":"https:\/\/dlvradio.es\/#\/schema\/person\/6ee60897fbb7fb4ad6634c73f4be87fa"},"headline":"\u00abTortura y prostituci\u00f3n de mujeres en la frontera Colombia\/Venezuela por la guerrilla\u00bb","datePublished":"2025-03-05T10:49:18+00:00","dateModified":"2025-03-05T11:05:04+00:00","mainEntityOfPage":{"@id":"https:\/\/dlvradio.es\/tortura-y-prostitucion-de-mujeres-en-la-frontera-colombia-venezuela-por-la-guerrila\/"},"wordCount":115,"publisher":{"@id":"https:\/\/dlvradio.es\/#organization"},"image":{"@id":"https:\/\/dlvradio.es\/tortura-y-prostitucion-de-mujeres-en-la-frontera-colombia-venezuela-por-la-guerrila\/#primaryimage"},"thumbnailUrl":"https:\/\/dlvradio.es\/wp-content\/uploads\/2025\/03\/Tertulia.png","keywords":["feminismo","internacional","Tertulia"],"articleSection":["Feminismo","Internacional","Tertulia - Debate"],"inLanguage":"en-US"},{"@type":"WebPage","@id":"https:\/\/dlvradio.es\/tortura-y-prostitucion-de-mujeres-en-la-frontera-colombia-venezuela-por-la-guerrila\/","url":"https:\/\/dlvradio.es\/tortura-y-prostitucion-de-mujeres-en-la-frontera-colombia-venezuela-por-la-guerrila\/","name":"\"Tortura y prostituci\u00f3n de mujeres en la frontera Colombia\/Venezuela por la guerrilla\" - DLVRADIO","isPartOf":{"@id":"https:\/\/dlvradio.es\/#website"},"primaryImageOfPage":{"@id":"https:\/\/dlvradio.es\/tortura-y-prostitucion-de-mujeres-en-la-frontera-colombia-venezuela-por-la-guerrila\/#primaryimage"},"image":{"@id":"https:\/\/dlvradio.es\/tortura-y-prostitucion-de-mujeres-en-la-frontera-colombia-venezuela-por-la-guerrila\/#primaryimage"},"thumbnailUrl":"https:\/\/dlvradio.es\/wp-content\/uploads\/2025\/03\/Tertulia.png","datePublished":"2025-03-05T10:49:18+00:00","dateModified":"2025-03-05T11:05:04+00:00","description":"Esta semana del #8M tendremos #ElDecreto un especial \"Tortura y prostituci\u00f3n de mujeres en la frontera Colombia\/Venezuela por la guerrilla\" con Alejandra","breadcrumb":{"@id":"https:\/\/dlvradio.es\/tortura-y-prostitucion-de-mujeres-en-la-frontera-colombia-venezuela-por-la-guerrila\/#breadcrumb"},"inLanguage":"en-US","potentialAction":[{"@type":"ReadAction","target":["https:\/\/dlvradio.es\/tortura-y-prostitucion-de-mujeres-en-la-frontera-colombia-venezuela-por-la-guerrila\/"]}]},{"@type":"ImageObject","inLanguage":"en-US","@id":"https:\/\/dlvradio.es\/tortura-y-prostitucion-de-mujeres-en-la-frontera-colombia-venezuela-por-la-guerrila\/#primaryimage","url":"https:\/\/dlvradio.es\/wp-content\/uploads\/2025\/03\/Tertulia.png","contentUrl":"https:\/\/dlvradio.es\/wp-content\/uploads\/2025\/03\/Tertulia.png","width":1500,"height":1500,"caption":"\"Tortura y prostituci\u00f3n de mujeres en la frontera Colombia\/Venezuela por la guerrilla\""},{"@type":"BreadcrumbList","@id":"https:\/\/dlvradio.es\/tortura-y-prostitucion-de-mujeres-en-la-frontera-colombia-venezuela-por-la-guerrila\/#breadcrumb","itemListElement":[{"@type":"ListItem","position":1,"name":"Inicio","item":"https:\/\/dlvradio.es\/"},{"@type":"ListItem","position":2,"name":"&#8220;Tortura y prostituci\u00f3n de mujeres en la frontera Colombia\/Venezuela por la guerrilla&#8221;"}]},{"@type":"WebSite","@id":"https:\/\/dlvradio.es\/#website","url":"https:\/\/dlvradio.es\/","name":"DLVRADIO","description":"We are an alternative media to traditional media","publisher":{"@id":"https:\/\/dlvradio.es\/#organization"},"potentialAction":[{"@type":"SearchAction","target":{"@type":"EntryPoint","urlTemplate":"https:\/\/dlvradio.es\/?s={search_term_string}"},"query-input":{"@type":"PropertyValueSpecification","valueRequired":true,"valueName":"search_term_string"}}],"inLanguage":"en-US"},{"@type":"Organization","@id":"https:\/\/dlvradio.es\/#organization","name":"DLVRADIO","url":"https:\/\/dlvradio.es\/","logo":{"@type":"ImageObject","inLanguage":"en-US","@id":"https:\/\/dlvradio.es\/#\/schema\/logo\/image\/","url":"","contentUrl":"","caption":"DLVRADIO"},"image":{"@id":"https:\/\/dlvradio.es\/#\/schema\/logo\/image\/"},"sameAs":["https:\/\/www.facebook.com\/RadioDLVradio\/","https:\/\/x.com\/RadioDlvradio","https:\/\/www.instagram.com\/radiodlvradio\/"]},{"@type":"Person","@id":"https:\/\/dlvradio.es\/#\/schema\/person\/6ee60897fbb7fb4ad6634c73f4be87fa","name":"doominio","sameAs":["https:\/\/dlvradio.es"]}]}},"_links":{"self":[{"href":"https:\/\/dlvradio.es\/en\/wp-json\/wp\/v2\/posts\/76463","targetHints":{"allow":["GET"]}}],"collection":[{"href":"https:\/\/dlvradio.es\/en\/wp-json\/wp\/v2\/posts"}],"about":[{"href":"https:\/\/dlvradio.es\/en\/wp-json\/wp\/v2\/types\/post"}],"author":[{"embeddable":true,"href":"https:\/\/dlvradio.es\/en\/wp-json\/wp\/v2\/users\/1"}],"replies":[{"embeddable":true,"href":"https:\/\/dlvradio.es\/en\/wp-json\/wp\/v2\/comments?post=76463"}],"version-history":[{"count":2,"href":"https:\/\/dlvradio.es\/en\/wp-json\/wp\/v2\/posts\/76463\/revisions"}],"predecessor-version":[{"id":76467,"href":"https:\/\/dlvradio.es\/en\/wp-json\/wp\/v2\/posts\/76463\/revisions\/76467"}],"wp:featuredmedia":[{"embeddable":true,"href":"https:\/\/dlvradio.es\/en\/wp-json\/wp\/v2\/media\/76470"}],"wp:attachment":[{"href":"https:\/\/dlvradio.es\/en\/wp-json\/wp\/v2\/media?parent=76463"}],"wp:term":[{"taxonomy":"category","embeddable":true,"href":"https:\/\/dlvradio.es\/en\/wp-json\/wp\/v2\/categories?post=76463"},{"taxonomy":"post_tag","embeddable":true,"href":"https:\/\/dlvradio.es\/en\/wp-json\/wp\/v2\/tags?post=76463"}],"curies":[{"name":"wp","href":"https:\/\/api.w.org\/{rel}","templated":true}]}}