{"id":77150,"date":"2025-04-28T23:30:07","date_gmt":"2025-04-28T21:30:07","guid":{"rendered":"https:\/\/dlvradio.es\/?p=77150"},"modified":"2025-04-28T23:30:07","modified_gmt":"2025-04-28T21:30:07","slug":"sos-tendidos-electricos-reclama-la-aprobacion-del-decreto-destinado-a-reducir-la-mortalidad-de-la-fauna","status":"publish","type":"post","link":"https:\/\/dlvradio.es\/en\/sos-tendidos-electricos-reclama-la-aprobacion-del-decreto-destinado-a-reducir-la-mortalidad-de-la-fauna\/","title":{"rendered":"SOS Tendidos El\u00e9ctricos reclama la aprobaci\u00f3n del decreto destinado a reducir la mortalidad de la fauna"},"content":{"rendered":"<h3><strong>SOS Tendidos El\u00e9ctricos reclama la urgente aprobaci\u00f3n del decreto destinado a reducir la alta mortalidad de fauna en l\u00edneas el\u00e9ctricas y parques e\u00f3licos<\/strong><\/h3>\n<ul>\n<li><em>La Plataforma SOS Tendidos El\u00e9ctricos reconoce el avance que supone el borrador del nuevo real decreto que regular\u00e1 la correcci\u00f3n de tendidos el\u00e9ctricos para la protecci\u00f3n de la avifauna, as\u00ed como la reducci\u00f3n de la mortalidad de fauna por colisi\u00f3n con aerogeneradores, difundido por el Ministerio para la Transici\u00f3n Ecol\u00f3gica y el Reto Demogr\u00e1fico (MITECO).<\/em><\/li>\n<li><em>Sin embargo, considera que se necesitan medidas m\u00e1s ambiciosas para garantizar la m\u00ednima incidencia sobre la fauna de estas infraestructuras que se encuentran repartidas por toda Espa\u00f1a.<\/em><\/li>\n<\/ul>\n<p>La Plataforma SOS Tendidos El\u00e9ctricos, integrada por algunas de las principales entidades relacionadas con la conservaci\u00f3n de la naturaleza y de las aves, entre las que se encuentra Ecologistas en Acci\u00f3n, considera que la nueva normativa prometida por el MITECO desde el comienzo de la legislatura debe a\u00f1adir algunas mejoras para reducir de manera eficaz la muerte de millones de ejemplares de fauna, incluidas especies amenazadas, causadas por las l\u00edneas el\u00e9ctricas (electrocuci\u00f3n y colisi\u00f3n) y los aerogeneradores (colisi\u00f3n y barotrauma). La plataforma recuerda que estas muertes no son accidentales, sino sucesos previsibles y esperables que ocurren cuando la instalaci\u00f3n es peligrosa para la avifauna y no dispone de las apropiadas soluciones t\u00e9cnicas que garanticen su total inocuidad.<\/p>\n<p>En las alegaciones que han presentado durante el periodo de informaci\u00f3n p\u00fablica del nuevo real decreto, que se cerr\u00f3 el pasado 12 de abril, las entidades pertenecientes a la Plataforma SOS Tendidos El\u00e9ctricos, ven imprescindible extender la obligaci\u00f3n de aplicar las medidas de correcci\u00f3n en los tendidos el\u00e9ctricos peligrosos para las aves a todo el territorio nacional.<\/p>\n<p>Actualmente, esta obligaci\u00f3n se centra en las llamadas Zonas de Protecci\u00f3n, una figura legal ya prevista en el real decreto de 2008 sobre avifauna y l\u00edneas el\u00e9ctricas actualmente vigente, que se mantiene en el borrador que ha salido a informaci\u00f3n p\u00fablica y que incluye a las Zonas de Especial Protecci\u00f3n para las Aves (ZEPA) de la Red Natura 2000, a los \u00e1mbitos de aplicaci\u00f3n de los planes de recuperaci\u00f3n de las aves amenazadas y, en general, a las \u00e1reas prioritarias para estas especies catalogadas. Sin embargo, las aves se mueven por todo el territorio, por lo que limitar la adopci\u00f3n de medidas a las Zona de Protecci\u00f3n deja fuera de la cobertura del futuro real decreto a un n\u00famero inasumible de tendidos el\u00e9ctricos que representan una grave riesgo para la avifauna.<\/p>\n<p>La nueva norma prev\u00e9 actuar tambi\u00e9n en los tendidos el\u00e9ctricos situados fuera de las Zonas de Protecci\u00f3n, pero siempre y cuando haya casos previos de electrocuci\u00f3n o colisi\u00f3n de aves constatados por un agente de la autoridad. Esta medida es totalmente insuficiente para garantizar que se vayan a corregir los tendidos peligrosos para las aves en todo el territorio y en cualquier caso deber\u00eda no limitarse a eventos constatados e incluir tambi\u00e9n situaciones de riesgo inminente.<\/p>\n<p>Adem\u00e1s, la Plataforma SOS Tendidos El\u00e9ctricos considera que la creaci\u00f3n de Zonas de Protecci\u00f3n entra en contradicci\u00f3n con La Ley de Responsabilidad Ambiental, norma de rango superior al real decreto, que establece la obligaci\u00f3n a los operadores, ante una amenaza inminente, de adoptar sin demora y sin necesidad de advertencia previa medidas preventivas apropiadas. Una sentencia del Tribunal Supremo de octubre de 2021 indica expresamente que el riesgo de electrocuci\u00f3n de aves es siempre inmediato, independientemente de que la l\u00ednea se encuentre fuera o dentro de las Zonas de Protecci\u00f3n.<\/p>\n<p>En sus alegaciones, las entidades de la plataforma tambi\u00e9n solicitan que se establezcan plazos de tiempo definidos para al menos corregir las l\u00edneas m\u00e1s letales o las que supongan un alto riesgo para especies amenazadas, ya que en caso contrario las correcciones pueden retrasarse indefinidamente.<\/p>\n<p><strong>Actualizaci\u00f3n \u00e1gil de medidas<\/strong><\/p>\n<p>En los \u00faltimos a\u00f1os estamos asistiendo a un r\u00e1pido avance tecnol\u00f3gico en cuanto a las medidas para corregir y prevenir el impacto de los tendidos el\u00e9ctricos. Por eso, otra de las alegaciones de la Plataforma SOS Tendidos El\u00e9ctricos es permitir la actualizaci\u00f3n \u00e1gil de los art\u00edculos y anexos que describen esas medidas, preferiblemente mediante \u00f3rdenes ministeriales, lo que garantizar\u00e1 que siempre se apliquen las mejores soluciones t\u00e9cnicas disponibles, sin tener que esperar a una nueva modificaci\u00f3n del real decreto.<\/p>\n<p>En cualquier caso, las entidades que integran la plataforma consideran que no basta con aplicar medidas correctoras a posteriori y todos los nuevos tendidos el\u00e9ctricos deben construirse ya con criterios de dise\u00f1o seguro para las aves, minimizando el riesgo desde el primer momento.<\/p>\n<p>En el nuevo real decreto se excluyen expresamente las l\u00edneas el\u00e9ctricas que suministran energ\u00eda a trenes u otros medios de transporte electrificados. Sin embargo, se ha comprobado una importante mortalidad de aves en este tipo de l\u00edneas, por lo que la Plataforma SOS Tendidos El\u00e9ctricos considera que no deben quedar excluidas y se propone la inclusi\u00f3n de la nueva norma de la obligaci\u00f3n de aplicar las medidas t\u00e9cnicas para la protecci\u00f3n de avifauna ya establecidas por ADIF.<\/p>\n<p><strong>Parques e\u00f3licos: mejor prevenir<\/strong><\/p>\n<p>Una de las novedades m\u00e1s positivas en el borrador del real decreto es que aborda el enorme problema de la gran mortalidad actual de la fauna salvaje en los parques e\u00f3licos, tanto por colisi\u00f3n (por ejemplo, en muchas aves) como por barotrauma (en el caso de los murci\u00e9lagos), a trav\u00e9s de medidas como las paradas de aerogeneradores en situaciones de riesgo para estas especies y el desmontaje de los aerogeneradores.<\/p>\n<p>La Plataforma SOS Tendidos El\u00e9ctricos aplaude la importancia concedida a este problema en la nueva normativa, aunque propone medidas adicionales. As\u00ed es preciso mejorar los sistemas de detecci\u00f3n y parada, ya que hasta ahora no est\u00e1n resultando eficaces, en especial para prevenir la mortalidad de peque\u00f1as aves y murci\u00e9lagos que se est\u00e1 multiplicando por la masiva instalaci\u00f3n de grandes aerogeneradores. Asimismo, es preciso extender el empleo de perros adiestrados para garantizar la detectabilidad de cad\u00e1veres y restos de animales v\u00edctimas de este problema.<\/p>\n<p>Al mismo tiempo, la plataforma reclama que se aplique el principio de prevenci\u00f3n y evitar la instalaci\u00f3n de aerogeneradores en zonas de alta sensibilidad ambiental. Para ello, reclama que se utilicen y actualicen los mapas de sensibilidad elaborados por el MITECO y organizaciones como SEO\/BirdLife o SECEMU, garantizando que la ubicaci\u00f3n de nuevos proyectos no ponga en riesgo poblaciones vulnerables de aves y murci\u00e9lagos.<\/p>\n<p><strong>Aprobaci\u00f3n sin m\u00e1s demora<\/strong><\/p>\n<p>La Plataforma SOS Tendidos El\u00e9ctricos reclama al Gobierno que se apruebe sin m\u00e1s demora este real decreto comprometido por el MITECO desde el principio de la legislatura, incluyendo en el texto definitivo los cambios propuestos en las alegaciones presentadas por sus entidades miembros.<\/p>\n<p>Adem\u00e1s, para una correcta y eficaz implementaci\u00f3n de la nueva normativa, las entidades integradas en la plataforma reclaman criterios homog\u00e9neos de evaluaci\u00f3n y actuaci\u00f3n en todo el territorio estatal en cuanto al contenido del real decreto, ya que actualmente existen grandes diferencias en la interpretaci\u00f3n y aplicaci\u00f3n de las obligaciones en esta materia entre comunidades aut\u00f3nomas. Entre estos criterios piden que los titulares de las instalaciones, ya sean l\u00edneas el\u00e9ctricas o parques e\u00f3licos, sean los responsables del mantenimiento y verificaci\u00f3n peri\u00f3dica del estado de las medidas antielectrocuci\u00f3n y anticolisi\u00f3n aplicadas.<\/p>\n<p>Otra propuesta de la Plataforma SOS Tendidos El\u00e9ctricos es la creaci\u00f3n de un comit\u00e9 t\u00e9cnico de seguimiento, en el que est\u00e9n representadas las administraciones competentes, el sector empresarial y organizaciones cient\u00edficas y de la sociedad civil, para evaluar el cumplimiento del real decreto, proponer mejoras y asegurar su actualizaci\u00f3n constante.<\/p>\n<p>Por \u00faltimo, SOS Tendidos El\u00e9ctricos reclama en estas alegaciones que se elaboren informes peri\u00f3dicos p\u00fablicos por parte del MITECO sobre la aplicaci\u00f3n del nuevo real decreto, incluyendo datos de correcciones realizadas en l\u00edneas el\u00e9ctricas, la mortalidad registrada tanto en tendidos como aerogeneradores, las zonas de riesgo y la evoluci\u00f3n de la mortalidad de aves y murci\u00e9lagos.<\/p>\n<p><strong>Integrantes de la Plataforma SOS Tendidos El\u00e9ctricos (por orden alfab\u00e9tico)<\/strong>:<\/p>\n<p>Acci\u00f3n por el Mundo Salvaje (AMUS), Asociaci\u00f3n Espa\u00f1ola de Agentes Forestales y Medioambientales (AEAFMA), Ecologistas en Acci\u00f3n, Fundaci\u00f3n para la Conservaci\u00f3n del Quebrantahuesos (FCQ), Grupo para la Rehabilitaci\u00f3n de la Fauna Aut\u00f3ctona y su H\u00e1bitat (GREFA), revista Quercus, SEO\/BirdLife, Sociedad Ib\u00e9rica para el Estudio y Conservaci\u00f3n de los Ecosistemas (SIECE) y WWF Espa\u00f1a.<\/p>","protected":false},"excerpt":{"rendered":"<p>SOS Tendidos El\u00e9ctricos reclama la urgente aprobaci\u00f3n del decreto destinado a reducir la alta mortalidad de fauna en l\u00edneas el\u00e9ctricas y parques e\u00f3licos La Plataforma SOS Tendidos El\u00e9ctricos reconoce el avance que supone el borrador del nuevo real decreto que regular\u00e1 la correcci\u00f3n de tendidos el\u00e9ctricos para la protecci\u00f3n de la avifauna, as\u00ed como la [&hellip;]<\/p>\n","protected":false},"author":1,"featured_media":77151,"comment_status":"closed","ping_status":"closed","sticky":false,"template":"","format":"standard","meta":{"_acf_changed":false,"footnotes":""},"categories":[2711],"tags":[2478,2466],"class_list":["post-77150","post","type-post","status-publish","format-standard","has-post-thumbnail","hentry","category-emergencia-climatica","tag-ecologia","tag-espana"],"acf":[],"yoast_head":"<!-- This site is optimized with the Yoast SEO plugin v27.4 - https:\/\/yoast.com\/product\/yoast-seo-wordpress\/ -->\n<title>SOS Tendidos El\u00e9ctricos reclama la aprobaci\u00f3n del decreto destinado a reducir la mortalidad de la fauna - DLVRADIO<\/title>\n<meta name=\"description\" content=\"SOS Tendidos El\u00e9ctricos reclama la urgente aprobaci\u00f3n del decreto destinado a reducir la alta mortalidad de fauna en l\u00edneas el\u00e9ctricas y parques e\u00f3licos\" \/>\n<meta name=\"robots\" content=\"index, follow, max-snippet:-1, max-image-preview:large, max-video-preview:-1\" \/>\n<link rel=\"canonical\" href=\"https:\/\/dlvradio.es\/en\/sos-tendidos-electricos-reclama-la-aprobacion-del-decreto-destinado-a-reducir-la-mortalidad-de-la-fauna\/\" \/>\n<meta property=\"og:locale\" content=\"en_US\" \/>\n<meta property=\"og:type\" content=\"article\" \/>\n<meta property=\"og:title\" content=\"SOS Tendidos El\u00e9ctricos reclama la aprobaci\u00f3n del decreto destinado a reducir la mortalidad de la fauna - DLVRADIO\" \/>\n<meta property=\"og:description\" content=\"SOS Tendidos El\u00e9ctricos reclama la urgente aprobaci\u00f3n del decreto destinado a reducir la alta mortalidad de fauna en l\u00edneas el\u00e9ctricas y parques e\u00f3licos\" \/>\n<meta property=\"og:url\" content=\"https:\/\/dlvradio.es\/en\/sos-tendidos-electricos-reclama-la-aprobacion-del-decreto-destinado-a-reducir-la-mortalidad-de-la-fauna\/\" \/>\n<meta property=\"og:site_name\" content=\"DLVRADIO\" \/>\n<meta property=\"article:publisher\" content=\"https:\/\/www.facebook.com\/RadioDLVradio\/\" \/>\n<meta property=\"article:published_time\" content=\"2025-04-28T21:30:07+00:00\" \/>\n<meta property=\"og:image\" content=\"https:\/\/dlvradio.es\/wp-content\/uploads\/2025\/04\/DLVRADIO.ES_-4-1024x1024.png\" \/>\n\t<meta property=\"og:image:width\" content=\"1024\" \/>\n\t<meta property=\"og:image:height\" content=\"1024\" \/>\n\t<meta property=\"og:image:type\" content=\"image\/png\" \/>\n<meta name=\"author\" content=\"doominio\" \/>\n<meta name=\"twitter:card\" content=\"summary_large_image\" \/>\n<meta name=\"twitter:creator\" content=\"@RadioDlvradio\" \/>\n<meta name=\"twitter:site\" content=\"@RadioDlvradio\" \/>\n<script type=\"application\/ld+json\" class=\"yoast-schema-graph\">{\"@context\":\"https:\\\/\\\/schema.org\",\"@graph\":[{\"@type\":\"Article\",\"@id\":\"https:\\\/\\\/dlvradio.es\\\/sos-tendidos-electricos-reclama-la-aprobacion-del-decreto-destinado-a-reducir-la-mortalidad-de-la-fauna\\\/#article\",\"isPartOf\":{\"@id\":\"https:\\\/\\\/dlvradio.es\\\/sos-tendidos-electricos-reclama-la-aprobacion-del-decreto-destinado-a-reducir-la-mortalidad-de-la-fauna\\\/\"},\"author\":{\"name\":\"doominio\",\"@id\":\"https:\\\/\\\/dlvradio.es\\\/#\\\/schema\\\/person\\\/6ee60897fbb7fb4ad6634c73f4be87fa\"},\"headline\":\"SOS Tendidos El\u00e9ctricos reclama la aprobaci\u00f3n del decreto destinado a reducir la mortalidad de la fauna\",\"datePublished\":\"2025-04-28T21:30:07+00:00\",\"mainEntityOfPage\":{\"@id\":\"https:\\\/\\\/dlvradio.es\\\/sos-tendidos-electricos-reclama-la-aprobacion-del-decreto-destinado-a-reducir-la-mortalidad-de-la-fauna\\\/\"},\"wordCount\":1519,\"publisher\":{\"@id\":\"https:\\\/\\\/dlvradio.es\\\/#organization\"},\"image\":{\"@id\":\"https:\\\/\\\/dlvradio.es\\\/sos-tendidos-electricos-reclama-la-aprobacion-del-decreto-destinado-a-reducir-la-mortalidad-de-la-fauna\\\/#primaryimage\"},\"thumbnailUrl\":\"https:\\\/\\\/dlvradio.es\\\/wp-content\\\/uploads\\\/2025\\\/04\\\/DLVRADIO.ES_-4.png\",\"keywords\":[\"ecolog\u00eda\",\"Espa\u00f1a\"],\"articleSection\":[\"Emergencia clim\u00e1tica\"],\"inLanguage\":\"en-US\"},{\"@type\":\"WebPage\",\"@id\":\"https:\\\/\\\/dlvradio.es\\\/sos-tendidos-electricos-reclama-la-aprobacion-del-decreto-destinado-a-reducir-la-mortalidad-de-la-fauna\\\/\",\"url\":\"https:\\\/\\\/dlvradio.es\\\/sos-tendidos-electricos-reclama-la-aprobacion-del-decreto-destinado-a-reducir-la-mortalidad-de-la-fauna\\\/\",\"name\":\"SOS Tendidos El\u00e9ctricos reclama la aprobaci\u00f3n del decreto destinado a reducir la mortalidad de la fauna - DLVRADIO\",\"isPartOf\":{\"@id\":\"https:\\\/\\\/dlvradio.es\\\/#website\"},\"primaryImageOfPage\":{\"@id\":\"https:\\\/\\\/dlvradio.es\\\/sos-tendidos-electricos-reclama-la-aprobacion-del-decreto-destinado-a-reducir-la-mortalidad-de-la-fauna\\\/#primaryimage\"},\"image\":{\"@id\":\"https:\\\/\\\/dlvradio.es\\\/sos-tendidos-electricos-reclama-la-aprobacion-del-decreto-destinado-a-reducir-la-mortalidad-de-la-fauna\\\/#primaryimage\"},\"thumbnailUrl\":\"https:\\\/\\\/dlvradio.es\\\/wp-content\\\/uploads\\\/2025\\\/04\\\/DLVRADIO.ES_-4.png\",\"datePublished\":\"2025-04-28T21:30:07+00:00\",\"description\":\"SOS Tendidos El\u00e9ctricos reclama la urgente aprobaci\u00f3n del decreto destinado a reducir la alta mortalidad de fauna en l\u00edneas el\u00e9ctricas y parques e\u00f3licos\",\"breadcrumb\":{\"@id\":\"https:\\\/\\\/dlvradio.es\\\/sos-tendidos-electricos-reclama-la-aprobacion-del-decreto-destinado-a-reducir-la-mortalidad-de-la-fauna\\\/#breadcrumb\"},\"inLanguage\":\"en-US\",\"potentialAction\":[{\"@type\":\"ReadAction\",\"target\":[\"https:\\\/\\\/dlvradio.es\\\/sos-tendidos-electricos-reclama-la-aprobacion-del-decreto-destinado-a-reducir-la-mortalidad-de-la-fauna\\\/\"]}]},{\"@type\":\"ImageObject\",\"inLanguage\":\"en-US\",\"@id\":\"https:\\\/\\\/dlvradio.es\\\/sos-tendidos-electricos-reclama-la-aprobacion-del-decreto-destinado-a-reducir-la-mortalidad-de-la-fauna\\\/#primaryimage\",\"url\":\"https:\\\/\\\/dlvradio.es\\\/wp-content\\\/uploads\\\/2025\\\/04\\\/DLVRADIO.ES_-4.png\",\"contentUrl\":\"https:\\\/\\\/dlvradio.es\\\/wp-content\\\/uploads\\\/2025\\\/04\\\/DLVRADIO.ES_-4.png\",\"width\":1500,\"height\":1500},{\"@type\":\"BreadcrumbList\",\"@id\":\"https:\\\/\\\/dlvradio.es\\\/sos-tendidos-electricos-reclama-la-aprobacion-del-decreto-destinado-a-reducir-la-mortalidad-de-la-fauna\\\/#breadcrumb\",\"itemListElement\":[{\"@type\":\"ListItem\",\"position\":1,\"name\":\"Inicio\",\"item\":\"https:\\\/\\\/dlvradio.es\\\/\"},{\"@type\":\"ListItem\",\"position\":2,\"name\":\"SOS Tendidos El\u00e9ctricos reclama la aprobaci\u00f3n del decreto destinado a reducir la mortalidad de la fauna\"}]},{\"@type\":\"WebSite\",\"@id\":\"https:\\\/\\\/dlvradio.es\\\/#website\",\"url\":\"https:\\\/\\\/dlvradio.es\\\/\",\"name\":\"DLVRADIO\",\"description\":\"Somos un medio de comunicaci\u00f3n alternativo a los medios tradicionales\",\"publisher\":{\"@id\":\"https:\\\/\\\/dlvradio.es\\\/#organization\"},\"potentialAction\":[{\"@type\":\"SearchAction\",\"target\":{\"@type\":\"EntryPoint\",\"urlTemplate\":\"https:\\\/\\\/dlvradio.es\\\/?s={search_term_string}\"},\"query-input\":{\"@type\":\"PropertyValueSpecification\",\"valueRequired\":true,\"valueName\":\"search_term_string\"}}],\"inLanguage\":\"en-US\"},{\"@type\":\"Organization\",\"@id\":\"https:\\\/\\\/dlvradio.es\\\/#organization\",\"name\":\"DLVRADIO\",\"url\":\"https:\\\/\\\/dlvradio.es\\\/\",\"logo\":{\"@type\":\"ImageObject\",\"inLanguage\":\"en-US\",\"@id\":\"https:\\\/\\\/dlvradio.es\\\/#\\\/schema\\\/logo\\\/image\\\/\",\"url\":\"\",\"contentUrl\":\"\",\"caption\":\"DLVRADIO\"},\"image\":{\"@id\":\"https:\\\/\\\/dlvradio.es\\\/#\\\/schema\\\/logo\\\/image\\\/\"},\"sameAs\":[\"https:\\\/\\\/www.facebook.com\\\/RadioDLVradio\\\/\",\"https:\\\/\\\/x.com\\\/RadioDlvradio\",\"https:\\\/\\\/www.instagram.com\\\/radiodlvradio\\\/\"]},{\"@type\":\"Person\",\"@id\":\"https:\\\/\\\/dlvradio.es\\\/#\\\/schema\\\/person\\\/6ee60897fbb7fb4ad6634c73f4be87fa\",\"name\":\"doominio\",\"sameAs\":[\"https:\\\/\\\/dlvradio.es\"]}]}<\/script>\n<!-- \/ Yoast SEO plugin. -->","yoast_head_json":{"title":"SOS Tendidos El\u00e9ctricos reclama la aprobaci\u00f3n del decreto destinado a reducir la mortalidad de la fauna - DLVRADIO","description":"SOS Tendidos El\u00e9ctricos reclama la urgente aprobaci\u00f3n del decreto destinado a reducir la alta mortalidad de fauna en l\u00edneas el\u00e9ctricas y parques e\u00f3licos","robots":{"index":"index","follow":"follow","max-snippet":"max-snippet:-1","max-image-preview":"max-image-preview:large","max-video-preview":"max-video-preview:-1"},"canonical":"https:\/\/dlvradio.es\/en\/sos-tendidos-electricos-reclama-la-aprobacion-del-decreto-destinado-a-reducir-la-mortalidad-de-la-fauna\/","og_locale":"en_US","og_type":"article","og_title":"SOS Tendidos El\u00e9ctricos reclama la aprobaci\u00f3n del decreto destinado a reducir la mortalidad de la fauna - DLVRADIO","og_description":"SOS Tendidos El\u00e9ctricos reclama la urgente aprobaci\u00f3n del decreto destinado a reducir la alta mortalidad de fauna en l\u00edneas el\u00e9ctricas y parques e\u00f3licos","og_url":"https:\/\/dlvradio.es\/en\/sos-tendidos-electricos-reclama-la-aprobacion-del-decreto-destinado-a-reducir-la-mortalidad-de-la-fauna\/","og_site_name":"DLVRADIO","article_publisher":"https:\/\/www.facebook.com\/RadioDLVradio\/","article_published_time":"2025-04-28T21:30:07+00:00","og_image":[{"width":1024,"height":1024,"url":"https:\/\/dlvradio.es\/wp-content\/uploads\/2025\/04\/DLVRADIO.ES_-4-1024x1024.png","type":"image\/png"}],"author":"doominio","twitter_card":"summary_large_image","twitter_creator":"@RadioDlvradio","twitter_site":"@RadioDlvradio","schema":{"@context":"https:\/\/schema.org","@graph":[{"@type":"Article","@id":"https:\/\/dlvradio.es\/sos-tendidos-electricos-reclama-la-aprobacion-del-decreto-destinado-a-reducir-la-mortalidad-de-la-fauna\/#article","isPartOf":{"@id":"https:\/\/dlvradio.es\/sos-tendidos-electricos-reclama-la-aprobacion-del-decreto-destinado-a-reducir-la-mortalidad-de-la-fauna\/"},"author":{"name":"doominio","@id":"https:\/\/dlvradio.es\/#\/schema\/person\/6ee60897fbb7fb4ad6634c73f4be87fa"},"headline":"SOS Tendidos El\u00e9ctricos reclama la aprobaci\u00f3n del decreto destinado a reducir la mortalidad de la fauna","datePublished":"2025-04-28T21:30:07+00:00","mainEntityOfPage":{"@id":"https:\/\/dlvradio.es\/sos-tendidos-electricos-reclama-la-aprobacion-del-decreto-destinado-a-reducir-la-mortalidad-de-la-fauna\/"},"wordCount":1519,"publisher":{"@id":"https:\/\/dlvradio.es\/#organization"},"image":{"@id":"https:\/\/dlvradio.es\/sos-tendidos-electricos-reclama-la-aprobacion-del-decreto-destinado-a-reducir-la-mortalidad-de-la-fauna\/#primaryimage"},"thumbnailUrl":"https:\/\/dlvradio.es\/wp-content\/uploads\/2025\/04\/DLVRADIO.ES_-4.png","keywords":["ecolog\u00eda","Espa\u00f1a"],"articleSection":["Emergencia clim\u00e1tica"],"inLanguage":"en-US"},{"@type":"WebPage","@id":"https:\/\/dlvradio.es\/sos-tendidos-electricos-reclama-la-aprobacion-del-decreto-destinado-a-reducir-la-mortalidad-de-la-fauna\/","url":"https:\/\/dlvradio.es\/sos-tendidos-electricos-reclama-la-aprobacion-del-decreto-destinado-a-reducir-la-mortalidad-de-la-fauna\/","name":"SOS Tendidos El\u00e9ctricos reclama la aprobaci\u00f3n del decreto destinado a reducir la mortalidad de la fauna - DLVRADIO","isPartOf":{"@id":"https:\/\/dlvradio.es\/#website"},"primaryImageOfPage":{"@id":"https:\/\/dlvradio.es\/sos-tendidos-electricos-reclama-la-aprobacion-del-decreto-destinado-a-reducir-la-mortalidad-de-la-fauna\/#primaryimage"},"image":{"@id":"https:\/\/dlvradio.es\/sos-tendidos-electricos-reclama-la-aprobacion-del-decreto-destinado-a-reducir-la-mortalidad-de-la-fauna\/#primaryimage"},"thumbnailUrl":"https:\/\/dlvradio.es\/wp-content\/uploads\/2025\/04\/DLVRADIO.ES_-4.png","datePublished":"2025-04-28T21:30:07+00:00","description":"SOS Tendidos El\u00e9ctricos reclama la urgente aprobaci\u00f3n del decreto destinado a reducir la alta mortalidad de fauna en l\u00edneas el\u00e9ctricas y parques e\u00f3licos","breadcrumb":{"@id":"https:\/\/dlvradio.es\/sos-tendidos-electricos-reclama-la-aprobacion-del-decreto-destinado-a-reducir-la-mortalidad-de-la-fauna\/#breadcrumb"},"inLanguage":"en-US","potentialAction":[{"@type":"ReadAction","target":["https:\/\/dlvradio.es\/sos-tendidos-electricos-reclama-la-aprobacion-del-decreto-destinado-a-reducir-la-mortalidad-de-la-fauna\/"]}]},{"@type":"ImageObject","inLanguage":"en-US","@id":"https:\/\/dlvradio.es\/sos-tendidos-electricos-reclama-la-aprobacion-del-decreto-destinado-a-reducir-la-mortalidad-de-la-fauna\/#primaryimage","url":"https:\/\/dlvradio.es\/wp-content\/uploads\/2025\/04\/DLVRADIO.ES_-4.png","contentUrl":"https:\/\/dlvradio.es\/wp-content\/uploads\/2025\/04\/DLVRADIO.ES_-4.png","width":1500,"height":1500},{"@type":"BreadcrumbList","@id":"https:\/\/dlvradio.es\/sos-tendidos-electricos-reclama-la-aprobacion-del-decreto-destinado-a-reducir-la-mortalidad-de-la-fauna\/#breadcrumb","itemListElement":[{"@type":"ListItem","position":1,"name":"Inicio","item":"https:\/\/dlvradio.es\/"},{"@type":"ListItem","position":2,"name":"SOS Tendidos El\u00e9ctricos reclama la aprobaci\u00f3n del decreto destinado a reducir la mortalidad de la fauna"}]},{"@type":"WebSite","@id":"https:\/\/dlvradio.es\/#website","url":"https:\/\/dlvradio.es\/","name":"DLVRADIO","description":"We are an alternative media to traditional media","publisher":{"@id":"https:\/\/dlvradio.es\/#organization"},"potentialAction":[{"@type":"SearchAction","target":{"@type":"EntryPoint","urlTemplate":"https:\/\/dlvradio.es\/?s={search_term_string}"},"query-input":{"@type":"PropertyValueSpecification","valueRequired":true,"valueName":"search_term_string"}}],"inLanguage":"en-US"},{"@type":"Organization","@id":"https:\/\/dlvradio.es\/#organization","name":"DLVRADIO","url":"https:\/\/dlvradio.es\/","logo":{"@type":"ImageObject","inLanguage":"en-US","@id":"https:\/\/dlvradio.es\/#\/schema\/logo\/image\/","url":"","contentUrl":"","caption":"DLVRADIO"},"image":{"@id":"https:\/\/dlvradio.es\/#\/schema\/logo\/image\/"},"sameAs":["https:\/\/www.facebook.com\/RadioDLVradio\/","https:\/\/x.com\/RadioDlvradio","https:\/\/www.instagram.com\/radiodlvradio\/"]},{"@type":"Person","@id":"https:\/\/dlvradio.es\/#\/schema\/person\/6ee60897fbb7fb4ad6634c73f4be87fa","name":"doominio","sameAs":["https:\/\/dlvradio.es"]}]}},"_links":{"self":[{"href":"https:\/\/dlvradio.es\/en\/wp-json\/wp\/v2\/posts\/77150","targetHints":{"allow":["GET"]}}],"collection":[{"href":"https:\/\/dlvradio.es\/en\/wp-json\/wp\/v2\/posts"}],"about":[{"href":"https:\/\/dlvradio.es\/en\/wp-json\/wp\/v2\/types\/post"}],"author":[{"embeddable":true,"href":"https:\/\/dlvradio.es\/en\/wp-json\/wp\/v2\/users\/1"}],"replies":[{"embeddable":true,"href":"https:\/\/dlvradio.es\/en\/wp-json\/wp\/v2\/comments?post=77150"}],"version-history":[{"count":1,"href":"https:\/\/dlvradio.es\/en\/wp-json\/wp\/v2\/posts\/77150\/revisions"}],"predecessor-version":[{"id":77152,"href":"https:\/\/dlvradio.es\/en\/wp-json\/wp\/v2\/posts\/77150\/revisions\/77152"}],"wp:featuredmedia":[{"embeddable":true,"href":"https:\/\/dlvradio.es\/en\/wp-json\/wp\/v2\/media\/77151"}],"wp:attachment":[{"href":"https:\/\/dlvradio.es\/en\/wp-json\/wp\/v2\/media?parent=77150"}],"wp:term":[{"taxonomy":"category","embeddable":true,"href":"https:\/\/dlvradio.es\/en\/wp-json\/wp\/v2\/categories?post=77150"},{"taxonomy":"post_tag","embeddable":true,"href":"https:\/\/dlvradio.es\/en\/wp-json\/wp\/v2\/tags?post=77150"}],"curies":[{"name":"wp","href":"https:\/\/api.w.org\/{rel}","templated":true}]}}